{"id":949,"date":"2019-10-31T17:56:13","date_gmt":"2019-10-31T21:56:13","guid":{"rendered":"http:\/\/www.jameslynn.com\/blog\/?p=949"},"modified":"2019-10-31T17:57:19","modified_gmt":"2019-10-31T21:57:19","slug":"la-social-bag","status":"publish","type":"post","link":"https:\/\/www.jameslynn.com\/blog\/2019\/10\/31\/la-social-bag\/","title":{"rendered":"La Social Bag, un cambio positivo en la vida de cientos de ni\u00f1as"},"content":{"rendered":"\n<p>Esta semana en <a href=\"https:\/\/www.facebook.com\/buenaonda1140am\/\" target=\"_blank\" rel=\"noreferrer noopener\" aria-label=\"Buena Onda (opens in a new tab)\">Buena Onda<\/a> tuve la oportunidad de conversar con Rubhi Garc\u00eda, Presidenta de <a rel=\"noreferrer noopener\" aria-label=\"La Social Bag (opens in a new tab)\" href=\"https:\/\/www.facebook.com\/lasocialbag\/\" target=\"_blank\">La Social Bag<\/a>, una organizaci\u00f3n sin fines de lucro enfocada en el empoderamiento y emprendimiento de nin\u0303as entre las edades de 11 a 18 an\u0303os.<\/p>\n\n\n\n<p><a href=\"https:\/\/www.facebook.com\/lasocialbag\/\" target=\"_blank\" rel=\"noreferrer noopener\" aria-label=\"La Social Bag (opens in a new tab)\">La Social Bag<\/a> desarrolla actividades enfocadas a los sectores de bajos recursos y tienen como enfoque el liderazgo, la comunicaci\u00f3n efectiva y el esp\u00edritu empresarial.<\/p>\n\n\n\n<p>Dale Play a la entrevista y escucha c\u00f3mo esta organizaci\u00f3n est\u00e1 haciendo un cambio positivo en las vidas de cientos de ni\u00f1as puertorrique\u00f1as.<\/p>\n\n\n\n<figure><iframe loading=\"lazy\" src=\"https:\/\/anchor.fm\/jameslynn\/embed\/episodes\/La-Social-Bag--un-cambio-positivo-en-la-vida-de-cientos-de-nias-e7mdv3\" width=\"400px\" height=\"102px\"><\/iframe><\/figure>\n\n\n\n<figure class=\"wp-block-image\"><img loading=\"lazy\" width=\"1280\" height=\"720\" src=\"http:\/\/www.jameslynn.com\/blog\/wp-content\/uploads\/2019\/10\/20191014_113307-01-1280x720.jpeg\" alt=\"\" class=\"wp-image-955\" srcset=\"https:\/\/www.jameslynn.com\/blog\/wp-content\/uploads\/2019\/10\/20191014_113307-01-1280x720.jpeg 1280w, https:\/\/www.jameslynn.com\/blog\/wp-content\/uploads\/2019\/10\/20191014_113307-01-450x253.jpeg 450w, https:\/\/www.jameslynn.com\/blog\/wp-content\/uploads\/2019\/10\/20191014_113307-01-768x432.jpeg 768w, https:\/\/www.jameslynn.com\/blog\/wp-content\/uploads\/2019\/10\/20191014_113307-01-500x281.jpeg 500w, https:\/\/www.jameslynn.com\/blog\/wp-content\/uploads\/2019\/10\/20191014_113307-01-260x146.jpeg 260w, https:\/\/www.jameslynn.com\/blog\/wp-content\/uploads\/2019\/10\/20191014_113307-01-50x28.jpeg 50w, https:\/\/www.jameslynn.com\/blog\/wp-content\/uploads\/2019\/10\/20191014_113307-01-133x75.jpeg 133w, https:\/\/www.jameslynn.com\/blog\/wp-content\/uploads\/2019\/10\/20191014_113307-01-1200x675.jpeg 1200w\" sizes=\"(max-width: 1280px) 100vw, 1280px\" \/><figcaption>Un #Selfie desde el estudio de 11Q 1140AM junto a Vanessa Alvira y Rubhi Garc\u00eda, Presidenta de La Social Bag.<\/figcaption><\/figure>\n\n\n\n<p>\u00bfConoces otras iniciativas similares a esta? Comp\u00e1rtelas en los comentarios.<\/p>\n\n\n\n<p>Puedes escuchar <a rel=\"noreferrer noopener\" aria-label=\"Buena Onda (opens in a new tab)\" href=\"https:\/\/www.facebook.com\/buenaonda1140am\/\" target=\"_blank\">Buena Onda<\/a> de lunes a viernes de 11:00 a.m. 12:00 p.m. por <a href=\"https:\/\/www.facebook.com\/11QRadio\/\" target=\"_blank\" rel=\"noreferrer noopener\" aria-label=\"11Q Radio 1140 en la banda AM (opens in a new tab)\">11Q Radio 1140 en la banda AM<\/a>.<\/p>\n","protected":false},"excerpt":{"rendered":"<p>Esta semana en Buena Onda tuve la oportunidad de conversar con Rubhi Garc\u00eda, Presidenta de La Social Bag, una organizaci\u00f3n sin fines de lucro enfocada en<span class=\"excerpt-hellip\"> [\u2026]<\/span><\/p>\n","protected":false},"author":32,"featured_media":953,"comment_status":"open","ping_status":"open","sticky":false,"template":"","format":"standard","meta":{"om_disable_all_campaigns":false,"_monsterinsights_skip_tracking":false,"_monsterinsights_sitenote_active":false,"_monsterinsights_sitenote_note":"","_monsterinsights_sitenote_category":0,"spay_email":"","jetpack_publicize_message":"","jetpack_is_tweetstorm":false,"jetpack_publicize_feature_enabled":true},"categories":[10],"tags":[421,422,423,424],"aioseo_notices":[],"yoast_head":"<!-- This site is optimized with the Yoast SEO plugin v17.7.1 - https:\/\/yoast.com\/wordpress\/plugins\/seo\/ -->\n<title>La Social Bag, un cambio positivo en la vida de cientos de ni\u00f1as - James Lynn : Tecnolog\u00eda y vida digital<\/title>\n<meta name=\"robots\" content=\"index, follow, max-snippet:-1, max-image-preview:large, max-video-preview:-1\" \/>\n<link rel=\"canonical\" href=\"https:\/\/www.jameslynn.com\/blog\/2019\/10\/31\/la-social-bag\/\" \/>\n<meta property=\"og:locale\" content=\"en_US\" \/>\n<meta property=\"og:type\" content=\"article\" \/>\n<meta property=\"og:title\" content=\"La Social Bag, un cambio positivo en la vida de cientos de ni\u00f1as - James Lynn : Tecnolog\u00eda y vida digital\" \/>\n<meta property=\"og:description\" content=\"Esta semana en Buena Onda tuve la oportunidad de conversar con Rubhi Garc\u00eda, Presidenta de La Social Bag, una organizaci\u00f3n sin fines de lucro enfocada en [\u2026]\" \/>\n<meta property=\"og:url\" content=\"https:\/\/www.jameslynn.com\/blog\/2019\/10\/31\/la-social-bag\/\" \/>\n<meta property=\"og:site_name\" content=\"James Lynn : Tecnolog\u00eda y vida digital\" \/>\n<meta property=\"article:published_time\" content=\"2019-10-31T21:56:13+00:00\" \/>\n<meta property=\"article:modified_time\" content=\"2019-10-31T21:57:19+00:00\" \/>\n<meta property=\"og:image\" content=\"https:\/\/www.jameslynn.com\/blog\/wp-content\/uploads\/2019\/10\/la-social-bag-logo.jpg\" \/>\n\t<meta property=\"og:image:width\" content=\"1500\" \/>\n\t<meta property=\"og:image:height\" content=\"1000\" \/>\n<meta name=\"twitter:label1\" content=\"Written by\" \/>\n\t<meta name=\"twitter:data1\" content=\"James Lynn\" \/>\n\t<meta name=\"twitter:label2\" content=\"Est. reading time\" \/>\n\t<meta name=\"twitter:data2\" content=\"1 minute\" \/>\n<script type=\"application\/ld+json\" class=\"yoast-schema-graph\">{\"@context\":\"https:\/\/schema.org\",\"@graph\":[{\"@type\":\"WebSite\",\"@id\":\"https:\/\/www.jameslynn.com\/blog\/#website\",\"url\":\"https:\/\/www.jameslynn.com\/blog\/\",\"name\":\"James Lynn : Tecnolog\\u00eda y vida digital\",\"description\":\"Tecnolog\\u00eda y vida digital\",\"potentialAction\":[{\"@type\":\"SearchAction\",\"target\":{\"@type\":\"EntryPoint\",\"urlTemplate\":\"https:\/\/www.jameslynn.com\/blog\/?s={search_term_string}\"},\"query-input\":\"required name=search_term_string\"}],\"inLanguage\":\"en-US\"},{\"@type\":\"ImageObject\",\"@id\":\"https:\/\/www.jameslynn.com\/blog\/2019\/10\/31\/la-social-bag\/#primaryimage\",\"inLanguage\":\"en-US\",\"url\":\"https:\/\/www.jameslynn.com\/blog\/wp-content\/uploads\/2019\/10\/la-social-bag-logo.jpg\",\"contentUrl\":\"https:\/\/www.jameslynn.com\/blog\/wp-content\/uploads\/2019\/10\/la-social-bag-logo.jpg\",\"width\":1500,\"height\":1000,\"caption\":\"La Social Bag Logo\"},{\"@type\":\"WebPage\",\"@id\":\"https:\/\/www.jameslynn.com\/blog\/2019\/10\/31\/la-social-bag\/#webpage\",\"url\":\"https:\/\/www.jameslynn.com\/blog\/2019\/10\/31\/la-social-bag\/\",\"name\":\"La Social Bag, un cambio positivo en la vida de cientos de ni\\u00f1as - James Lynn : Tecnolog\\u00eda y vida digital\",\"isPartOf\":{\"@id\":\"https:\/\/www.jameslynn.com\/blog\/#website\"},\"primaryImageOfPage\":{\"@id\":\"https:\/\/www.jameslynn.com\/blog\/2019\/10\/31\/la-social-bag\/#primaryimage\"},\"datePublished\":\"2019-10-31T21:56:13+00:00\",\"dateModified\":\"2019-10-31T21:57:19+00:00\",\"author\":{\"@id\":\"https:\/\/www.jameslynn.com\/blog\/#\/schema\/person\/4439f3e96c27ac4b98b29b03848f8108\"},\"breadcrumb\":{\"@id\":\"https:\/\/www.jameslynn.com\/blog\/2019\/10\/31\/la-social-bag\/#breadcrumb\"},\"inLanguage\":\"en-US\",\"potentialAction\":[{\"@type\":\"ReadAction\",\"target\":[\"https:\/\/www.jameslynn.com\/blog\/2019\/10\/31\/la-social-bag\/\"]}]},{\"@type\":\"BreadcrumbList\",\"@id\":\"https:\/\/www.jameslynn.com\/blog\/2019\/10\/31\/la-social-bag\/#breadcrumb\",\"itemListElement\":[{\"@type\":\"ListItem\",\"position\":1,\"name\":\"Home\",\"item\":\"https:\/\/www.jameslynn.com\/blog\/\"},{\"@type\":\"ListItem\",\"position\":2,\"name\":\"La Social Bag, un cambio positivo en la vida de cientos de ni\\u00f1as\"}]},{\"@type\":\"Person\",\"@id\":\"https:\/\/www.jameslynn.com\/blog\/#\/schema\/person\/4439f3e96c27ac4b98b29b03848f8108\",\"name\":\"James Lynn\",\"image\":{\"@type\":\"ImageObject\",\"@id\":\"https:\/\/www.jameslynn.com\/blog\/#personlogo\",\"inLanguage\":\"en-US\",\"url\":\"https:\/\/secure.gravatar.com\/avatar\/2dcd2635cd0622bf457f25788f8c478b?s=96&d=mm&r=pg\",\"contentUrl\":\"https:\/\/secure.gravatar.com\/avatar\/2dcd2635cd0622bf457f25788f8c478b?s=96&d=mm&r=pg\",\"caption\":\"James Lynn\"},\"description\":\"Tech blogger, podcaster, live streamer, graphic designer, photographer, multimedia artist and university professor living in San Juan, Puerto Rico.\",\"sameAs\":[\"http:\/\/www.jameslynn.com\"],\"url\":\"https:\/\/www.jameslynn.com\/blog\/author\/jameslynn\/\"}]}<\/script>\n<!-- \/ Yoast SEO plugin. -->","yoast_head_json":{"title":"La Social Bag, un cambio positivo en la vida de cientos de ni\u00f1as - James Lynn : Tecnolog\u00eda y vida digital","robots":{"index":"index","follow":"follow","max-snippet":"max-snippet:-1","max-image-preview":"max-image-preview:large","max-video-preview":"max-video-preview:-1"},"canonical":"https:\/\/www.jameslynn.com\/blog\/2019\/10\/31\/la-social-bag\/","og_locale":"en_US","og_type":"article","og_title":"La Social Bag, un cambio positivo en la vida de cientos de ni\u00f1as - James Lynn : Tecnolog\u00eda y vida digital","og_description":"Esta semana en Buena Onda tuve la oportunidad de conversar con Rubhi Garc\u00eda, Presidenta de La Social Bag, una organizaci\u00f3n sin fines de lucro enfocada en [\u2026]","og_url":"https:\/\/www.jameslynn.com\/blog\/2019\/10\/31\/la-social-bag\/","og_site_name":"James Lynn : Tecnolog\u00eda y vida digital","article_published_time":"2019-10-31T21:56:13+00:00","article_modified_time":"2019-10-31T21:57:19+00:00","og_image":[{"width":1500,"height":1000,"url":"https:\/\/www.jameslynn.com\/blog\/wp-content\/uploads\/2019\/10\/la-social-bag-logo.jpg","type":"image\/jpeg"}],"twitter_misc":{"Written by":"James Lynn","Est. reading time":"1 minute"},"schema":{"@context":"https:\/\/schema.org","@graph":[{"@type":"WebSite","@id":"https:\/\/www.jameslynn.com\/blog\/#website","url":"https:\/\/www.jameslynn.com\/blog\/","name":"James Lynn : Tecnolog\u00eda y vida digital","description":"Tecnolog\u00eda y vida digital","potentialAction":[{"@type":"SearchAction","target":{"@type":"EntryPoint","urlTemplate":"https:\/\/www.jameslynn.com\/blog\/?s={search_term_string}"},"query-input":"required name=search_term_string"}],"inLanguage":"en-US"},{"@type":"ImageObject","@id":"https:\/\/www.jameslynn.com\/blog\/2019\/10\/31\/la-social-bag\/#primaryimage","inLanguage":"en-US","url":"https:\/\/www.jameslynn.com\/blog\/wp-content\/uploads\/2019\/10\/la-social-bag-logo.jpg","contentUrl":"https:\/\/www.jameslynn.com\/blog\/wp-content\/uploads\/2019\/10\/la-social-bag-logo.jpg","width":1500,"height":1000,"caption":"La Social Bag Logo"},{"@type":"WebPage","@id":"https:\/\/www.jameslynn.com\/blog\/2019\/10\/31\/la-social-bag\/#webpage","url":"https:\/\/www.jameslynn.com\/blog\/2019\/10\/31\/la-social-bag\/","name":"La Social Bag, un cambio positivo en la vida de cientos de ni\u00f1as - James Lynn : Tecnolog\u00eda y vida digital","isPartOf":{"@id":"https:\/\/www.jameslynn.com\/blog\/#website"},"primaryImageOfPage":{"@id":"https:\/\/www.jameslynn.com\/blog\/2019\/10\/31\/la-social-bag\/#primaryimage"},"datePublished":"2019-10-31T21:56:13+00:00","dateModified":"2019-10-31T21:57:19+00:00","author":{"@id":"https:\/\/www.jameslynn.com\/blog\/#\/schema\/person\/4439f3e96c27ac4b98b29b03848f8108"},"breadcrumb":{"@id":"https:\/\/www.jameslynn.com\/blog\/2019\/10\/31\/la-social-bag\/#breadcrumb"},"inLanguage":"en-US","potentialAction":[{"@type":"ReadAction","target":["https:\/\/www.jameslynn.com\/blog\/2019\/10\/31\/la-social-bag\/"]}]},{"@type":"BreadcrumbList","@id":"https:\/\/www.jameslynn.com\/blog\/2019\/10\/31\/la-social-bag\/#breadcrumb","itemListElement":[{"@type":"ListItem","position":1,"name":"Home","item":"https:\/\/www.jameslynn.com\/blog\/"},{"@type":"ListItem","position":2,"name":"La Social Bag, un cambio positivo en la vida de cientos de ni\u00f1as"}]},{"@type":"Person","@id":"https:\/\/www.jameslynn.com\/blog\/#\/schema\/person\/4439f3e96c27ac4b98b29b03848f8108","name":"James Lynn","image":{"@type":"ImageObject","@id":"https:\/\/www.jameslynn.com\/blog\/#personlogo","inLanguage":"en-US","url":"https:\/\/secure.gravatar.com\/avatar\/2dcd2635cd0622bf457f25788f8c478b?s=96&d=mm&r=pg","contentUrl":"https:\/\/secure.gravatar.com\/avatar\/2dcd2635cd0622bf457f25788f8c478b?s=96&d=mm&r=pg","caption":"James Lynn"},"description":"Tech blogger, podcaster, live streamer, graphic designer, photographer, multimedia artist and university professor living in San Juan, Puerto Rico.","sameAs":["http:\/\/www.jameslynn.com"],"url":"https:\/\/www.jameslynn.com\/blog\/author\/jameslynn\/"}]}},"jetpack_featured_media_url":"https:\/\/www.jameslynn.com\/blog\/wp-content\/uploads\/2019\/10\/la-social-bag-logo.jpg","jetpack_publicize_connections":[],"jetpack_shortlink":"https:\/\/wp.me\/p2kNF7-fj","_links":{"self":[{"href":"https:\/\/www.jameslynn.com\/blog\/wp-json\/wp\/v2\/posts\/949"}],"collection":[{"href":"https:\/\/www.jameslynn.com\/blog\/wp-json\/wp\/v2\/posts"}],"about":[{"href":"https:\/\/www.jameslynn.com\/blog\/wp-json\/wp\/v2\/types\/post"}],"author":[{"embeddable":true,"href":"https:\/\/www.jameslynn.com\/blog\/wp-json\/wp\/v2\/users\/32"}],"replies":[{"embeddable":true,"href":"https:\/\/www.jameslynn.com\/blog\/wp-json\/wp\/v2\/comments?post=949"}],"version-history":[{"count":10,"href":"https:\/\/www.jameslynn.com\/blog\/wp-json\/wp\/v2\/posts\/949\/revisions"}],"predecessor-version":[{"id":961,"href":"https:\/\/www.jameslynn.com\/blog\/wp-json\/wp\/v2\/posts\/949\/revisions\/961"}],"wp:featuredmedia":[{"embeddable":true,"href":"https:\/\/www.jameslynn.com\/blog\/wp-json\/wp\/v2\/media\/953"}],"wp:attachment":[{"href":"https:\/\/www.jameslynn.com\/blog\/wp-json\/wp\/v2\/media?parent=949"}],"wp:term":[{"taxonomy":"category","embeddable":true,"href":"https:\/\/www.jameslynn.com\/blog\/wp-json\/wp\/v2\/categories?post=949"},{"taxonomy":"post_tag","embeddable":true,"href":"https:\/\/www.jameslynn.com\/blog\/wp-json\/wp\/v2\/tags?post=949"}],"curies":[{"name":"wp","href":"https:\/\/api.w.org\/{rel}","templated":true}]}}