{"id":709,"date":"2019-05-10T18:51:22","date_gmt":"2019-05-10T22:51:22","guid":{"rendered":"http:\/\/www.jameslynn.com\/blog\/?p=709"},"modified":"2019-05-10T18:56:30","modified_gmt":"2019-05-10T22:56:30","slug":"es-buena-la-camara-del-moto-g7-plus","status":"publish","type":"post","link":"https:\/\/www.jameslynn.com\/blog\/2019\/05\/10\/es-buena-la-camara-del-moto-g7-plus\/","title":{"rendered":"\u00bfEs buena la c\u00e1mara del Moto G7 Plus?"},"content":{"rendered":"\n<p>Estuve comparando el valor de las funciones de c\u00e1mara del Moto G7 Plus con las de otros smartphones de alto costo. Como saben, casi todos mis v\u00eddeos se producen usando smartphones. Aqu\u00ed tendr\u00e1n una buena idea si el Moto G7 Plus da el grado profesional que busco en un equipo m\u00f3vil.<\/p>\n\n\n\n<p>Mira el v\u00eddeo y d\u00e9jame tus preguntas en los comentarios<\/p>\n\n\n\n<p><\/p>\n\n\n\n<figure class=\"wp-block-embed-youtube wp-block-embed is-type-video is-provider-youtube wp-embed-aspect-16-9 wp-has-aspect-ratio\"><div class=\"wp-block-embed__wrapper\">\n<span class=\"embed-youtube\" style=\"text-align:center; display: block;\"><iframe loading=\"lazy\" class=\"youtube-player\" width=\"1200\" height=\"675\" src=\"https:\/\/www.youtube.com\/embed\/bagSNE15-d4?version=3&#038;rel=1&#038;showsearch=0&#038;showinfo=1&#038;iv_load_policy=1&#038;fs=1&#038;hl=en-US&#038;autohide=2&#038;wmode=transparent\" allowfullscreen=\"true\" style=\"border:0;\" sandbox=\"allow-scripts allow-same-origin allow-popups allow-presentation\"><\/iframe><\/span>\n<\/div><\/figure>\n","protected":false},"excerpt":{"rendered":"<p>Estuve comparando el valor de las funciones de c\u00e1mara del Moto G7 Plus con las de otros smartphones de alto costo. Como saben, casi todos mis<span class=\"excerpt-hellip\"> [\u2026]<\/span><\/p>\n","protected":false},"author":32,"featured_media":712,"comment_status":"open","ping_status":"open","sticky":false,"template":"","format":"standard","meta":{"om_disable_all_campaigns":false,"_monsterinsights_skip_tracking":false,"_monsterinsights_sitenote_active":false,"_monsterinsights_sitenote_note":"","_monsterinsights_sitenote_category":0,"spay_email":"","jetpack_publicize_message":"","jetpack_is_tweetstorm":false,"jetpack_publicize_feature_enabled":true},"categories":[213],"tags":[286],"aioseo_notices":[],"yoast_head":"<!-- This site is optimized with the Yoast SEO plugin v17.7.1 - https:\/\/yoast.com\/wordpress\/plugins\/seo\/ -->\n<title>\u00bfEs buena la c\u00e1mara del Moto G7 Plus? - James Lynn : Tecnolog\u00eda y vida digital<\/title>\n<meta name=\"robots\" content=\"index, follow, max-snippet:-1, max-image-preview:large, max-video-preview:-1\" \/>\n<link rel=\"canonical\" href=\"https:\/\/www.jameslynn.com\/blog\/2019\/05\/10\/es-buena-la-camara-del-moto-g7-plus\/\" \/>\n<meta property=\"og:locale\" content=\"en_US\" \/>\n<meta property=\"og:type\" content=\"article\" \/>\n<meta property=\"og:title\" content=\"\u00bfEs buena la c\u00e1mara del Moto G7 Plus? - James Lynn : Tecnolog\u00eda y vida digital\" \/>\n<meta property=\"og:description\" content=\"Estuve comparando el valor de las funciones de c\u00e1mara del Moto G7 Plus con las de otros smartphones de alto costo. Como saben, casi todos mis [\u2026]\" \/>\n<meta property=\"og:url\" content=\"https:\/\/www.jameslynn.com\/blog\/2019\/05\/10\/es-buena-la-camara-del-moto-g7-plus\/\" \/>\n<meta property=\"og:site_name\" content=\"James Lynn : Tecnolog\u00eda y vida digital\" \/>\n<meta property=\"article:published_time\" content=\"2019-05-10T22:51:22+00:00\" \/>\n<meta property=\"article:modified_time\" content=\"2019-05-10T22:56:30+00:00\" \/>\n<meta property=\"og:image\" content=\"https:\/\/www.jameslynn.com\/blog\/wp-content\/uploads\/2019\/05\/web-Copy-of-CAMARA-MOTO-G7-PLUS.jpg\" \/>\n\t<meta property=\"og:image:width\" content=\"1280\" \/>\n\t<meta property=\"og:image:height\" content=\"720\" \/>\n<meta name=\"twitter:label1\" content=\"Written by\" \/>\n\t<meta name=\"twitter:data1\" content=\"James Lynn\" \/>\n<script type=\"application\/ld+json\" class=\"yoast-schema-graph\">{\"@context\":\"https:\/\/schema.org\",\"@graph\":[{\"@type\":\"WebSite\",\"@id\":\"https:\/\/www.jameslynn.com\/blog\/#website\",\"url\":\"https:\/\/www.jameslynn.com\/blog\/\",\"name\":\"James Lynn : Tecnolog\\u00eda y vida digital\",\"description\":\"Tecnolog\\u00eda y vida digital\",\"potentialAction\":[{\"@type\":\"SearchAction\",\"target\":{\"@type\":\"EntryPoint\",\"urlTemplate\":\"https:\/\/www.jameslynn.com\/blog\/?s={search_term_string}\"},\"query-input\":\"required name=search_term_string\"}],\"inLanguage\":\"en-US\"},{\"@type\":\"ImageObject\",\"@id\":\"https:\/\/www.jameslynn.com\/blog\/2019\/05\/10\/es-buena-la-camara-del-moto-g7-plus\/#primaryimage\",\"inLanguage\":\"en-US\",\"url\":\"https:\/\/www.jameslynn.com\/blog\/wp-content\/uploads\/2019\/05\/web-Copy-of-CAMARA-MOTO-G7-PLUS.jpg\",\"contentUrl\":\"https:\/\/www.jameslynn.com\/blog\/wp-content\/uploads\/2019\/05\/web-Copy-of-CAMARA-MOTO-G7-PLUS.jpg\",\"width\":1280,\"height\":720,\"caption\":\"Moto G7 Plus\"},{\"@type\":\"WebPage\",\"@id\":\"https:\/\/www.jameslynn.com\/blog\/2019\/05\/10\/es-buena-la-camara-del-moto-g7-plus\/#webpage\",\"url\":\"https:\/\/www.jameslynn.com\/blog\/2019\/05\/10\/es-buena-la-camara-del-moto-g7-plus\/\",\"name\":\"\\u00bfEs buena la c\\u00e1mara del Moto G7 Plus? - James Lynn : Tecnolog\\u00eda y vida digital\",\"isPartOf\":{\"@id\":\"https:\/\/www.jameslynn.com\/blog\/#website\"},\"primaryImageOfPage\":{\"@id\":\"https:\/\/www.jameslynn.com\/blog\/2019\/05\/10\/es-buena-la-camara-del-moto-g7-plus\/#primaryimage\"},\"datePublished\":\"2019-05-10T22:51:22+00:00\",\"dateModified\":\"2019-05-10T22:56:30+00:00\",\"author\":{\"@id\":\"https:\/\/www.jameslynn.com\/blog\/#\/schema\/person\/4439f3e96c27ac4b98b29b03848f8108\"},\"breadcrumb\":{\"@id\":\"https:\/\/www.jameslynn.com\/blog\/2019\/05\/10\/es-buena-la-camara-del-moto-g7-plus\/#breadcrumb\"},\"inLanguage\":\"en-US\",\"potentialAction\":[{\"@type\":\"ReadAction\",\"target\":[\"https:\/\/www.jameslynn.com\/blog\/2019\/05\/10\/es-buena-la-camara-del-moto-g7-plus\/\"]}]},{\"@type\":\"BreadcrumbList\",\"@id\":\"https:\/\/www.jameslynn.com\/blog\/2019\/05\/10\/es-buena-la-camara-del-moto-g7-plus\/#breadcrumb\",\"itemListElement\":[{\"@type\":\"ListItem\",\"position\":1,\"name\":\"Home\",\"item\":\"https:\/\/www.jameslynn.com\/blog\/\"},{\"@type\":\"ListItem\",\"position\":2,\"name\":\"\\u00bfEs buena la c\\u00e1mara del Moto G7 Plus?\"}]},{\"@type\":\"Person\",\"@id\":\"https:\/\/www.jameslynn.com\/blog\/#\/schema\/person\/4439f3e96c27ac4b98b29b03848f8108\",\"name\":\"James Lynn\",\"image\":{\"@type\":\"ImageObject\",\"@id\":\"https:\/\/www.jameslynn.com\/blog\/#personlogo\",\"inLanguage\":\"en-US\",\"url\":\"https:\/\/secure.gravatar.com\/avatar\/2dcd2635cd0622bf457f25788f8c478b?s=96&d=mm&r=pg\",\"contentUrl\":\"https:\/\/secure.gravatar.com\/avatar\/2dcd2635cd0622bf457f25788f8c478b?s=96&d=mm&r=pg\",\"caption\":\"James Lynn\"},\"description\":\"Tech blogger, podcaster, live streamer, graphic designer, photographer, multimedia artist and university professor living in San Juan, Puerto Rico.\",\"sameAs\":[\"http:\/\/www.jameslynn.com\"],\"url\":\"https:\/\/www.jameslynn.com\/blog\/author\/jameslynn\/\"}]}<\/script>\n<!-- \/ Yoast SEO plugin. -->","yoast_head_json":{"title":"\u00bfEs buena la c\u00e1mara del Moto G7 Plus? - James Lynn : Tecnolog\u00eda y vida digital","robots":{"index":"index","follow":"follow","max-snippet":"max-snippet:-1","max-image-preview":"max-image-preview:large","max-video-preview":"max-video-preview:-1"},"canonical":"https:\/\/www.jameslynn.com\/blog\/2019\/05\/10\/es-buena-la-camara-del-moto-g7-plus\/","og_locale":"en_US","og_type":"article","og_title":"\u00bfEs buena la c\u00e1mara del Moto G7 Plus? - James Lynn : Tecnolog\u00eda y vida digital","og_description":"Estuve comparando el valor de las funciones de c\u00e1mara del Moto G7 Plus con las de otros smartphones de alto costo. Como saben, casi todos mis [\u2026]","og_url":"https:\/\/www.jameslynn.com\/blog\/2019\/05\/10\/es-buena-la-camara-del-moto-g7-plus\/","og_site_name":"James Lynn : Tecnolog\u00eda y vida digital","article_published_time":"2019-05-10T22:51:22+00:00","article_modified_time":"2019-05-10T22:56:30+00:00","og_image":[{"width":1280,"height":720,"url":"https:\/\/www.jameslynn.com\/blog\/wp-content\/uploads\/2019\/05\/web-Copy-of-CAMARA-MOTO-G7-PLUS.jpg","type":"image\/jpeg"}],"twitter_misc":{"Written by":"James Lynn"},"schema":{"@context":"https:\/\/schema.org","@graph":[{"@type":"WebSite","@id":"https:\/\/www.jameslynn.com\/blog\/#website","url":"https:\/\/www.jameslynn.com\/blog\/","name":"James Lynn : Tecnolog\u00eda y vida digital","description":"Tecnolog\u00eda y vida digital","potentialAction":[{"@type":"SearchAction","target":{"@type":"EntryPoint","urlTemplate":"https:\/\/www.jameslynn.com\/blog\/?s={search_term_string}"},"query-input":"required name=search_term_string"}],"inLanguage":"en-US"},{"@type":"ImageObject","@id":"https:\/\/www.jameslynn.com\/blog\/2019\/05\/10\/es-buena-la-camara-del-moto-g7-plus\/#primaryimage","inLanguage":"en-US","url":"https:\/\/www.jameslynn.com\/blog\/wp-content\/uploads\/2019\/05\/web-Copy-of-CAMARA-MOTO-G7-PLUS.jpg","contentUrl":"https:\/\/www.jameslynn.com\/blog\/wp-content\/uploads\/2019\/05\/web-Copy-of-CAMARA-MOTO-G7-PLUS.jpg","width":1280,"height":720,"caption":"Moto G7 Plus"},{"@type":"WebPage","@id":"https:\/\/www.jameslynn.com\/blog\/2019\/05\/10\/es-buena-la-camara-del-moto-g7-plus\/#webpage","url":"https:\/\/www.jameslynn.com\/blog\/2019\/05\/10\/es-buena-la-camara-del-moto-g7-plus\/","name":"\u00bfEs buena la c\u00e1mara del Moto G7 Plus? - James Lynn : Tecnolog\u00eda y vida digital","isPartOf":{"@id":"https:\/\/www.jameslynn.com\/blog\/#website"},"primaryImageOfPage":{"@id":"https:\/\/www.jameslynn.com\/blog\/2019\/05\/10\/es-buena-la-camara-del-moto-g7-plus\/#primaryimage"},"datePublished":"2019-05-10T22:51:22+00:00","dateModified":"2019-05-10T22:56:30+00:00","author":{"@id":"https:\/\/www.jameslynn.com\/blog\/#\/schema\/person\/4439f3e96c27ac4b98b29b03848f8108"},"breadcrumb":{"@id":"https:\/\/www.jameslynn.com\/blog\/2019\/05\/10\/es-buena-la-camara-del-moto-g7-plus\/#breadcrumb"},"inLanguage":"en-US","potentialAction":[{"@type":"ReadAction","target":["https:\/\/www.jameslynn.com\/blog\/2019\/05\/10\/es-buena-la-camara-del-moto-g7-plus\/"]}]},{"@type":"BreadcrumbList","@id":"https:\/\/www.jameslynn.com\/blog\/2019\/05\/10\/es-buena-la-camara-del-moto-g7-plus\/#breadcrumb","itemListElement":[{"@type":"ListItem","position":1,"name":"Home","item":"https:\/\/www.jameslynn.com\/blog\/"},{"@type":"ListItem","position":2,"name":"\u00bfEs buena la c\u00e1mara del Moto G7 Plus?"}]},{"@type":"Person","@id":"https:\/\/www.jameslynn.com\/blog\/#\/schema\/person\/4439f3e96c27ac4b98b29b03848f8108","name":"James Lynn","image":{"@type":"ImageObject","@id":"https:\/\/www.jameslynn.com\/blog\/#personlogo","inLanguage":"en-US","url":"https:\/\/secure.gravatar.com\/avatar\/2dcd2635cd0622bf457f25788f8c478b?s=96&d=mm&r=pg","contentUrl":"https:\/\/secure.gravatar.com\/avatar\/2dcd2635cd0622bf457f25788f8c478b?s=96&d=mm&r=pg","caption":"James Lynn"},"description":"Tech blogger, podcaster, live streamer, graphic designer, photographer, multimedia artist and university professor living in San Juan, Puerto Rico.","sameAs":["http:\/\/www.jameslynn.com"],"url":"https:\/\/www.jameslynn.com\/blog\/author\/jameslynn\/"}]}},"jetpack_featured_media_url":"https:\/\/www.jameslynn.com\/blog\/wp-content\/uploads\/2019\/05\/web-Copy-of-CAMARA-MOTO-G7-PLUS.jpg","jetpack_publicize_connections":[],"jetpack_shortlink":"https:\/\/wp.me\/p2kNF7-br","_links":{"self":[{"href":"https:\/\/www.jameslynn.com\/blog\/wp-json\/wp\/v2\/posts\/709"}],"collection":[{"href":"https:\/\/www.jameslynn.com\/blog\/wp-json\/wp\/v2\/posts"}],"about":[{"href":"https:\/\/www.jameslynn.com\/blog\/wp-json\/wp\/v2\/types\/post"}],"author":[{"embeddable":true,"href":"https:\/\/www.jameslynn.com\/blog\/wp-json\/wp\/v2\/users\/32"}],"replies":[{"embeddable":true,"href":"https:\/\/www.jameslynn.com\/blog\/wp-json\/wp\/v2\/comments?post=709"}],"version-history":[{"count":1,"href":"https:\/\/www.jameslynn.com\/blog\/wp-json\/wp\/v2\/posts\/709\/revisions"}],"predecessor-version":[{"id":711,"href":"https:\/\/www.jameslynn.com\/blog\/wp-json\/wp\/v2\/posts\/709\/revisions\/711"}],"wp:featuredmedia":[{"embeddable":true,"href":"https:\/\/www.jameslynn.com\/blog\/wp-json\/wp\/v2\/media\/712"}],"wp:attachment":[{"href":"https:\/\/www.jameslynn.com\/blog\/wp-json\/wp\/v2\/media?parent=709"}],"wp:term":[{"taxonomy":"category","embeddable":true,"href":"https:\/\/www.jameslynn.com\/blog\/wp-json\/wp\/v2\/categories?post=709"},{"taxonomy":"post_tag","embeddable":true,"href":"https:\/\/www.jameslynn.com\/blog\/wp-json\/wp\/v2\/tags?post=709"}],"curies":[{"name":"wp","href":"https:\/\/api.w.org\/{rel}","templated":true}]}}