{"id":70,"date":"2009-05-15T20:59:36","date_gmt":"2009-05-16T03:59:36","guid":{"rendered":"http:\/\/www.jameslynn.com\/blog\/?p=70"},"modified":"2009-05-15T21:28:50","modified_gmt":"2009-05-16T04:28:50","slug":"2da-caminata-ramon-rivero-diplo","status":"publish","type":"post","link":"https:\/\/www.jameslynn.com\/blog\/2009\/05\/15\/2da-caminata-ramon-rivero-diplo\/","title":{"rendered":"2da Caminata Ram\u00f3n Rivero &#8220;Diplo&#8221;"},"content":{"rendered":"<p><img loading=\"lazy\" border=\"0\" align=\"right\" width=\"320\" src=\"http:\/\/www.jameslynn.com\/blog\/wp-content\/uploads\/2009\/05\/2da_caminata_diplo.jpg\" alt=\"2da Caminata Ram\u00f3n Rivero Diplo\" height=\"250\" \/>Esta tarde en la cuidad de Ponce, Puerto Rico, \u00a0comenz\u00f3 la <strong><a target=\"_blank\" href=\"http:\/\/www.telemundopr.com\/portal\/programa7\/programa\/6648\" title=\"Telemundo - Segunda Caminata Ram\u00f3n Rivero Diplo\">Segunda Caminata Ram\u00f3n Rivero &#8220;Diplo&#8221;<\/a><\/strong> y un grupo de compa\u00f1eros de <a target=\"_blank\" href=\"http:\/\/www.tecnetico.com\/\" title=\"Web de Tecnetico.com\"><strong>Tecnetico.com<\/strong><\/a> quienes laboran en la compa\u00f1\u00eda de medios interactivos <a target=\"_blank\" href=\"http:\/\/www.escna3.com\/Escna3_-_Services.html\" title=\"Escna 3 - servicios\"><strong>Escna 3<\/strong><\/a> se dieron a la tarea de <a target=\"_blank\" href=\"http:\/\/www.escna3.com\/diaadia\" title=\"V\u00eddeo en directo de la caminata\"><strong>transmitir v\u00eddeo en directo<\/strong><\/a>\u00a0de la caminata a trav\u00e9s de la Internet.<\/p>\n<p>La\u00a0hist\u00f3rica ruta ser\u00e1 recorrida esta vez por el artista y comediante <a target=\"_blank\" href=\"http:\/\/www.prpop.org\/biografias\/r_bios\/raymond_arrieta.shtml\" title=\"Biograf\u00eda de Raymond Arrieta\"><strong>Raymond Arrieta<\/strong><\/a>. Este es un evento a beneficio de la Liga Puertorrique\u00f1a Contra el C\u00e1ncer.\u00a0El mismo comenz\u00f3\u00a0hoy a las doce y cuarto de la tarde y\u00a0culminar\u00e1 en la\u00a0instalaciones de Telemundo en San Juan el pr\u00f3ximo martes 19 de mayo de 2009. <a target=\"_blank\" href=\"http:\/\/www.telemundopr.com\/portal\/contenidoprograma\/conoce\/6648\" title=\"Ruta de la caminata\">Presiona aqu\u00ed<\/a> para conocer los detalles de <a target=\"_blank\" href=\"http:\/\/www.telemundopr.com\/portal\/contenidoprograma\/conoce\/6648\" title=\"Ruta de la caminata\"><strong>la ruta que tomar\u00e1n<\/strong><\/a> a trav\u00e9s de la isla.<\/p>\n<p>En el 1953 <a target=\"_blank\" href=\"http:\/\/www.diplo.org\/\" title=\"Website oficial de Ram\u00f3n Rivero Diplo\"><strong>Diplo<\/strong><\/a> hizo este recorrido con el mismo prop\u00f3sito de la caminata que se celebra este fin de semana. Si quieres ver <a target=\"_blank\" href=\"http:\/\/www.diplo.org\/caminata\/esp\/caminata_esp.htm\" title=\"Im\u00e1genes de la caminata del 1953\"><strong>im\u00e1genes de ese hist\u00f3rico evento<\/strong><\/a> <a target=\"_blank\" href=\"http:\/\/www.diplo.org\/caminata\/esp\/caminata_esp.htm\" title=\"Fotos de la caminata recorrida por el mismo Diplo\">presiona aqu\u00ed<\/a>.<\/p>\n<p>Sigue la ruta actual d\u00eda a d\u00eda\u00a0a trav\u00e9s de\u00a0este enlace:<br \/>\n<a href=\"http:\/\/www.escna3.com\/diaadia\/\">http:\/\/www.escna3.com\/diaadia\/<\/a><\/p>\n<p>Debo a\u00f1adir que estuve invitado a colaborar\u00a0en este evento pero por compromisos previos que no pude evadir me perd\u00ed la gran oportunidad de participar.\u00a0<\/p>\n<p>Mi <a target=\"_blank\" href=\"http:\/\/www.diplo.org\/\" title=\"Diplo.org\"><strong>conexi\u00f3n con Diplo<\/strong><\/a> proviene del trabajo de consultor\u00eda que realiz\u00e9 para Jos\u00e9 Orbi, hijo del fenecido artista puertorrique\u00f1o, durante\u00a0el\u00a0desarrollo del\u00a0website creado por Orbi para preservar la memoria de su padre, <a target=\"_blank\" href=\"http:\/\/www.diplo.org\" title=\"Diplo.org\"><strong>www.diplo.org<\/strong><\/a>.\u00a0Las sesiones de trabajo\u00a0me dieron la oportunidad de\u00a0conocer casi de primera mano interminables historias del artista, ver decenas de fotograf\u00edas y escuchar numerosos programas de radio producidos por Diplo durante sus a\u00f1os de carrera.<\/p>\n<p>&#8212;<br \/>\nJames<\/p>\n","protected":false},"excerpt":{"rendered":"<p>Esta tarde en la cuidad de Ponce, Puerto Rico, \u00a0comenz\u00f3 la Segunda Caminata Ram\u00f3n Rivero &#8220;Diplo&#8221; y un grupo de compa\u00f1eros de Tecnetico.com quienes laboran en<span class=\"excerpt-hellip\"> [\u2026]<\/span><\/p>\n","protected":false},"author":1,"featured_media":0,"comment_status":"open","ping_status":"open","sticky":false,"template":"","format":"standard","meta":{"om_disable_all_campaigns":false,"_monsterinsights_skip_tracking":false,"_monsterinsights_sitenote_active":false,"_monsterinsights_sitenote_note":"","_monsterinsights_sitenote_category":0,"spay_email":"","jetpack_publicize_message":"","jetpack_is_tweetstorm":false,"jetpack_publicize_feature_enabled":true},"categories":[10,17],"tags":[120,118,113,122,121,116,34,117,114,119,95,115],"aioseo_notices":[],"yoast_head":"<!-- This site is optimized with the Yoast SEO plugin v17.7.1 - https:\/\/yoast.com\/wordpress\/plugins\/seo\/ -->\n<title>2da Caminata Ram\u00f3n Rivero &quot;Diplo&quot; - James Lynn : Tecnolog\u00eda y vida digital<\/title>\n<meta name=\"robots\" content=\"index, follow, max-snippet:-1, max-image-preview:large, max-video-preview:-1\" \/>\n<link rel=\"canonical\" href=\"https:\/\/www.jameslynn.com\/blog\/2009\/05\/15\/2da-caminata-ramon-rivero-diplo\/\" \/>\n<meta property=\"og:locale\" content=\"en_US\" \/>\n<meta property=\"og:type\" content=\"article\" \/>\n<meta property=\"og:title\" content=\"2da Caminata Ram\u00f3n Rivero &quot;Diplo&quot; - James Lynn : Tecnolog\u00eda y vida digital\" \/>\n<meta property=\"og:description\" content=\"Esta tarde en la cuidad de Ponce, Puerto Rico, \u00a0comenz\u00f3 la Segunda Caminata Ram\u00f3n Rivero &#8220;Diplo&#8221; y un grupo de compa\u00f1eros de Tecnetico.com quienes laboran en [\u2026]\" \/>\n<meta property=\"og:url\" content=\"https:\/\/www.jameslynn.com\/blog\/2009\/05\/15\/2da-caminata-ramon-rivero-diplo\/\" \/>\n<meta property=\"og:site_name\" content=\"James Lynn : Tecnolog\u00eda y vida digital\" \/>\n<meta property=\"article:published_time\" content=\"2009-05-16T03:59:36+00:00\" \/>\n<meta property=\"article:modified_time\" content=\"2009-05-16T04:28:50+00:00\" \/>\n<meta property=\"og:image\" content=\"http:\/\/www.jameslynn.com\/blog\/wp-content\/uploads\/2009\/05\/2da_caminata_diplo.jpg\" \/>\n<meta name=\"twitter:label1\" content=\"Written by\" \/>\n\t<meta name=\"twitter:data1\" content=\"James Lynn\" \/>\n\t<meta name=\"twitter:label2\" content=\"Est. reading time\" \/>\n\t<meta name=\"twitter:data2\" content=\"1 minute\" \/>\n<script type=\"application\/ld+json\" class=\"yoast-schema-graph\">{\"@context\":\"https:\/\/schema.org\",\"@graph\":[{\"@type\":\"WebSite\",\"@id\":\"https:\/\/www.jameslynn.com\/blog\/#website\",\"url\":\"https:\/\/www.jameslynn.com\/blog\/\",\"name\":\"James Lynn : Tecnolog\\u00eda y vida digital\",\"description\":\"Tecnolog\\u00eda y vida digital\",\"potentialAction\":[{\"@type\":\"SearchAction\",\"target\":{\"@type\":\"EntryPoint\",\"urlTemplate\":\"https:\/\/www.jameslynn.com\/blog\/?s={search_term_string}\"},\"query-input\":\"required name=search_term_string\"}],\"inLanguage\":\"en-US\"},{\"@type\":\"ImageObject\",\"@id\":\"https:\/\/www.jameslynn.com\/blog\/2009\/05\/15\/2da-caminata-ramon-rivero-diplo\/#primaryimage\",\"inLanguage\":\"en-US\",\"url\":\"http:\/\/www.jameslynn.com\/blog\/wp-content\/uploads\/2009\/05\/2da_caminata_diplo.jpg\",\"contentUrl\":\"http:\/\/www.jameslynn.com\/blog\/wp-content\/uploads\/2009\/05\/2da_caminata_diplo.jpg\"},{\"@type\":\"WebPage\",\"@id\":\"https:\/\/www.jameslynn.com\/blog\/2009\/05\/15\/2da-caminata-ramon-rivero-diplo\/#webpage\",\"url\":\"https:\/\/www.jameslynn.com\/blog\/2009\/05\/15\/2da-caminata-ramon-rivero-diplo\/\",\"name\":\"2da Caminata Ram\\u00f3n Rivero \\\"Diplo\\\" - James Lynn : Tecnolog\\u00eda y vida digital\",\"isPartOf\":{\"@id\":\"https:\/\/www.jameslynn.com\/blog\/#website\"},\"primaryImageOfPage\":{\"@id\":\"https:\/\/www.jameslynn.com\/blog\/2009\/05\/15\/2da-caminata-ramon-rivero-diplo\/#primaryimage\"},\"datePublished\":\"2009-05-16T03:59:36+00:00\",\"dateModified\":\"2009-05-16T04:28:50+00:00\",\"author\":{\"@id\":\"https:\/\/www.jameslynn.com\/blog\/#\/schema\/person\/471a3a184d2210211b57765966cb1990\"},\"breadcrumb\":{\"@id\":\"https:\/\/www.jameslynn.com\/blog\/2009\/05\/15\/2da-caminata-ramon-rivero-diplo\/#breadcrumb\"},\"inLanguage\":\"en-US\",\"potentialAction\":[{\"@type\":\"ReadAction\",\"target\":[\"https:\/\/www.jameslynn.com\/blog\/2009\/05\/15\/2da-caminata-ramon-rivero-diplo\/\"]}]},{\"@type\":\"BreadcrumbList\",\"@id\":\"https:\/\/www.jameslynn.com\/blog\/2009\/05\/15\/2da-caminata-ramon-rivero-diplo\/#breadcrumb\",\"itemListElement\":[{\"@type\":\"ListItem\",\"position\":1,\"name\":\"Home\",\"item\":\"https:\/\/www.jameslynn.com\/blog\/\"},{\"@type\":\"ListItem\",\"position\":2,\"name\":\"2da Caminata Ram\\u00f3n Rivero &#8220;Diplo&#8221;\"}]},{\"@type\":\"Person\",\"@id\":\"https:\/\/www.jameslynn.com\/blog\/#\/schema\/person\/471a3a184d2210211b57765966cb1990\",\"name\":\"James Lynn\",\"image\":{\"@type\":\"ImageObject\",\"@id\":\"https:\/\/www.jameslynn.com\/blog\/#personlogo\",\"inLanguage\":\"en-US\",\"url\":\"https:\/\/secure.gravatar.com\/avatar\/92923c3f015934ab7ee44072946c70fa?s=96&d=mm&r=pg\",\"contentUrl\":\"https:\/\/secure.gravatar.com\/avatar\/92923c3f015934ab7ee44072946c70fa?s=96&d=mm&r=pg\",\"caption\":\"James Lynn\"},\"description\":\"Graphic designer, photographer, multimedia artist and university professor living in San Juan, Puerto Rico.\",\"sameAs\":[\"http:\/\/www.jameslynn.com\"],\"url\":\"https:\/\/www.jameslynn.com\/blog\/author\/admin\/\"}]}<\/script>\n<!-- \/ Yoast SEO plugin. -->","yoast_head_json":{"title":"2da Caminata Ram\u00f3n Rivero \"Diplo\" - James Lynn : Tecnolog\u00eda y vida digital","robots":{"index":"index","follow":"follow","max-snippet":"max-snippet:-1","max-image-preview":"max-image-preview:large","max-video-preview":"max-video-preview:-1"},"canonical":"https:\/\/www.jameslynn.com\/blog\/2009\/05\/15\/2da-caminata-ramon-rivero-diplo\/","og_locale":"en_US","og_type":"article","og_title":"2da Caminata Ram\u00f3n Rivero \"Diplo\" - James Lynn : Tecnolog\u00eda y vida digital","og_description":"Esta tarde en la cuidad de Ponce, Puerto Rico, \u00a0comenz\u00f3 la Segunda Caminata Ram\u00f3n Rivero &#8220;Diplo&#8221; y un grupo de compa\u00f1eros de Tecnetico.com quienes laboran en [\u2026]","og_url":"https:\/\/www.jameslynn.com\/blog\/2009\/05\/15\/2da-caminata-ramon-rivero-diplo\/","og_site_name":"James Lynn : Tecnolog\u00eda y vida digital","article_published_time":"2009-05-16T03:59:36+00:00","article_modified_time":"2009-05-16T04:28:50+00:00","og_image":[{"url":"http:\/\/www.jameslynn.com\/blog\/wp-content\/uploads\/2009\/05\/2da_caminata_diplo.jpg"}],"twitter_misc":{"Written by":"James Lynn","Est. reading time":"1 minute"},"schema":{"@context":"https:\/\/schema.org","@graph":[{"@type":"WebSite","@id":"https:\/\/www.jameslynn.com\/blog\/#website","url":"https:\/\/www.jameslynn.com\/blog\/","name":"James Lynn : Tecnolog\u00eda y vida digital","description":"Tecnolog\u00eda y vida digital","potentialAction":[{"@type":"SearchAction","target":{"@type":"EntryPoint","urlTemplate":"https:\/\/www.jameslynn.com\/blog\/?s={search_term_string}"},"query-input":"required name=search_term_string"}],"inLanguage":"en-US"},{"@type":"ImageObject","@id":"https:\/\/www.jameslynn.com\/blog\/2009\/05\/15\/2da-caminata-ramon-rivero-diplo\/#primaryimage","inLanguage":"en-US","url":"http:\/\/www.jameslynn.com\/blog\/wp-content\/uploads\/2009\/05\/2da_caminata_diplo.jpg","contentUrl":"http:\/\/www.jameslynn.com\/blog\/wp-content\/uploads\/2009\/05\/2da_caminata_diplo.jpg"},{"@type":"WebPage","@id":"https:\/\/www.jameslynn.com\/blog\/2009\/05\/15\/2da-caminata-ramon-rivero-diplo\/#webpage","url":"https:\/\/www.jameslynn.com\/blog\/2009\/05\/15\/2da-caminata-ramon-rivero-diplo\/","name":"2da Caminata Ram\u00f3n Rivero \"Diplo\" - James Lynn : Tecnolog\u00eda y vida digital","isPartOf":{"@id":"https:\/\/www.jameslynn.com\/blog\/#website"},"primaryImageOfPage":{"@id":"https:\/\/www.jameslynn.com\/blog\/2009\/05\/15\/2da-caminata-ramon-rivero-diplo\/#primaryimage"},"datePublished":"2009-05-16T03:59:36+00:00","dateModified":"2009-05-16T04:28:50+00:00","author":{"@id":"https:\/\/www.jameslynn.com\/blog\/#\/schema\/person\/471a3a184d2210211b57765966cb1990"},"breadcrumb":{"@id":"https:\/\/www.jameslynn.com\/blog\/2009\/05\/15\/2da-caminata-ramon-rivero-diplo\/#breadcrumb"},"inLanguage":"en-US","potentialAction":[{"@type":"ReadAction","target":["https:\/\/www.jameslynn.com\/blog\/2009\/05\/15\/2da-caminata-ramon-rivero-diplo\/"]}]},{"@type":"BreadcrumbList","@id":"https:\/\/www.jameslynn.com\/blog\/2009\/05\/15\/2da-caminata-ramon-rivero-diplo\/#breadcrumb","itemListElement":[{"@type":"ListItem","position":1,"name":"Home","item":"https:\/\/www.jameslynn.com\/blog\/"},{"@type":"ListItem","position":2,"name":"2da Caminata Ram\u00f3n Rivero &#8220;Diplo&#8221;"}]},{"@type":"Person","@id":"https:\/\/www.jameslynn.com\/blog\/#\/schema\/person\/471a3a184d2210211b57765966cb1990","name":"James Lynn","image":{"@type":"ImageObject","@id":"https:\/\/www.jameslynn.com\/blog\/#personlogo","inLanguage":"en-US","url":"https:\/\/secure.gravatar.com\/avatar\/92923c3f015934ab7ee44072946c70fa?s=96&d=mm&r=pg","contentUrl":"https:\/\/secure.gravatar.com\/avatar\/92923c3f015934ab7ee44072946c70fa?s=96&d=mm&r=pg","caption":"James Lynn"},"description":"Graphic designer, photographer, multimedia artist and university professor living in San Juan, Puerto Rico.","sameAs":["http:\/\/www.jameslynn.com"],"url":"https:\/\/www.jameslynn.com\/blog\/author\/admin\/"}]}},"jetpack_featured_media_url":"","jetpack_publicize_connections":[],"jetpack_shortlink":"https:\/\/wp.me\/p2kNF7-18","_links":{"self":[{"href":"https:\/\/www.jameslynn.com\/blog\/wp-json\/wp\/v2\/posts\/70"}],"collection":[{"href":"https:\/\/www.jameslynn.com\/blog\/wp-json\/wp\/v2\/posts"}],"about":[{"href":"https:\/\/www.jameslynn.com\/blog\/wp-json\/wp\/v2\/types\/post"}],"author":[{"embeddable":true,"href":"https:\/\/www.jameslynn.com\/blog\/wp-json\/wp\/v2\/users\/1"}],"replies":[{"embeddable":true,"href":"https:\/\/www.jameslynn.com\/blog\/wp-json\/wp\/v2\/comments?post=70"}],"version-history":[{"count":0,"href":"https:\/\/www.jameslynn.com\/blog\/wp-json\/wp\/v2\/posts\/70\/revisions"}],"wp:attachment":[{"href":"https:\/\/www.jameslynn.com\/blog\/wp-json\/wp\/v2\/media?parent=70"}],"wp:term":[{"taxonomy":"category","embeddable":true,"href":"https:\/\/www.jameslynn.com\/blog\/wp-json\/wp\/v2\/categories?post=70"},{"taxonomy":"post_tag","embeddable":true,"href":"https:\/\/www.jameslynn.com\/blog\/wp-json\/wp\/v2\/tags?post=70"}],"curies":[{"name":"wp","href":"https:\/\/api.w.org\/{rel}","templated":true}]}}