{"id":536,"date":"2012-05-31T12:45:45","date_gmt":"2012-05-31T16:45:45","guid":{"rendered":"http:\/\/www.jameslynn.com\/blog\/?p=536"},"modified":"2012-05-31T12:48:10","modified_gmt":"2012-05-31T16:48:10","slug":"redes-sociales-para-el-empleado-del-siglo-21","status":"publish","type":"post","link":"https:\/\/www.jameslynn.com\/blog\/2012\/05\/31\/redes-sociales-para-el-empleado-del-siglo-21\/","title":{"rendered":"Redes Sociales para el Empleado del Siglo 21"},"content":{"rendered":"<p>Ma\u00f1ana viernes 1ro de junio de 2012 estar\u00e9 junto a la <a title=\"Julizzette Col\u00f3n-Bilbraut en Twitter\" href=\"https:\/\/twitter.com\/#!\/consultaconjcb\" target=\"_blank\">Lcda. Julzzette Col\u00f3n-BIlbraut<\/a> y la relacionista <a title=\"Jeanessa Garv\u00eda en Twitter\" href=\"https:\/\/twitter.com\/#!\/JeanessaPR\" target=\"_blank\">Jeanessa Garc\u00eda<\/a> dando el seminario titulado Redes Sociales para el Empleado del Siglo 21.<\/p>\n<p>En este taller presentado por <a title=\"website de Radio Isla 1320\" href=\"http:\/\/www.radioisla1320.com\/\" target=\"_blank\">Radio Isla 1320 AM<\/a> abarcaremos temas que van desde una <strong>introducci\u00f3n a las redes sociales<\/strong> hasta temas como tu <strong>imagen gr\u00e1fica<\/strong> online, c\u00f3mo manejar tus <strong>relaciones p\u00fablicas<\/strong> en las redes sociales, <strong>marco legal en las redes<\/strong> sociales, <strong>mejores pr\u00e1cticas<\/strong> para el uso de las redes sociales, <strong>programas y apps<\/strong> para manejar redes sociales, dise\u00f1ar tu imagen y mucho m\u00e1s.<\/p>\n<p>Para m\u00e1s informaci\u00f3n y boletos para el seminario comun\u00edcate al <strong>787-292-1700<\/strong>. Puedes escuchar a los conferenciantes todos los viernes a las 7:00 p.m. por Radio Isla 1320 en su programa web y redes sociales <a title=\"website de En Vivo y Online\" href=\"http:\/\/www.envivoyonline.com\/\" target=\"_blank\">En Vivo y Online<\/a>.<\/p>\n","protected":false},"excerpt":{"rendered":"<p>Ma\u00f1ana viernes 1ro de junio de 2012 estar\u00e9 junto a la Lcda. Julzzette Col\u00f3n-BIlbraut y la relacionista Jeanessa Garc\u00eda dando el seminario titulado Redes Sociales para<span class=\"excerpt-hellip\"> [\u2026]<\/span><\/p>\n","protected":false},"author":32,"featured_media":539,"comment_status":"open","ping_status":"open","sticky":false,"template":"","format":"standard","meta":{"om_disable_all_campaigns":false,"_monsterinsights_skip_tracking":false,"_monsterinsights_sitenote_active":false,"_monsterinsights_sitenote_note":"","_monsterinsights_sitenote_category":0,"spay_email":"","jetpack_publicize_message":"","jetpack_is_tweetstorm":false,"jetpack_publicize_feature_enabled":true},"categories":[10],"tags":[],"aioseo_notices":[],"yoast_head":"<!-- This site is optimized with the Yoast SEO plugin v17.7.1 - https:\/\/yoast.com\/wordpress\/plugins\/seo\/ -->\n<title>Redes Sociales para el Empleado del Siglo 21 - James Lynn : Tecnolog\u00eda y vida digital<\/title>\n<meta name=\"robots\" content=\"index, follow, max-snippet:-1, max-image-preview:large, max-video-preview:-1\" \/>\n<link rel=\"canonical\" href=\"https:\/\/www.jameslynn.com\/blog\/2012\/05\/31\/redes-sociales-para-el-empleado-del-siglo-21\/\" \/>\n<meta property=\"og:locale\" content=\"en_US\" \/>\n<meta property=\"og:type\" content=\"article\" \/>\n<meta property=\"og:title\" content=\"Redes Sociales para el Empleado del Siglo 21 - James Lynn : Tecnolog\u00eda y vida digital\" \/>\n<meta property=\"og:description\" content=\"Ma\u00f1ana viernes 1ro de junio de 2012 estar\u00e9 junto a la Lcda. Julzzette Col\u00f3n-BIlbraut y la relacionista Jeanessa Garc\u00eda dando el seminario titulado Redes Sociales para [\u2026]\" \/>\n<meta property=\"og:url\" content=\"https:\/\/www.jameslynn.com\/blog\/2012\/05\/31\/redes-sociales-para-el-empleado-del-siglo-21\/\" \/>\n<meta property=\"og:site_name\" content=\"James Lynn : Tecnolog\u00eda y vida digital\" \/>\n<meta property=\"article:published_time\" content=\"2012-05-31T16:45:45+00:00\" \/>\n<meta property=\"article:modified_time\" content=\"2012-05-31T16:48:10+00:00\" \/>\n<meta property=\"og:image\" content=\"https:\/\/www.jameslynn.com\/blog\/wp-content\/uploads\/2012\/05\/flyer-Redes-Sociales-Empleado-Siglo-21.jpg\" \/>\n\t<meta property=\"og:image:width\" content=\"1024\" \/>\n\t<meta property=\"og:image:height\" content=\"569\" \/>\n<meta name=\"twitter:label1\" content=\"Written by\" \/>\n\t<meta name=\"twitter:data1\" content=\"James Lynn\" \/>\n\t<meta name=\"twitter:label2\" content=\"Est. reading time\" \/>\n\t<meta name=\"twitter:data2\" content=\"1 minute\" \/>\n<script type=\"application\/ld+json\" class=\"yoast-schema-graph\">{\"@context\":\"https:\/\/schema.org\",\"@graph\":[{\"@type\":\"WebSite\",\"@id\":\"https:\/\/www.jameslynn.com\/blog\/#website\",\"url\":\"https:\/\/www.jameslynn.com\/blog\/\",\"name\":\"James Lynn : Tecnolog\\u00eda y vida digital\",\"description\":\"Tecnolog\\u00eda y vida digital\",\"potentialAction\":[{\"@type\":\"SearchAction\",\"target\":{\"@type\":\"EntryPoint\",\"urlTemplate\":\"https:\/\/www.jameslynn.com\/blog\/?s={search_term_string}\"},\"query-input\":\"required name=search_term_string\"}],\"inLanguage\":\"en-US\"},{\"@type\":\"ImageObject\",\"@id\":\"https:\/\/www.jameslynn.com\/blog\/2012\/05\/31\/redes-sociales-para-el-empleado-del-siglo-21\/#primaryimage\",\"inLanguage\":\"en-US\",\"url\":\"https:\/\/www.jameslynn.com\/blog\/wp-content\/uploads\/2012\/05\/flyer-Redes-Sociales-Empleado-Siglo-21.jpg\",\"contentUrl\":\"https:\/\/www.jameslynn.com\/blog\/wp-content\/uploads\/2012\/05\/flyer-Redes-Sociales-Empleado-Siglo-21.jpg\",\"width\":\"1024\",\"height\":\"569\",\"caption\":\"Promoci\\u00f3n de Redes Sociales para el empleado del Siglo 21\"},{\"@type\":\"WebPage\",\"@id\":\"https:\/\/www.jameslynn.com\/blog\/2012\/05\/31\/redes-sociales-para-el-empleado-del-siglo-21\/#webpage\",\"url\":\"https:\/\/www.jameslynn.com\/blog\/2012\/05\/31\/redes-sociales-para-el-empleado-del-siglo-21\/\",\"name\":\"Redes Sociales para el Empleado del Siglo 21 - James Lynn : Tecnolog\\u00eda y vida digital\",\"isPartOf\":{\"@id\":\"https:\/\/www.jameslynn.com\/blog\/#website\"},\"primaryImageOfPage\":{\"@id\":\"https:\/\/www.jameslynn.com\/blog\/2012\/05\/31\/redes-sociales-para-el-empleado-del-siglo-21\/#primaryimage\"},\"datePublished\":\"2012-05-31T16:45:45+00:00\",\"dateModified\":\"2012-05-31T16:48:10+00:00\",\"author\":{\"@id\":\"https:\/\/www.jameslynn.com\/blog\/#\/schema\/person\/4439f3e96c27ac4b98b29b03848f8108\"},\"breadcrumb\":{\"@id\":\"https:\/\/www.jameslynn.com\/blog\/2012\/05\/31\/redes-sociales-para-el-empleado-del-siglo-21\/#breadcrumb\"},\"inLanguage\":\"en-US\",\"potentialAction\":[{\"@type\":\"ReadAction\",\"target\":[\"https:\/\/www.jameslynn.com\/blog\/2012\/05\/31\/redes-sociales-para-el-empleado-del-siglo-21\/\"]}]},{\"@type\":\"BreadcrumbList\",\"@id\":\"https:\/\/www.jameslynn.com\/blog\/2012\/05\/31\/redes-sociales-para-el-empleado-del-siglo-21\/#breadcrumb\",\"itemListElement\":[{\"@type\":\"ListItem\",\"position\":1,\"name\":\"Home\",\"item\":\"https:\/\/www.jameslynn.com\/blog\/\"},{\"@type\":\"ListItem\",\"position\":2,\"name\":\"Redes Sociales para el Empleado del Siglo 21\"}]},{\"@type\":\"Person\",\"@id\":\"https:\/\/www.jameslynn.com\/blog\/#\/schema\/person\/4439f3e96c27ac4b98b29b03848f8108\",\"name\":\"James Lynn\",\"image\":{\"@type\":\"ImageObject\",\"@id\":\"https:\/\/www.jameslynn.com\/blog\/#personlogo\",\"inLanguage\":\"en-US\",\"url\":\"https:\/\/secure.gravatar.com\/avatar\/2dcd2635cd0622bf457f25788f8c478b?s=96&d=mm&r=pg\",\"contentUrl\":\"https:\/\/secure.gravatar.com\/avatar\/2dcd2635cd0622bf457f25788f8c478b?s=96&d=mm&r=pg\",\"caption\":\"James Lynn\"},\"description\":\"Tech blogger, podcaster, live streamer, graphic designer, photographer, multimedia artist and university professor living in San Juan, Puerto Rico.\",\"sameAs\":[\"http:\/\/www.jameslynn.com\"],\"url\":\"https:\/\/www.jameslynn.com\/blog\/author\/jameslynn\/\"}]}<\/script>\n<!-- \/ Yoast SEO plugin. -->","yoast_head_json":{"title":"Redes Sociales para el Empleado del Siglo 21 - James Lynn : Tecnolog\u00eda y vida digital","robots":{"index":"index","follow":"follow","max-snippet":"max-snippet:-1","max-image-preview":"max-image-preview:large","max-video-preview":"max-video-preview:-1"},"canonical":"https:\/\/www.jameslynn.com\/blog\/2012\/05\/31\/redes-sociales-para-el-empleado-del-siglo-21\/","og_locale":"en_US","og_type":"article","og_title":"Redes Sociales para el Empleado del Siglo 21 - James Lynn : Tecnolog\u00eda y vida digital","og_description":"Ma\u00f1ana viernes 1ro de junio de 2012 estar\u00e9 junto a la Lcda. Julzzette Col\u00f3n-BIlbraut y la relacionista Jeanessa Garc\u00eda dando el seminario titulado Redes Sociales para [\u2026]","og_url":"https:\/\/www.jameslynn.com\/blog\/2012\/05\/31\/redes-sociales-para-el-empleado-del-siglo-21\/","og_site_name":"James Lynn : Tecnolog\u00eda y vida digital","article_published_time":"2012-05-31T16:45:45+00:00","article_modified_time":"2012-05-31T16:48:10+00:00","og_image":[{"width":"1024","height":"569","url":"https:\/\/www.jameslynn.com\/blog\/wp-content\/uploads\/2012\/05\/flyer-Redes-Sociales-Empleado-Siglo-21.jpg","type":"image\/jpeg"}],"twitter_misc":{"Written by":"James Lynn","Est. reading time":"1 minute"},"schema":{"@context":"https:\/\/schema.org","@graph":[{"@type":"WebSite","@id":"https:\/\/www.jameslynn.com\/blog\/#website","url":"https:\/\/www.jameslynn.com\/blog\/","name":"James Lynn : Tecnolog\u00eda y vida digital","description":"Tecnolog\u00eda y vida digital","potentialAction":[{"@type":"SearchAction","target":{"@type":"EntryPoint","urlTemplate":"https:\/\/www.jameslynn.com\/blog\/?s={search_term_string}"},"query-input":"required name=search_term_string"}],"inLanguage":"en-US"},{"@type":"ImageObject","@id":"https:\/\/www.jameslynn.com\/blog\/2012\/05\/31\/redes-sociales-para-el-empleado-del-siglo-21\/#primaryimage","inLanguage":"en-US","url":"https:\/\/www.jameslynn.com\/blog\/wp-content\/uploads\/2012\/05\/flyer-Redes-Sociales-Empleado-Siglo-21.jpg","contentUrl":"https:\/\/www.jameslynn.com\/blog\/wp-content\/uploads\/2012\/05\/flyer-Redes-Sociales-Empleado-Siglo-21.jpg","width":"1024","height":"569","caption":"Promoci\u00f3n de Redes Sociales para el empleado del Siglo 21"},{"@type":"WebPage","@id":"https:\/\/www.jameslynn.com\/blog\/2012\/05\/31\/redes-sociales-para-el-empleado-del-siglo-21\/#webpage","url":"https:\/\/www.jameslynn.com\/blog\/2012\/05\/31\/redes-sociales-para-el-empleado-del-siglo-21\/","name":"Redes Sociales para el Empleado del Siglo 21 - James Lynn : Tecnolog\u00eda y vida digital","isPartOf":{"@id":"https:\/\/www.jameslynn.com\/blog\/#website"},"primaryImageOfPage":{"@id":"https:\/\/www.jameslynn.com\/blog\/2012\/05\/31\/redes-sociales-para-el-empleado-del-siglo-21\/#primaryimage"},"datePublished":"2012-05-31T16:45:45+00:00","dateModified":"2012-05-31T16:48:10+00:00","author":{"@id":"https:\/\/www.jameslynn.com\/blog\/#\/schema\/person\/4439f3e96c27ac4b98b29b03848f8108"},"breadcrumb":{"@id":"https:\/\/www.jameslynn.com\/blog\/2012\/05\/31\/redes-sociales-para-el-empleado-del-siglo-21\/#breadcrumb"},"inLanguage":"en-US","potentialAction":[{"@type":"ReadAction","target":["https:\/\/www.jameslynn.com\/blog\/2012\/05\/31\/redes-sociales-para-el-empleado-del-siglo-21\/"]}]},{"@type":"BreadcrumbList","@id":"https:\/\/www.jameslynn.com\/blog\/2012\/05\/31\/redes-sociales-para-el-empleado-del-siglo-21\/#breadcrumb","itemListElement":[{"@type":"ListItem","position":1,"name":"Home","item":"https:\/\/www.jameslynn.com\/blog\/"},{"@type":"ListItem","position":2,"name":"Redes Sociales para el Empleado del Siglo 21"}]},{"@type":"Person","@id":"https:\/\/www.jameslynn.com\/blog\/#\/schema\/person\/4439f3e96c27ac4b98b29b03848f8108","name":"James Lynn","image":{"@type":"ImageObject","@id":"https:\/\/www.jameslynn.com\/blog\/#personlogo","inLanguage":"en-US","url":"https:\/\/secure.gravatar.com\/avatar\/2dcd2635cd0622bf457f25788f8c478b?s=96&d=mm&r=pg","contentUrl":"https:\/\/secure.gravatar.com\/avatar\/2dcd2635cd0622bf457f25788f8c478b?s=96&d=mm&r=pg","caption":"James Lynn"},"description":"Tech blogger, podcaster, live streamer, graphic designer, photographer, multimedia artist and university professor living in San Juan, Puerto Rico.","sameAs":["http:\/\/www.jameslynn.com"],"url":"https:\/\/www.jameslynn.com\/blog\/author\/jameslynn\/"}]}},"jetpack_featured_media_url":"https:\/\/www.jameslynn.com\/blog\/wp-content\/uploads\/2012\/05\/flyer-Redes-Sociales-Empleado-Siglo-21.jpg","jetpack_publicize_connections":[],"jetpack_shortlink":"https:\/\/wp.me\/p2kNF7-8E","_links":{"self":[{"href":"https:\/\/www.jameslynn.com\/blog\/wp-json\/wp\/v2\/posts\/536"}],"collection":[{"href":"https:\/\/www.jameslynn.com\/blog\/wp-json\/wp\/v2\/posts"}],"about":[{"href":"https:\/\/www.jameslynn.com\/blog\/wp-json\/wp\/v2\/types\/post"}],"author":[{"embeddable":true,"href":"https:\/\/www.jameslynn.com\/blog\/wp-json\/wp\/v2\/users\/32"}],"replies":[{"embeddable":true,"href":"https:\/\/www.jameslynn.com\/blog\/wp-json\/wp\/v2\/comments?post=536"}],"version-history":[{"count":6,"href":"https:\/\/www.jameslynn.com\/blog\/wp-json\/wp\/v2\/posts\/536\/revisions"}],"predecessor-version":[{"id":542,"href":"https:\/\/www.jameslynn.com\/blog\/wp-json\/wp\/v2\/posts\/536\/revisions\/542"}],"wp:featuredmedia":[{"embeddable":true,"href":"https:\/\/www.jameslynn.com\/blog\/wp-json\/wp\/v2\/media\/539"}],"wp:attachment":[{"href":"https:\/\/www.jameslynn.com\/blog\/wp-json\/wp\/v2\/media?parent=536"}],"wp:term":[{"taxonomy":"category","embeddable":true,"href":"https:\/\/www.jameslynn.com\/blog\/wp-json\/wp\/v2\/categories?post=536"},{"taxonomy":"post_tag","embeddable":true,"href":"https:\/\/www.jameslynn.com\/blog\/wp-json\/wp\/v2\/tags?post=536"}],"curies":[{"name":"wp","href":"https:\/\/api.w.org\/{rel}","templated":true}]}}