{"id":4983,"date":"2026-03-12T11:24:45","date_gmt":"2026-03-12T15:24:45","guid":{"rendered":"https:\/\/www.jameslynn.com\/blog\/?p=4983"},"modified":"2026-03-12T11:24:54","modified_gmt":"2026-03-12T15:24:54","slug":"toyota-presenta-en-puerto-rico-la-nueva-rav4-2026","status":"publish","type":"post","link":"https:\/\/www.jameslynn.com\/blog\/2026\/03\/12\/toyota-presenta-en-puerto-rico-la-nueva-rav4-2026\/","title":{"rendered":"Toyota presenta en Puerto Rico la nueva RAV4 2026"},"content":{"rendered":"\n<p>Toyota de Puerto Rico anunci\u00f3 el lanzamiento oficial de la nueva Toyota RAV4 2026, el veh\u00edculo m\u00e1s vendido en la Isla y uno de los modelos m\u00e1s emblem\u00e1ticos de la marca a nivel global. Con esta sexta generaci\u00f3n, Toyota refuerza la conexi\u00f3n emocional que los consumidores puertorrique\u00f1os han desarrollado con la RAV4, un modelo que se ha ganado su liderazgo gracias a la confianza, la durabilidad y la innovaci\u00f3n constante que lo caracterizan.<\/p>\n\n\n\n<figure class=\"wp-block-image size-large\"><img loading=\"lazy\" width=\"1280\" height=\"853\" src=\"https:\/\/www.jameslynn.com\/blog\/wp-content\/uploads\/2026\/03\/toyota-rav4-2026-dany-oliva-1280x853.jpg\" alt=\"\" class=\"wp-image-4985\" srcset=\"https:\/\/www.jameslynn.com\/blog\/wp-content\/uploads\/2026\/03\/toyota-rav4-2026-dany-oliva-1280x853.jpg 1280w, https:\/\/www.jameslynn.com\/blog\/wp-content\/uploads\/2026\/03\/toyota-rav4-2026-dany-oliva-450x300.jpg 450w, https:\/\/www.jameslynn.com\/blog\/wp-content\/uploads\/2026\/03\/toyota-rav4-2026-dany-oliva-768x512.jpg 768w, https:\/\/www.jameslynn.com\/blog\/wp-content\/uploads\/2026\/03\/toyota-rav4-2026-dany-oliva-500x333.jpg 500w, https:\/\/www.jameslynn.com\/blog\/wp-content\/uploads\/2026\/03\/toyota-rav4-2026-dany-oliva-219x146.jpg 219w, https:\/\/www.jameslynn.com\/blog\/wp-content\/uploads\/2026\/03\/toyota-rav4-2026-dany-oliva-50x33.jpg 50w, https:\/\/www.jameslynn.com\/blog\/wp-content\/uploads\/2026\/03\/toyota-rav4-2026-dany-oliva-113x75.jpg 113w, https:\/\/www.jameslynn.com\/blog\/wp-content\/uploads\/2026\/03\/toyota-rav4-2026-dany-oliva.jpg 1500w\" sizes=\"(max-width: 1280px) 100vw, 1280px\" \/><\/figure>\n\n\n\n<p>\u201cLa RAV4 es mucho m\u00e1s que nuestro veh\u00edculo n\u00famero uno en ventas; es un reflejo de la relaci\u00f3n de confianza que Toyota ha construido con los puertorrique\u00f1os durante d\u00e9cadas\u201d, expres\u00f3 Dany Oliva, vicepresidente de Toyota de Puerto Rico. \u201cLa RAV4 2026 representa un paso tecnol\u00f3gico importante y marca el inicio de una nueva etapa para este modelo ic\u00f3nico en la Isla\u201d.<\/p>\n\n\n\n<p>A lo largo de los a\u00f1os, la popularidad de RAV4 ha seguido creciendo, representando un 37.4% del subsegmento de SUV con m\u00e1s de 10,000 unidades vendidas en el 2025. Para el a\u00f1o modelo 2026, Toyota pasar\u00e1 a ofrecer una gama 100% electrificada, con la opci\u00f3n de elegir entre los modelos RAV4 H\u00edbrido (HEV) o H\u00edbrido Plug-In (PHEV). Ambos sistemas de propulsi\u00f3n ofrecen una combinaci\u00f3n de conducci\u00f3n eficiente, divertida y capaz. Los modelos h\u00edbridos estar\u00e1n disponibles con tracci\u00f3n delantera (FWD) o con tracci\u00f3n total electr\u00f3nica bajo demanda (AWD), seg\u00fan el nivel de equipamiento. Los modelos PHEV contar\u00e1n con tracci\u00f3n total (AWD) de f\u00e1brica.<\/p>\n\n\n\n<figure class=\"wp-block-image size-large\"><img loading=\"lazy\" width=\"1280\" height=\"853\" src=\"https:\/\/www.jameslynn.com\/blog\/wp-content\/uploads\/2026\/03\/toyota-rav4-side-2026-1280x853.jpg\" alt=\"\" class=\"wp-image-4986\" srcset=\"https:\/\/www.jameslynn.com\/blog\/wp-content\/uploads\/2026\/03\/toyota-rav4-side-2026-1280x853.jpg 1280w, https:\/\/www.jameslynn.com\/blog\/wp-content\/uploads\/2026\/03\/toyota-rav4-side-2026-450x300.jpg 450w, https:\/\/www.jameslynn.com\/blog\/wp-content\/uploads\/2026\/03\/toyota-rav4-side-2026-768x512.jpg 768w, https:\/\/www.jameslynn.com\/blog\/wp-content\/uploads\/2026\/03\/toyota-rav4-side-2026-500x333.jpg 500w, https:\/\/www.jameslynn.com\/blog\/wp-content\/uploads\/2026\/03\/toyota-rav4-side-2026-219x146.jpg 219w, https:\/\/www.jameslynn.com\/blog\/wp-content\/uploads\/2026\/03\/toyota-rav4-side-2026-50x33.jpg 50w, https:\/\/www.jameslynn.com\/blog\/wp-content\/uploads\/2026\/03\/toyota-rav4-side-2026-113x75.jpg 113w, https:\/\/www.jameslynn.com\/blog\/wp-content\/uploads\/2026\/03\/toyota-rav4-side-2026.jpg 1500w\" sizes=\"(max-width: 1280px) 100vw, 1280px\" \/><\/figure>\n\n\n\n<p>\u201cPor primera vez en su historia, la Toyota RAV4 llegar\u00e1 a Puerto Rico exclusivamente electrificada, reafirmando la herencia de Toyota como pionero y l\u00edder en electrificaci\u00f3n. Esta decisi\u00f3n responde a la s\u00f3lida aceptaci\u00f3n que los modelos h\u00edbridos han tenido entre los consumidores locales y al compromiso de la marca de ofrecer alternativas m\u00e1s eficientes, confiables y alineadas con las necesidades reales del mercado\u201d, a\u00f1adi\u00f3 Oliva.<\/p>\n\n\n\n<p>Toyota lidera el segmento de veh\u00edculos h\u00edbridos en Puerto Rico, y la nueva RAV4 fortalece esa posici\u00f3n al integrar la quinta generaci\u00f3n del sistema h\u00edbrido de Toyota, que mejora tanto el desempe\u00f1o como la eficiencia en combustible, sin comprometer potencia ni capacidad.<\/p>\n\n\n\n<p>La nueva RAV4 2026 estar\u00e1 disponible en tres estilos exteriores distintos, que incluyen dise\u00f1os: <em>Core<\/em>, <em>Rugged<\/em> y <em>Sport<\/em>. El dise\u00f1o <em>Core<\/em> abarca los grados LE, XLE Premium y Limited. El dise\u00f1o <em>Rugged<\/em> se presenta en el grado Woodland. Los modelos que conforman los grados deportivos son el SE, XSE y por primera vez en la historia, el GR SPORT. El chasis tambi\u00e9n ha sido modificado, incorporando una mayor rigidez estructural y nuevos componentes de suspensi\u00f3n para ofrecer una RAV4 suave y de f\u00e1cil manejo.<\/p>\n\n\n\n<figure class=\"wp-block-image size-large\"><img loading=\"lazy\" width=\"1280\" height=\"853\" src=\"https:\/\/www.jameslynn.com\/blog\/wp-content\/uploads\/2026\/03\/toyota-rav4-interior-2026-1280x853.jpg\" alt=\"\" class=\"wp-image-4987\" srcset=\"https:\/\/www.jameslynn.com\/blog\/wp-content\/uploads\/2026\/03\/toyota-rav4-interior-2026-1280x853.jpg 1280w, https:\/\/www.jameslynn.com\/blog\/wp-content\/uploads\/2026\/03\/toyota-rav4-interior-2026-450x300.jpg 450w, https:\/\/www.jameslynn.com\/blog\/wp-content\/uploads\/2026\/03\/toyota-rav4-interior-2026-768x512.jpg 768w, https:\/\/www.jameslynn.com\/blog\/wp-content\/uploads\/2026\/03\/toyota-rav4-interior-2026-500x333.jpg 500w, https:\/\/www.jameslynn.com\/blog\/wp-content\/uploads\/2026\/03\/toyota-rav4-interior-2026-219x146.jpg 219w, https:\/\/www.jameslynn.com\/blog\/wp-content\/uploads\/2026\/03\/toyota-rav4-interior-2026-50x33.jpg 50w, https:\/\/www.jameslynn.com\/blog\/wp-content\/uploads\/2026\/03\/toyota-rav4-interior-2026-113x75.jpg 113w, https:\/\/www.jameslynn.com\/blog\/wp-content\/uploads\/2026\/03\/toyota-rav4-interior-2026.jpg 1500w\" sizes=\"(max-width: 1280px) 100vw, 1280px\" \/><\/figure>\n\n\n\n<p>Los modelos h\u00edbridos con tracci\u00f3n total (AWD) cuentan con una potencia neta combinada del sistema de 236 caballos de fuerza (hp), un aumento respecto a los 219 hp de la generaci\u00f3n anterior; por su parte, los modelos con tracci\u00f3n delantera (FWD) alcanzan una potencia neta combinada de 226 hp, lo que supone un incremento de 23 hp en comparaci\u00f3n con el modelo de gasolina FWD saliente. La eficiencia de combustible tambi\u00e9n mejora, alcanzando una clasificaci\u00f3n combinada estimada por el fabricante de hasta 44 MPG (en los modelos FWD). La transmisi\u00f3n es de 163 lb-pie torque, tanto para la configuraci\u00f3n FWD como para la AWD; el motor el\u00e9ctrico (MG2) es de 153 lb-pie torque.<\/p>\n\n\n\n<p>En el caso de los modelos H\u00edbridos Plug-In (PHEV), la combinaci\u00f3n de una potente conducci\u00f3n totalmente el\u00e9ctrica y un funcionamiento h\u00edbrido eficiente resulta en una f\u00f3rmula ganadora. El sistema de propulsi\u00f3n h\u00edbrido plug-in de sexta generaci\u00f3n de Toyota experimenta un aumento del 23% en la autonom\u00eda de conducci\u00f3n totalmente el\u00e9ctrica estimada por el fabricante, alcanzando hasta 52 millas. El sistema tambi\u00e9n incrementa su potencia de salida, logrando una potencia neta combinada de 324 hp (un aumento de 22 hp), al tiempo que mejora su eficiencia de combustible, obteniendo una clasificaci\u00f3n combinada estimada por el fabricante de hasta 41 MPG (un incremento de +3 MPG para los grados SE y XSE PHEV).<\/p>\n\n\n\n<figure class=\"wp-block-embed is-type-video is-provider-youtube wp-block-embed-youtube wp-embed-aspect-16-9 wp-has-aspect-ratio\"><div class=\"wp-block-embed__wrapper\">\n<span class=\"embed-youtube\" style=\"text-align:center; display: block;\"><iframe loading=\"lazy\" class=\"youtube-player\" width=\"1200\" height=\"675\" src=\"https:\/\/www.youtube.com\/embed\/Z3t-6m-zvUU?version=3&#038;rel=1&#038;showsearch=0&#038;showinfo=1&#038;iv_load_policy=1&#038;fs=1&#038;hl=en-US&#038;autohide=2&#038;wmode=transparent\" allowfullscreen=\"true\" style=\"border:0;\" sandbox=\"allow-scripts allow-same-origin allow-popups allow-presentation\"><\/iframe><\/span>\n<\/div><\/figure>\n\n\n\n<p>La RAV4 2026 introduce m\u00faltiples avances tecnol\u00f3gicos que debutan por primera vez en el modelo, reforzando su posici\u00f3n como referente de innovaci\u00f3n:<\/p>\n\n\n\n<ul><li>Primer Toyota en integrar la nueva generaci\u00f3n del sistema Toyota Audio Multimedia, desarrollado con retroalimentaci\u00f3n directa de los clientes. Este sistema ofrece mayor rapidez, una conexi\u00f3n m\u00e1s intuitiva y conectividad 5G integrada.<\/li><li>Toyota Safety Sense 4.0, la versi\u00f3n m\u00e1s avanzada del sistema de seguridad activa de la marca, que debuta en la RAV4 con capacidades mejoradas e incorporaci\u00f3n del remolque con el Advanced Driver Assistance Systems (ADAS).<\/li><\/ul>\n\n\n\n<p>\u201cLa RAV4 2026 es un ejemplo claro de c\u00f3mo Toyota contin\u00faa revolucionando la tecnolog\u00eda pensando en el conductor, la seguridad y la experiencia completa a bordo\u201d, destac\u00f3 Oliva.<\/p>\n\n\n\n<h3>RAVolution Experience en DISTRITO T\u2011Mobile<\/h3>\n\n\n\n<p>Como parte del lanzamiento oficial, Toyota de Puerto Rico celebrar\u00e1 el RAVolution Experience, un evento abierto al p\u00fablico que se llevar\u00e1 a cabo los d\u00edas 20, 21 y 22 de marzo de 1:00pm a 6:00pm en DISTRITO T\u2011Mobile, en San Juan. El evento permitir\u00e1 a los asistentes conocer de cerca la nueva RAV4 2026, interactuar con sus innovaciones tecnol\u00f3gicas y experimentar su desempe\u00f1o en un ambiente dise\u00f1ado para la exploraci\u00f3n y la aventura.<\/p>\n\n\n\n<figure class=\"wp-block-image size-large\"><img loading=\"lazy\" width=\"1280\" height=\"800\" src=\"https:\/\/www.jameslynn.com\/blog\/wp-content\/uploads\/2026\/03\/ravolution-experience-toyota-puerto-rico-1280x800.jpg\" alt=\"\" class=\"wp-image-4989\" srcset=\"https:\/\/www.jameslynn.com\/blog\/wp-content\/uploads\/2026\/03\/ravolution-experience-toyota-puerto-rico-1280x800.jpg 1280w, https:\/\/www.jameslynn.com\/blog\/wp-content\/uploads\/2026\/03\/ravolution-experience-toyota-puerto-rico-450x281.jpg 450w, https:\/\/www.jameslynn.com\/blog\/wp-content\/uploads\/2026\/03\/ravolution-experience-toyota-puerto-rico-768x480.jpg 768w, https:\/\/www.jameslynn.com\/blog\/wp-content\/uploads\/2026\/03\/ravolution-experience-toyota-puerto-rico-1536x960.jpg 1536w, https:\/\/www.jameslynn.com\/blog\/wp-content\/uploads\/2026\/03\/ravolution-experience-toyota-puerto-rico-500x313.jpg 500w, https:\/\/www.jameslynn.com\/blog\/wp-content\/uploads\/2026\/03\/ravolution-experience-toyota-puerto-rico-234x146.jpg 234w, https:\/\/www.jameslynn.com\/blog\/wp-content\/uploads\/2026\/03\/ravolution-experience-toyota-puerto-rico-50x31.jpg 50w, https:\/\/www.jameslynn.com\/blog\/wp-content\/uploads\/2026\/03\/ravolution-experience-toyota-puerto-rico-120x75.jpg 120w, https:\/\/www.jameslynn.com\/blog\/wp-content\/uploads\/2026\/03\/ravolution-experience-toyota-puerto-rico.jpg 1600w\" sizes=\"(max-width: 1280px) 100vw, 1280px\" \/><\/figure>\n\n\n\n<p>\u201cEl RAVolution Experience es una invitaci\u00f3n a vivir la RAV4. Queremos que las personas la conozcan, la prueben y entiendan por qu\u00e9 sigue siendo el SUV favorito de Puerto Rico\u201d, concluy\u00f3 Oliva.<\/p>\n\n\n\n<p>Con la llegada de la Toyota RAV4 2026, la marca reafirma su liderazgo en la Isla y da inicio a la pr\u00f3xima gran aventura, combinando tecnolog\u00eda de vanguardia, eficiencia h\u00edbrida y la confiabilidad que ha convertido a la RAV4 en un verdadero \u00edcono para los puertorrique\u00f1os. El modelo llegar\u00e1 comenzando en $38,795. Para m\u00e1s informaci\u00f3n visite: <a href=\"http:\/\/www.toyotapr.com\/rav4\" target=\"_blank\" rel=\"noreferrer noopener\"><strong>www.toyotapr.com\/rav4<\/strong><\/a>.<\/p>\n","protected":false},"excerpt":{"rendered":"<p>Toyota de Puerto Rico anunci\u00f3 el lanzamiento oficial de la nueva Toyota RAV4 2026, el veh\u00edculo m\u00e1s vendido en la Isla y uno de los modelos<span class=\"excerpt-hellip\"> [\u2026]<\/span><\/p>\n","protected":false},"author":32,"featured_media":4984,"comment_status":"open","ping_status":"open","sticky":false,"template":"","format":"standard","meta":{"om_disable_all_campaigns":false,"_monsterinsights_skip_tracking":false,"_monsterinsights_sitenote_active":false,"_monsterinsights_sitenote_note":"","_monsterinsights_sitenote_category":0,"spay_email":"","jetpack_publicize_message":"","jetpack_is_tweetstorm":false,"jetpack_publicize_feature_enabled":true},"categories":[634],"tags":[1765,1766,1307],"aioseo_notices":[],"yoast_head":"<!-- This site is optimized with the Yoast SEO plugin v17.7.1 - https:\/\/yoast.com\/wordpress\/plugins\/seo\/ -->\n<title>Toyota presenta en Puerto Rico la nueva RAV4 2026 - James Lynn : Tecnolog\u00eda y vida digital<\/title>\n<meta name=\"robots\" content=\"index, follow, max-snippet:-1, max-image-preview:large, max-video-preview:-1\" \/>\n<link rel=\"canonical\" href=\"https:\/\/www.jameslynn.com\/blog\/2026\/03\/12\/toyota-presenta-en-puerto-rico-la-nueva-rav4-2026\/\" \/>\n<meta property=\"og:locale\" content=\"en_US\" \/>\n<meta property=\"og:type\" content=\"article\" \/>\n<meta property=\"og:title\" content=\"Toyota presenta en Puerto Rico la nueva RAV4 2026 - James Lynn : Tecnolog\u00eda y vida digital\" \/>\n<meta property=\"og:description\" content=\"Toyota de Puerto Rico anunci\u00f3 el lanzamiento oficial de la nueva Toyota RAV4 2026, el veh\u00edculo m\u00e1s vendido en la Isla y uno de los modelos [\u2026]\" \/>\n<meta property=\"og:url\" content=\"https:\/\/www.jameslynn.com\/blog\/2026\/03\/12\/toyota-presenta-en-puerto-rico-la-nueva-rav4-2026\/\" \/>\n<meta property=\"og:site_name\" content=\"James Lynn : Tecnolog\u00eda y vida digital\" \/>\n<meta property=\"article:published_time\" content=\"2026-03-12T15:24:45+00:00\" \/>\n<meta property=\"article:modified_time\" content=\"2026-03-12T15:24:54+00:00\" \/>\n<meta property=\"og:image\" content=\"https:\/\/www.jameslynn.com\/blog\/wp-content\/uploads\/2026\/03\/toyota-rav4-2026.jpg\" \/>\n\t<meta property=\"og:image:width\" content=\"1500\" \/>\n\t<meta property=\"og:image:height\" content=\"1000\" \/>\n<meta name=\"twitter:label1\" content=\"Written by\" \/>\n\t<meta name=\"twitter:data1\" content=\"James Lynn\" \/>\n\t<meta name=\"twitter:label2\" content=\"Est. reading time\" \/>\n\t<meta name=\"twitter:data2\" content=\"5 minutes\" \/>\n<script type=\"application\/ld+json\" class=\"yoast-schema-graph\">{\"@context\":\"https:\/\/schema.org\",\"@graph\":[{\"@type\":\"WebSite\",\"@id\":\"https:\/\/www.jameslynn.com\/blog\/#website\",\"url\":\"https:\/\/www.jameslynn.com\/blog\/\",\"name\":\"James Lynn : Tecnolog\\u00eda y vida digital\",\"description\":\"Tecnolog\\u00eda y vida digital\",\"potentialAction\":[{\"@type\":\"SearchAction\",\"target\":{\"@type\":\"EntryPoint\",\"urlTemplate\":\"https:\/\/www.jameslynn.com\/blog\/?s={search_term_string}\"},\"query-input\":\"required name=search_term_string\"}],\"inLanguage\":\"en-US\"},{\"@type\":\"ImageObject\",\"@id\":\"https:\/\/www.jameslynn.com\/blog\/2026\/03\/12\/toyota-presenta-en-puerto-rico-la-nueva-rav4-2026\/#primaryimage\",\"inLanguage\":\"en-US\",\"url\":\"https:\/\/www.jameslynn.com\/blog\/wp-content\/uploads\/2026\/03\/toyota-rav4-2026.jpg\",\"contentUrl\":\"https:\/\/www.jameslynn.com\/blog\/wp-content\/uploads\/2026\/03\/toyota-rav4-2026.jpg\",\"width\":1500,\"height\":1000},{\"@type\":\"WebPage\",\"@id\":\"https:\/\/www.jameslynn.com\/blog\/2026\/03\/12\/toyota-presenta-en-puerto-rico-la-nueva-rav4-2026\/#webpage\",\"url\":\"https:\/\/www.jameslynn.com\/blog\/2026\/03\/12\/toyota-presenta-en-puerto-rico-la-nueva-rav4-2026\/\",\"name\":\"Toyota presenta en Puerto Rico la nueva RAV4 2026 - James Lynn : Tecnolog\\u00eda y vida digital\",\"isPartOf\":{\"@id\":\"https:\/\/www.jameslynn.com\/blog\/#website\"},\"primaryImageOfPage\":{\"@id\":\"https:\/\/www.jameslynn.com\/blog\/2026\/03\/12\/toyota-presenta-en-puerto-rico-la-nueva-rav4-2026\/#primaryimage\"},\"datePublished\":\"2026-03-12T15:24:45+00:00\",\"dateModified\":\"2026-03-12T15:24:54+00:00\",\"author\":{\"@id\":\"https:\/\/www.jameslynn.com\/blog\/#\/schema\/person\/4439f3e96c27ac4b98b29b03848f8108\"},\"breadcrumb\":{\"@id\":\"https:\/\/www.jameslynn.com\/blog\/2026\/03\/12\/toyota-presenta-en-puerto-rico-la-nueva-rav4-2026\/#breadcrumb\"},\"inLanguage\":\"en-US\",\"potentialAction\":[{\"@type\":\"ReadAction\",\"target\":[\"https:\/\/www.jameslynn.com\/blog\/2026\/03\/12\/toyota-presenta-en-puerto-rico-la-nueva-rav4-2026\/\"]}]},{\"@type\":\"BreadcrumbList\",\"@id\":\"https:\/\/www.jameslynn.com\/blog\/2026\/03\/12\/toyota-presenta-en-puerto-rico-la-nueva-rav4-2026\/#breadcrumb\",\"itemListElement\":[{\"@type\":\"ListItem\",\"position\":1,\"name\":\"Home\",\"item\":\"https:\/\/www.jameslynn.com\/blog\/\"},{\"@type\":\"ListItem\",\"position\":2,\"name\":\"Toyota presenta en Puerto Rico la nueva RAV4 2026\"}]},{\"@type\":\"Person\",\"@id\":\"https:\/\/www.jameslynn.com\/blog\/#\/schema\/person\/4439f3e96c27ac4b98b29b03848f8108\",\"name\":\"James Lynn\",\"image\":{\"@type\":\"ImageObject\",\"@id\":\"https:\/\/www.jameslynn.com\/blog\/#personlogo\",\"inLanguage\":\"en-US\",\"url\":\"https:\/\/secure.gravatar.com\/avatar\/2dcd2635cd0622bf457f25788f8c478b?s=96&d=mm&r=pg\",\"contentUrl\":\"https:\/\/secure.gravatar.com\/avatar\/2dcd2635cd0622bf457f25788f8c478b?s=96&d=mm&r=pg\",\"caption\":\"James Lynn\"},\"description\":\"Tech blogger, podcaster, live streamer, graphic designer, photographer, multimedia artist and university professor living in San Juan, Puerto Rico.\",\"sameAs\":[\"http:\/\/www.jameslynn.com\"],\"url\":\"https:\/\/www.jameslynn.com\/blog\/author\/jameslynn\/\"}]}<\/script>\n<!-- \/ Yoast SEO plugin. -->","yoast_head_json":{"title":"Toyota presenta en Puerto Rico la nueva RAV4 2026 - James Lynn : Tecnolog\u00eda y vida digital","robots":{"index":"index","follow":"follow","max-snippet":"max-snippet:-1","max-image-preview":"max-image-preview:large","max-video-preview":"max-video-preview:-1"},"canonical":"https:\/\/www.jameslynn.com\/blog\/2026\/03\/12\/toyota-presenta-en-puerto-rico-la-nueva-rav4-2026\/","og_locale":"en_US","og_type":"article","og_title":"Toyota presenta en Puerto Rico la nueva RAV4 2026 - James Lynn : Tecnolog\u00eda y vida digital","og_description":"Toyota de Puerto Rico anunci\u00f3 el lanzamiento oficial de la nueva Toyota RAV4 2026, el veh\u00edculo m\u00e1s vendido en la Isla y uno de los modelos [\u2026]","og_url":"https:\/\/www.jameslynn.com\/blog\/2026\/03\/12\/toyota-presenta-en-puerto-rico-la-nueva-rav4-2026\/","og_site_name":"James Lynn : Tecnolog\u00eda y vida digital","article_published_time":"2026-03-12T15:24:45+00:00","article_modified_time":"2026-03-12T15:24:54+00:00","og_image":[{"width":1500,"height":1000,"url":"https:\/\/www.jameslynn.com\/blog\/wp-content\/uploads\/2026\/03\/toyota-rav4-2026.jpg","type":"image\/jpeg"}],"twitter_misc":{"Written by":"James Lynn","Est. reading time":"5 minutes"},"schema":{"@context":"https:\/\/schema.org","@graph":[{"@type":"WebSite","@id":"https:\/\/www.jameslynn.com\/blog\/#website","url":"https:\/\/www.jameslynn.com\/blog\/","name":"James Lynn : Tecnolog\u00eda y vida digital","description":"Tecnolog\u00eda y vida digital","potentialAction":[{"@type":"SearchAction","target":{"@type":"EntryPoint","urlTemplate":"https:\/\/www.jameslynn.com\/blog\/?s={search_term_string}"},"query-input":"required name=search_term_string"}],"inLanguage":"en-US"},{"@type":"ImageObject","@id":"https:\/\/www.jameslynn.com\/blog\/2026\/03\/12\/toyota-presenta-en-puerto-rico-la-nueva-rav4-2026\/#primaryimage","inLanguage":"en-US","url":"https:\/\/www.jameslynn.com\/blog\/wp-content\/uploads\/2026\/03\/toyota-rav4-2026.jpg","contentUrl":"https:\/\/www.jameslynn.com\/blog\/wp-content\/uploads\/2026\/03\/toyota-rav4-2026.jpg","width":1500,"height":1000},{"@type":"WebPage","@id":"https:\/\/www.jameslynn.com\/blog\/2026\/03\/12\/toyota-presenta-en-puerto-rico-la-nueva-rav4-2026\/#webpage","url":"https:\/\/www.jameslynn.com\/blog\/2026\/03\/12\/toyota-presenta-en-puerto-rico-la-nueva-rav4-2026\/","name":"Toyota presenta en Puerto Rico la nueva RAV4 2026 - James Lynn : Tecnolog\u00eda y vida digital","isPartOf":{"@id":"https:\/\/www.jameslynn.com\/blog\/#website"},"primaryImageOfPage":{"@id":"https:\/\/www.jameslynn.com\/blog\/2026\/03\/12\/toyota-presenta-en-puerto-rico-la-nueva-rav4-2026\/#primaryimage"},"datePublished":"2026-03-12T15:24:45+00:00","dateModified":"2026-03-12T15:24:54+00:00","author":{"@id":"https:\/\/www.jameslynn.com\/blog\/#\/schema\/person\/4439f3e96c27ac4b98b29b03848f8108"},"breadcrumb":{"@id":"https:\/\/www.jameslynn.com\/blog\/2026\/03\/12\/toyota-presenta-en-puerto-rico-la-nueva-rav4-2026\/#breadcrumb"},"inLanguage":"en-US","potentialAction":[{"@type":"ReadAction","target":["https:\/\/www.jameslynn.com\/blog\/2026\/03\/12\/toyota-presenta-en-puerto-rico-la-nueva-rav4-2026\/"]}]},{"@type":"BreadcrumbList","@id":"https:\/\/www.jameslynn.com\/blog\/2026\/03\/12\/toyota-presenta-en-puerto-rico-la-nueva-rav4-2026\/#breadcrumb","itemListElement":[{"@type":"ListItem","position":1,"name":"Home","item":"https:\/\/www.jameslynn.com\/blog\/"},{"@type":"ListItem","position":2,"name":"Toyota presenta en Puerto Rico la nueva RAV4 2026"}]},{"@type":"Person","@id":"https:\/\/www.jameslynn.com\/blog\/#\/schema\/person\/4439f3e96c27ac4b98b29b03848f8108","name":"James Lynn","image":{"@type":"ImageObject","@id":"https:\/\/www.jameslynn.com\/blog\/#personlogo","inLanguage":"en-US","url":"https:\/\/secure.gravatar.com\/avatar\/2dcd2635cd0622bf457f25788f8c478b?s=96&d=mm&r=pg","contentUrl":"https:\/\/secure.gravatar.com\/avatar\/2dcd2635cd0622bf457f25788f8c478b?s=96&d=mm&r=pg","caption":"James Lynn"},"description":"Tech blogger, podcaster, live streamer, graphic designer, photographer, multimedia artist and university professor living in San Juan, Puerto Rico.","sameAs":["http:\/\/www.jameslynn.com"],"url":"https:\/\/www.jameslynn.com\/blog\/author\/jameslynn\/"}]}},"jetpack_featured_media_url":"https:\/\/www.jameslynn.com\/blog\/wp-content\/uploads\/2026\/03\/toyota-rav4-2026.jpg","jetpack_publicize_connections":[],"jetpack_shortlink":"https:\/\/wp.me\/p2kNF7-1in","_links":{"self":[{"href":"https:\/\/www.jameslynn.com\/blog\/wp-json\/wp\/v2\/posts\/4983"}],"collection":[{"href":"https:\/\/www.jameslynn.com\/blog\/wp-json\/wp\/v2\/posts"}],"about":[{"href":"https:\/\/www.jameslynn.com\/blog\/wp-json\/wp\/v2\/types\/post"}],"author":[{"embeddable":true,"href":"https:\/\/www.jameslynn.com\/blog\/wp-json\/wp\/v2\/users\/32"}],"replies":[{"embeddable":true,"href":"https:\/\/www.jameslynn.com\/blog\/wp-json\/wp\/v2\/comments?post=4983"}],"version-history":[{"count":2,"href":"https:\/\/www.jameslynn.com\/blog\/wp-json\/wp\/v2\/posts\/4983\/revisions"}],"predecessor-version":[{"id":4990,"href":"https:\/\/www.jameslynn.com\/blog\/wp-json\/wp\/v2\/posts\/4983\/revisions\/4990"}],"wp:featuredmedia":[{"embeddable":true,"href":"https:\/\/www.jameslynn.com\/blog\/wp-json\/wp\/v2\/media\/4984"}],"wp:attachment":[{"href":"https:\/\/www.jameslynn.com\/blog\/wp-json\/wp\/v2\/media?parent=4983"}],"wp:term":[{"taxonomy":"category","embeddable":true,"href":"https:\/\/www.jameslynn.com\/blog\/wp-json\/wp\/v2\/categories?post=4983"},{"taxonomy":"post_tag","embeddable":true,"href":"https:\/\/www.jameslynn.com\/blog\/wp-json\/wp\/v2\/tags?post=4983"}],"curies":[{"name":"wp","href":"https:\/\/api.w.org\/{rel}","templated":true}]}}