{"id":4975,"date":"2026-03-12T10:25:04","date_gmt":"2026-03-12T14:25:04","guid":{"rendered":"https:\/\/www.jameslynn.com\/blog\/?p=4975"},"modified":"2026-03-12T10:25:11","modified_gmt":"2026-03-12T14:25:11","slug":"comunidad-de-propietarios-y-entusiastas-de-porsche-en-puerto-rico-impulsa-iniciativa-solidaria","status":"publish","type":"post","link":"https:\/\/www.jameslynn.com\/blog\/2026\/03\/12\/comunidad-de-propietarios-y-entusiastas-de-porsche-en-puerto-rico-impulsa-iniciativa-solidaria\/","title":{"rendered":"Comunidad de propietarios y entusiastas de Porsche en Puerto Rico impulsa iniciativa solidaria"},"content":{"rendered":"\n<p> La comunidad de propietarios y entusiastas de <strong>Porsche en Puerto Rico<\/strong> volvi\u00f3 a demostrar que su pasi\u00f3n trasciende la carretera. En esta ocasi\u00f3n, lider\u00f3 una iniciativa solidaria que logr\u00f3 recaudar la totalidad de los fondos necesarios para la adquisici\u00f3n de un veh\u00edculo adaptado, con todo el equipo especializado para apoyar a un ni\u00f1o con necesidades especiales y a su familia.<\/p>\n\n\n\n<p>El esfuerzo fue impulsado por la <strong><a href=\"https:\/\/www.facebook.com\/porscheloverspr\/?locale=es_LA\" target=\"_blank\" rel=\"noreferrer noopener\">Fundaci\u00f3n Porsche Lovers Puerto Rico<\/a><\/strong>, cuyos miembros se movilizaron voluntariamente para alcanzar la meta propuesta. La iniciativa representa un claro ejemplo del impacto positivo que puede generarse cuando una comunidad comparte no solo una pasi\u00f3n, sino tambi\u00e9n un prop\u00f3sito.<\/p>\n\n\n\n<figure class=\"wp-block-image size-large\"><img loading=\"lazy\" width=\"1280\" height=\"853\" src=\"https:\/\/www.jameslynn.com\/blog\/wp-content\/uploads\/2026\/03\/Fundacion-del-grupo-Porsche-Lovers-Puerto-Rico-vehiculo-adaptado-3-1280x853.jpg\" alt=\"\" class=\"wp-image-4981\" srcset=\"https:\/\/www.jameslynn.com\/blog\/wp-content\/uploads\/2026\/03\/Fundacion-del-grupo-Porsche-Lovers-Puerto-Rico-vehiculo-adaptado-3-1280x853.jpg 1280w, https:\/\/www.jameslynn.com\/blog\/wp-content\/uploads\/2026\/03\/Fundacion-del-grupo-Porsche-Lovers-Puerto-Rico-vehiculo-adaptado-3-450x300.jpg 450w, https:\/\/www.jameslynn.com\/blog\/wp-content\/uploads\/2026\/03\/Fundacion-del-grupo-Porsche-Lovers-Puerto-Rico-vehiculo-adaptado-3-768x512.jpg 768w, https:\/\/www.jameslynn.com\/blog\/wp-content\/uploads\/2026\/03\/Fundacion-del-grupo-Porsche-Lovers-Puerto-Rico-vehiculo-adaptado-3-500x333.jpg 500w, https:\/\/www.jameslynn.com\/blog\/wp-content\/uploads\/2026\/03\/Fundacion-del-grupo-Porsche-Lovers-Puerto-Rico-vehiculo-adaptado-3-219x146.jpg 219w, https:\/\/www.jameslynn.com\/blog\/wp-content\/uploads\/2026\/03\/Fundacion-del-grupo-Porsche-Lovers-Puerto-Rico-vehiculo-adaptado-3-50x33.jpg 50w, https:\/\/www.jameslynn.com\/blog\/wp-content\/uploads\/2026\/03\/Fundacion-del-grupo-Porsche-Lovers-Puerto-Rico-vehiculo-adaptado-3-113x75.jpg 113w, https:\/\/www.jameslynn.com\/blog\/wp-content\/uploads\/2026\/03\/Fundacion-del-grupo-Porsche-Lovers-Puerto-Rico-vehiculo-adaptado-3.jpg 1500w\" sizes=\"(max-width: 1280px) 100vw, 1280px\" \/><\/figure>\n\n\n\n<p>Porsche Center Puerto Rico, que es un punto de reuni\u00f3n para la comunidad de la marca en distintos esfuerzos, sirvi\u00f3 como espacio para recibir a la familia y hacer entrega del veh\u00edculo adaptado. En esta ocasi\u00f3n, Porsche Center Puerto Rico, en conjunto con la Fundaci\u00f3n, realiz\u00f3 una aportaci\u00f3n monetaria en beneficio de la causa, reafirmando su compromiso con la comunidad y fortaleciendo el sentido de uni\u00f3n que caracteriza a Porsche.<\/p>\n\n\n\n<p>\u201cLo que distingue a la comunidad de entusiastas de Porsche es que su sentido de comunidad se traduce en acci\u00f3n. Esta iniciativa refleja los valores que comparten nuestros clientes y reafirma que la experiencia Porsche va m\u00e1s all\u00e1 del autom\u00f3vil; es una conexi\u00f3n que tambi\u00e9n genera un impacto positivo en nuestra sociedad\u201d, expres\u00f3 Orlando P\u00e9rez, gerente general de ventas de Porsche Center Puerto Rico.<\/p>\n\n\n\n<figure class=\"wp-block-image size-large\"><img loading=\"lazy\" width=\"1280\" height=\"853\" src=\"https:\/\/www.jameslynn.com\/blog\/wp-content\/uploads\/2026\/03\/Fundacion-del-grupo-Porsche-Lovers-Puerto-Rico-vehiculo-adaptado-2-1280x853.jpg\" alt=\"\" class=\"wp-image-4980\" srcset=\"https:\/\/www.jameslynn.com\/blog\/wp-content\/uploads\/2026\/03\/Fundacion-del-grupo-Porsche-Lovers-Puerto-Rico-vehiculo-adaptado-2-1280x853.jpg 1280w, https:\/\/www.jameslynn.com\/blog\/wp-content\/uploads\/2026\/03\/Fundacion-del-grupo-Porsche-Lovers-Puerto-Rico-vehiculo-adaptado-2-450x300.jpg 450w, https:\/\/www.jameslynn.com\/blog\/wp-content\/uploads\/2026\/03\/Fundacion-del-grupo-Porsche-Lovers-Puerto-Rico-vehiculo-adaptado-2-768x512.jpg 768w, https:\/\/www.jameslynn.com\/blog\/wp-content\/uploads\/2026\/03\/Fundacion-del-grupo-Porsche-Lovers-Puerto-Rico-vehiculo-adaptado-2-500x333.jpg 500w, https:\/\/www.jameslynn.com\/blog\/wp-content\/uploads\/2026\/03\/Fundacion-del-grupo-Porsche-Lovers-Puerto-Rico-vehiculo-adaptado-2-219x146.jpg 219w, https:\/\/www.jameslynn.com\/blog\/wp-content\/uploads\/2026\/03\/Fundacion-del-grupo-Porsche-Lovers-Puerto-Rico-vehiculo-adaptado-2-50x33.jpg 50w, https:\/\/www.jameslynn.com\/blog\/wp-content\/uploads\/2026\/03\/Fundacion-del-grupo-Porsche-Lovers-Puerto-Rico-vehiculo-adaptado-2-113x75.jpg 113w, https:\/\/www.jameslynn.com\/blog\/wp-content\/uploads\/2026\/03\/Fundacion-del-grupo-Porsche-Lovers-Puerto-Rico-vehiculo-adaptado-2.jpg 1500w\" sizes=\"(max-width: 1280px) 100vw, 1280px\" \/><\/figure>\n\n\n\n<p>Por su parte, la Dra. Kimberly Ramos, presidenta de la Fundaci\u00f3n Porsche Lovers Puerto Rico, destac\u00f3 que \u201ccuando conocimos la necesidad de esta familia, supimos que no pod\u00edamos quedarnos al margen. Esta comunidad siempre ha sido como una familia, y las familias se apoyan. Ver c\u00f3mo cada persona aport\u00f3, c\u00f3mo nos unimos con un mismo prop\u00f3sito y c\u00f3mo juntos logramos hacer posible esta ayuda, nos recuerda que la solidaridad es lo que realmente nos define\u201d.<\/p>\n\n\n\n<p>En Puerto Rico, Porsche cuenta con una comunidad s\u00f3lida y activa de propietarios y entusiastas que se ha fortalecido a trav\u00e9s de los a\u00f1os, creando lazos que van m\u00e1s all\u00e1 de la afinidad por la marca, convirti\u00e9ndose en una de las comunidades m\u00e1s grandes y de mayor impacto en la regi\u00f3n. M\u00e1s que un grupo de conductores, es una red que comparte valores, orgullo y compromiso social y comunitario.<\/p>\n\n\n\n<figure class=\"wp-block-embed is-type-rich is-provider-instagram wp-block-embed-instagram\"><div class=\"wp-block-embed__wrapper\">\n<blockquote class=\"instagram-media\" data-instgrm-captioned data-instgrm-permalink=\"https:\/\/www.instagram.com\/reel\/DVosCA0kSy6\/?utm_source=ig_embed&amp;utm_campaign=loading\" data-instgrm-version=\"14\" style=\" background:#FFF; border:0; border-radius:3px; box-shadow:0 0 1px 0 rgba(0,0,0,0.5),0 1px 10px 0 rgba(0,0,0,0.15); margin: 1px; max-width:658px; min-width:326px; padding:0; width:99.375%; width:-webkit-calc(100% - 2px); width:calc(100% - 2px);\"><div style=\"padding:16px;\"> <a href=\"https:\/\/www.instagram.com\/reel\/DVosCA0kSy6\/?utm_source=ig_embed&amp;utm_campaign=loading\" style=\" background:#FFFFFF; line-height:0; padding:0 0; text-align:center; text-decoration:none; width:100%;\" target=\"_blank\"> <div style=\" display: flex; flex-direction: row; align-items: center;\"> <div style=\"background-color: #F4F4F4; border-radius: 50%; flex-grow: 0; height: 40px; margin-right: 14px; width: 40px;\"><\/div> <div style=\"display: flex; flex-direction: column; flex-grow: 1; justify-content: center;\"> <div style=\" background-color: #F4F4F4; border-radius: 4px; flex-grow: 0; height: 14px; margin-bottom: 6px; width: 100px;\"><\/div> <div style=\" background-color: #F4F4F4; border-radius: 4px; flex-grow: 0; height: 14px; width: 60px;\"><\/div><\/div><\/div><div style=\"padding: 19% 0;\"><\/div> <div style=\"display:block; height:50px; margin:0 auto 12px; width:50px;\"><svg width=\"50px\" height=\"50px\" viewBox=\"0 0 60 60\" version=\"1.1\" xmlns=\"https:\/\/www.w3.org\/2000\/svg\" xmlns:xlink=\"https:\/\/www.w3.org\/1999\/xlink\"><g stroke=\"none\" stroke-width=\"1\" fill=\"none\" fill-rule=\"evenodd\"><g transform=\"translate(-511.000000, -20.000000)\" fill=\"#000000\"><g><path d=\"M556.869,30.41 C554.814,30.41 553.148,32.076 553.148,34.131 C553.148,36.186 554.814,37.852 556.869,37.852 C558.924,37.852 560.59,36.186 560.59,34.131 C560.59,32.076 558.924,30.41 556.869,30.41 M541,60.657 C535.114,60.657 530.342,55.887 530.342,50 C530.342,44.114 535.114,39.342 541,39.342 C546.887,39.342 551.658,44.114 551.658,50 C551.658,55.887 546.887,60.657 541,60.657 M541,33.886 C532.1,33.886 524.886,41.1 524.886,50 C524.886,58.899 532.1,66.113 541,66.113 C549.9,66.113 557.115,58.899 557.115,50 C557.115,41.1 549.9,33.886 541,33.886 M565.378,62.101 C565.244,65.022 564.756,66.606 564.346,67.663 C563.803,69.06 563.154,70.057 562.106,71.106 C561.058,72.155 560.06,72.803 558.662,73.347 C557.607,73.757 556.021,74.244 553.102,74.378 C549.944,74.521 548.997,74.552 541,74.552 C533.003,74.552 532.056,74.521 528.898,74.378 C525.979,74.244 524.393,73.757 523.338,73.347 C521.94,72.803 520.942,72.155 519.894,71.106 C518.846,70.057 518.197,69.06 517.654,67.663 C517.244,66.606 516.755,65.022 516.623,62.101 C516.479,58.943 516.448,57.996 516.448,50 C516.448,42.003 516.479,41.056 516.623,37.899 C516.755,34.978 517.244,33.391 517.654,32.338 C518.197,30.938 518.846,29.942 519.894,28.894 C520.942,27.846 521.94,27.196 523.338,26.654 C524.393,26.244 525.979,25.756 528.898,25.623 C532.057,25.479 533.004,25.448 541,25.448 C548.997,25.448 549.943,25.479 553.102,25.623 C556.021,25.756 557.607,26.244 558.662,26.654 C560.06,27.196 561.058,27.846 562.106,28.894 C563.154,29.942 563.803,30.938 564.346,32.338 C564.756,33.391 565.244,34.978 565.378,37.899 C565.522,41.056 565.552,42.003 565.552,50 C565.552,57.996 565.522,58.943 565.378,62.101 M570.82,37.631 C570.674,34.438 570.167,32.258 569.425,30.349 C568.659,28.377 567.633,26.702 565.965,25.035 C564.297,23.368 562.623,22.342 560.652,21.575 C558.743,20.834 556.562,20.326 553.369,20.18 C550.169,20.033 549.148,20 541,20 C532.853,20 531.831,20.033 528.631,20.18 C525.438,20.326 523.257,20.834 521.349,21.575 C519.376,22.342 517.703,23.368 516.035,25.035 C514.368,26.702 513.342,28.377 512.574,30.349 C511.834,32.258 511.326,34.438 511.181,37.631 C511.035,40.831 511,41.851 511,50 C511,58.147 511.035,59.17 511.181,62.369 C511.326,65.562 511.834,67.743 512.574,69.651 C513.342,71.625 514.368,73.296 516.035,74.965 C517.703,76.634 519.376,77.658 521.349,78.425 C523.257,79.167 525.438,79.673 528.631,79.82 C531.831,79.965 532.853,80.001 541,80.001 C549.148,80.001 550.169,79.965 553.369,79.82 C556.562,79.673 558.743,79.167 560.652,78.425 C562.623,77.658 564.297,76.634 565.965,74.965 C567.633,73.296 568.659,71.625 569.425,69.651 C570.167,67.743 570.674,65.562 570.82,62.369 C570.966,59.17 571,58.147 571,50 C571,41.851 570.966,40.831 570.82,37.631\"><\/path><\/g><\/g><\/g><\/svg><\/div><div style=\"padding-top: 8px;\"> <div style=\" color:#3897f0; font-family:Arial,sans-serif; font-size:14px; font-style:normal; font-weight:550; line-height:18px;\">View this post on Instagram<\/div><\/div><div style=\"padding: 12.5% 0;\"><\/div> <div style=\"display: flex; flex-direction: row; margin-bottom: 14px; align-items: center;\"><div> <div style=\"background-color: #F4F4F4; border-radius: 50%; height: 12.5px; width: 12.5px; transform: translateX(0px) translateY(7px);\"><\/div> <div style=\"background-color: #F4F4F4; height: 12.5px; transform: rotate(-45deg) translateX(3px) translateY(1px); width: 12.5px; flex-grow: 0; margin-right: 14px; margin-left: 2px;\"><\/div> <div style=\"background-color: #F4F4F4; border-radius: 50%; height: 12.5px; width: 12.5px; transform: translateX(9px) translateY(-18px);\"><\/div><\/div><div style=\"margin-left: 8px;\"> <div style=\" background-color: #F4F4F4; border-radius: 50%; flex-grow: 0; height: 20px; width: 20px;\"><\/div> <div style=\" width: 0; height: 0; border-top: 2px solid transparent; border-left: 6px solid #f4f4f4; border-bottom: 2px solid transparent; transform: translateX(16px) translateY(-4px) rotate(30deg)\"><\/div><\/div><div style=\"margin-left: auto;\"> <div style=\" width: 0px; border-top: 8px solid #F4F4F4; border-right: 8px solid transparent; transform: translateY(16px);\"><\/div> <div style=\" background-color: #F4F4F4; flex-grow: 0; height: 12px; width: 16px; transform: translateY(-4px);\"><\/div> <div style=\" width: 0; height: 0; border-top: 8px solid #F4F4F4; border-left: 8px solid transparent; transform: translateY(-4px) translateX(8px);\"><\/div><\/div><\/div> <div style=\"display: flex; flex-direction: column; flex-grow: 1; justify-content: center; margin-bottom: 24px;\"> <div style=\" background-color: #F4F4F4; border-radius: 4px; flex-grow: 0; height: 14px; margin-bottom: 6px; width: 224px;\"><\/div> <div style=\" background-color: #F4F4F4; border-radius: 4px; flex-grow: 0; height: 14px; width: 144px;\"><\/div><\/div><\/a><\/div><\/blockquote><script async src=\"\/\/platform.instagram.com\/en_US\/embeds.js\"><\/script>\n<\/div><\/figure>\n","protected":false},"excerpt":{"rendered":"<p>La comunidad de propietarios y entusiastas de Porsche en Puerto Rico volvi\u00f3 a demostrar que su pasi\u00f3n trasciende la carretera. En esta ocasi\u00f3n, lider\u00f3 una iniciativa<span class=\"excerpt-hellip\"> [\u2026]<\/span><\/p>\n","protected":false},"author":32,"featured_media":4979,"comment_status":"open","ping_status":"open","sticky":false,"template":"","format":"standard","meta":{"om_disable_all_campaigns":false,"_monsterinsights_skip_tracking":false,"_monsterinsights_sitenote_active":false,"_monsterinsights_sitenote_note":"","_monsterinsights_sitenote_category":0,"spay_email":"","jetpack_publicize_message":"","jetpack_is_tweetstorm":false,"jetpack_publicize_feature_enabled":true},"categories":[924],"tags":[1764,1463],"aioseo_notices":[],"yoast_head":"<!-- This site is optimized with the Yoast SEO plugin v17.7.1 - https:\/\/yoast.com\/wordpress\/plugins\/seo\/ -->\n<title>Comunidad de propietarios y entusiastas de Porsche en Puerto Rico impulsa iniciativa solidaria - James Lynn : Tecnolog\u00eda y vida digital<\/title>\n<meta name=\"robots\" content=\"index, follow, max-snippet:-1, max-image-preview:large, max-video-preview:-1\" \/>\n<link rel=\"canonical\" href=\"https:\/\/www.jameslynn.com\/blog\/2026\/03\/12\/comunidad-de-propietarios-y-entusiastas-de-porsche-en-puerto-rico-impulsa-iniciativa-solidaria\/\" \/>\n<meta property=\"og:locale\" content=\"en_US\" \/>\n<meta property=\"og:type\" content=\"article\" \/>\n<meta property=\"og:title\" content=\"Comunidad de propietarios y entusiastas de Porsche en Puerto Rico impulsa iniciativa solidaria - James Lynn : Tecnolog\u00eda y vida digital\" \/>\n<meta property=\"og:description\" content=\"La comunidad de propietarios y entusiastas de Porsche en Puerto Rico volvi\u00f3 a demostrar que su pasi\u00f3n trasciende la carretera. En esta ocasi\u00f3n, lider\u00f3 una iniciativa [\u2026]\" \/>\n<meta property=\"og:url\" content=\"https:\/\/www.jameslynn.com\/blog\/2026\/03\/12\/comunidad-de-propietarios-y-entusiastas-de-porsche-en-puerto-rico-impulsa-iniciativa-solidaria\/\" \/>\n<meta property=\"og:site_name\" content=\"James Lynn : Tecnolog\u00eda y vida digital\" \/>\n<meta property=\"article:published_time\" content=\"2026-03-12T14:25:04+00:00\" \/>\n<meta property=\"article:modified_time\" content=\"2026-03-12T14:25:11+00:00\" \/>\n<meta property=\"og:image\" content=\"https:\/\/www.jameslynn.com\/blog\/wp-content\/uploads\/2026\/03\/Fundacion-del-grupo-Porsche-Lovers-Puerto-Rico-vehiculo-adaptado.jpg\" \/>\n\t<meta property=\"og:image:width\" content=\"1500\" \/>\n\t<meta property=\"og:image:height\" content=\"1000\" \/>\n<meta name=\"twitter:label1\" content=\"Written by\" \/>\n\t<meta name=\"twitter:data1\" content=\"James Lynn\" \/>\n\t<meta name=\"twitter:label2\" content=\"Est. reading time\" \/>\n\t<meta name=\"twitter:data2\" content=\"3 minutes\" \/>\n<script type=\"application\/ld+json\" class=\"yoast-schema-graph\">{\"@context\":\"https:\/\/schema.org\",\"@graph\":[{\"@type\":\"WebSite\",\"@id\":\"https:\/\/www.jameslynn.com\/blog\/#website\",\"url\":\"https:\/\/www.jameslynn.com\/blog\/\",\"name\":\"James Lynn : Tecnolog\\u00eda y vida digital\",\"description\":\"Tecnolog\\u00eda y vida digital\",\"potentialAction\":[{\"@type\":\"SearchAction\",\"target\":{\"@type\":\"EntryPoint\",\"urlTemplate\":\"https:\/\/www.jameslynn.com\/blog\/?s={search_term_string}\"},\"query-input\":\"required name=search_term_string\"}],\"inLanguage\":\"en-US\"},{\"@type\":\"ImageObject\",\"@id\":\"https:\/\/www.jameslynn.com\/blog\/2026\/03\/12\/comunidad-de-propietarios-y-entusiastas-de-porsche-en-puerto-rico-impulsa-iniciativa-solidaria\/#primaryimage\",\"inLanguage\":\"en-US\",\"url\":\"https:\/\/www.jameslynn.com\/blog\/wp-content\/uploads\/2026\/03\/Fundacion-del-grupo-Porsche-Lovers-Puerto-Rico-vehiculo-adaptado.jpg\",\"contentUrl\":\"https:\/\/www.jameslynn.com\/blog\/wp-content\/uploads\/2026\/03\/Fundacion-del-grupo-Porsche-Lovers-Puerto-Rico-vehiculo-adaptado.jpg\",\"width\":1500,\"height\":1000},{\"@type\":\"WebPage\",\"@id\":\"https:\/\/www.jameslynn.com\/blog\/2026\/03\/12\/comunidad-de-propietarios-y-entusiastas-de-porsche-en-puerto-rico-impulsa-iniciativa-solidaria\/#webpage\",\"url\":\"https:\/\/www.jameslynn.com\/blog\/2026\/03\/12\/comunidad-de-propietarios-y-entusiastas-de-porsche-en-puerto-rico-impulsa-iniciativa-solidaria\/\",\"name\":\"Comunidad de propietarios y entusiastas de Porsche en Puerto Rico impulsa iniciativa solidaria - James Lynn : Tecnolog\\u00eda y vida digital\",\"isPartOf\":{\"@id\":\"https:\/\/www.jameslynn.com\/blog\/#website\"},\"primaryImageOfPage\":{\"@id\":\"https:\/\/www.jameslynn.com\/blog\/2026\/03\/12\/comunidad-de-propietarios-y-entusiastas-de-porsche-en-puerto-rico-impulsa-iniciativa-solidaria\/#primaryimage\"},\"datePublished\":\"2026-03-12T14:25:04+00:00\",\"dateModified\":\"2026-03-12T14:25:11+00:00\",\"author\":{\"@id\":\"https:\/\/www.jameslynn.com\/blog\/#\/schema\/person\/4439f3e96c27ac4b98b29b03848f8108\"},\"breadcrumb\":{\"@id\":\"https:\/\/www.jameslynn.com\/blog\/2026\/03\/12\/comunidad-de-propietarios-y-entusiastas-de-porsche-en-puerto-rico-impulsa-iniciativa-solidaria\/#breadcrumb\"},\"inLanguage\":\"en-US\",\"potentialAction\":[{\"@type\":\"ReadAction\",\"target\":[\"https:\/\/www.jameslynn.com\/blog\/2026\/03\/12\/comunidad-de-propietarios-y-entusiastas-de-porsche-en-puerto-rico-impulsa-iniciativa-solidaria\/\"]}]},{\"@type\":\"BreadcrumbList\",\"@id\":\"https:\/\/www.jameslynn.com\/blog\/2026\/03\/12\/comunidad-de-propietarios-y-entusiastas-de-porsche-en-puerto-rico-impulsa-iniciativa-solidaria\/#breadcrumb\",\"itemListElement\":[{\"@type\":\"ListItem\",\"position\":1,\"name\":\"Home\",\"item\":\"https:\/\/www.jameslynn.com\/blog\/\"},{\"@type\":\"ListItem\",\"position\":2,\"name\":\"Comunidad de propietarios y entusiastas de Porsche en Puerto Rico impulsa iniciativa solidaria\"}]},{\"@type\":\"Person\",\"@id\":\"https:\/\/www.jameslynn.com\/blog\/#\/schema\/person\/4439f3e96c27ac4b98b29b03848f8108\",\"name\":\"James Lynn\",\"image\":{\"@type\":\"ImageObject\",\"@id\":\"https:\/\/www.jameslynn.com\/blog\/#personlogo\",\"inLanguage\":\"en-US\",\"url\":\"https:\/\/secure.gravatar.com\/avatar\/2dcd2635cd0622bf457f25788f8c478b?s=96&d=mm&r=pg\",\"contentUrl\":\"https:\/\/secure.gravatar.com\/avatar\/2dcd2635cd0622bf457f25788f8c478b?s=96&d=mm&r=pg\",\"caption\":\"James Lynn\"},\"description\":\"Tech blogger, podcaster, live streamer, graphic designer, photographer, multimedia artist and university professor living in San Juan, Puerto Rico.\",\"sameAs\":[\"http:\/\/www.jameslynn.com\"],\"url\":\"https:\/\/www.jameslynn.com\/blog\/author\/jameslynn\/\"}]}<\/script>\n<!-- \/ Yoast SEO plugin. -->","yoast_head_json":{"title":"Comunidad de propietarios y entusiastas de Porsche en Puerto Rico impulsa iniciativa solidaria - James Lynn : Tecnolog\u00eda y vida digital","robots":{"index":"index","follow":"follow","max-snippet":"max-snippet:-1","max-image-preview":"max-image-preview:large","max-video-preview":"max-video-preview:-1"},"canonical":"https:\/\/www.jameslynn.com\/blog\/2026\/03\/12\/comunidad-de-propietarios-y-entusiastas-de-porsche-en-puerto-rico-impulsa-iniciativa-solidaria\/","og_locale":"en_US","og_type":"article","og_title":"Comunidad de propietarios y entusiastas de Porsche en Puerto Rico impulsa iniciativa solidaria - James Lynn : Tecnolog\u00eda y vida digital","og_description":"La comunidad de propietarios y entusiastas de Porsche en Puerto Rico volvi\u00f3 a demostrar que su pasi\u00f3n trasciende la carretera. En esta ocasi\u00f3n, lider\u00f3 una iniciativa [\u2026]","og_url":"https:\/\/www.jameslynn.com\/blog\/2026\/03\/12\/comunidad-de-propietarios-y-entusiastas-de-porsche-en-puerto-rico-impulsa-iniciativa-solidaria\/","og_site_name":"James Lynn : Tecnolog\u00eda y vida digital","article_published_time":"2026-03-12T14:25:04+00:00","article_modified_time":"2026-03-12T14:25:11+00:00","og_image":[{"width":1500,"height":1000,"url":"https:\/\/www.jameslynn.com\/blog\/wp-content\/uploads\/2026\/03\/Fundacion-del-grupo-Porsche-Lovers-Puerto-Rico-vehiculo-adaptado.jpg","type":"image\/jpeg"}],"twitter_misc":{"Written by":"James Lynn","Est. reading time":"3 minutes"},"schema":{"@context":"https:\/\/schema.org","@graph":[{"@type":"WebSite","@id":"https:\/\/www.jameslynn.com\/blog\/#website","url":"https:\/\/www.jameslynn.com\/blog\/","name":"James Lynn : Tecnolog\u00eda y vida digital","description":"Tecnolog\u00eda y vida digital","potentialAction":[{"@type":"SearchAction","target":{"@type":"EntryPoint","urlTemplate":"https:\/\/www.jameslynn.com\/blog\/?s={search_term_string}"},"query-input":"required name=search_term_string"}],"inLanguage":"en-US"},{"@type":"ImageObject","@id":"https:\/\/www.jameslynn.com\/blog\/2026\/03\/12\/comunidad-de-propietarios-y-entusiastas-de-porsche-en-puerto-rico-impulsa-iniciativa-solidaria\/#primaryimage","inLanguage":"en-US","url":"https:\/\/www.jameslynn.com\/blog\/wp-content\/uploads\/2026\/03\/Fundacion-del-grupo-Porsche-Lovers-Puerto-Rico-vehiculo-adaptado.jpg","contentUrl":"https:\/\/www.jameslynn.com\/blog\/wp-content\/uploads\/2026\/03\/Fundacion-del-grupo-Porsche-Lovers-Puerto-Rico-vehiculo-adaptado.jpg","width":1500,"height":1000},{"@type":"WebPage","@id":"https:\/\/www.jameslynn.com\/blog\/2026\/03\/12\/comunidad-de-propietarios-y-entusiastas-de-porsche-en-puerto-rico-impulsa-iniciativa-solidaria\/#webpage","url":"https:\/\/www.jameslynn.com\/blog\/2026\/03\/12\/comunidad-de-propietarios-y-entusiastas-de-porsche-en-puerto-rico-impulsa-iniciativa-solidaria\/","name":"Comunidad de propietarios y entusiastas de Porsche en Puerto Rico impulsa iniciativa solidaria - James Lynn : Tecnolog\u00eda y vida digital","isPartOf":{"@id":"https:\/\/www.jameslynn.com\/blog\/#website"},"primaryImageOfPage":{"@id":"https:\/\/www.jameslynn.com\/blog\/2026\/03\/12\/comunidad-de-propietarios-y-entusiastas-de-porsche-en-puerto-rico-impulsa-iniciativa-solidaria\/#primaryimage"},"datePublished":"2026-03-12T14:25:04+00:00","dateModified":"2026-03-12T14:25:11+00:00","author":{"@id":"https:\/\/www.jameslynn.com\/blog\/#\/schema\/person\/4439f3e96c27ac4b98b29b03848f8108"},"breadcrumb":{"@id":"https:\/\/www.jameslynn.com\/blog\/2026\/03\/12\/comunidad-de-propietarios-y-entusiastas-de-porsche-en-puerto-rico-impulsa-iniciativa-solidaria\/#breadcrumb"},"inLanguage":"en-US","potentialAction":[{"@type":"ReadAction","target":["https:\/\/www.jameslynn.com\/blog\/2026\/03\/12\/comunidad-de-propietarios-y-entusiastas-de-porsche-en-puerto-rico-impulsa-iniciativa-solidaria\/"]}]},{"@type":"BreadcrumbList","@id":"https:\/\/www.jameslynn.com\/blog\/2026\/03\/12\/comunidad-de-propietarios-y-entusiastas-de-porsche-en-puerto-rico-impulsa-iniciativa-solidaria\/#breadcrumb","itemListElement":[{"@type":"ListItem","position":1,"name":"Home","item":"https:\/\/www.jameslynn.com\/blog\/"},{"@type":"ListItem","position":2,"name":"Comunidad de propietarios y entusiastas de Porsche en Puerto Rico impulsa iniciativa solidaria"}]},{"@type":"Person","@id":"https:\/\/www.jameslynn.com\/blog\/#\/schema\/person\/4439f3e96c27ac4b98b29b03848f8108","name":"James Lynn","image":{"@type":"ImageObject","@id":"https:\/\/www.jameslynn.com\/blog\/#personlogo","inLanguage":"en-US","url":"https:\/\/secure.gravatar.com\/avatar\/2dcd2635cd0622bf457f25788f8c478b?s=96&d=mm&r=pg","contentUrl":"https:\/\/secure.gravatar.com\/avatar\/2dcd2635cd0622bf457f25788f8c478b?s=96&d=mm&r=pg","caption":"James Lynn"},"description":"Tech blogger, podcaster, live streamer, graphic designer, photographer, multimedia artist and university professor living in San Juan, Puerto Rico.","sameAs":["http:\/\/www.jameslynn.com"],"url":"https:\/\/www.jameslynn.com\/blog\/author\/jameslynn\/"}]}},"jetpack_featured_media_url":"https:\/\/www.jameslynn.com\/blog\/wp-content\/uploads\/2026\/03\/Fundacion-del-grupo-Porsche-Lovers-Puerto-Rico-vehiculo-adaptado.jpg","jetpack_publicize_connections":[],"jetpack_shortlink":"https:\/\/wp.me\/p2kNF7-1if","_links":{"self":[{"href":"https:\/\/www.jameslynn.com\/blog\/wp-json\/wp\/v2\/posts\/4975"}],"collection":[{"href":"https:\/\/www.jameslynn.com\/blog\/wp-json\/wp\/v2\/posts"}],"about":[{"href":"https:\/\/www.jameslynn.com\/blog\/wp-json\/wp\/v2\/types\/post"}],"author":[{"embeddable":true,"href":"https:\/\/www.jameslynn.com\/blog\/wp-json\/wp\/v2\/users\/32"}],"replies":[{"embeddable":true,"href":"https:\/\/www.jameslynn.com\/blog\/wp-json\/wp\/v2\/comments?post=4975"}],"version-history":[{"count":4,"href":"https:\/\/www.jameslynn.com\/blog\/wp-json\/wp\/v2\/posts\/4975\/revisions"}],"predecessor-version":[{"id":4982,"href":"https:\/\/www.jameslynn.com\/blog\/wp-json\/wp\/v2\/posts\/4975\/revisions\/4982"}],"wp:featuredmedia":[{"embeddable":true,"href":"https:\/\/www.jameslynn.com\/blog\/wp-json\/wp\/v2\/media\/4979"}],"wp:attachment":[{"href":"https:\/\/www.jameslynn.com\/blog\/wp-json\/wp\/v2\/media?parent=4975"}],"wp:term":[{"taxonomy":"category","embeddable":true,"href":"https:\/\/www.jameslynn.com\/blog\/wp-json\/wp\/v2\/categories?post=4975"},{"taxonomy":"post_tag","embeddable":true,"href":"https:\/\/www.jameslynn.com\/blog\/wp-json\/wp\/v2\/tags?post=4975"}],"curies":[{"name":"wp","href":"https:\/\/api.w.org\/{rel}","templated":true}]}}