{"id":4971,"date":"2026-03-10T23:25:16","date_gmt":"2026-03-11T03:25:16","guid":{"rendered":"https:\/\/www.jameslynn.com\/blog\/?p=4971"},"modified":"2026-03-10T23:25:27","modified_gmt":"2026-03-11T03:25:27","slug":"claro-y-samsung-presentan-en-puerto-rico-la-nueva-serie-samsung-galaxy-s26","status":"publish","type":"post","link":"https:\/\/www.jameslynn.com\/blog\/2026\/03\/10\/claro-y-samsung-presentan-en-puerto-rico-la-nueva-serie-samsung-galaxy-s26\/","title":{"rendered":"Claro y Samsung presentan en Puerto Rico la nueva serie Samsung Galaxy S26"},"content":{"rendered":"\n<p><strong><a href=\"https:\/\/www.claropr.com\/personas\/\" target=\"_blank\" rel=\"noreferrer noopener\">Claro Puerto Rico<\/a><\/strong> anunci\u00f3 hoy que ya est\u00e1n disponibles en todas sus localidades y tienda en l\u00ednea: <strong><a href=\"https:\/\/tienda.claropr.com\/home\/\" target=\"_blank\" rel=\"noreferrer noopener\">tienda.claropr.com<\/a><\/strong> la nueva generaci\u00f3n Galaxy S26, con una integraci\u00f3n avanzada de inteligencia artificial, rendimiento superior y el sistema de c\u00e1mara m\u00e1s potente hasta la fecha, convirti\u00e9ndose en reales aliados digitales del d\u00eda a d\u00eda.<\/p>\n\n\n\n<p>La nueva l\u00ednea \u2014compuesta por <strong>Galaxy S26, S26+ y S26 Ultra<\/strong>\u2014 lleva la experiencia m\u00f3vil a un m\u00e1ximo nivel al integrar <strong><em>Galaxy AI<\/em><\/strong> de forma m\u00e1s proactiva y adaptativa, simplificando tareas cotidianas como organizar agendas, editar fotos, buscar informaci\u00f3n o gestionar llamadas.<\/p>\n\n\n\n<p>Para disfrutar esta poderosa tecnolog\u00eda de Samsung, Claro ofrece los tres nuevos equipos <strong>gratis, sin trade-in, y en planes con todo ilimitado en la red con Mejor Cobertura M\u00f3vil de Puerto Rico:<\/strong><\/p>\n\n\n\n<ul><li><strong>Samsung Galaxy S26 5G<\/strong> con doble memoria (256GB al precio de 128GB) gratis luego de cr\u00e9dito de $840 garantizados en 30 plazos, al acogerte a plan elegible.<\/li><li><strong>Samsung Galaxy S26+ 5G<\/strong> de 256GB gratis luego de cr\u00e9dito de $1,090 garantizados en 30 plazos y en plan elegible.<\/li><li><strong>Samsung Galaxy S26 Ultra<\/strong> con doble memoria (512GB al precio de 256GB) gratis luego de cr\u00e9dito de $1,370 garantizados en 30 plazos y en plan elegible.<\/li><\/ul>\n\n\n\n<figure class=\"wp-block-image size-large\"><img loading=\"lazy\" width=\"1280\" height=\"867\" src=\"https:\/\/www.jameslynn.com\/blog\/wp-content\/uploads\/2026\/03\/Enrique-Ortiz-de-Montellano-Claro-Puerto-Rico-1280x867.jpg\" alt=\"\" class=\"wp-image-4973\" srcset=\"https:\/\/www.jameslynn.com\/blog\/wp-content\/uploads\/2026\/03\/Enrique-Ortiz-de-Montellano-Claro-Puerto-Rico-1280x867.jpg 1280w, https:\/\/www.jameslynn.com\/blog\/wp-content\/uploads\/2026\/03\/Enrique-Ortiz-de-Montellano-Claro-Puerto-Rico-450x305.jpg 450w, https:\/\/www.jameslynn.com\/blog\/wp-content\/uploads\/2026\/03\/Enrique-Ortiz-de-Montellano-Claro-Puerto-Rico-768x520.jpg 768w, https:\/\/www.jameslynn.com\/blog\/wp-content\/uploads\/2026\/03\/Enrique-Ortiz-de-Montellano-Claro-Puerto-Rico-500x339.jpg 500w, https:\/\/www.jameslynn.com\/blog\/wp-content\/uploads\/2026\/03\/Enrique-Ortiz-de-Montellano-Claro-Puerto-Rico-216x146.jpg 216w, https:\/\/www.jameslynn.com\/blog\/wp-content\/uploads\/2026\/03\/Enrique-Ortiz-de-Montellano-Claro-Puerto-Rico-50x34.jpg 50w, https:\/\/www.jameslynn.com\/blog\/wp-content\/uploads\/2026\/03\/Enrique-Ortiz-de-Montellano-Claro-Puerto-Rico-111x75.jpg 111w, https:\/\/www.jameslynn.com\/blog\/wp-content\/uploads\/2026\/03\/Enrique-Ortiz-de-Montellano-Claro-Puerto-Rico.jpg 1482w\" sizes=\"(max-width: 1280px) 100vw, 1280px\" \/><\/figure>\n\n\n\n<p>\u201cEn Claro nos entusiasma poner en manos de nuestros clientes lo \u00faltimo en innovaci\u00f3n m\u00f3vil. Invitamos tanto a clientes nuevos como existentes a que descubran la nueva serie Galaxy S26 y a que se cambien a la red con mejor cobertura en Puerto Rico, para que puedan aprovechar todo el potencial de estos equipos de \u00faltima generaci\u00f3n\u201d, expres\u00f3 Enrique Ortiz de Montellano, presidente y principal oficial ejecutivo de Claro Puerto Rico.<\/p>\n\n\n\n<p>Esta nueva serie de los smartphones premium de Samsung llega con una novedosa funci\u00f3n. El <strong>Galaxy S26 Ultra<\/strong> redefine la confidencialidad con su revolucionaria <strong>Pantalla de Privacidad integrada<\/strong>, eliminando para siempre la necesidad de micas externas. Ya sea en el transporte p\u00fablico o en tu cafeter\u00eda favorita, para ti la pantalla se ve brillante y clara. Para la persona que intenta mirar desde un lado, la pantalla se ve completamente negra o extremadamente oscura, como si el tel\u00e9fono estuviera apagado.<\/p>\n\n\n\n<p>Adem\u00e1s, esta innovaci\u00f3n se complementa con un <strong>Call Screening avanzado por IA<\/strong> y la seguridad multicapa de <strong>Samsung Knox<\/strong>, creando un ecosistema donde tu informaci\u00f3n permanece blindada y bajo tu control absoluto, lo que hace una experiencia m\u00f3vil m\u00e1s inteligente, privada y libre de spam, reforzando la protecci\u00f3n de datos en la era de la IA.<\/p>\n\n\n\n<p>\u201cCon la serie Galaxy S26, nuestra misi\u00f3n es que la inteligencia artificial se convierta en una aliada real para los puertorrique\u00f1os, facilitando su d\u00eda a d\u00eda sin complicaciones. Este dispositivo opera inteligentemente en segundo plano para que t\u00fa te enfoques en lo que realmente importa. Al final del d\u00eda, te devuelve el activo m\u00e1s valioso que tienes: tu tiempo, liber\u00e1ndote de las tareas repetitivas para que puedas disfrutar de los momentos que realmente cuentan. Es un asistente invisible que optimiza tu d\u00eda sin que tengas que configurar nada. Es el balance perfecto entre innovaci\u00f3n y utilidad\u201d, afirm\u00f3 Jon Criscione, Director de Ventas Samsung Puerto Rico y el Caribe.<\/p>\n\n\n\n<p>Clientes nuevos y existentes interesados en la nueva serie Samsung Galaxy S26, pueden visitar cualquier localidad Claro alrededor de la isla, llamar al <strong>787-775-0000<\/strong> o acceder a la tienda en l\u00ednea: <a href=\"https:\/\/tienda.claropr.com\/catalog\" target=\"_blank\" rel=\"noreferrer noopener\">tienda.claropr.com<\/a><a href=\"https:\/\/tienda.claropr.com\/catalog\">.<\/a><\/p>\n","protected":false},"excerpt":{"rendered":"<p>Claro Puerto Rico anunci\u00f3 hoy que ya est\u00e1n disponibles en todas sus localidades y tienda en l\u00ednea: tienda.claropr.com la nueva generaci\u00f3n Galaxy S26, con una integraci\u00f3n<span class=\"excerpt-hellip\"> [\u2026]<\/span><\/p>\n","protected":false},"author":32,"featured_media":4972,"comment_status":"open","ping_status":"open","sticky":false,"template":"","format":"standard","meta":{"om_disable_all_campaigns":false,"_monsterinsights_skip_tracking":false,"_monsterinsights_sitenote_active":false,"_monsterinsights_sitenote_note":"","_monsterinsights_sitenote_category":0,"spay_email":"","jetpack_publicize_message":"","jetpack_is_tweetstorm":false,"jetpack_publicize_feature_enabled":true},"categories":[213],"tags":[1036,1763],"aioseo_notices":[],"yoast_head":"<!-- This site is optimized with the Yoast SEO plugin v17.7.1 - https:\/\/yoast.com\/wordpress\/plugins\/seo\/ -->\n<title>Claro y Samsung presentan en Puerto Rico la nueva serie Samsung Galaxy S26 - James Lynn : Tecnolog\u00eda y vida digital<\/title>\n<meta name=\"robots\" content=\"index, follow, max-snippet:-1, max-image-preview:large, max-video-preview:-1\" \/>\n<link rel=\"canonical\" href=\"https:\/\/www.jameslynn.com\/blog\/2026\/03\/10\/claro-y-samsung-presentan-en-puerto-rico-la-nueva-serie-samsung-galaxy-s26\/\" \/>\n<meta property=\"og:locale\" content=\"en_US\" \/>\n<meta property=\"og:type\" content=\"article\" \/>\n<meta property=\"og:title\" content=\"Claro y Samsung presentan en Puerto Rico la nueva serie Samsung Galaxy S26 - James Lynn : Tecnolog\u00eda y vida digital\" \/>\n<meta property=\"og:description\" content=\"Claro Puerto Rico anunci\u00f3 hoy que ya est\u00e1n disponibles en todas sus localidades y tienda en l\u00ednea: tienda.claropr.com la nueva generaci\u00f3n Galaxy S26, con una integraci\u00f3n [\u2026]\" \/>\n<meta property=\"og:url\" content=\"https:\/\/www.jameslynn.com\/blog\/2026\/03\/10\/claro-y-samsung-presentan-en-puerto-rico-la-nueva-serie-samsung-galaxy-s26\/\" \/>\n<meta property=\"og:site_name\" content=\"James Lynn : Tecnolog\u00eda y vida digital\" \/>\n<meta property=\"article:published_time\" content=\"2026-03-11T03:25:16+00:00\" \/>\n<meta property=\"article:modified_time\" content=\"2026-03-11T03:25:27+00:00\" \/>\n<meta property=\"og:image\" content=\"https:\/\/www.jameslynn.com\/blog\/wp-content\/uploads\/2026\/03\/galaxy-s26-claro-puerto-rico.jpg\" \/>\n\t<meta property=\"og:image:width\" content=\"1500\" \/>\n\t<meta property=\"og:image:height\" content=\"1000\" \/>\n<meta name=\"twitter:label1\" content=\"Written by\" \/>\n\t<meta name=\"twitter:data1\" content=\"James Lynn\" \/>\n\t<meta name=\"twitter:label2\" content=\"Est. reading time\" \/>\n\t<meta name=\"twitter:data2\" content=\"3 minutes\" \/>\n<script type=\"application\/ld+json\" class=\"yoast-schema-graph\">{\"@context\":\"https:\/\/schema.org\",\"@graph\":[{\"@type\":\"WebSite\",\"@id\":\"https:\/\/www.jameslynn.com\/blog\/#website\",\"url\":\"https:\/\/www.jameslynn.com\/blog\/\",\"name\":\"James Lynn : Tecnolog\\u00eda y vida digital\",\"description\":\"Tecnolog\\u00eda y vida digital\",\"potentialAction\":[{\"@type\":\"SearchAction\",\"target\":{\"@type\":\"EntryPoint\",\"urlTemplate\":\"https:\/\/www.jameslynn.com\/blog\/?s={search_term_string}\"},\"query-input\":\"required name=search_term_string\"}],\"inLanguage\":\"en-US\"},{\"@type\":\"ImageObject\",\"@id\":\"https:\/\/www.jameslynn.com\/blog\/2026\/03\/10\/claro-y-samsung-presentan-en-puerto-rico-la-nueva-serie-samsung-galaxy-s26\/#primaryimage\",\"inLanguage\":\"en-US\",\"url\":\"https:\/\/www.jameslynn.com\/blog\/wp-content\/uploads\/2026\/03\/galaxy-s26-claro-puerto-rico.jpg\",\"contentUrl\":\"https:\/\/www.jameslynn.com\/blog\/wp-content\/uploads\/2026\/03\/galaxy-s26-claro-puerto-rico.jpg\",\"width\":1500,\"height\":1000,\"caption\":\"Samsun\"},{\"@type\":\"WebPage\",\"@id\":\"https:\/\/www.jameslynn.com\/blog\/2026\/03\/10\/claro-y-samsung-presentan-en-puerto-rico-la-nueva-serie-samsung-galaxy-s26\/#webpage\",\"url\":\"https:\/\/www.jameslynn.com\/blog\/2026\/03\/10\/claro-y-samsung-presentan-en-puerto-rico-la-nueva-serie-samsung-galaxy-s26\/\",\"name\":\"Claro y Samsung presentan en Puerto Rico la nueva serie Samsung Galaxy S26 - James Lynn : Tecnolog\\u00eda y vida digital\",\"isPartOf\":{\"@id\":\"https:\/\/www.jameslynn.com\/blog\/#website\"},\"primaryImageOfPage\":{\"@id\":\"https:\/\/www.jameslynn.com\/blog\/2026\/03\/10\/claro-y-samsung-presentan-en-puerto-rico-la-nueva-serie-samsung-galaxy-s26\/#primaryimage\"},\"datePublished\":\"2026-03-11T03:25:16+00:00\",\"dateModified\":\"2026-03-11T03:25:27+00:00\",\"author\":{\"@id\":\"https:\/\/www.jameslynn.com\/blog\/#\/schema\/person\/4439f3e96c27ac4b98b29b03848f8108\"},\"breadcrumb\":{\"@id\":\"https:\/\/www.jameslynn.com\/blog\/2026\/03\/10\/claro-y-samsung-presentan-en-puerto-rico-la-nueva-serie-samsung-galaxy-s26\/#breadcrumb\"},\"inLanguage\":\"en-US\",\"potentialAction\":[{\"@type\":\"ReadAction\",\"target\":[\"https:\/\/www.jameslynn.com\/blog\/2026\/03\/10\/claro-y-samsung-presentan-en-puerto-rico-la-nueva-serie-samsung-galaxy-s26\/\"]}]},{\"@type\":\"BreadcrumbList\",\"@id\":\"https:\/\/www.jameslynn.com\/blog\/2026\/03\/10\/claro-y-samsung-presentan-en-puerto-rico-la-nueva-serie-samsung-galaxy-s26\/#breadcrumb\",\"itemListElement\":[{\"@type\":\"ListItem\",\"position\":1,\"name\":\"Home\",\"item\":\"https:\/\/www.jameslynn.com\/blog\/\"},{\"@type\":\"ListItem\",\"position\":2,\"name\":\"Claro y Samsung presentan en Puerto Rico la nueva serie Samsung Galaxy S26\"}]},{\"@type\":\"Person\",\"@id\":\"https:\/\/www.jameslynn.com\/blog\/#\/schema\/person\/4439f3e96c27ac4b98b29b03848f8108\",\"name\":\"James Lynn\",\"image\":{\"@type\":\"ImageObject\",\"@id\":\"https:\/\/www.jameslynn.com\/blog\/#personlogo\",\"inLanguage\":\"en-US\",\"url\":\"https:\/\/secure.gravatar.com\/avatar\/2dcd2635cd0622bf457f25788f8c478b?s=96&d=mm&r=pg\",\"contentUrl\":\"https:\/\/secure.gravatar.com\/avatar\/2dcd2635cd0622bf457f25788f8c478b?s=96&d=mm&r=pg\",\"caption\":\"James Lynn\"},\"description\":\"Tech blogger, podcaster, live streamer, graphic designer, photographer, multimedia artist and university professor living in San Juan, Puerto Rico.\",\"sameAs\":[\"http:\/\/www.jameslynn.com\"],\"url\":\"https:\/\/www.jameslynn.com\/blog\/author\/jameslynn\/\"}]}<\/script>\n<!-- \/ Yoast SEO plugin. -->","yoast_head_json":{"title":"Claro y Samsung presentan en Puerto Rico la nueva serie Samsung Galaxy S26 - James Lynn : Tecnolog\u00eda y vida digital","robots":{"index":"index","follow":"follow","max-snippet":"max-snippet:-1","max-image-preview":"max-image-preview:large","max-video-preview":"max-video-preview:-1"},"canonical":"https:\/\/www.jameslynn.com\/blog\/2026\/03\/10\/claro-y-samsung-presentan-en-puerto-rico-la-nueva-serie-samsung-galaxy-s26\/","og_locale":"en_US","og_type":"article","og_title":"Claro y Samsung presentan en Puerto Rico la nueva serie Samsung Galaxy S26 - James Lynn : Tecnolog\u00eda y vida digital","og_description":"Claro Puerto Rico anunci\u00f3 hoy que ya est\u00e1n disponibles en todas sus localidades y tienda en l\u00ednea: tienda.claropr.com la nueva generaci\u00f3n Galaxy S26, con una integraci\u00f3n [\u2026]","og_url":"https:\/\/www.jameslynn.com\/blog\/2026\/03\/10\/claro-y-samsung-presentan-en-puerto-rico-la-nueva-serie-samsung-galaxy-s26\/","og_site_name":"James Lynn : Tecnolog\u00eda y vida digital","article_published_time":"2026-03-11T03:25:16+00:00","article_modified_time":"2026-03-11T03:25:27+00:00","og_image":[{"width":1500,"height":1000,"url":"https:\/\/www.jameslynn.com\/blog\/wp-content\/uploads\/2026\/03\/galaxy-s26-claro-puerto-rico.jpg","type":"image\/jpeg"}],"twitter_misc":{"Written by":"James Lynn","Est. reading time":"3 minutes"},"schema":{"@context":"https:\/\/schema.org","@graph":[{"@type":"WebSite","@id":"https:\/\/www.jameslynn.com\/blog\/#website","url":"https:\/\/www.jameslynn.com\/blog\/","name":"James Lynn : Tecnolog\u00eda y vida digital","description":"Tecnolog\u00eda y vida digital","potentialAction":[{"@type":"SearchAction","target":{"@type":"EntryPoint","urlTemplate":"https:\/\/www.jameslynn.com\/blog\/?s={search_term_string}"},"query-input":"required name=search_term_string"}],"inLanguage":"en-US"},{"@type":"ImageObject","@id":"https:\/\/www.jameslynn.com\/blog\/2026\/03\/10\/claro-y-samsung-presentan-en-puerto-rico-la-nueva-serie-samsung-galaxy-s26\/#primaryimage","inLanguage":"en-US","url":"https:\/\/www.jameslynn.com\/blog\/wp-content\/uploads\/2026\/03\/galaxy-s26-claro-puerto-rico.jpg","contentUrl":"https:\/\/www.jameslynn.com\/blog\/wp-content\/uploads\/2026\/03\/galaxy-s26-claro-puerto-rico.jpg","width":1500,"height":1000,"caption":"Samsun"},{"@type":"WebPage","@id":"https:\/\/www.jameslynn.com\/blog\/2026\/03\/10\/claro-y-samsung-presentan-en-puerto-rico-la-nueva-serie-samsung-galaxy-s26\/#webpage","url":"https:\/\/www.jameslynn.com\/blog\/2026\/03\/10\/claro-y-samsung-presentan-en-puerto-rico-la-nueva-serie-samsung-galaxy-s26\/","name":"Claro y Samsung presentan en Puerto Rico la nueva serie Samsung Galaxy S26 - James Lynn : Tecnolog\u00eda y vida digital","isPartOf":{"@id":"https:\/\/www.jameslynn.com\/blog\/#website"},"primaryImageOfPage":{"@id":"https:\/\/www.jameslynn.com\/blog\/2026\/03\/10\/claro-y-samsung-presentan-en-puerto-rico-la-nueva-serie-samsung-galaxy-s26\/#primaryimage"},"datePublished":"2026-03-11T03:25:16+00:00","dateModified":"2026-03-11T03:25:27+00:00","author":{"@id":"https:\/\/www.jameslynn.com\/blog\/#\/schema\/person\/4439f3e96c27ac4b98b29b03848f8108"},"breadcrumb":{"@id":"https:\/\/www.jameslynn.com\/blog\/2026\/03\/10\/claro-y-samsung-presentan-en-puerto-rico-la-nueva-serie-samsung-galaxy-s26\/#breadcrumb"},"inLanguage":"en-US","potentialAction":[{"@type":"ReadAction","target":["https:\/\/www.jameslynn.com\/blog\/2026\/03\/10\/claro-y-samsung-presentan-en-puerto-rico-la-nueva-serie-samsung-galaxy-s26\/"]}]},{"@type":"BreadcrumbList","@id":"https:\/\/www.jameslynn.com\/blog\/2026\/03\/10\/claro-y-samsung-presentan-en-puerto-rico-la-nueva-serie-samsung-galaxy-s26\/#breadcrumb","itemListElement":[{"@type":"ListItem","position":1,"name":"Home","item":"https:\/\/www.jameslynn.com\/blog\/"},{"@type":"ListItem","position":2,"name":"Claro y Samsung presentan en Puerto Rico la nueva serie Samsung Galaxy S26"}]},{"@type":"Person","@id":"https:\/\/www.jameslynn.com\/blog\/#\/schema\/person\/4439f3e96c27ac4b98b29b03848f8108","name":"James Lynn","image":{"@type":"ImageObject","@id":"https:\/\/www.jameslynn.com\/blog\/#personlogo","inLanguage":"en-US","url":"https:\/\/secure.gravatar.com\/avatar\/2dcd2635cd0622bf457f25788f8c478b?s=96&d=mm&r=pg","contentUrl":"https:\/\/secure.gravatar.com\/avatar\/2dcd2635cd0622bf457f25788f8c478b?s=96&d=mm&r=pg","caption":"James Lynn"},"description":"Tech blogger, podcaster, live streamer, graphic designer, photographer, multimedia artist and university professor living in San Juan, Puerto Rico.","sameAs":["http:\/\/www.jameslynn.com"],"url":"https:\/\/www.jameslynn.com\/blog\/author\/jameslynn\/"}]}},"jetpack_featured_media_url":"https:\/\/www.jameslynn.com\/blog\/wp-content\/uploads\/2026\/03\/galaxy-s26-claro-puerto-rico.jpg","jetpack_publicize_connections":[],"jetpack_shortlink":"https:\/\/wp.me\/p2kNF7-1ib","_links":{"self":[{"href":"https:\/\/www.jameslynn.com\/blog\/wp-json\/wp\/v2\/posts\/4971"}],"collection":[{"href":"https:\/\/www.jameslynn.com\/blog\/wp-json\/wp\/v2\/posts"}],"about":[{"href":"https:\/\/www.jameslynn.com\/blog\/wp-json\/wp\/v2\/types\/post"}],"author":[{"embeddable":true,"href":"https:\/\/www.jameslynn.com\/blog\/wp-json\/wp\/v2\/users\/32"}],"replies":[{"embeddable":true,"href":"https:\/\/www.jameslynn.com\/blog\/wp-json\/wp\/v2\/comments?post=4971"}],"version-history":[{"count":1,"href":"https:\/\/www.jameslynn.com\/blog\/wp-json\/wp\/v2\/posts\/4971\/revisions"}],"predecessor-version":[{"id":4974,"href":"https:\/\/www.jameslynn.com\/blog\/wp-json\/wp\/v2\/posts\/4971\/revisions\/4974"}],"wp:featuredmedia":[{"embeddable":true,"href":"https:\/\/www.jameslynn.com\/blog\/wp-json\/wp\/v2\/media\/4972"}],"wp:attachment":[{"href":"https:\/\/www.jameslynn.com\/blog\/wp-json\/wp\/v2\/media?parent=4971"}],"wp:term":[{"taxonomy":"category","embeddable":true,"href":"https:\/\/www.jameslynn.com\/blog\/wp-json\/wp\/v2\/categories?post=4971"},{"taxonomy":"post_tag","embeddable":true,"href":"https:\/\/www.jameslynn.com\/blog\/wp-json\/wp\/v2\/tags?post=4971"}],"curies":[{"name":"wp","href":"https:\/\/api.w.org\/{rel}","templated":true}]}}