{"id":4951,"date":"2026-03-03T19:43:22","date_gmt":"2026-03-03T23:43:22","guid":{"rendered":"https:\/\/www.jameslynn.com\/blog\/?p=4951"},"modified":"2026-03-03T19:43:54","modified_gmt":"2026-03-03T23:43:54","slug":"mercedes-benz-puerto-rico-es-distinguido-con-el-maximo-reconocimiento-nacional","status":"publish","type":"post","link":"https:\/\/www.jameslynn.com\/blog\/2026\/03\/03\/mercedes-benz-puerto-rico-es-distinguido-con-el-maximo-reconocimiento-nacional\/","title":{"rendered":"Mercedes-Benz Puerto Rico es distinguido con el m\u00e1ximo reconocimiento nacional y recibe por primera vez la visita de su Presidente y CEO"},"content":{"rendered":"\n<p>Mercedes-Benz Garage Isla Verde anunci\u00f3 la visita oficial a Puerto Rico de <strong><a href=\"https:\/\/www.linkedin.com\/in\/adchamberlain\/\" target=\"_blank\" rel=\"noreferrer noopener\">Adam Chamberlain<\/a><\/strong>, Presidente y CEO nacional de Mercedes-BenZ, marcando la primera vez que Chamberlain visita la Isla desde que asumi\u00f3 la presidencia de la organizaci\u00f3n. La visita coincide con un momento hist\u00f3rico para la marca en el mercado local, impulsado por un desempe\u00f1o r\u00e9cord, crecimiento sostenido y reconocimientos nacionales que colocan al concesionario puertorrique\u00f1o entre los mejores de Estados Unidos.<\/p>\n\n\n\n<p>Durante este encuentro, Mercedes-Benz Garage Isla Verde destac\u00f3 la obtenci\u00f3n de dos galardones de alto prestigio dentro de la red nacional de concesionarios: el m\u00e1ximo reconocimiento que otorga Mercedes-Benz a un dealer en Estados Unidos, recibido entre casi 400 concesionarios, as\u00ed como un premio adicional otorgado por Mercedes-Benz Financial Services, que posiciona a Puerto Rico entre los concesionarios l\u00edderes a nivel nacional en desempe\u00f1o de financiamiento y excelencia operacional.<\/p>\n\n\n\n<figure class=\"wp-block-image size-large\"><img loading=\"lazy\" width=\"1280\" height=\"853\" src=\"https:\/\/www.jameslynn.com\/blog\/wp-content\/uploads\/2026\/03\/mercedes-benz-Best-of-the-Best-2025-puerto-rico-Adam-Chamberlain-1280x853.jpg\" alt=\"\" class=\"wp-image-4953\" srcset=\"https:\/\/www.jameslynn.com\/blog\/wp-content\/uploads\/2026\/03\/mercedes-benz-Best-of-the-Best-2025-puerto-rico-Adam-Chamberlain-1280x853.jpg 1280w, https:\/\/www.jameslynn.com\/blog\/wp-content\/uploads\/2026\/03\/mercedes-benz-Best-of-the-Best-2025-puerto-rico-Adam-Chamberlain-450x300.jpg 450w, https:\/\/www.jameslynn.com\/blog\/wp-content\/uploads\/2026\/03\/mercedes-benz-Best-of-the-Best-2025-puerto-rico-Adam-Chamberlain-768x512.jpg 768w, https:\/\/www.jameslynn.com\/blog\/wp-content\/uploads\/2026\/03\/mercedes-benz-Best-of-the-Best-2025-puerto-rico-Adam-Chamberlain-500x333.jpg 500w, https:\/\/www.jameslynn.com\/blog\/wp-content\/uploads\/2026\/03\/mercedes-benz-Best-of-the-Best-2025-puerto-rico-Adam-Chamberlain-219x146.jpg 219w, https:\/\/www.jameslynn.com\/blog\/wp-content\/uploads\/2026\/03\/mercedes-benz-Best-of-the-Best-2025-puerto-rico-Adam-Chamberlain-50x33.jpg 50w, https:\/\/www.jameslynn.com\/blog\/wp-content\/uploads\/2026\/03\/mercedes-benz-Best-of-the-Best-2025-puerto-rico-Adam-Chamberlain-113x75.jpg 113w, https:\/\/www.jameslynn.com\/blog\/wp-content\/uploads\/2026\/03\/mercedes-benz-Best-of-the-Best-2025-puerto-rico-Adam-Chamberlain.jpg 1500w\" sizes=\"(max-width: 1280px) 100vw, 1280px\" \/><\/figure>\n\n\n\n<p>Este primer galard\u00f3n es el<em> <strong>Best of the Best 2025<\/strong> <\/em>\u2014considerado el reconocimiento m\u00e1s grande dentro de la red de dealers de Mercedes-Benz en Estados Unidos\u2014 valida la capacidad del concesionario para cumplir consistentemente con todas las metas establecidas por Mercedes-Benz USA, particularmente en \u00e1reas cr\u00edticas como servicio al cliente, operaci\u00f3n, est\u00e1ndares de calidad y experiencia integral. Mercedes-Benz Garage Isla Verde ha sido merecedor de este reconocimiento por tercera vez, consolidando su reputaci\u00f3n como uno de los dealers de referencia dentro de la marca.<\/p>\n\n\n\n<p>Por su parte, el <strong><em>Value Partmer<\/em><\/strong>; reconocimiento otorgado por Mercedes-Benz Financial Services, resalta la excelencia en el \u00e1rea de financiamiento, al evaluar el desempe\u00f1o del concesionario desde una perspectiva de experiencia operacional, servicio al cliente y ejecuci\u00f3n estrat\u00e9gica. Este premio valida el enfoque de Mercedes-Benz en Puerto Rico hacia una experiencia de compra de primer nivel, alineada con los est\u00e1ndares premium de la marca.<\/p>\n\n\n\n<figure class=\"wp-block-image size-large\"><img loading=\"lazy\" width=\"1280\" height=\"853\" src=\"https:\/\/www.jameslynn.com\/blog\/wp-content\/uploads\/2026\/03\/mercedes-benz-Best-of-the-Best-2025-puerto-rico-garaje-isla-verde-1280x853.jpg\" alt=\"\" class=\"wp-image-4954\" srcset=\"https:\/\/www.jameslynn.com\/blog\/wp-content\/uploads\/2026\/03\/mercedes-benz-Best-of-the-Best-2025-puerto-rico-garaje-isla-verde-1280x853.jpg 1280w, https:\/\/www.jameslynn.com\/blog\/wp-content\/uploads\/2026\/03\/mercedes-benz-Best-of-the-Best-2025-puerto-rico-garaje-isla-verde-450x300.jpg 450w, https:\/\/www.jameslynn.com\/blog\/wp-content\/uploads\/2026\/03\/mercedes-benz-Best-of-the-Best-2025-puerto-rico-garaje-isla-verde-768x512.jpg 768w, https:\/\/www.jameslynn.com\/blog\/wp-content\/uploads\/2026\/03\/mercedes-benz-Best-of-the-Best-2025-puerto-rico-garaje-isla-verde-500x333.jpg 500w, https:\/\/www.jameslynn.com\/blog\/wp-content\/uploads\/2026\/03\/mercedes-benz-Best-of-the-Best-2025-puerto-rico-garaje-isla-verde-219x146.jpg 219w, https:\/\/www.jameslynn.com\/blog\/wp-content\/uploads\/2026\/03\/mercedes-benz-Best-of-the-Best-2025-puerto-rico-garaje-isla-verde-50x33.jpg 50w, https:\/\/www.jameslynn.com\/blog\/wp-content\/uploads\/2026\/03\/mercedes-benz-Best-of-the-Best-2025-puerto-rico-garaje-isla-verde-113x75.jpg 113w, https:\/\/www.jameslynn.com\/blog\/wp-content\/uploads\/2026\/03\/mercedes-benz-Best-of-the-Best-2025-puerto-rico-garaje-isla-verde.jpg 1500w\" sizes=\"(max-width: 1280px) 100vw, 1280px\" \/><\/figure>\n\n\n\n<h3>Crecimiento y sostenimiento en el mercado de lujo<\/h3>\n\n\n\n<p>El anuncio ocurre en un a\u00f1o r\u00e9cord para la operaci\u00f3n local. En 2025, Mercedes-Benz en Puerto Rico registr\u00f3 un crecimiento notable dentro del segmento de lujo, alcanzando una participaci\u00f3n de mercado que representa un aumento de aproximadamente 40% durante el periodo 2024\u20132025. Adem\u00e1s, la marca report\u00f3 un incremento de 53% en venta de unidades, al pasar de 1,246 a 1,912 unidades vendidas, reflejando un fortalecimiento significativo en posicionamiento, competitividad y preferencia del consumidor.<\/p>\n\n\n\n<p>Este crecimiento tambi\u00e9n se ha visto impulsado por la expansi\u00f3n estrat\u00e9gica de la marca en la Isla, incluyendo el fortalecimiento de operaciones fuera del \u00e1rea metropolitana, como parte del desarrollo adicional en Ponce, contribuyendo a una mayor presencia y accesibilidad en el mercado.<\/p>\n\n\n\n<p>\u201cVisitar Puerto Rico en este momento es especialmente significativo. El desempe\u00f1o del equipo local, el crecimiento sostenido y la consistencia en sus est\u00e1ndares de excelencia reflejan exactamente lo que buscamos en la red de Mercedes-Benz USA. Mercedes-Benz Garage Isla Verde ha demostrado liderazgo, disciplina operacional y una cultura enfocada en el cliente que merece reconocimiento nacional,\u201d expres\u00f3 Adam Chamberlain, Presidente y CEO de Mercedes-Benz USA.<\/p>\n\n\n\n<p>\u201cEste logro es el resultado de d\u00e9cadas de compromiso con la excelencia, y de una filosof\u00eda clara: elevar la experiencia del cliente al m\u00e1s alto nivel, en cada punto de contacto. Nos honra recibir estos reconocimientos nacionales y recibir al presidente de Mercedes-Benz USA en la Isla, por primera vez. Esto reafirma que Puerto Rico no solo es un mercado clave, sino uno con potencial extraordinario,\u201d expres\u00f3 Carlos M. Qui\u00f1ones, propietario de Mercedes-Benz Garage Isla Verde.<\/p>\n\n\n\n<p>Mercedes-Benz Garage Isla Verde ha reforzado su visi\u00f3n de excelencia con una propuesta enfocada en facilidades \u201cstate-of-the-art\u201d, experiencias de servicio VIP y una programaci\u00f3n constante de iniciativas dirigidas a m\u00faltiples segmentos, incluyendo experiencias premium para mujeres, familias y clientes que buscan una conexi\u00f3n m\u00e1s cercana con el estilo de vida Mercedes-Benz. A trav\u00e9s de eventos, activaciones y experiencias personalizadas, el concesionario contin\u00faa elevando el est\u00e1ndar del lujo automotriz en Puerto Rico.<\/p>\n\n\n\n<p>La visita del presidente y CEO de Mercedes-Benz USA, junto con los galardones obtenidos y el desempe\u00f1o r\u00e9cord de la marca, confirman un momento de crecimiento sin precedentes para Mercedes-Benz en Puerto Rico, fortaleciendo su liderazgo dentro del segmento premium y reafirmando su compromiso con el desarrollo del mercado local.<\/p>\n","protected":false},"excerpt":{"rendered":"<p>Mercedes-Benz Garage Isla Verde anunci\u00f3 la visita oficial a Puerto Rico de Adam Chamberlain, Presidente y CEO nacional de Mercedes-BenZ, marcando la primera vez que Chamberlain<span class=\"excerpt-hellip\"> [\u2026]<\/span><\/p>\n","protected":false},"author":32,"featured_media":4952,"comment_status":"open","ping_status":"open","sticky":false,"template":"","format":"standard","meta":{"om_disable_all_campaigns":false,"_monsterinsights_skip_tracking":false,"_monsterinsights_sitenote_active":false,"_monsterinsights_sitenote_note":"","_monsterinsights_sitenote_category":0,"spay_email":"","jetpack_publicize_message":"","jetpack_is_tweetstorm":false,"jetpack_publicize_feature_enabled":true},"categories":[634],"tags":[1758,1759,1757,34],"aioseo_notices":[],"yoast_head":"<!-- This site is optimized with the Yoast SEO plugin v17.7.1 - https:\/\/yoast.com\/wordpress\/plugins\/seo\/ -->\n<title>Mercedes-Benz Puerto Rico es distinguido con el m\u00e1ximo reconocimiento nacional y recibe por primera vez la visita de su Presidente y CEO - James Lynn : Tecnolog\u00eda y vida digital<\/title>\n<meta name=\"robots\" content=\"index, follow, max-snippet:-1, max-image-preview:large, max-video-preview:-1\" \/>\n<link rel=\"canonical\" href=\"https:\/\/www.jameslynn.com\/blog\/2026\/03\/03\/mercedes-benz-puerto-rico-es-distinguido-con-el-maximo-reconocimiento-nacional\/\" \/>\n<meta property=\"og:locale\" content=\"en_US\" \/>\n<meta property=\"og:type\" content=\"article\" \/>\n<meta property=\"og:title\" content=\"Mercedes-Benz Puerto Rico es distinguido con el m\u00e1ximo reconocimiento nacional y recibe por primera vez la visita de su Presidente y CEO - James Lynn : Tecnolog\u00eda y vida digital\" \/>\n<meta property=\"og:description\" content=\"Mercedes-Benz Garage Isla Verde anunci\u00f3 la visita oficial a Puerto Rico de Adam Chamberlain, Presidente y CEO nacional de Mercedes-BenZ, marcando la primera vez que Chamberlain [\u2026]\" \/>\n<meta property=\"og:url\" content=\"https:\/\/www.jameslynn.com\/blog\/2026\/03\/03\/mercedes-benz-puerto-rico-es-distinguido-con-el-maximo-reconocimiento-nacional\/\" \/>\n<meta property=\"og:site_name\" content=\"James Lynn : Tecnolog\u00eda y vida digital\" \/>\n<meta property=\"article:published_time\" content=\"2026-03-03T23:43:22+00:00\" \/>\n<meta property=\"article:modified_time\" content=\"2026-03-03T23:43:54+00:00\" \/>\n<meta property=\"og:image\" content=\"https:\/\/www.jameslynn.com\/blog\/wp-content\/uploads\/2026\/03\/mercedes-benz-Best-of-the-Best-2025-puerto-rico.jpg\" \/>\n\t<meta property=\"og:image:width\" content=\"1500\" \/>\n\t<meta property=\"og:image:height\" content=\"1000\" \/>\n<meta name=\"twitter:label1\" content=\"Written by\" \/>\n\t<meta name=\"twitter:data1\" content=\"James Lynn\" \/>\n\t<meta name=\"twitter:label2\" content=\"Est. reading time\" \/>\n\t<meta name=\"twitter:data2\" content=\"4 minutes\" \/>\n<script type=\"application\/ld+json\" class=\"yoast-schema-graph\">{\"@context\":\"https:\/\/schema.org\",\"@graph\":[{\"@type\":\"WebSite\",\"@id\":\"https:\/\/www.jameslynn.com\/blog\/#website\",\"url\":\"https:\/\/www.jameslynn.com\/blog\/\",\"name\":\"James Lynn : Tecnolog\\u00eda y vida digital\",\"description\":\"Tecnolog\\u00eda y vida digital\",\"potentialAction\":[{\"@type\":\"SearchAction\",\"target\":{\"@type\":\"EntryPoint\",\"urlTemplate\":\"https:\/\/www.jameslynn.com\/blog\/?s={search_term_string}\"},\"query-input\":\"required name=search_term_string\"}],\"inLanguage\":\"en-US\"},{\"@type\":\"ImageObject\",\"@id\":\"https:\/\/www.jameslynn.com\/blog\/2026\/03\/03\/mercedes-benz-puerto-rico-es-distinguido-con-el-maximo-reconocimiento-nacional\/#primaryimage\",\"inLanguage\":\"en-US\",\"url\":\"https:\/\/www.jameslynn.com\/blog\/wp-content\/uploads\/2026\/03\/mercedes-benz-Best-of-the-Best-2025-puerto-rico.jpg\",\"contentUrl\":\"https:\/\/www.jameslynn.com\/blog\/wp-content\/uploads\/2026\/03\/mercedes-benz-Best-of-the-Best-2025-puerto-rico.jpg\",\"width\":1500,\"height\":1000},{\"@type\":\"WebPage\",\"@id\":\"https:\/\/www.jameslynn.com\/blog\/2026\/03\/03\/mercedes-benz-puerto-rico-es-distinguido-con-el-maximo-reconocimiento-nacional\/#webpage\",\"url\":\"https:\/\/www.jameslynn.com\/blog\/2026\/03\/03\/mercedes-benz-puerto-rico-es-distinguido-con-el-maximo-reconocimiento-nacional\/\",\"name\":\"Mercedes-Benz Puerto Rico es distinguido con el m\\u00e1ximo reconocimiento nacional y recibe por primera vez la visita de su Presidente y CEO - James Lynn : Tecnolog\\u00eda y vida digital\",\"isPartOf\":{\"@id\":\"https:\/\/www.jameslynn.com\/blog\/#website\"},\"primaryImageOfPage\":{\"@id\":\"https:\/\/www.jameslynn.com\/blog\/2026\/03\/03\/mercedes-benz-puerto-rico-es-distinguido-con-el-maximo-reconocimiento-nacional\/#primaryimage\"},\"datePublished\":\"2026-03-03T23:43:22+00:00\",\"dateModified\":\"2026-03-03T23:43:54+00:00\",\"author\":{\"@id\":\"https:\/\/www.jameslynn.com\/blog\/#\/schema\/person\/4439f3e96c27ac4b98b29b03848f8108\"},\"breadcrumb\":{\"@id\":\"https:\/\/www.jameslynn.com\/blog\/2026\/03\/03\/mercedes-benz-puerto-rico-es-distinguido-con-el-maximo-reconocimiento-nacional\/#breadcrumb\"},\"inLanguage\":\"en-US\",\"potentialAction\":[{\"@type\":\"ReadAction\",\"target\":[\"https:\/\/www.jameslynn.com\/blog\/2026\/03\/03\/mercedes-benz-puerto-rico-es-distinguido-con-el-maximo-reconocimiento-nacional\/\"]}]},{\"@type\":\"BreadcrumbList\",\"@id\":\"https:\/\/www.jameslynn.com\/blog\/2026\/03\/03\/mercedes-benz-puerto-rico-es-distinguido-con-el-maximo-reconocimiento-nacional\/#breadcrumb\",\"itemListElement\":[{\"@type\":\"ListItem\",\"position\":1,\"name\":\"Home\",\"item\":\"https:\/\/www.jameslynn.com\/blog\/\"},{\"@type\":\"ListItem\",\"position\":2,\"name\":\"Mercedes-Benz Puerto Rico es distinguido con el m\\u00e1ximo reconocimiento nacional y recibe por primera vez la visita de su Presidente y CEO\"}]},{\"@type\":\"Person\",\"@id\":\"https:\/\/www.jameslynn.com\/blog\/#\/schema\/person\/4439f3e96c27ac4b98b29b03848f8108\",\"name\":\"James Lynn\",\"image\":{\"@type\":\"ImageObject\",\"@id\":\"https:\/\/www.jameslynn.com\/blog\/#personlogo\",\"inLanguage\":\"en-US\",\"url\":\"https:\/\/secure.gravatar.com\/avatar\/2dcd2635cd0622bf457f25788f8c478b?s=96&d=mm&r=pg\",\"contentUrl\":\"https:\/\/secure.gravatar.com\/avatar\/2dcd2635cd0622bf457f25788f8c478b?s=96&d=mm&r=pg\",\"caption\":\"James Lynn\"},\"description\":\"Tech blogger, podcaster, live streamer, graphic designer, photographer, multimedia artist and university professor living in San Juan, Puerto Rico.\",\"sameAs\":[\"http:\/\/www.jameslynn.com\"],\"url\":\"https:\/\/www.jameslynn.com\/blog\/author\/jameslynn\/\"}]}<\/script>\n<!-- \/ Yoast SEO plugin. -->","yoast_head_json":{"title":"Mercedes-Benz Puerto Rico es distinguido con el m\u00e1ximo reconocimiento nacional y recibe por primera vez la visita de su Presidente y CEO - James Lynn : Tecnolog\u00eda y vida digital","robots":{"index":"index","follow":"follow","max-snippet":"max-snippet:-1","max-image-preview":"max-image-preview:large","max-video-preview":"max-video-preview:-1"},"canonical":"https:\/\/www.jameslynn.com\/blog\/2026\/03\/03\/mercedes-benz-puerto-rico-es-distinguido-con-el-maximo-reconocimiento-nacional\/","og_locale":"en_US","og_type":"article","og_title":"Mercedes-Benz Puerto Rico es distinguido con el m\u00e1ximo reconocimiento nacional y recibe por primera vez la visita de su Presidente y CEO - James Lynn : Tecnolog\u00eda y vida digital","og_description":"Mercedes-Benz Garage Isla Verde anunci\u00f3 la visita oficial a Puerto Rico de Adam Chamberlain, Presidente y CEO nacional de Mercedes-BenZ, marcando la primera vez que Chamberlain [\u2026]","og_url":"https:\/\/www.jameslynn.com\/blog\/2026\/03\/03\/mercedes-benz-puerto-rico-es-distinguido-con-el-maximo-reconocimiento-nacional\/","og_site_name":"James Lynn : Tecnolog\u00eda y vida digital","article_published_time":"2026-03-03T23:43:22+00:00","article_modified_time":"2026-03-03T23:43:54+00:00","og_image":[{"width":1500,"height":1000,"url":"https:\/\/www.jameslynn.com\/blog\/wp-content\/uploads\/2026\/03\/mercedes-benz-Best-of-the-Best-2025-puerto-rico.jpg","type":"image\/jpeg"}],"twitter_misc":{"Written by":"James Lynn","Est. reading time":"4 minutes"},"schema":{"@context":"https:\/\/schema.org","@graph":[{"@type":"WebSite","@id":"https:\/\/www.jameslynn.com\/blog\/#website","url":"https:\/\/www.jameslynn.com\/blog\/","name":"James Lynn : Tecnolog\u00eda y vida digital","description":"Tecnolog\u00eda y vida digital","potentialAction":[{"@type":"SearchAction","target":{"@type":"EntryPoint","urlTemplate":"https:\/\/www.jameslynn.com\/blog\/?s={search_term_string}"},"query-input":"required name=search_term_string"}],"inLanguage":"en-US"},{"@type":"ImageObject","@id":"https:\/\/www.jameslynn.com\/blog\/2026\/03\/03\/mercedes-benz-puerto-rico-es-distinguido-con-el-maximo-reconocimiento-nacional\/#primaryimage","inLanguage":"en-US","url":"https:\/\/www.jameslynn.com\/blog\/wp-content\/uploads\/2026\/03\/mercedes-benz-Best-of-the-Best-2025-puerto-rico.jpg","contentUrl":"https:\/\/www.jameslynn.com\/blog\/wp-content\/uploads\/2026\/03\/mercedes-benz-Best-of-the-Best-2025-puerto-rico.jpg","width":1500,"height":1000},{"@type":"WebPage","@id":"https:\/\/www.jameslynn.com\/blog\/2026\/03\/03\/mercedes-benz-puerto-rico-es-distinguido-con-el-maximo-reconocimiento-nacional\/#webpage","url":"https:\/\/www.jameslynn.com\/blog\/2026\/03\/03\/mercedes-benz-puerto-rico-es-distinguido-con-el-maximo-reconocimiento-nacional\/","name":"Mercedes-Benz Puerto Rico es distinguido con el m\u00e1ximo reconocimiento nacional y recibe por primera vez la visita de su Presidente y CEO - James Lynn : Tecnolog\u00eda y vida digital","isPartOf":{"@id":"https:\/\/www.jameslynn.com\/blog\/#website"},"primaryImageOfPage":{"@id":"https:\/\/www.jameslynn.com\/blog\/2026\/03\/03\/mercedes-benz-puerto-rico-es-distinguido-con-el-maximo-reconocimiento-nacional\/#primaryimage"},"datePublished":"2026-03-03T23:43:22+00:00","dateModified":"2026-03-03T23:43:54+00:00","author":{"@id":"https:\/\/www.jameslynn.com\/blog\/#\/schema\/person\/4439f3e96c27ac4b98b29b03848f8108"},"breadcrumb":{"@id":"https:\/\/www.jameslynn.com\/blog\/2026\/03\/03\/mercedes-benz-puerto-rico-es-distinguido-con-el-maximo-reconocimiento-nacional\/#breadcrumb"},"inLanguage":"en-US","potentialAction":[{"@type":"ReadAction","target":["https:\/\/www.jameslynn.com\/blog\/2026\/03\/03\/mercedes-benz-puerto-rico-es-distinguido-con-el-maximo-reconocimiento-nacional\/"]}]},{"@type":"BreadcrumbList","@id":"https:\/\/www.jameslynn.com\/blog\/2026\/03\/03\/mercedes-benz-puerto-rico-es-distinguido-con-el-maximo-reconocimiento-nacional\/#breadcrumb","itemListElement":[{"@type":"ListItem","position":1,"name":"Home","item":"https:\/\/www.jameslynn.com\/blog\/"},{"@type":"ListItem","position":2,"name":"Mercedes-Benz Puerto Rico es distinguido con el m\u00e1ximo reconocimiento nacional y recibe por primera vez la visita de su Presidente y CEO"}]},{"@type":"Person","@id":"https:\/\/www.jameslynn.com\/blog\/#\/schema\/person\/4439f3e96c27ac4b98b29b03848f8108","name":"James Lynn","image":{"@type":"ImageObject","@id":"https:\/\/www.jameslynn.com\/blog\/#personlogo","inLanguage":"en-US","url":"https:\/\/secure.gravatar.com\/avatar\/2dcd2635cd0622bf457f25788f8c478b?s=96&d=mm&r=pg","contentUrl":"https:\/\/secure.gravatar.com\/avatar\/2dcd2635cd0622bf457f25788f8c478b?s=96&d=mm&r=pg","caption":"James Lynn"},"description":"Tech blogger, podcaster, live streamer, graphic designer, photographer, multimedia artist and university professor living in San Juan, Puerto Rico.","sameAs":["http:\/\/www.jameslynn.com"],"url":"https:\/\/www.jameslynn.com\/blog\/author\/jameslynn\/"}]}},"jetpack_featured_media_url":"https:\/\/www.jameslynn.com\/blog\/wp-content\/uploads\/2026\/03\/mercedes-benz-Best-of-the-Best-2025-puerto-rico.jpg","jetpack_publicize_connections":[],"jetpack_shortlink":"https:\/\/wp.me\/p2kNF7-1hR","_links":{"self":[{"href":"https:\/\/www.jameslynn.com\/blog\/wp-json\/wp\/v2\/posts\/4951"}],"collection":[{"href":"https:\/\/www.jameslynn.com\/blog\/wp-json\/wp\/v2\/posts"}],"about":[{"href":"https:\/\/www.jameslynn.com\/blog\/wp-json\/wp\/v2\/types\/post"}],"author":[{"embeddable":true,"href":"https:\/\/www.jameslynn.com\/blog\/wp-json\/wp\/v2\/users\/32"}],"replies":[{"embeddable":true,"href":"https:\/\/www.jameslynn.com\/blog\/wp-json\/wp\/v2\/comments?post=4951"}],"version-history":[{"count":1,"href":"https:\/\/www.jameslynn.com\/blog\/wp-json\/wp\/v2\/posts\/4951\/revisions"}],"predecessor-version":[{"id":4955,"href":"https:\/\/www.jameslynn.com\/blog\/wp-json\/wp\/v2\/posts\/4951\/revisions\/4955"}],"wp:featuredmedia":[{"embeddable":true,"href":"https:\/\/www.jameslynn.com\/blog\/wp-json\/wp\/v2\/media\/4952"}],"wp:attachment":[{"href":"https:\/\/www.jameslynn.com\/blog\/wp-json\/wp\/v2\/media?parent=4951"}],"wp:term":[{"taxonomy":"category","embeddable":true,"href":"https:\/\/www.jameslynn.com\/blog\/wp-json\/wp\/v2\/categories?post=4951"},{"taxonomy":"post_tag","embeddable":true,"href":"https:\/\/www.jameslynn.com\/blog\/wp-json\/wp\/v2\/tags?post=4951"}],"curies":[{"name":"wp","href":"https:\/\/api.w.org\/{rel}","templated":true}]}}