{"id":476,"date":"2012-04-03T18:23:37","date_gmt":"2012-04-03T22:23:37","guid":{"rendered":"http:\/\/www.jameslynn.com\/blog\/?p=476"},"modified":"2012-06-25T11:29:40","modified_gmt":"2012-06-25T15:29:40","slug":"manana-de-radio-y-tarde-de-casting","status":"publish","type":"post","link":"https:\/\/www.jameslynn.com\/blog\/2012\/04\/03\/manana-de-radio-y-tarde-de-casting\/","title":{"rendered":"Ma\u00f1ana de radio y tarde de casting"},"content":{"rendered":"<p>Hoy fue un <em>media day<\/em>. En la ma\u00f1ana estuve grabando junto a la Lcda. Jullizzette Col\u00f3n-Bilbraut y Jeanessa Garc\u00eda el programa radial <em>En vivo y online<\/em> que saldr\u00e1 al aire este pr\u00f3ximo 6 de abril de 2012, Viernes Santo, por Radio Isla 1320 AM tocando el tema de las ventajas y nuevas opciones del <em>Timeline<\/em> de Facebook para individuos y negocios. En la tarde particip\u00e9 en un <em>casting<\/em> para un comercial de televisi\u00f3n que adem\u00e1s incluye ejecuciones de cine y prensa. Los detalles del casting no los puedo revelar pero no me cost\u00f3 nada de trabajo hacer la prueba. El personaje se parece mucho a m\u00ed. La \u00fanica preocupaci\u00f3n que tengo es que hay tres fechas tentativas para la filmaci\u00f3n y dos de esas fechas las tengo comprometidas. As\u00ed que si me seleccionan espero que me den la fecha final al momento o no podr\u00e9 participar&#8230; y la paga es buena.<\/p>\n<p>Actualmente formo parte de dos agencias de talento que me llaman frecuentemente para proyectos de publicidad y cine. El \u00fanico problema siempre es que las fechas de filmaci\u00f3n confligen con alg\u00fan compromiso previo. Tengo mi agenda llena con uno o dos meses de anticipaci\u00f3n y no siempre puedo cancelar algo que ya tengo programado.<\/p>\n<p>Por ejemplo, surgi\u00f3 hace un par de semanas la oportunidad de ser extra como turista por tres d\u00edas en un crucero. \u00a1No pude! Es mega dif\u00edcil sacar tanto tiempo en d\u00edas de semana. El pasado viernes pude haber estado el d\u00eda completo en la playa con la producci\u00f3n de una pel\u00edcula de Disney pero necesitaba que alguien me prestara un lente telefoto para actuar como fot\u00f3grafo de <em>surfing<\/em>. Un lente de esos cuesta m\u00e1s de 3 \u00f3 4 mil d\u00f3lares. Nadie presta un lente as\u00ed de caro. Y aunque si he podido participar en cine (Disney) y en otras producciones, durante las \u00e9pocas del a\u00f1o donde tengo m\u00e1s flexibilidad de tiempo que son el verano y la \u00e9poca navide\u00f1a, son escasas o ningunas las oportunidades que me llegan en esos d\u00edas.<\/p>\n<p>Este post y foto que lo acompa\u00f1a lo produje mientras esperaba mi turno para el casting. Hoy no us\u00e9 la applicaci\u00f3n de BlogPress. Decid\u00ed usar la de WordPress para ver cu\u00e1l finalmente me resulta m\u00e1s eficiente. Recuerda que estoy blogeando desde mi iPhone.<\/p>\n<p>Si tienes preguntas o comentarios t\u00edramelos abajo o env\u00edamelos por Twitter o Facebook.<\/p>\n<p>Ma\u00f1ana regreso con algo nuevo \ud83d\ude42<br \/>\n&#8212;<br \/>\nJames<\/p>\n","protected":false},"excerpt":{"rendered":"<p>Hoy fue un media day. En la ma\u00f1ana estuve grabando junto a la Lcda. Jullizzette Col\u00f3n-Bilbraut y Jeanessa Garc\u00eda el programa radial En vivo y online<span class=\"excerpt-hellip\"> [\u2026]<\/span><\/p>\n","protected":false},"author":32,"featured_media":475,"comment_status":"open","ping_status":"open","sticky":false,"template":"","format":"standard","meta":{"om_disable_all_campaigns":false,"_monsterinsights_skip_tracking":false,"_monsterinsights_sitenote_active":false,"_monsterinsights_sitenote_note":"","_monsterinsights_sitenote_category":0,"spay_email":"","jetpack_publicize_message":"","jetpack_is_tweetstorm":false,"jetpack_publicize_feature_enabled":true},"categories":[10],"tags":[253,255,224,33,254,228,226,124,252,225,227,237],"aioseo_notices":[],"yoast_head":"<!-- This site is optimized with the Yoast SEO plugin v17.7.1 - https:\/\/yoast.com\/wordpress\/plugins\/seo\/ -->\n<title>Ma\u00f1ana de radio y tarde de casting - James Lynn : Tecnolog\u00eda y vida digital<\/title>\n<meta name=\"robots\" content=\"index, follow, max-snippet:-1, max-image-preview:large, max-video-preview:-1\" \/>\n<link rel=\"canonical\" href=\"https:\/\/www.jameslynn.com\/blog\/2012\/04\/03\/manana-de-radio-y-tarde-de-casting\/\" \/>\n<meta property=\"og:locale\" content=\"en_US\" \/>\n<meta property=\"og:type\" content=\"article\" \/>\n<meta property=\"og:title\" content=\"Ma\u00f1ana de radio y tarde de casting - James Lynn : Tecnolog\u00eda y vida digital\" \/>\n<meta property=\"og:description\" content=\"Hoy fue un media day. En la ma\u00f1ana estuve grabando junto a la Lcda. Jullizzette Col\u00f3n-Bilbraut y Jeanessa Garc\u00eda el programa radial En vivo y online [\u2026]\" \/>\n<meta property=\"og:url\" content=\"https:\/\/www.jameslynn.com\/blog\/2012\/04\/03\/manana-de-radio-y-tarde-de-casting\/\" \/>\n<meta property=\"og:site_name\" content=\"James Lynn : Tecnolog\u00eda y vida digital\" \/>\n<meta property=\"article:published_time\" content=\"2012-04-03T22:23:37+00:00\" \/>\n<meta property=\"article:modified_time\" content=\"2012-06-25T15:29:40+00:00\" \/>\n<meta property=\"og:image\" content=\"https:\/\/www.jameslynn.com\/blog\/wp-content\/uploads\/2012\/04\/20120403-182233-550x412.jpg\" \/>\n\t<meta property=\"og:image:width\" content=\"550\" \/>\n\t<meta property=\"og:image:height\" content=\"412\" \/>\n<meta name=\"twitter:label1\" content=\"Written by\" \/>\n\t<meta name=\"twitter:data1\" content=\"James Lynn\" \/>\n\t<meta name=\"twitter:label2\" content=\"Est. reading time\" \/>\n\t<meta name=\"twitter:data2\" content=\"2 minutes\" \/>\n<script type=\"application\/ld+json\" class=\"yoast-schema-graph\">{\"@context\":\"https:\/\/schema.org\",\"@graph\":[{\"@type\":\"WebSite\",\"@id\":\"https:\/\/www.jameslynn.com\/blog\/#website\",\"url\":\"https:\/\/www.jameslynn.com\/blog\/\",\"name\":\"James Lynn : Tecnolog\\u00eda y vida digital\",\"description\":\"Tecnolog\\u00eda y vida digital\",\"potentialAction\":[{\"@type\":\"SearchAction\",\"target\":{\"@type\":\"EntryPoint\",\"urlTemplate\":\"https:\/\/www.jameslynn.com\/blog\/?s={search_term_string}\"},\"query-input\":\"required name=search_term_string\"}],\"inLanguage\":\"en-US\"},{\"@type\":\"ImageObject\",\"@id\":\"https:\/\/www.jameslynn.com\/blog\/2012\/04\/03\/manana-de-radio-y-tarde-de-casting\/#primaryimage\",\"inLanguage\":\"en-US\",\"url\":\"https:\/\/www.jameslynn.com\/blog\/wp-content\/uploads\/2012\/04\/20120403-182233.jpg\",\"contentUrl\":\"https:\/\/www.jameslynn.com\/blog\/wp-content\/uploads\/2012\/04\/20120403-182233.jpg\",\"width\":\"3264\",\"height\":\"2448\",\"caption\":\"En la espera para el casting\"},{\"@type\":\"WebPage\",\"@id\":\"https:\/\/www.jameslynn.com\/blog\/2012\/04\/03\/manana-de-radio-y-tarde-de-casting\/#webpage\",\"url\":\"https:\/\/www.jameslynn.com\/blog\/2012\/04\/03\/manana-de-radio-y-tarde-de-casting\/\",\"name\":\"Ma\\u00f1ana de radio y tarde de casting - James Lynn : Tecnolog\\u00eda y vida digital\",\"isPartOf\":{\"@id\":\"https:\/\/www.jameslynn.com\/blog\/#website\"},\"primaryImageOfPage\":{\"@id\":\"https:\/\/www.jameslynn.com\/blog\/2012\/04\/03\/manana-de-radio-y-tarde-de-casting\/#primaryimage\"},\"datePublished\":\"2012-04-03T22:23:37+00:00\",\"dateModified\":\"2012-06-25T15:29:40+00:00\",\"author\":{\"@id\":\"https:\/\/www.jameslynn.com\/blog\/#\/schema\/person\/4439f3e96c27ac4b98b29b03848f8108\"},\"breadcrumb\":{\"@id\":\"https:\/\/www.jameslynn.com\/blog\/2012\/04\/03\/manana-de-radio-y-tarde-de-casting\/#breadcrumb\"},\"inLanguage\":\"en-US\",\"potentialAction\":[{\"@type\":\"ReadAction\",\"target\":[\"https:\/\/www.jameslynn.com\/blog\/2012\/04\/03\/manana-de-radio-y-tarde-de-casting\/\"]}]},{\"@type\":\"BreadcrumbList\",\"@id\":\"https:\/\/www.jameslynn.com\/blog\/2012\/04\/03\/manana-de-radio-y-tarde-de-casting\/#breadcrumb\",\"itemListElement\":[{\"@type\":\"ListItem\",\"position\":1,\"name\":\"Home\",\"item\":\"https:\/\/www.jameslynn.com\/blog\/\"},{\"@type\":\"ListItem\",\"position\":2,\"name\":\"Ma\\u00f1ana de radio y tarde de casting\"}]},{\"@type\":\"Person\",\"@id\":\"https:\/\/www.jameslynn.com\/blog\/#\/schema\/person\/4439f3e96c27ac4b98b29b03848f8108\",\"name\":\"James Lynn\",\"image\":{\"@type\":\"ImageObject\",\"@id\":\"https:\/\/www.jameslynn.com\/blog\/#personlogo\",\"inLanguage\":\"en-US\",\"url\":\"https:\/\/secure.gravatar.com\/avatar\/2dcd2635cd0622bf457f25788f8c478b?s=96&d=mm&r=pg\",\"contentUrl\":\"https:\/\/secure.gravatar.com\/avatar\/2dcd2635cd0622bf457f25788f8c478b?s=96&d=mm&r=pg\",\"caption\":\"James Lynn\"},\"description\":\"Tech blogger, podcaster, live streamer, graphic designer, photographer, multimedia artist and university professor living in San Juan, Puerto Rico.\",\"sameAs\":[\"http:\/\/www.jameslynn.com\"],\"url\":\"https:\/\/www.jameslynn.com\/blog\/author\/jameslynn\/\"}]}<\/script>\n<!-- \/ Yoast SEO plugin. -->","yoast_head_json":{"title":"Ma\u00f1ana de radio y tarde de casting - James Lynn : Tecnolog\u00eda y vida digital","robots":{"index":"index","follow":"follow","max-snippet":"max-snippet:-1","max-image-preview":"max-image-preview:large","max-video-preview":"max-video-preview:-1"},"canonical":"https:\/\/www.jameslynn.com\/blog\/2012\/04\/03\/manana-de-radio-y-tarde-de-casting\/","og_locale":"en_US","og_type":"article","og_title":"Ma\u00f1ana de radio y tarde de casting - James Lynn : Tecnolog\u00eda y vida digital","og_description":"Hoy fue un media day. En la ma\u00f1ana estuve grabando junto a la Lcda. Jullizzette Col\u00f3n-Bilbraut y Jeanessa Garc\u00eda el programa radial En vivo y online [\u2026]","og_url":"https:\/\/www.jameslynn.com\/blog\/2012\/04\/03\/manana-de-radio-y-tarde-de-casting\/","og_site_name":"James Lynn : Tecnolog\u00eda y vida digital","article_published_time":"2012-04-03T22:23:37+00:00","article_modified_time":"2012-06-25T15:29:40+00:00","og_image":[{"width":"550","height":"412","url":"https:\/\/www.jameslynn.com\/blog\/wp-content\/uploads\/2012\/04\/20120403-182233-550x412.jpg","type":"image\/jpeg"}],"twitter_misc":{"Written by":"James Lynn","Est. reading time":"2 minutes"},"schema":{"@context":"https:\/\/schema.org","@graph":[{"@type":"WebSite","@id":"https:\/\/www.jameslynn.com\/blog\/#website","url":"https:\/\/www.jameslynn.com\/blog\/","name":"James Lynn : Tecnolog\u00eda y vida digital","description":"Tecnolog\u00eda y vida digital","potentialAction":[{"@type":"SearchAction","target":{"@type":"EntryPoint","urlTemplate":"https:\/\/www.jameslynn.com\/blog\/?s={search_term_string}"},"query-input":"required name=search_term_string"}],"inLanguage":"en-US"},{"@type":"ImageObject","@id":"https:\/\/www.jameslynn.com\/blog\/2012\/04\/03\/manana-de-radio-y-tarde-de-casting\/#primaryimage","inLanguage":"en-US","url":"https:\/\/www.jameslynn.com\/blog\/wp-content\/uploads\/2012\/04\/20120403-182233.jpg","contentUrl":"https:\/\/www.jameslynn.com\/blog\/wp-content\/uploads\/2012\/04\/20120403-182233.jpg","width":"3264","height":"2448","caption":"En la espera para el casting"},{"@type":"WebPage","@id":"https:\/\/www.jameslynn.com\/blog\/2012\/04\/03\/manana-de-radio-y-tarde-de-casting\/#webpage","url":"https:\/\/www.jameslynn.com\/blog\/2012\/04\/03\/manana-de-radio-y-tarde-de-casting\/","name":"Ma\u00f1ana de radio y tarde de casting - James Lynn : Tecnolog\u00eda y vida digital","isPartOf":{"@id":"https:\/\/www.jameslynn.com\/blog\/#website"},"primaryImageOfPage":{"@id":"https:\/\/www.jameslynn.com\/blog\/2012\/04\/03\/manana-de-radio-y-tarde-de-casting\/#primaryimage"},"datePublished":"2012-04-03T22:23:37+00:00","dateModified":"2012-06-25T15:29:40+00:00","author":{"@id":"https:\/\/www.jameslynn.com\/blog\/#\/schema\/person\/4439f3e96c27ac4b98b29b03848f8108"},"breadcrumb":{"@id":"https:\/\/www.jameslynn.com\/blog\/2012\/04\/03\/manana-de-radio-y-tarde-de-casting\/#breadcrumb"},"inLanguage":"en-US","potentialAction":[{"@type":"ReadAction","target":["https:\/\/www.jameslynn.com\/blog\/2012\/04\/03\/manana-de-radio-y-tarde-de-casting\/"]}]},{"@type":"BreadcrumbList","@id":"https:\/\/www.jameslynn.com\/blog\/2012\/04\/03\/manana-de-radio-y-tarde-de-casting\/#breadcrumb","itemListElement":[{"@type":"ListItem","position":1,"name":"Home","item":"https:\/\/www.jameslynn.com\/blog\/"},{"@type":"ListItem","position":2,"name":"Ma\u00f1ana de radio y tarde de casting"}]},{"@type":"Person","@id":"https:\/\/www.jameslynn.com\/blog\/#\/schema\/person\/4439f3e96c27ac4b98b29b03848f8108","name":"James Lynn","image":{"@type":"ImageObject","@id":"https:\/\/www.jameslynn.com\/blog\/#personlogo","inLanguage":"en-US","url":"https:\/\/secure.gravatar.com\/avatar\/2dcd2635cd0622bf457f25788f8c478b?s=96&d=mm&r=pg","contentUrl":"https:\/\/secure.gravatar.com\/avatar\/2dcd2635cd0622bf457f25788f8c478b?s=96&d=mm&r=pg","caption":"James Lynn"},"description":"Tech blogger, podcaster, live streamer, graphic designer, photographer, multimedia artist and university professor living in San Juan, Puerto Rico.","sameAs":["http:\/\/www.jameslynn.com"],"url":"https:\/\/www.jameslynn.com\/blog\/author\/jameslynn\/"}]}},"jetpack_featured_media_url":"https:\/\/www.jameslynn.com\/blog\/wp-content\/uploads\/2012\/04\/20120403-182233.jpg","jetpack_publicize_connections":[],"jetpack_shortlink":"https:\/\/wp.me\/p2kNF7-7G","_links":{"self":[{"href":"https:\/\/www.jameslynn.com\/blog\/wp-json\/wp\/v2\/posts\/476"}],"collection":[{"href":"https:\/\/www.jameslynn.com\/blog\/wp-json\/wp\/v2\/posts"}],"about":[{"href":"https:\/\/www.jameslynn.com\/blog\/wp-json\/wp\/v2\/types\/post"}],"author":[{"embeddable":true,"href":"https:\/\/www.jameslynn.com\/blog\/wp-json\/wp\/v2\/users\/32"}],"replies":[{"embeddable":true,"href":"https:\/\/www.jameslynn.com\/blog\/wp-json\/wp\/v2\/comments?post=476"}],"version-history":[{"count":7,"href":"https:\/\/www.jameslynn.com\/blog\/wp-json\/wp\/v2\/posts\/476\/revisions"}],"predecessor-version":[{"id":564,"href":"https:\/\/www.jameslynn.com\/blog\/wp-json\/wp\/v2\/posts\/476\/revisions\/564"}],"wp:featuredmedia":[{"embeddable":true,"href":"https:\/\/www.jameslynn.com\/blog\/wp-json\/wp\/v2\/media\/475"}],"wp:attachment":[{"href":"https:\/\/www.jameslynn.com\/blog\/wp-json\/wp\/v2\/media?parent=476"}],"wp:term":[{"taxonomy":"category","embeddable":true,"href":"https:\/\/www.jameslynn.com\/blog\/wp-json\/wp\/v2\/categories?post=476"},{"taxonomy":"post_tag","embeddable":true,"href":"https:\/\/www.jameslynn.com\/blog\/wp-json\/wp\/v2\/tags?post=476"}],"curies":[{"name":"wp","href":"https:\/\/api.w.org\/{rel}","templated":true}]}}