{"id":4571,"date":"2025-07-21T13:23:27","date_gmt":"2025-07-21T17:23:27","guid":{"rendered":"https:\/\/www.jameslynn.com\/blog\/?p=4571"},"modified":"2025-07-21T13:23:36","modified_gmt":"2025-07-21T17:23:36","slug":"todo-puerto-rico-al-espacio-con-claro-y-deborah-martorell","status":"publish","type":"post","link":"https:\/\/www.jameslynn.com\/blog\/2025\/07\/21\/todo-puerto-rico-al-espacio-con-claro-y-deborah-martorell\/","title":{"rendered":"Todo Puerto Rico al Espacio con Claro y Deborah Martorell"},"content":{"rendered":"\n<p>Deborah Martorell, la reconocida meteor\u00f3loga puertorrique\u00f1a que pronto viajar\u00e1 al espacio, llevar\u00e1 consigo no solo los buenos deseos de los puertorrique\u00f1os, sino cientos de fotos de todo el pueblo boricua.<\/p>\n\n\n\n<p>Claro anunci\u00f3 hoy la iniciativa <strong><em>\u201cTodo Puerto Rico viaja al espacio con Deborah<\/em>\u201d<\/strong>, que permitir\u00e1 a Martorell llevar consigo fotos de todos sus seguidores en su hist\u00f3rica misi\u00f3n espacial. Para participar, las personas deben tomarse una foto haciendo el gesto de <strong>\u201cOK\u201d<\/strong> con la mano izquierda y subirla a: <a href=\"http:\/\/www.claroquevoyalespacio.com\" target=\"_blank\" rel=\"noreferrer noopener\"><strong><em>www.claroquevoyalespacio.com<\/em><\/strong><\/a><strong><em>.<\/em><\/strong> Claro recopilar\u00e1 todas las im\u00e1genes en un dispositivo que acompa\u00f1ar\u00e1 a la primera meteor\u00f3loga puertorrique\u00f1a en su viaje al espacio. Al finalizar la misi\u00f3n, la empresa enviar\u00e1 por correo electr\u00f3nico a cada participante una copia de su foto, autografiada por Martorell.<\/p>\n\n\n\n<p>\u201cEn Claro estamos muy orgullosos de contar con Deborah como una de nuestras embajadoras de marca. Esta oportunidad que Deborah nos brinda de llevar con ella el coraz\u00f3n de Puerto Rico al espacio es un homenaje a todos aquellos que sue\u00f1an y trabajan para alcanzar sus sue\u00f1os\u201d, dijo Enrique Ortiz de Montellano, presidente y principal oficial ejecutivo de Claro Puerto Rico.<\/p>\n\n\n\n<p>Por su parte, Martorell reconoci\u00f3 el orgullo que siente de llevar con ella las fotos de sus compatriotas. \u201cAgradezco a Claro la oportunidad que me brindan de llevar conmigo fotos de puertorrique\u00f1os como yo, y personas que consideran la Isla su casa. Eso no solo me inspira, sino que me llena de orgullo pues es una forma de honrar a todos aquellos que al igual que yo, sue\u00f1an con poner el nombre de Puerto Rico en alto. Estoy confiada en que muchos ni\u00f1os y j\u00f3venes querr\u00e1n ir conmigo al espacio, y mientras m\u00e1s boricuas, mejor,\u201d se\u00f1al\u00f3 Martorell.<\/p>\n\n\n\n<p>Deborah Martorell, quien tiene una reconocida trayectoria profesional, ser\u00e1 la primera meteor\u00f3loga puertorrique\u00f1a en hacer un viaje al espacio. Los interesados en participar tienen hasta la media noche del 28 de julio para subir su foto a <a href=\"http:\/\/www.claroquevoyalespacio.com\" target=\"_blank\" rel=\"noreferrer noopener\"><strong><em>www.claroquevoyalespacio.com<\/em><\/strong><\/a><strong><em>.<\/em><\/strong><\/p>\n\n\n\n<figure class=\"wp-block-image size-large\"><img loading=\"lazy\" width=\"1024\" height=\"1280\" src=\"https:\/\/www.jameslynn.com\/blog\/wp-content\/uploads\/2025\/07\/poster-Todo-Puerto-Rico-viaja-al-espacio-con-Deborah-1024x1280.jpg\" alt=\"\" class=\"wp-image-4574\" srcset=\"https:\/\/www.jameslynn.com\/blog\/wp-content\/uploads\/2025\/07\/poster-Todo-Puerto-Rico-viaja-al-espacio-con-Deborah-1024x1280.jpg 1024w, https:\/\/www.jameslynn.com\/blog\/wp-content\/uploads\/2025\/07\/poster-Todo-Puerto-Rico-viaja-al-espacio-con-Deborah-400x500.jpg 400w, https:\/\/www.jameslynn.com\/blog\/wp-content\/uploads\/2025\/07\/poster-Todo-Puerto-Rico-viaja-al-espacio-con-Deborah-768x960.jpg 768w, https:\/\/www.jameslynn.com\/blog\/wp-content\/uploads\/2025\/07\/poster-Todo-Puerto-Rico-viaja-al-espacio-con-Deborah-500x625.jpg 500w, https:\/\/www.jameslynn.com\/blog\/wp-content\/uploads\/2025\/07\/poster-Todo-Puerto-Rico-viaja-al-espacio-con-Deborah-117x146.jpg 117w, https:\/\/www.jameslynn.com\/blog\/wp-content\/uploads\/2025\/07\/poster-Todo-Puerto-Rico-viaja-al-espacio-con-Deborah-40x50.jpg 40w, https:\/\/www.jameslynn.com\/blog\/wp-content\/uploads\/2025\/07\/poster-Todo-Puerto-Rico-viaja-al-espacio-con-Deborah-60x75.jpg 60w, https:\/\/www.jameslynn.com\/blog\/wp-content\/uploads\/2025\/07\/poster-Todo-Puerto-Rico-viaja-al-espacio-con-Deborah.jpg 1080w\" sizes=\"(max-width: 1024px) 100vw, 1024px\" \/><\/figure>\n\n\n\n<p>Para m\u00e1s informaci\u00f3n, pueden acceder a las redes sociales de <strong>Claro Puerto Rico<\/strong> en <strong><a href=\"https:\/\/www.facebook.com\/Claropr\" target=\"_blank\" rel=\"noreferrer noopener\">Facebook<\/a><\/strong> e <strong><a href=\"https:\/\/www.instagram.com\/claropr\" target=\"_blank\" rel=\"noreferrer noopener\">Instagram<\/a><\/strong>:<a href=\"https:\/\/www.instagram.com\/claropr\" target=\"_blank\" rel=\"noreferrer noopener\"> @claropr<\/a>.<\/p>\n","protected":false},"excerpt":{"rendered":"<p>Deborah Martorell, la reconocida meteor\u00f3loga puertorrique\u00f1a que pronto viajar\u00e1 al espacio, llevar\u00e1 consigo no solo los buenos deseos de los puertorrique\u00f1os, sino cientos de fotos de<span class=\"excerpt-hellip\"> [\u2026]<\/span><\/p>\n","protected":false},"author":32,"featured_media":4573,"comment_status":"open","ping_status":"open","sticky":false,"template":"","format":"standard","meta":{"om_disable_all_campaigns":false,"_monsterinsights_skip_tracking":false,"_monsterinsights_sitenote_active":false,"_monsterinsights_sitenote_note":"","_monsterinsights_sitenote_category":0,"spay_email":"","jetpack_publicize_message":"","jetpack_is_tweetstorm":false,"jetpack_publicize_feature_enabled":true},"categories":[924],"tags":[1623,1624,1377],"aioseo_notices":[],"yoast_head":"<!-- This site is optimized with the Yoast SEO plugin v17.7.1 - https:\/\/yoast.com\/wordpress\/plugins\/seo\/ -->\n<title>Todo Puerto Rico al Espacio con Claro y Deborah Martorell - James Lynn : Tecnolog\u00eda y vida digital<\/title>\n<meta name=\"robots\" content=\"index, follow, max-snippet:-1, max-image-preview:large, max-video-preview:-1\" \/>\n<link rel=\"canonical\" href=\"https:\/\/www.jameslynn.com\/blog\/2025\/07\/21\/todo-puerto-rico-al-espacio-con-claro-y-deborah-martorell\/\" \/>\n<meta property=\"og:locale\" content=\"en_US\" \/>\n<meta property=\"og:type\" content=\"article\" \/>\n<meta property=\"og:title\" content=\"Todo Puerto Rico al Espacio con Claro y Deborah Martorell - James Lynn : Tecnolog\u00eda y vida digital\" \/>\n<meta property=\"og:description\" content=\"Deborah Martorell, la reconocida meteor\u00f3loga puertorrique\u00f1a que pronto viajar\u00e1 al espacio, llevar\u00e1 consigo no solo los buenos deseos de los puertorrique\u00f1os, sino cientos de fotos de [\u2026]\" \/>\n<meta property=\"og:url\" content=\"https:\/\/www.jameslynn.com\/blog\/2025\/07\/21\/todo-puerto-rico-al-espacio-con-claro-y-deborah-martorell\/\" \/>\n<meta property=\"og:site_name\" content=\"James Lynn : Tecnolog\u00eda y vida digital\" \/>\n<meta property=\"article:published_time\" content=\"2025-07-21T17:23:27+00:00\" \/>\n<meta property=\"article:modified_time\" content=\"2025-07-21T17:23:36+00:00\" \/>\n<meta property=\"og:image\" content=\"https:\/\/www.jameslynn.com\/blog\/wp-content\/uploads\/2025\/07\/Puerto-Rico-al-Espacio-con-Claro-y-Deborah-Martorell.jpg\" \/>\n\t<meta property=\"og:image:width\" content=\"1500\" \/>\n\t<meta property=\"og:image:height\" content=\"1000\" \/>\n<meta name=\"twitter:label1\" content=\"Written by\" \/>\n\t<meta name=\"twitter:data1\" content=\"James Lynn\" \/>\n\t<meta name=\"twitter:label2\" content=\"Est. reading time\" \/>\n\t<meta name=\"twitter:data2\" content=\"2 minutes\" \/>\n<script type=\"application\/ld+json\" class=\"yoast-schema-graph\">{\"@context\":\"https:\/\/schema.org\",\"@graph\":[{\"@type\":\"WebSite\",\"@id\":\"https:\/\/www.jameslynn.com\/blog\/#website\",\"url\":\"https:\/\/www.jameslynn.com\/blog\/\",\"name\":\"James Lynn : Tecnolog\\u00eda y vida digital\",\"description\":\"Tecnolog\\u00eda y vida digital\",\"potentialAction\":[{\"@type\":\"SearchAction\",\"target\":{\"@type\":\"EntryPoint\",\"urlTemplate\":\"https:\/\/www.jameslynn.com\/blog\/?s={search_term_string}\"},\"query-input\":\"required name=search_term_string\"}],\"inLanguage\":\"en-US\"},{\"@type\":\"ImageObject\",\"@id\":\"https:\/\/www.jameslynn.com\/blog\/2025\/07\/21\/todo-puerto-rico-al-espacio-con-claro-y-deborah-martorell\/#primaryimage\",\"inLanguage\":\"en-US\",\"url\":\"https:\/\/www.jameslynn.com\/blog\/wp-content\/uploads\/2025\/07\/Puerto-Rico-al-Espacio-con-Claro-y-Deborah-Martorell.jpg\",\"contentUrl\":\"https:\/\/www.jameslynn.com\/blog\/wp-content\/uploads\/2025\/07\/Puerto-Rico-al-Espacio-con-Claro-y-Deborah-Martorell.jpg\",\"width\":1500,\"height\":1000,\"caption\":\"Deborah Martorell con la bandera de Piuerto Rico de fondo\"},{\"@type\":\"WebPage\",\"@id\":\"https:\/\/www.jameslynn.com\/blog\/2025\/07\/21\/todo-puerto-rico-al-espacio-con-claro-y-deborah-martorell\/#webpage\",\"url\":\"https:\/\/www.jameslynn.com\/blog\/2025\/07\/21\/todo-puerto-rico-al-espacio-con-claro-y-deborah-martorell\/\",\"name\":\"Todo Puerto Rico al Espacio con Claro y Deborah Martorell - James Lynn : Tecnolog\\u00eda y vida digital\",\"isPartOf\":{\"@id\":\"https:\/\/www.jameslynn.com\/blog\/#website\"},\"primaryImageOfPage\":{\"@id\":\"https:\/\/www.jameslynn.com\/blog\/2025\/07\/21\/todo-puerto-rico-al-espacio-con-claro-y-deborah-martorell\/#primaryimage\"},\"datePublished\":\"2025-07-21T17:23:27+00:00\",\"dateModified\":\"2025-07-21T17:23:36+00:00\",\"author\":{\"@id\":\"https:\/\/www.jameslynn.com\/blog\/#\/schema\/person\/4439f3e96c27ac4b98b29b03848f8108\"},\"breadcrumb\":{\"@id\":\"https:\/\/www.jameslynn.com\/blog\/2025\/07\/21\/todo-puerto-rico-al-espacio-con-claro-y-deborah-martorell\/#breadcrumb\"},\"inLanguage\":\"en-US\",\"potentialAction\":[{\"@type\":\"ReadAction\",\"target\":[\"https:\/\/www.jameslynn.com\/blog\/2025\/07\/21\/todo-puerto-rico-al-espacio-con-claro-y-deborah-martorell\/\"]}]},{\"@type\":\"BreadcrumbList\",\"@id\":\"https:\/\/www.jameslynn.com\/blog\/2025\/07\/21\/todo-puerto-rico-al-espacio-con-claro-y-deborah-martorell\/#breadcrumb\",\"itemListElement\":[{\"@type\":\"ListItem\",\"position\":1,\"name\":\"Home\",\"item\":\"https:\/\/www.jameslynn.com\/blog\/\"},{\"@type\":\"ListItem\",\"position\":2,\"name\":\"Todo Puerto Rico al Espacio con Claro y Deborah Martorell\"}]},{\"@type\":\"Person\",\"@id\":\"https:\/\/www.jameslynn.com\/blog\/#\/schema\/person\/4439f3e96c27ac4b98b29b03848f8108\",\"name\":\"James Lynn\",\"image\":{\"@type\":\"ImageObject\",\"@id\":\"https:\/\/www.jameslynn.com\/blog\/#personlogo\",\"inLanguage\":\"en-US\",\"url\":\"https:\/\/secure.gravatar.com\/avatar\/2dcd2635cd0622bf457f25788f8c478b?s=96&d=mm&r=pg\",\"contentUrl\":\"https:\/\/secure.gravatar.com\/avatar\/2dcd2635cd0622bf457f25788f8c478b?s=96&d=mm&r=pg\",\"caption\":\"James Lynn\"},\"description\":\"Tech blogger, podcaster, live streamer, graphic designer, photographer, multimedia artist and university professor living in San Juan, Puerto Rico.\",\"sameAs\":[\"http:\/\/www.jameslynn.com\"],\"url\":\"https:\/\/www.jameslynn.com\/blog\/author\/jameslynn\/\"}]}<\/script>\n<!-- \/ Yoast SEO plugin. -->","yoast_head_json":{"title":"Todo Puerto Rico al Espacio con Claro y Deborah Martorell - James Lynn : Tecnolog\u00eda y vida digital","robots":{"index":"index","follow":"follow","max-snippet":"max-snippet:-1","max-image-preview":"max-image-preview:large","max-video-preview":"max-video-preview:-1"},"canonical":"https:\/\/www.jameslynn.com\/blog\/2025\/07\/21\/todo-puerto-rico-al-espacio-con-claro-y-deborah-martorell\/","og_locale":"en_US","og_type":"article","og_title":"Todo Puerto Rico al Espacio con Claro y Deborah Martorell - James Lynn : Tecnolog\u00eda y vida digital","og_description":"Deborah Martorell, la reconocida meteor\u00f3loga puertorrique\u00f1a que pronto viajar\u00e1 al espacio, llevar\u00e1 consigo no solo los buenos deseos de los puertorrique\u00f1os, sino cientos de fotos de [\u2026]","og_url":"https:\/\/www.jameslynn.com\/blog\/2025\/07\/21\/todo-puerto-rico-al-espacio-con-claro-y-deborah-martorell\/","og_site_name":"James Lynn : Tecnolog\u00eda y vida digital","article_published_time":"2025-07-21T17:23:27+00:00","article_modified_time":"2025-07-21T17:23:36+00:00","og_image":[{"width":1500,"height":1000,"url":"https:\/\/www.jameslynn.com\/blog\/wp-content\/uploads\/2025\/07\/Puerto-Rico-al-Espacio-con-Claro-y-Deborah-Martorell.jpg","type":"image\/jpeg"}],"twitter_misc":{"Written by":"James Lynn","Est. reading time":"2 minutes"},"schema":{"@context":"https:\/\/schema.org","@graph":[{"@type":"WebSite","@id":"https:\/\/www.jameslynn.com\/blog\/#website","url":"https:\/\/www.jameslynn.com\/blog\/","name":"James Lynn : Tecnolog\u00eda y vida digital","description":"Tecnolog\u00eda y vida digital","potentialAction":[{"@type":"SearchAction","target":{"@type":"EntryPoint","urlTemplate":"https:\/\/www.jameslynn.com\/blog\/?s={search_term_string}"},"query-input":"required name=search_term_string"}],"inLanguage":"en-US"},{"@type":"ImageObject","@id":"https:\/\/www.jameslynn.com\/blog\/2025\/07\/21\/todo-puerto-rico-al-espacio-con-claro-y-deborah-martorell\/#primaryimage","inLanguage":"en-US","url":"https:\/\/www.jameslynn.com\/blog\/wp-content\/uploads\/2025\/07\/Puerto-Rico-al-Espacio-con-Claro-y-Deborah-Martorell.jpg","contentUrl":"https:\/\/www.jameslynn.com\/blog\/wp-content\/uploads\/2025\/07\/Puerto-Rico-al-Espacio-con-Claro-y-Deborah-Martorell.jpg","width":1500,"height":1000,"caption":"Deborah Martorell con la bandera de Piuerto Rico de fondo"},{"@type":"WebPage","@id":"https:\/\/www.jameslynn.com\/blog\/2025\/07\/21\/todo-puerto-rico-al-espacio-con-claro-y-deborah-martorell\/#webpage","url":"https:\/\/www.jameslynn.com\/blog\/2025\/07\/21\/todo-puerto-rico-al-espacio-con-claro-y-deborah-martorell\/","name":"Todo Puerto Rico al Espacio con Claro y Deborah Martorell - James Lynn : Tecnolog\u00eda y vida digital","isPartOf":{"@id":"https:\/\/www.jameslynn.com\/blog\/#website"},"primaryImageOfPage":{"@id":"https:\/\/www.jameslynn.com\/blog\/2025\/07\/21\/todo-puerto-rico-al-espacio-con-claro-y-deborah-martorell\/#primaryimage"},"datePublished":"2025-07-21T17:23:27+00:00","dateModified":"2025-07-21T17:23:36+00:00","author":{"@id":"https:\/\/www.jameslynn.com\/blog\/#\/schema\/person\/4439f3e96c27ac4b98b29b03848f8108"},"breadcrumb":{"@id":"https:\/\/www.jameslynn.com\/blog\/2025\/07\/21\/todo-puerto-rico-al-espacio-con-claro-y-deborah-martorell\/#breadcrumb"},"inLanguage":"en-US","potentialAction":[{"@type":"ReadAction","target":["https:\/\/www.jameslynn.com\/blog\/2025\/07\/21\/todo-puerto-rico-al-espacio-con-claro-y-deborah-martorell\/"]}]},{"@type":"BreadcrumbList","@id":"https:\/\/www.jameslynn.com\/blog\/2025\/07\/21\/todo-puerto-rico-al-espacio-con-claro-y-deborah-martorell\/#breadcrumb","itemListElement":[{"@type":"ListItem","position":1,"name":"Home","item":"https:\/\/www.jameslynn.com\/blog\/"},{"@type":"ListItem","position":2,"name":"Todo Puerto Rico al Espacio con Claro y Deborah Martorell"}]},{"@type":"Person","@id":"https:\/\/www.jameslynn.com\/blog\/#\/schema\/person\/4439f3e96c27ac4b98b29b03848f8108","name":"James Lynn","image":{"@type":"ImageObject","@id":"https:\/\/www.jameslynn.com\/blog\/#personlogo","inLanguage":"en-US","url":"https:\/\/secure.gravatar.com\/avatar\/2dcd2635cd0622bf457f25788f8c478b?s=96&d=mm&r=pg","contentUrl":"https:\/\/secure.gravatar.com\/avatar\/2dcd2635cd0622bf457f25788f8c478b?s=96&d=mm&r=pg","caption":"James Lynn"},"description":"Tech blogger, podcaster, live streamer, graphic designer, photographer, multimedia artist and university professor living in San Juan, Puerto Rico.","sameAs":["http:\/\/www.jameslynn.com"],"url":"https:\/\/www.jameslynn.com\/blog\/author\/jameslynn\/"}]}},"jetpack_featured_media_url":"https:\/\/www.jameslynn.com\/blog\/wp-content\/uploads\/2025\/07\/Puerto-Rico-al-Espacio-con-Claro-y-Deborah-Martorell.jpg","jetpack_publicize_connections":[],"jetpack_shortlink":"https:\/\/wp.me\/p2kNF7-1bJ","_links":{"self":[{"href":"https:\/\/www.jameslynn.com\/blog\/wp-json\/wp\/v2\/posts\/4571"}],"collection":[{"href":"https:\/\/www.jameslynn.com\/blog\/wp-json\/wp\/v2\/posts"}],"about":[{"href":"https:\/\/www.jameslynn.com\/blog\/wp-json\/wp\/v2\/types\/post"}],"author":[{"embeddable":true,"href":"https:\/\/www.jameslynn.com\/blog\/wp-json\/wp\/v2\/users\/32"}],"replies":[{"embeddable":true,"href":"https:\/\/www.jameslynn.com\/blog\/wp-json\/wp\/v2\/comments?post=4571"}],"version-history":[{"count":1,"href":"https:\/\/www.jameslynn.com\/blog\/wp-json\/wp\/v2\/posts\/4571\/revisions"}],"predecessor-version":[{"id":4575,"href":"https:\/\/www.jameslynn.com\/blog\/wp-json\/wp\/v2\/posts\/4571\/revisions\/4575"}],"wp:featuredmedia":[{"embeddable":true,"href":"https:\/\/www.jameslynn.com\/blog\/wp-json\/wp\/v2\/media\/4573"}],"wp:attachment":[{"href":"https:\/\/www.jameslynn.com\/blog\/wp-json\/wp\/v2\/media?parent=4571"}],"wp:term":[{"taxonomy":"category","embeddable":true,"href":"https:\/\/www.jameslynn.com\/blog\/wp-json\/wp\/v2\/categories?post=4571"},{"taxonomy":"post_tag","embeddable":true,"href":"https:\/\/www.jameslynn.com\/blog\/wp-json\/wp\/v2\/tags?post=4571"}],"curies":[{"name":"wp","href":"https:\/\/api.w.org\/{rel}","templated":true}]}}