{"id":4566,"date":"2025-07-02T18:23:41","date_gmt":"2025-07-02T22:23:41","guid":{"rendered":"https:\/\/www.jameslynn.com\/blog\/?p=4566"},"modified":"2025-07-02T18:23:47","modified_gmt":"2025-07-02T22:23:47","slug":"liberty-activa-espectro-adicional-para-mejorar-la-experiencia-de-sus-clientes-moviles","status":"publish","type":"post","link":"https:\/\/www.jameslynn.com\/blog\/2025\/07\/02\/liberty-activa-espectro-adicional-para-mejorar-la-experiencia-de-sus-clientes-moviles\/","title":{"rendered":"Liberty activa espectro adicional para mejorar la experiencia de sus clientes m\u00f3viles"},"content":{"rendered":"\n<p><strong><a href=\"https:\/\/www.libertypr.com\/en\" target=\"_blank\" rel=\"noreferrer noopener\">Liberty<\/a><\/strong> contin\u00faa mejorando la experiencia de sus clientes m\u00f3viles en Puerto Rico gracias al espectro adicional que la compa\u00f1\u00eda despleg\u00f3 recientemente para su red m\u00f3vil. Con este nuevo espectro, la red m\u00f3vil 5G de Liberty ahora tiene m\u00e1s capacidad y mejor cobertura, lo que se traduce en mejores velocidades de carga y descarga.<\/p>\n\n\n\n<p>\u201cEste despliegue provee una mejora significativa en la experiencia del consumidor\u201d, dijo Chuck Page, vicepresidente de operaciones t\u00e9cnicas de Liberty. \u201cLa combinaci\u00f3n de espectro adicional y nuevos sitios m\u00f3viles o <em>cell sites<\/em> acomodar\u00e1 el crecimiento anticipado anual del consumo de datos m\u00f3viles. La caracter\u00edstica del nuevo espectro le permitir\u00e1 a Liberty ampliar la cobertura y aumentar la penetraci\u00f3n en espacios interiores, lo que mejora significativamente la calidad de la se\u00f1al en hogares, edificios, garajes de estacionamiento y otras \u00e1reas que son dif\u00edciles de alcanzar. Tambi\u00e9n mejora la cobertura en la zonas m\u00e1s rurales en Puerto Rico\u201d.<\/p>\n\n\n\n<p>Page explic\u00f3 que esta es una tercera fase en el despliegue del nuevo espectro y que se esperan nuevas mejoras cuando se despliegue espectro adicional de banda media a finales de este a\u00f1o.<\/p>\n\n\n\n<figure class=\"wp-block-image size-large\"><img loading=\"lazy\" width=\"1280\" height=\"853\" src=\"https:\/\/www.jameslynn.com\/blog\/wp-content\/uploads\/2025\/07\/Antonio-Rovira-director-de-operaciones-de-negocios-Chuck-Page-vicepresidente-de-operaciones-tecnicas-Victor-Vera-Liberty-Puerto-Rico-1280x853.jpg\" alt=\"Antonio Rovira, director de operaciones de negocios; Chuck Page, vicepresidente de operaciones t\u00e9cnicas, y Victor Vera, director de Ingenier\u00eda RAN para Puerto Rico y las Islas V\u00edrgenes Estadounidenses\" class=\"wp-image-4567\" srcset=\"https:\/\/www.jameslynn.com\/blog\/wp-content\/uploads\/2025\/07\/Antonio-Rovira-director-de-operaciones-de-negocios-Chuck-Page-vicepresidente-de-operaciones-tecnicas-Victor-Vera-Liberty-Puerto-Rico-1280x853.jpg 1280w, https:\/\/www.jameslynn.com\/blog\/wp-content\/uploads\/2025\/07\/Antonio-Rovira-director-de-operaciones-de-negocios-Chuck-Page-vicepresidente-de-operaciones-tecnicas-Victor-Vera-Liberty-Puerto-Rico-450x300.jpg 450w, https:\/\/www.jameslynn.com\/blog\/wp-content\/uploads\/2025\/07\/Antonio-Rovira-director-de-operaciones-de-negocios-Chuck-Page-vicepresidente-de-operaciones-tecnicas-Victor-Vera-Liberty-Puerto-Rico-768x512.jpg 768w, https:\/\/www.jameslynn.com\/blog\/wp-content\/uploads\/2025\/07\/Antonio-Rovira-director-de-operaciones-de-negocios-Chuck-Page-vicepresidente-de-operaciones-tecnicas-Victor-Vera-Liberty-Puerto-Rico-500x333.jpg 500w, https:\/\/www.jameslynn.com\/blog\/wp-content\/uploads\/2025\/07\/Antonio-Rovira-director-de-operaciones-de-negocios-Chuck-Page-vicepresidente-de-operaciones-tecnicas-Victor-Vera-Liberty-Puerto-Rico-219x146.jpg 219w, https:\/\/www.jameslynn.com\/blog\/wp-content\/uploads\/2025\/07\/Antonio-Rovira-director-de-operaciones-de-negocios-Chuck-Page-vicepresidente-de-operaciones-tecnicas-Victor-Vera-Liberty-Puerto-Rico-50x33.jpg 50w, https:\/\/www.jameslynn.com\/blog\/wp-content\/uploads\/2025\/07\/Antonio-Rovira-director-de-operaciones-de-negocios-Chuck-Page-vicepresidente-de-operaciones-tecnicas-Victor-Vera-Liberty-Puerto-Rico-113x75.jpg 113w, https:\/\/www.jameslynn.com\/blog\/wp-content\/uploads\/2025\/07\/Antonio-Rovira-director-de-operaciones-de-negocios-Chuck-Page-vicepresidente-de-operaciones-tecnicas-Victor-Vera-Liberty-Puerto-Rico.jpg 1500w\" sizes=\"(max-width: 1280px) 100vw, 1280px\" \/><\/figure>\n\n\n\n<p>Con <em>cell sites<\/em> estrat\u00e9gicamente desplegados, Liberty actualmente cubre el 99.5% de los hogares y negocios en la Isla. Los <em>cell sites<\/em> est\u00e1n conectados a la red de fibra m\u00e1s resiliente en Puerto Rico, que est\u00e1 diversamente enrutada, protegida por anillos y soterrada para una mayor confiabilidad. La red m\u00f3vil de Liberty cuenta con tres plataformas centrales geogr\u00e1ficamente diversas, y cada una de ellas es capaz de dar servicio a toda la poblaci\u00f3n independientemente.&nbsp; La triple redundancia de esta red no tiene comparaci\u00f3n.<\/p>\n\n\n\n<p>Todos los <em>cell sites<\/em> de Liberty est\u00e1n respaldados por generadores y\/o bater\u00edas para brindar la continuidad del servicio durante apagones y desastres naturales. Adem\u00e1s, hay Satellite Cell on Light Trucks, <em>Satellite Runners<\/em>, y <em>Cell on Wheels\/ Cell on Light Trucks<\/em> de FirstNet en Puerto Rico disponibles cuando se necesiten. FirstNet de Puerto Rico opera en la red m\u00f3vil de Liberty.<\/p>\n\n\n\n<p>La red m\u00f3vil de Liberty ha sido reconocida consistentemente por su confiabilidad y rendimiento.&nbsp; A principios de este a\u00f1o, la red m\u00f3vil revalid\u00f3 nuevamente como la red m\u00f3vil m\u00e1s confiable de Puerto Rico por 17\u00ba a\u00f1o consecutivo, seg\u00fan la compa\u00f1\u00eda de pruebas de redes Global Wireless Solutions (GWS), la cual est\u00e1 basada en Virginia, y es la compa\u00f1\u00eda independiente l\u00edder en comparaciones de mercado, an\u00e1lisis y pruebas para la industria inal\u00e1mbrica. La red m\u00f3vil de Liberty no solo gan\u00f3 el OneScore m\u00e1s alto, esta tambi\u00e9n fue nombrada como la mejor en su clase en Puerto Rico.<\/p>\n\n\n\n<p>\u201cEstas mejoras, junto con otras iniciativas que priorizan la experiencia del cliente, han resultado en un aumento gratificante en nuestros indicadores de satisfacci\u00f3n del cliente. El <em>net promoter score<\/em> (NPS) de Liberty para el servicio m\u00f3vil ha registrado un aumento de casi 60 puntos en este \u00faltimo a\u00f1o\u201d, concluy\u00f3 Page.<\/p>\n","protected":false},"excerpt":{"rendered":"<p>Liberty contin\u00faa mejorando la experiencia de sus clientes m\u00f3viles en Puerto Rico gracias al espectro adicional que la compa\u00f1\u00eda despleg\u00f3 recientemente para su red m\u00f3vil. Con<span class=\"excerpt-hellip\"> [\u2026]<\/span><\/p>\n","protected":false},"author":32,"featured_media":4568,"comment_status":"open","ping_status":"open","sticky":false,"template":"","format":"standard","meta":{"om_disable_all_campaigns":false,"_monsterinsights_skip_tracking":false,"_monsterinsights_sitenote_active":false,"_monsterinsights_sitenote_note":"","_monsterinsights_sitenote_category":0,"spay_email":"","jetpack_publicize_message":"","jetpack_is_tweetstorm":false,"jetpack_publicize_feature_enabled":true},"categories":[213],"tags":[1622,1621,1442,1620],"aioseo_notices":[],"yoast_head":"<!-- This site is optimized with the Yoast SEO plugin v17.7.1 - https:\/\/yoast.com\/wordpress\/plugins\/seo\/ -->\n<title>Liberty activa espectro adicional para mejorar la experiencia de sus clientes m\u00f3viles - James Lynn : Tecnolog\u00eda y vida digital<\/title>\n<meta name=\"robots\" content=\"index, follow, max-snippet:-1, max-image-preview:large, max-video-preview:-1\" \/>\n<link rel=\"canonical\" href=\"https:\/\/www.jameslynn.com\/blog\/2025\/07\/02\/liberty-activa-espectro-adicional-para-mejorar-la-experiencia-de-sus-clientes-moviles\/\" \/>\n<meta property=\"og:locale\" content=\"en_US\" \/>\n<meta property=\"og:type\" content=\"article\" \/>\n<meta property=\"og:title\" content=\"Liberty activa espectro adicional para mejorar la experiencia de sus clientes m\u00f3viles - James Lynn : Tecnolog\u00eda y vida digital\" \/>\n<meta property=\"og:description\" content=\"Liberty contin\u00faa mejorando la experiencia de sus clientes m\u00f3viles en Puerto Rico gracias al espectro adicional que la compa\u00f1\u00eda despleg\u00f3 recientemente para su red m\u00f3vil. Con [\u2026]\" \/>\n<meta property=\"og:url\" content=\"https:\/\/www.jameslynn.com\/blog\/2025\/07\/02\/liberty-activa-espectro-adicional-para-mejorar-la-experiencia-de-sus-clientes-moviles\/\" \/>\n<meta property=\"og:site_name\" content=\"James Lynn : Tecnolog\u00eda y vida digital\" \/>\n<meta property=\"article:published_time\" content=\"2025-07-02T22:23:41+00:00\" \/>\n<meta property=\"article:modified_time\" content=\"2025-07-02T22:23:47+00:00\" \/>\n<meta property=\"og:image\" content=\"https:\/\/www.jameslynn.com\/blog\/wp-content\/uploads\/2025\/07\/Chuck-Page-vicepresidente-de-operaciones-tecnicas-Liberty.jpg\" \/>\n\t<meta property=\"og:image:width\" content=\"1500\" \/>\n\t<meta property=\"og:image:height\" content=\"1000\" \/>\n<meta name=\"twitter:label1\" content=\"Written by\" \/>\n\t<meta name=\"twitter:data1\" content=\"James Lynn\" \/>\n\t<meta name=\"twitter:label2\" content=\"Est. reading time\" \/>\n\t<meta name=\"twitter:data2\" content=\"3 minutes\" \/>\n<script type=\"application\/ld+json\" class=\"yoast-schema-graph\">{\"@context\":\"https:\/\/schema.org\",\"@graph\":[{\"@type\":\"WebSite\",\"@id\":\"https:\/\/www.jameslynn.com\/blog\/#website\",\"url\":\"https:\/\/www.jameslynn.com\/blog\/\",\"name\":\"James Lynn : Tecnolog\\u00eda y vida digital\",\"description\":\"Tecnolog\\u00eda y vida digital\",\"potentialAction\":[{\"@type\":\"SearchAction\",\"target\":{\"@type\":\"EntryPoint\",\"urlTemplate\":\"https:\/\/www.jameslynn.com\/blog\/?s={search_term_string}\"},\"query-input\":\"required name=search_term_string\"}],\"inLanguage\":\"en-US\"},{\"@type\":\"ImageObject\",\"@id\":\"https:\/\/www.jameslynn.com\/blog\/2025\/07\/02\/liberty-activa-espectro-adicional-para-mejorar-la-experiencia-de-sus-clientes-moviles\/#primaryimage\",\"inLanguage\":\"en-US\",\"url\":\"https:\/\/www.jameslynn.com\/blog\/wp-content\/uploads\/2025\/07\/Chuck-Page-vicepresidente-de-operaciones-tecnicas-Liberty.jpg\",\"contentUrl\":\"https:\/\/www.jameslynn.com\/blog\/wp-content\/uploads\/2025\/07\/Chuck-Page-vicepresidente-de-operaciones-tecnicas-Liberty.jpg\",\"width\":1500,\"height\":1000,\"caption\":\"Chuck Page, vicepresidente de operaciones t\\u00e9cnicas, comparte con la prensa durante la mesa redonda.\"},{\"@type\":\"WebPage\",\"@id\":\"https:\/\/www.jameslynn.com\/blog\/2025\/07\/02\/liberty-activa-espectro-adicional-para-mejorar-la-experiencia-de-sus-clientes-moviles\/#webpage\",\"url\":\"https:\/\/www.jameslynn.com\/blog\/2025\/07\/02\/liberty-activa-espectro-adicional-para-mejorar-la-experiencia-de-sus-clientes-moviles\/\",\"name\":\"Liberty activa espectro adicional para mejorar la experiencia de sus clientes m\\u00f3viles - James Lynn : Tecnolog\\u00eda y vida digital\",\"isPartOf\":{\"@id\":\"https:\/\/www.jameslynn.com\/blog\/#website\"},\"primaryImageOfPage\":{\"@id\":\"https:\/\/www.jameslynn.com\/blog\/2025\/07\/02\/liberty-activa-espectro-adicional-para-mejorar-la-experiencia-de-sus-clientes-moviles\/#primaryimage\"},\"datePublished\":\"2025-07-02T22:23:41+00:00\",\"dateModified\":\"2025-07-02T22:23:47+00:00\",\"author\":{\"@id\":\"https:\/\/www.jameslynn.com\/blog\/#\/schema\/person\/4439f3e96c27ac4b98b29b03848f8108\"},\"breadcrumb\":{\"@id\":\"https:\/\/www.jameslynn.com\/blog\/2025\/07\/02\/liberty-activa-espectro-adicional-para-mejorar-la-experiencia-de-sus-clientes-moviles\/#breadcrumb\"},\"inLanguage\":\"en-US\",\"potentialAction\":[{\"@type\":\"ReadAction\",\"target\":[\"https:\/\/www.jameslynn.com\/blog\/2025\/07\/02\/liberty-activa-espectro-adicional-para-mejorar-la-experiencia-de-sus-clientes-moviles\/\"]}]},{\"@type\":\"BreadcrumbList\",\"@id\":\"https:\/\/www.jameslynn.com\/blog\/2025\/07\/02\/liberty-activa-espectro-adicional-para-mejorar-la-experiencia-de-sus-clientes-moviles\/#breadcrumb\",\"itemListElement\":[{\"@type\":\"ListItem\",\"position\":1,\"name\":\"Home\",\"item\":\"https:\/\/www.jameslynn.com\/blog\/\"},{\"@type\":\"ListItem\",\"position\":2,\"name\":\"Liberty activa espectro adicional para mejorar la experiencia de sus clientes m\\u00f3viles\"}]},{\"@type\":\"Person\",\"@id\":\"https:\/\/www.jameslynn.com\/blog\/#\/schema\/person\/4439f3e96c27ac4b98b29b03848f8108\",\"name\":\"James Lynn\",\"image\":{\"@type\":\"ImageObject\",\"@id\":\"https:\/\/www.jameslynn.com\/blog\/#personlogo\",\"inLanguage\":\"en-US\",\"url\":\"https:\/\/secure.gravatar.com\/avatar\/2dcd2635cd0622bf457f25788f8c478b?s=96&d=mm&r=pg\",\"contentUrl\":\"https:\/\/secure.gravatar.com\/avatar\/2dcd2635cd0622bf457f25788f8c478b?s=96&d=mm&r=pg\",\"caption\":\"James Lynn\"},\"description\":\"Tech blogger, podcaster, live streamer, graphic designer, photographer, multimedia artist and university professor living in San Juan, Puerto Rico.\",\"sameAs\":[\"http:\/\/www.jameslynn.com\"],\"url\":\"https:\/\/www.jameslynn.com\/blog\/author\/jameslynn\/\"}]}<\/script>\n<!-- \/ Yoast SEO plugin. -->","yoast_head_json":{"title":"Liberty activa espectro adicional para mejorar la experiencia de sus clientes m\u00f3viles - James Lynn : Tecnolog\u00eda y vida digital","robots":{"index":"index","follow":"follow","max-snippet":"max-snippet:-1","max-image-preview":"max-image-preview:large","max-video-preview":"max-video-preview:-1"},"canonical":"https:\/\/www.jameslynn.com\/blog\/2025\/07\/02\/liberty-activa-espectro-adicional-para-mejorar-la-experiencia-de-sus-clientes-moviles\/","og_locale":"en_US","og_type":"article","og_title":"Liberty activa espectro adicional para mejorar la experiencia de sus clientes m\u00f3viles - James Lynn : Tecnolog\u00eda y vida digital","og_description":"Liberty contin\u00faa mejorando la experiencia de sus clientes m\u00f3viles en Puerto Rico gracias al espectro adicional que la compa\u00f1\u00eda despleg\u00f3 recientemente para su red m\u00f3vil. Con [\u2026]","og_url":"https:\/\/www.jameslynn.com\/blog\/2025\/07\/02\/liberty-activa-espectro-adicional-para-mejorar-la-experiencia-de-sus-clientes-moviles\/","og_site_name":"James Lynn : Tecnolog\u00eda y vida digital","article_published_time":"2025-07-02T22:23:41+00:00","article_modified_time":"2025-07-02T22:23:47+00:00","og_image":[{"width":1500,"height":1000,"url":"https:\/\/www.jameslynn.com\/blog\/wp-content\/uploads\/2025\/07\/Chuck-Page-vicepresidente-de-operaciones-tecnicas-Liberty.jpg","type":"image\/jpeg"}],"twitter_misc":{"Written by":"James Lynn","Est. reading time":"3 minutes"},"schema":{"@context":"https:\/\/schema.org","@graph":[{"@type":"WebSite","@id":"https:\/\/www.jameslynn.com\/blog\/#website","url":"https:\/\/www.jameslynn.com\/blog\/","name":"James Lynn : Tecnolog\u00eda y vida digital","description":"Tecnolog\u00eda y vida digital","potentialAction":[{"@type":"SearchAction","target":{"@type":"EntryPoint","urlTemplate":"https:\/\/www.jameslynn.com\/blog\/?s={search_term_string}"},"query-input":"required name=search_term_string"}],"inLanguage":"en-US"},{"@type":"ImageObject","@id":"https:\/\/www.jameslynn.com\/blog\/2025\/07\/02\/liberty-activa-espectro-adicional-para-mejorar-la-experiencia-de-sus-clientes-moviles\/#primaryimage","inLanguage":"en-US","url":"https:\/\/www.jameslynn.com\/blog\/wp-content\/uploads\/2025\/07\/Chuck-Page-vicepresidente-de-operaciones-tecnicas-Liberty.jpg","contentUrl":"https:\/\/www.jameslynn.com\/blog\/wp-content\/uploads\/2025\/07\/Chuck-Page-vicepresidente-de-operaciones-tecnicas-Liberty.jpg","width":1500,"height":1000,"caption":"Chuck Page, vicepresidente de operaciones t\u00e9cnicas, comparte con la prensa durante la mesa redonda."},{"@type":"WebPage","@id":"https:\/\/www.jameslynn.com\/blog\/2025\/07\/02\/liberty-activa-espectro-adicional-para-mejorar-la-experiencia-de-sus-clientes-moviles\/#webpage","url":"https:\/\/www.jameslynn.com\/blog\/2025\/07\/02\/liberty-activa-espectro-adicional-para-mejorar-la-experiencia-de-sus-clientes-moviles\/","name":"Liberty activa espectro adicional para mejorar la experiencia de sus clientes m\u00f3viles - James Lynn : Tecnolog\u00eda y vida digital","isPartOf":{"@id":"https:\/\/www.jameslynn.com\/blog\/#website"},"primaryImageOfPage":{"@id":"https:\/\/www.jameslynn.com\/blog\/2025\/07\/02\/liberty-activa-espectro-adicional-para-mejorar-la-experiencia-de-sus-clientes-moviles\/#primaryimage"},"datePublished":"2025-07-02T22:23:41+00:00","dateModified":"2025-07-02T22:23:47+00:00","author":{"@id":"https:\/\/www.jameslynn.com\/blog\/#\/schema\/person\/4439f3e96c27ac4b98b29b03848f8108"},"breadcrumb":{"@id":"https:\/\/www.jameslynn.com\/blog\/2025\/07\/02\/liberty-activa-espectro-adicional-para-mejorar-la-experiencia-de-sus-clientes-moviles\/#breadcrumb"},"inLanguage":"en-US","potentialAction":[{"@type":"ReadAction","target":["https:\/\/www.jameslynn.com\/blog\/2025\/07\/02\/liberty-activa-espectro-adicional-para-mejorar-la-experiencia-de-sus-clientes-moviles\/"]}]},{"@type":"BreadcrumbList","@id":"https:\/\/www.jameslynn.com\/blog\/2025\/07\/02\/liberty-activa-espectro-adicional-para-mejorar-la-experiencia-de-sus-clientes-moviles\/#breadcrumb","itemListElement":[{"@type":"ListItem","position":1,"name":"Home","item":"https:\/\/www.jameslynn.com\/blog\/"},{"@type":"ListItem","position":2,"name":"Liberty activa espectro adicional para mejorar la experiencia de sus clientes m\u00f3viles"}]},{"@type":"Person","@id":"https:\/\/www.jameslynn.com\/blog\/#\/schema\/person\/4439f3e96c27ac4b98b29b03848f8108","name":"James Lynn","image":{"@type":"ImageObject","@id":"https:\/\/www.jameslynn.com\/blog\/#personlogo","inLanguage":"en-US","url":"https:\/\/secure.gravatar.com\/avatar\/2dcd2635cd0622bf457f25788f8c478b?s=96&d=mm&r=pg","contentUrl":"https:\/\/secure.gravatar.com\/avatar\/2dcd2635cd0622bf457f25788f8c478b?s=96&d=mm&r=pg","caption":"James Lynn"},"description":"Tech blogger, podcaster, live streamer, graphic designer, photographer, multimedia artist and university professor living in San Juan, Puerto Rico.","sameAs":["http:\/\/www.jameslynn.com"],"url":"https:\/\/www.jameslynn.com\/blog\/author\/jameslynn\/"}]}},"jetpack_featured_media_url":"https:\/\/www.jameslynn.com\/blog\/wp-content\/uploads\/2025\/07\/Chuck-Page-vicepresidente-de-operaciones-tecnicas-Liberty.jpg","jetpack_publicize_connections":[],"jetpack_shortlink":"https:\/\/wp.me\/p2kNF7-1bE","_links":{"self":[{"href":"https:\/\/www.jameslynn.com\/blog\/wp-json\/wp\/v2\/posts\/4566"}],"collection":[{"href":"https:\/\/www.jameslynn.com\/blog\/wp-json\/wp\/v2\/posts"}],"about":[{"href":"https:\/\/www.jameslynn.com\/blog\/wp-json\/wp\/v2\/types\/post"}],"author":[{"embeddable":true,"href":"https:\/\/www.jameslynn.com\/blog\/wp-json\/wp\/v2\/users\/32"}],"replies":[{"embeddable":true,"href":"https:\/\/www.jameslynn.com\/blog\/wp-json\/wp\/v2\/comments?post=4566"}],"version-history":[{"count":1,"href":"https:\/\/www.jameslynn.com\/blog\/wp-json\/wp\/v2\/posts\/4566\/revisions"}],"predecessor-version":[{"id":4569,"href":"https:\/\/www.jameslynn.com\/blog\/wp-json\/wp\/v2\/posts\/4566\/revisions\/4569"}],"wp:featuredmedia":[{"embeddable":true,"href":"https:\/\/www.jameslynn.com\/blog\/wp-json\/wp\/v2\/media\/4568"}],"wp:attachment":[{"href":"https:\/\/www.jameslynn.com\/blog\/wp-json\/wp\/v2\/media?parent=4566"}],"wp:term":[{"taxonomy":"category","embeddable":true,"href":"https:\/\/www.jameslynn.com\/blog\/wp-json\/wp\/v2\/categories?post=4566"},{"taxonomy":"post_tag","embeddable":true,"href":"https:\/\/www.jameslynn.com\/blog\/wp-json\/wp\/v2\/tags?post=4566"}],"curies":[{"name":"wp","href":"https:\/\/api.w.org\/{rel}","templated":true}]}}