{"id":4496,"date":"2025-05-29T11:08:38","date_gmt":"2025-05-29T15:08:38","guid":{"rendered":"https:\/\/www.jameslynn.com\/blog\/?p=4496"},"modified":"2025-05-29T11:11:48","modified_gmt":"2025-05-29T15:11:48","slug":"stellantis-anuncia-a-antonio-filosa-como-proximo-ceo","status":"publish","type":"post","link":"https:\/\/www.jameslynn.com\/blog\/2025\/05\/29\/stellantis-anuncia-a-antonio-filosa-como-proximo-ceo\/","title":{"rendered":"Stellantis anuncia a Antonio Filosa como el pr\u00f3ximo CEO"},"content":{"rendered":"\n<p><strong><a href=\"https:\/\/www.stellantis.com\/en\" target=\"_blank\" rel=\"noreferrer noopener\">Stellantis N.V.<\/a><\/strong> anuncia que su Consejo de Administraci\u00f3n ha seleccionado por unanimidad a Antonio Filosa como nuevo CEO tras un exhaustivo proceso de b\u00fasqueda de candidatos internos y externos, llevado a cabo por un Comit\u00e9 Especial del Consejo, dirigido por el Presidente Ejecutivo John Elkann.<\/p>\n\n\n\n<p>La Compa\u00f1\u00eda celebrar\u00e1 una Junta Extraordinaria de Accionistas, que se convocar\u00e1 en los pr\u00f3ximos d\u00edas, para elegir a Antonio Filosa como Consejero Ejecutivo de la Compa\u00f1\u00eda. Mientras tanto, para otorgarle plena autoridad y garantizar una transici\u00f3n eficiente, el Consejo le ha otorgado las facultades de CEO a partir del 23 de junio.<\/p>\n\n\n\n<p>El Consejo seleccion\u00f3 a Antonio Filosa como CEO bas\u00e1ndose en su trayectoria de \u00e9xito durante sus m\u00e1s de 25 a\u00f1os en la industria automotriz por su amplia experiencia internacional, su conocimiento inigualable de la Compa\u00f1\u00eda y sus reconocidas cualidades de liderazgo.<\/p>\n\n\n\n<p>Antonio Filosa ha liderado Stellantis tanto en Norteam\u00e9rica como en Sudam\u00e9rica. Durante su etapa como COO de Sudam\u00e9rica, impuls\u00f3 la marca FIAT a la vanguardia del mercado y posteriormente impuls\u00f3 significativamente el crecimiento de las marcas Peugeot, Citro\u00ebn, Ram y Jeep\u00ae. Como resultado, Stellantis reforz\u00f3 su claro liderazgo en la regi\u00f3n. Trabaj\u00f3 en la creaci\u00f3n de la planta de Pernambuco, uno de los mayores centros automotrices de Sudam\u00e9rica e impuls\u00f3 el lanzamiento de Jeep en Brasil, que r\u00e1pidamente se convirti\u00f3 en el mercado l\u00edder de la marca fuera de Estados Unidos.<\/p>\n\n\n\n<p>Como CEO de Jeep, Antonio Filosa expandi\u00f3 la presencia global de la marca, incluyendo Europa, donde sus modelos siguen siendo los m\u00e1s vendidos de la compa\u00f1\u00eda gracias a productos de gran popularidad como el Jeep Avenger. Recientemente, fue ascendido a COO de las Am\u00e9ricas en diciembre de 2024. Desde su nombramiento, ha impulsado el fortalecimiento de las operaciones en Estados Unidos, incluyendo la reducci\u00f3n significativa del exceso de inventario en los concesionarios, la reorganizaci\u00f3n del equipo directivo, el impulso del proceso de introducci\u00f3n de nuevos productos y sistemas de propulsi\u00f3n, as\u00ed como el fortalecimiento del di\u00e1logo con concesionarios, sindicatos y proveedores. John Elkann continuar\u00e1 como Presidente Ejecutivo cuando Antonio Filosa asuma el cargo de CEO el 23 de junio. En ese momento, Antonio Filosa tambi\u00e9n anunciar\u00e1 al nuevo equipo directivo de Stellantis.<\/p>\n\n\n\n<p>&#8220;El profundo conocimiento que Antonio tiene de nuestra Compa\u00f1\u00eda, incluyendo a sus empleados, a quienes considera nuestra principal fortaleza, y de nuestro<\/p>\n\n\n\n<p>sector, lo prepara perfectamente para el puesto de CEO en esta pr\u00f3xima y crucial fase del desarrollo de Stellantis&#8221;, declar\u00f3 John Elkann, Presidente Ejecutivo de Stellantis. &#8220;He trabajado estrechamente con Antonio durante los \u00faltimos seis meses, per\u00edodo en el que sus responsabilidades han aumentado, y su liderazgo s\u00f3lido y eficaz, que abarca tanto Norteam\u00e9rica como Sudam\u00e9rica en un momento de retos sin precedentes, ha confirmado las excelentes cualidades que aporta al cargo. Junto con todo el Consejo de Administraci\u00f3n, espero continuar trabajando con \u00e9l&#8221;.<\/p>\n\n\n\n<p>&#8220;Acogemos con satisfacci\u00f3n el nombramiento de Antonio como nuestro nuevo CEO&#8221;, a\u00f1adi\u00f3 Robert Peugeot, Vicepresidente de Stellantis. Su trayectoria de liderazgo exitoso durante sus muchos a\u00f1os en nuestra empresa habla por s\u00ed sola y esto, junto con su profundo conocimiento de nuestro negocio y de la compleja din\u00e1mica que enfrenta nuestra industria, lo convierten en la elecci\u00f3n natural para convertirse en el pr\u00f3ximo CEO de Stellantis.<\/p>\n\n\n\n<p>&#8220;El nombramiento de Antonio Filosa para dirigir Stellantis abre un nuevo e importante cap\u00edtulo para nuestra compa\u00f1\u00eda&#8221;, declar\u00f3 Nicolas Dufourcq, CEO de la Banque Publique d&#8217;Investissement (Bpifrance). &#8220;En un momento de transformaci\u00f3n para la industria automotriz global, Antonio Filosa cuenta con el conocimiento, la experiencia y el talento para liderar a Stellantis hacia nuevos \u00e9xitos&#8221;.<\/p>\n\n\n\n<p>&#8220;Es un gran honor para m\u00ed ser nombrado CEO de esta fant\u00e1stica compa\u00f1\u00eda&#8221;, afirm\u00f3 Antonio Filosa. Agradezco a nuestro Presidente, John Elkann, y a los miembros de nuestro Consejo de Administraci\u00f3n su liderazgo, especialmente durante estos \u00faltimos meses, y la confianza que han depositado en m\u00ed para dirigir nuestra empresa durante este momento crucial para nuestra industria. Siempre me han inspirado el inmenso talento, la pasi\u00f3n y el compromiso de nuestra gente en Stellantis, as\u00ed como la confianza que depositan en nuestros equipos para alcanzar la excelencia. Contamos con las mejores y m\u00e1s ic\u00f3nicas marcas del mundo en la historia del automovilismo y una trayectoria de m\u00e1s de 100 a\u00f1os de innovaci\u00f3n. Este legado, sumado a nuestra incansable dedicaci\u00f3n a ofrecer a nuestros clientes los productos y servicios que adoran, seguir\u00e1 siendo clave para nuestro \u00e9xito.<\/p>\n","protected":false},"excerpt":{"rendered":"<p>Stellantis N.V. anuncia que su Consejo de Administraci\u00f3n ha seleccionado por unanimidad a Antonio Filosa como nuevo CEO tras un exhaustivo proceso de b\u00fasqueda de candidatos<span class=\"excerpt-hellip\"> [\u2026]<\/span><\/p>\n","protected":false},"author":32,"featured_media":4497,"comment_status":"open","ping_status":"open","sticky":false,"template":"","format":"standard","meta":{"om_disable_all_campaigns":false,"_monsterinsights_skip_tracking":false,"_monsterinsights_sitenote_active":false,"_monsterinsights_sitenote_note":"","_monsterinsights_sitenote_category":0,"spay_email":"","jetpack_publicize_message":"","jetpack_is_tweetstorm":false,"jetpack_publicize_feature_enabled":true},"categories":[634],"tags":[1601,1600],"aioseo_notices":[],"yoast_head":"<!-- This site is optimized with the Yoast SEO plugin v17.7.1 - https:\/\/yoast.com\/wordpress\/plugins\/seo\/ -->\n<title>Stellantis anuncia a Antonio Filosa como el pr\u00f3ximo CEO - James Lynn : Tecnolog\u00eda y vida digital<\/title>\n<meta name=\"robots\" content=\"index, follow, max-snippet:-1, max-image-preview:large, max-video-preview:-1\" \/>\n<link rel=\"canonical\" href=\"https:\/\/www.jameslynn.com\/blog\/2025\/05\/29\/stellantis-anuncia-a-antonio-filosa-como-proximo-ceo\/\" \/>\n<meta property=\"og:locale\" content=\"en_US\" \/>\n<meta property=\"og:type\" content=\"article\" \/>\n<meta property=\"og:title\" content=\"Stellantis anuncia a Antonio Filosa como el pr\u00f3ximo CEO - James Lynn : Tecnolog\u00eda y vida digital\" \/>\n<meta property=\"og:description\" content=\"Stellantis N.V. anuncia que su Consejo de Administraci\u00f3n ha seleccionado por unanimidad a Antonio Filosa como nuevo CEO tras un exhaustivo proceso de b\u00fasqueda de candidatos [\u2026]\" \/>\n<meta property=\"og:url\" content=\"https:\/\/www.jameslynn.com\/blog\/2025\/05\/29\/stellantis-anuncia-a-antonio-filosa-como-proximo-ceo\/\" \/>\n<meta property=\"og:site_name\" content=\"James Lynn : Tecnolog\u00eda y vida digital\" \/>\n<meta property=\"article:published_time\" content=\"2025-05-29T15:08:38+00:00\" \/>\n<meta property=\"article:modified_time\" content=\"2025-05-29T15:11:48+00:00\" \/>\n<meta property=\"og:image\" content=\"https:\/\/www.jameslynn.com\/blog\/wp-content\/uploads\/2025\/05\/Antonio-Filosa-Director-Ejecutivo-Stellantis.jpg\" \/>\n\t<meta property=\"og:image:width\" content=\"1500\" \/>\n\t<meta property=\"og:image:height\" content=\"1000\" \/>\n<meta name=\"twitter:label1\" content=\"Written by\" \/>\n\t<meta name=\"twitter:data1\" content=\"James Lynn\" \/>\n\t<meta name=\"twitter:label2\" content=\"Est. reading time\" \/>\n\t<meta name=\"twitter:data2\" content=\"4 minutes\" \/>\n<script type=\"application\/ld+json\" class=\"yoast-schema-graph\">{\"@context\":\"https:\/\/schema.org\",\"@graph\":[{\"@type\":\"WebSite\",\"@id\":\"https:\/\/www.jameslynn.com\/blog\/#website\",\"url\":\"https:\/\/www.jameslynn.com\/blog\/\",\"name\":\"James Lynn : Tecnolog\\u00eda y vida digital\",\"description\":\"Tecnolog\\u00eda y vida digital\",\"potentialAction\":[{\"@type\":\"SearchAction\",\"target\":{\"@type\":\"EntryPoint\",\"urlTemplate\":\"https:\/\/www.jameslynn.com\/blog\/?s={search_term_string}\"},\"query-input\":\"required name=search_term_string\"}],\"inLanguage\":\"en-US\"},{\"@type\":\"ImageObject\",\"@id\":\"https:\/\/www.jameslynn.com\/blog\/2025\/05\/29\/stellantis-anuncia-a-antonio-filosa-como-proximo-ceo\/#primaryimage\",\"inLanguage\":\"en-US\",\"url\":\"https:\/\/www.jameslynn.com\/blog\/wp-content\/uploads\/2025\/05\/Antonio-Filosa-Director-Ejecutivo-Stellantis.jpg\",\"contentUrl\":\"https:\/\/www.jameslynn.com\/blog\/wp-content\/uploads\/2025\/05\/Antonio-Filosa-Director-Ejecutivo-Stellantis.jpg\",\"width\":1500,\"height\":1000,\"caption\":\"Antonio Filosa Director Ejecutivo Stellantis\"},{\"@type\":\"WebPage\",\"@id\":\"https:\/\/www.jameslynn.com\/blog\/2025\/05\/29\/stellantis-anuncia-a-antonio-filosa-como-proximo-ceo\/#webpage\",\"url\":\"https:\/\/www.jameslynn.com\/blog\/2025\/05\/29\/stellantis-anuncia-a-antonio-filosa-como-proximo-ceo\/\",\"name\":\"Stellantis anuncia a Antonio Filosa como el pr\\u00f3ximo CEO - James Lynn : Tecnolog\\u00eda y vida digital\",\"isPartOf\":{\"@id\":\"https:\/\/www.jameslynn.com\/blog\/#website\"},\"primaryImageOfPage\":{\"@id\":\"https:\/\/www.jameslynn.com\/blog\/2025\/05\/29\/stellantis-anuncia-a-antonio-filosa-como-proximo-ceo\/#primaryimage\"},\"datePublished\":\"2025-05-29T15:08:38+00:00\",\"dateModified\":\"2025-05-29T15:11:48+00:00\",\"author\":{\"@id\":\"https:\/\/www.jameslynn.com\/blog\/#\/schema\/person\/4439f3e96c27ac4b98b29b03848f8108\"},\"breadcrumb\":{\"@id\":\"https:\/\/www.jameslynn.com\/blog\/2025\/05\/29\/stellantis-anuncia-a-antonio-filosa-como-proximo-ceo\/#breadcrumb\"},\"inLanguage\":\"en-US\",\"potentialAction\":[{\"@type\":\"ReadAction\",\"target\":[\"https:\/\/www.jameslynn.com\/blog\/2025\/05\/29\/stellantis-anuncia-a-antonio-filosa-como-proximo-ceo\/\"]}]},{\"@type\":\"BreadcrumbList\",\"@id\":\"https:\/\/www.jameslynn.com\/blog\/2025\/05\/29\/stellantis-anuncia-a-antonio-filosa-como-proximo-ceo\/#breadcrumb\",\"itemListElement\":[{\"@type\":\"ListItem\",\"position\":1,\"name\":\"Home\",\"item\":\"https:\/\/www.jameslynn.com\/blog\/\"},{\"@type\":\"ListItem\",\"position\":2,\"name\":\"Stellantis anuncia a Antonio Filosa como el pr\\u00f3ximo CEO\"}]},{\"@type\":\"Person\",\"@id\":\"https:\/\/www.jameslynn.com\/blog\/#\/schema\/person\/4439f3e96c27ac4b98b29b03848f8108\",\"name\":\"James Lynn\",\"image\":{\"@type\":\"ImageObject\",\"@id\":\"https:\/\/www.jameslynn.com\/blog\/#personlogo\",\"inLanguage\":\"en-US\",\"url\":\"https:\/\/secure.gravatar.com\/avatar\/2dcd2635cd0622bf457f25788f8c478b?s=96&d=mm&r=pg\",\"contentUrl\":\"https:\/\/secure.gravatar.com\/avatar\/2dcd2635cd0622bf457f25788f8c478b?s=96&d=mm&r=pg\",\"caption\":\"James Lynn\"},\"description\":\"Tech blogger, podcaster, live streamer, graphic designer, photographer, multimedia artist and university professor living in San Juan, Puerto Rico.\",\"sameAs\":[\"http:\/\/www.jameslynn.com\"],\"url\":\"https:\/\/www.jameslynn.com\/blog\/author\/jameslynn\/\"}]}<\/script>\n<!-- \/ Yoast SEO plugin. -->","yoast_head_json":{"title":"Stellantis anuncia a Antonio Filosa como el pr\u00f3ximo CEO - James Lynn : Tecnolog\u00eda y vida digital","robots":{"index":"index","follow":"follow","max-snippet":"max-snippet:-1","max-image-preview":"max-image-preview:large","max-video-preview":"max-video-preview:-1"},"canonical":"https:\/\/www.jameslynn.com\/blog\/2025\/05\/29\/stellantis-anuncia-a-antonio-filosa-como-proximo-ceo\/","og_locale":"en_US","og_type":"article","og_title":"Stellantis anuncia a Antonio Filosa como el pr\u00f3ximo CEO - James Lynn : Tecnolog\u00eda y vida digital","og_description":"Stellantis N.V. anuncia que su Consejo de Administraci\u00f3n ha seleccionado por unanimidad a Antonio Filosa como nuevo CEO tras un exhaustivo proceso de b\u00fasqueda de candidatos [\u2026]","og_url":"https:\/\/www.jameslynn.com\/blog\/2025\/05\/29\/stellantis-anuncia-a-antonio-filosa-como-proximo-ceo\/","og_site_name":"James Lynn : Tecnolog\u00eda y vida digital","article_published_time":"2025-05-29T15:08:38+00:00","article_modified_time":"2025-05-29T15:11:48+00:00","og_image":[{"width":1500,"height":1000,"url":"https:\/\/www.jameslynn.com\/blog\/wp-content\/uploads\/2025\/05\/Antonio-Filosa-Director-Ejecutivo-Stellantis.jpg","type":"image\/jpeg"}],"twitter_misc":{"Written by":"James Lynn","Est. reading time":"4 minutes"},"schema":{"@context":"https:\/\/schema.org","@graph":[{"@type":"WebSite","@id":"https:\/\/www.jameslynn.com\/blog\/#website","url":"https:\/\/www.jameslynn.com\/blog\/","name":"James Lynn : Tecnolog\u00eda y vida digital","description":"Tecnolog\u00eda y vida digital","potentialAction":[{"@type":"SearchAction","target":{"@type":"EntryPoint","urlTemplate":"https:\/\/www.jameslynn.com\/blog\/?s={search_term_string}"},"query-input":"required name=search_term_string"}],"inLanguage":"en-US"},{"@type":"ImageObject","@id":"https:\/\/www.jameslynn.com\/blog\/2025\/05\/29\/stellantis-anuncia-a-antonio-filosa-como-proximo-ceo\/#primaryimage","inLanguage":"en-US","url":"https:\/\/www.jameslynn.com\/blog\/wp-content\/uploads\/2025\/05\/Antonio-Filosa-Director-Ejecutivo-Stellantis.jpg","contentUrl":"https:\/\/www.jameslynn.com\/blog\/wp-content\/uploads\/2025\/05\/Antonio-Filosa-Director-Ejecutivo-Stellantis.jpg","width":1500,"height":1000,"caption":"Antonio Filosa Director Ejecutivo Stellantis"},{"@type":"WebPage","@id":"https:\/\/www.jameslynn.com\/blog\/2025\/05\/29\/stellantis-anuncia-a-antonio-filosa-como-proximo-ceo\/#webpage","url":"https:\/\/www.jameslynn.com\/blog\/2025\/05\/29\/stellantis-anuncia-a-antonio-filosa-como-proximo-ceo\/","name":"Stellantis anuncia a Antonio Filosa como el pr\u00f3ximo CEO - James Lynn : Tecnolog\u00eda y vida digital","isPartOf":{"@id":"https:\/\/www.jameslynn.com\/blog\/#website"},"primaryImageOfPage":{"@id":"https:\/\/www.jameslynn.com\/blog\/2025\/05\/29\/stellantis-anuncia-a-antonio-filosa-como-proximo-ceo\/#primaryimage"},"datePublished":"2025-05-29T15:08:38+00:00","dateModified":"2025-05-29T15:11:48+00:00","author":{"@id":"https:\/\/www.jameslynn.com\/blog\/#\/schema\/person\/4439f3e96c27ac4b98b29b03848f8108"},"breadcrumb":{"@id":"https:\/\/www.jameslynn.com\/blog\/2025\/05\/29\/stellantis-anuncia-a-antonio-filosa-como-proximo-ceo\/#breadcrumb"},"inLanguage":"en-US","potentialAction":[{"@type":"ReadAction","target":["https:\/\/www.jameslynn.com\/blog\/2025\/05\/29\/stellantis-anuncia-a-antonio-filosa-como-proximo-ceo\/"]}]},{"@type":"BreadcrumbList","@id":"https:\/\/www.jameslynn.com\/blog\/2025\/05\/29\/stellantis-anuncia-a-antonio-filosa-como-proximo-ceo\/#breadcrumb","itemListElement":[{"@type":"ListItem","position":1,"name":"Home","item":"https:\/\/www.jameslynn.com\/blog\/"},{"@type":"ListItem","position":2,"name":"Stellantis anuncia a Antonio Filosa como el pr\u00f3ximo CEO"}]},{"@type":"Person","@id":"https:\/\/www.jameslynn.com\/blog\/#\/schema\/person\/4439f3e96c27ac4b98b29b03848f8108","name":"James Lynn","image":{"@type":"ImageObject","@id":"https:\/\/www.jameslynn.com\/blog\/#personlogo","inLanguage":"en-US","url":"https:\/\/secure.gravatar.com\/avatar\/2dcd2635cd0622bf457f25788f8c478b?s=96&d=mm&r=pg","contentUrl":"https:\/\/secure.gravatar.com\/avatar\/2dcd2635cd0622bf457f25788f8c478b?s=96&d=mm&r=pg","caption":"James Lynn"},"description":"Tech blogger, podcaster, live streamer, graphic designer, photographer, multimedia artist and university professor living in San Juan, Puerto Rico.","sameAs":["http:\/\/www.jameslynn.com"],"url":"https:\/\/www.jameslynn.com\/blog\/author\/jameslynn\/"}]}},"jetpack_featured_media_url":"https:\/\/www.jameslynn.com\/blog\/wp-content\/uploads\/2025\/05\/Antonio-Filosa-Director-Ejecutivo-Stellantis.jpg","jetpack_publicize_connections":[],"jetpack_shortlink":"https:\/\/wp.me\/p2kNF7-1aw","_links":{"self":[{"href":"https:\/\/www.jameslynn.com\/blog\/wp-json\/wp\/v2\/posts\/4496"}],"collection":[{"href":"https:\/\/www.jameslynn.com\/blog\/wp-json\/wp\/v2\/posts"}],"about":[{"href":"https:\/\/www.jameslynn.com\/blog\/wp-json\/wp\/v2\/types\/post"}],"author":[{"embeddable":true,"href":"https:\/\/www.jameslynn.com\/blog\/wp-json\/wp\/v2\/users\/32"}],"replies":[{"embeddable":true,"href":"https:\/\/www.jameslynn.com\/blog\/wp-json\/wp\/v2\/comments?post=4496"}],"version-history":[{"count":2,"href":"https:\/\/www.jameslynn.com\/blog\/wp-json\/wp\/v2\/posts\/4496\/revisions"}],"predecessor-version":[{"id":4499,"href":"https:\/\/www.jameslynn.com\/blog\/wp-json\/wp\/v2\/posts\/4496\/revisions\/4499"}],"wp:featuredmedia":[{"embeddable":true,"href":"https:\/\/www.jameslynn.com\/blog\/wp-json\/wp\/v2\/media\/4497"}],"wp:attachment":[{"href":"https:\/\/www.jameslynn.com\/blog\/wp-json\/wp\/v2\/media?parent=4496"}],"wp:term":[{"taxonomy":"category","embeddable":true,"href":"https:\/\/www.jameslynn.com\/blog\/wp-json\/wp\/v2\/categories?post=4496"},{"taxonomy":"post_tag","embeddable":true,"href":"https:\/\/www.jameslynn.com\/blog\/wp-json\/wp\/v2\/tags?post=4496"}],"curies":[{"name":"wp","href":"https:\/\/api.w.org\/{rel}","templated":true}]}}