{"id":4489,"date":"2025-05-23T10:37:37","date_gmt":"2025-05-23T14:37:37","guid":{"rendered":"https:\/\/www.jameslynn.com\/blog\/?p=4489"},"modified":"2025-05-23T10:37:41","modified_gmt":"2025-05-23T14:37:41","slug":"toyota-presenta-la-nueva-rav4","status":"publish","type":"post","link":"https:\/\/www.jameslynn.com\/blog\/2025\/05\/23\/toyota-presenta-la-nueva-rav4\/","title":{"rendered":"Toyota presenta la nueva RAV4"},"content":{"rendered":"\n<p>Toyota Motor North America anunci\u00f3 la nueva RAV4 2026. En su sexta generaci\u00f3n, la SUV compacta m\u00e1s vendida de los Estados Unidos y Puerto Rico estar\u00e1 disponible en tres nuevos dise\u00f1os que incluyen los estilos Core, Rugged y Sport, entre los que se incluyen un nuevo aspecto Woodland y el primer modelo RAV4 GR SPORT del mercado. La RAV4 2026 tambi\u00e9n se une a la creciente lista de modelos de Toyota exclusivamente electrificados, ya que estar\u00e1 disponible en una selecci\u00f3n de sistemas de propulsi\u00f3n h\u00edbrido el\u00e9ctrico (HEV) o h\u00edbrido el\u00e9ctrico enchufable (PHEV). La RAV4 tambi\u00e9n lanza nuevas tecnolog\u00edas para Toyota, como la plataforma de desarrollo de software Arene, una nueva versi\u00f3n del sistema Toyota Audio Multimedia y actualizaciones del paquete de seguridad activa Toyota Safety Sense.<\/p>\n\n\n\n<p>\u201cEn Toyota, la elecci\u00f3n del cliente es primordial\u00bb, dijo David Christ, vicepresidente de grupo y director general de la Divisi\u00f3n Toyota. \u00abCon tres estilos distintos, dos trenes motrices electrificados altamente eficientes y tracci\u00f3n delantera o total disponible, la nueva RAV4 ofrece algo para todos y est\u00e1 listo para enfrentar todas las aventuras de la vida.\u201d<\/p>\n\n\n\n<figure class=\"wp-block-image size-large\"><img loading=\"lazy\" width=\"1280\" height=\"854\" src=\"https:\/\/www.jameslynn.com\/blog\/wp-content\/uploads\/2025\/05\/2026-Toyota-RAV4-Woodland-1280x854.jpg\" alt=\"\" class=\"wp-image-4493\" srcset=\"https:\/\/www.jameslynn.com\/blog\/wp-content\/uploads\/2025\/05\/2026-Toyota-RAV4-Woodland-1280x854.jpg 1280w, https:\/\/www.jameslynn.com\/blog\/wp-content\/uploads\/2025\/05\/2026-Toyota-RAV4-Woodland-450x300.jpg 450w, https:\/\/www.jameslynn.com\/blog\/wp-content\/uploads\/2025\/05\/2026-Toyota-RAV4-Woodland-768x513.jpg 768w, https:\/\/www.jameslynn.com\/blog\/wp-content\/uploads\/2025\/05\/2026-Toyota-RAV4-Woodland-500x334.jpg 500w, https:\/\/www.jameslynn.com\/blog\/wp-content\/uploads\/2025\/05\/2026-Toyota-RAV4-Woodland-219x146.jpg 219w, https:\/\/www.jameslynn.com\/blog\/wp-content\/uploads\/2025\/05\/2026-Toyota-RAV4-Woodland-50x33.jpg 50w, https:\/\/www.jameslynn.com\/blog\/wp-content\/uploads\/2025\/05\/2026-Toyota-RAV4-Woodland-112x75.jpg 112w, https:\/\/www.jameslynn.com\/blog\/wp-content\/uploads\/2025\/05\/2026-Toyota-RAV4-Woodland.jpg 1500w\" sizes=\"(max-width: 1280px) 100vw, 1280px\" \/><\/figure>\n\n\n\n<p>El dise\u00f1o del RAV4 Core 2026 combina una elegante parrilla pintada a juego con el caracter\u00edstico frente en forma de cabeza de martillo de Toyota para dar un toque moderno a la RAV4. Disponibilidad de aros de 17\u201d, 18\u201d \u00f3 20\u201d, dependiendo del grado, LE, XLE o Limited.<\/p>\n\n\n\n<p>El dise\u00f1o <em>Rugged<\/em> es exclusivo del modelo Woodland, inspirado en las actividades al aire libre, que ahora se convierte en un grado independiente de la gama RAV4. Para el dise\u00f1o <em>Rugged<\/em>, el pico frontal en forma de cabeza de martillo est\u00e1 ligeramente elevado y su parrilla superior e inferior negra dividida con iluminaci\u00f3n LED integrada de Rigid Industries le dan un aspecto aventurero. El modelo tambi\u00e9n se levanta alrededor de media pulgada m\u00e1s alto debido a los neum\u00e1ticos <em>All-Terrain<\/em> est\u00e1ndar, tiene rieles de techo elevados est\u00e1ndar con barras transversales, y un soporte de actividad trasera de 1\u00bc de pulgada para una versatilidad lista para viajar. El modelo Woodland ser\u00e1 AWD y estar\u00e1 disponible con tanto en HEV como PHEV.<\/p>\n\n\n\n<figure class=\"wp-block-image size-large\"><img loading=\"lazy\" width=\"1280\" height=\"821\" src=\"https:\/\/www.jameslynn.com\/blog\/wp-content\/uploads\/2025\/05\/2026-Toyota-RAV4-PHEV-GRSport-1280x821.jpg\" alt=\"\" class=\"wp-image-4494\" srcset=\"https:\/\/www.jameslynn.com\/blog\/wp-content\/uploads\/2025\/05\/2026-Toyota-RAV4-PHEV-GRSport-1280x821.jpg 1280w, https:\/\/www.jameslynn.com\/blog\/wp-content\/uploads\/2025\/05\/2026-Toyota-RAV4-PHEV-GRSport-450x289.jpg 450w, https:\/\/www.jameslynn.com\/blog\/wp-content\/uploads\/2025\/05\/2026-Toyota-RAV4-PHEV-GRSport-768x493.jpg 768w, https:\/\/www.jameslynn.com\/blog\/wp-content\/uploads\/2025\/05\/2026-Toyota-RAV4-PHEV-GRSport-500x321.jpg 500w, https:\/\/www.jameslynn.com\/blog\/wp-content\/uploads\/2025\/05\/2026-Toyota-RAV4-PHEV-GRSport-228x146.jpg 228w, https:\/\/www.jameslynn.com\/blog\/wp-content\/uploads\/2025\/05\/2026-Toyota-RAV4-PHEV-GRSport-50x32.jpg 50w, https:\/\/www.jameslynn.com\/blog\/wp-content\/uploads\/2025\/05\/2026-Toyota-RAV4-PHEV-GRSport-117x75.jpg 117w, https:\/\/www.jameslynn.com\/blog\/wp-content\/uploads\/2025\/05\/2026-Toyota-RAV4-PHEV-GRSport.jpg 1500w\" sizes=\"(max-width: 1280px) 100vw, 1280px\" \/><\/figure>\n\n\n\n<p>A la vanguardia de los dise\u00f1os Sports se encuentra la RAV4 GR SPORT. Dise\u00f1ada con la colaboraci\u00f3n de la divisi\u00f3n de ingenier\u00eda de TOYOTA GAZOO Racing, se inspira en los deportes de motor para crear un modelo que es una expresi\u00f3n del placer de conducir. Da prioridad a la maniobrabilidad, con una suspensi\u00f3n y una direcci\u00f3n asistida ajustadas para el GR, una mayor rigidez de la carrocer\u00eda y neum\u00e1ticos de verano con aros exclusivos de 20 pulgadas con mayor desplazamiento. Estar\u00e1 disponible exclusivamente con un sistema de propulsi\u00f3n PHEV y cuenta con una parrilla GR Functional MATRIX, junto con alerones delanteros y traseros que le confieren un estilo agresivo. Las versiones XSE y SE completan los dise\u00f1os Sport. Estar\u00e1n disponibles en HEV o PHEV y la posibilidad de elegir entre tracci\u00f3n delantera (FWD) o total (AWD) en funci\u00f3n del grado, y cuentan con aros de hasta 20 pulgadas, costuras interiores azules y pintura doble tono disponible.<\/p>\n\n\n\n<p>Los modelos PHEV incorporan un sistema h\u00edbrido enchufable de nuevo desarrollo que combina una bater\u00eda de accionamiento de alta capacidad y un cargador de alta potencia compatible con la \u00faltima sexta generaci\u00f3n de h\u00edbridos de Toyota. El sistema HEV aumenta la potencia respecto a la generaci\u00f3n anterior, llegando a 236 hp netos combinados en los modelos AWD (219 hp netos combinados anteriormente). La RAV4 h\u00edbrida tambi\u00e9n estar\u00e1 disponible en versi\u00f3n FWD por primera vez, y tendr\u00e1 226 hp netos combinados del sistema, una mejora de 23 hp respecto al modelo de gasolina FWD de 203 hp de la generaci\u00f3n anterior.<\/p>\n\n\n\n<p>El \u00faltimo sistema PHEV tambi\u00e9n a\u00f1ade potencia, con hasta unos impresionantes 320 hp netos combinados, 18 hp m\u00e1s que el sistema anterior. La variedad es tambi\u00e9n el nombre del juego para los modelos PHEV, pasando de dos a cuatro grados en el a\u00f1o modelo 2026, con los modelos Woodland y GR SPORT uni\u00e9ndose a los anteriormente disponibles SE y XSE. Todos los modelos PHEV vendr\u00e1n AWD. El modelo PHEV tambi\u00e9n aumenta su autonom\u00eda de conducci\u00f3n totalmente el\u00e9ctrica a una estimaci\u00f3n del fabricante de 50 millas. Los modelos PHEV XSE y Woodland dispondr\u00e1n de carga r\u00e1pida DC, capaz de cargar del 10% al 80% en aproximadamente 30 minutos*.<\/p>\n\n\n\n<p>En Puerto Rico, la RAV4 es el veh\u00edculo de m\u00e1s venta en la industria, con cerca de 10,000 unidades vendidas en el 2024. Se espera que los nuevos modelos RAV4 2026 empiecen a llegar a los concesionarios Toyota en Puerto Rico a principios del pr\u00f3ximo a\u00f1o, y los precios se anunciar\u00e1n m\u00e1s cerca de la fecha de venta.<\/p>\n","protected":false},"excerpt":{"rendered":"<p>Toyota Motor North America anunci\u00f3 la nueva RAV4 2026. En su sexta generaci\u00f3n, la SUV compacta m\u00e1s vendida de los Estados Unidos y Puerto Rico estar\u00e1<span class=\"excerpt-hellip\"> [\u2026]<\/span><\/p>\n","protected":false},"author":32,"featured_media":4492,"comment_status":"open","ping_status":"open","sticky":false,"template":"","format":"standard","meta":{"om_disable_all_campaigns":false,"_monsterinsights_skip_tracking":false,"_monsterinsights_sitenote_active":false,"_monsterinsights_sitenote_note":"","_monsterinsights_sitenote_category":0,"spay_email":"","jetpack_publicize_message":"","jetpack_is_tweetstorm":false,"jetpack_publicize_feature_enabled":true},"categories":[634],"tags":[1599,1307,1598],"aioseo_notices":[],"yoast_head":"<!-- This site is optimized with the Yoast SEO plugin v17.7.1 - https:\/\/yoast.com\/wordpress\/plugins\/seo\/ -->\n<title>Toyota presenta la nueva RAV4 - James Lynn : Tecnolog\u00eda y vida digital<\/title>\n<meta name=\"robots\" content=\"index, follow, max-snippet:-1, max-image-preview:large, max-video-preview:-1\" \/>\n<link rel=\"canonical\" href=\"https:\/\/www.jameslynn.com\/blog\/2025\/05\/23\/toyota-presenta-la-nueva-rav4\/\" \/>\n<meta property=\"og:locale\" content=\"en_US\" \/>\n<meta property=\"og:type\" content=\"article\" \/>\n<meta property=\"og:title\" content=\"Toyota presenta la nueva RAV4 - James Lynn : Tecnolog\u00eda y vida digital\" \/>\n<meta property=\"og:description\" content=\"Toyota Motor North America anunci\u00f3 la nueva RAV4 2026. En su sexta generaci\u00f3n, la SUV compacta m\u00e1s vendida de los Estados Unidos y Puerto Rico estar\u00e1 [\u2026]\" \/>\n<meta property=\"og:url\" content=\"https:\/\/www.jameslynn.com\/blog\/2025\/05\/23\/toyota-presenta-la-nueva-rav4\/\" \/>\n<meta property=\"og:site_name\" content=\"James Lynn : Tecnolog\u00eda y vida digital\" \/>\n<meta property=\"article:published_time\" content=\"2025-05-23T14:37:37+00:00\" \/>\n<meta property=\"article:modified_time\" content=\"2025-05-23T14:37:41+00:00\" \/>\n<meta property=\"og:image\" content=\"https:\/\/www.jameslynn.com\/blog\/wp-content\/uploads\/2025\/05\/Toyota-RAV4-Core-2026.jpg\" \/>\n\t<meta property=\"og:image:width\" content=\"1500\" \/>\n\t<meta property=\"og:image:height\" content=\"1000\" \/>\n<meta name=\"twitter:label1\" content=\"Written by\" \/>\n\t<meta name=\"twitter:data1\" content=\"James Lynn\" \/>\n\t<meta name=\"twitter:label2\" content=\"Est. reading time\" \/>\n\t<meta name=\"twitter:data2\" content=\"4 minutes\" \/>\n<script type=\"application\/ld+json\" class=\"yoast-schema-graph\">{\"@context\":\"https:\/\/schema.org\",\"@graph\":[{\"@type\":\"WebSite\",\"@id\":\"https:\/\/www.jameslynn.com\/blog\/#website\",\"url\":\"https:\/\/www.jameslynn.com\/blog\/\",\"name\":\"James Lynn : Tecnolog\\u00eda y vida digital\",\"description\":\"Tecnolog\\u00eda y vida digital\",\"potentialAction\":[{\"@type\":\"SearchAction\",\"target\":{\"@type\":\"EntryPoint\",\"urlTemplate\":\"https:\/\/www.jameslynn.com\/blog\/?s={search_term_string}\"},\"query-input\":\"required name=search_term_string\"}],\"inLanguage\":\"en-US\"},{\"@type\":\"ImageObject\",\"@id\":\"https:\/\/www.jameslynn.com\/blog\/2025\/05\/23\/toyota-presenta-la-nueva-rav4\/#primaryimage\",\"inLanguage\":\"en-US\",\"url\":\"https:\/\/www.jameslynn.com\/blog\/wp-content\/uploads\/2025\/05\/Toyota-RAV4-Core-2026.jpg\",\"contentUrl\":\"https:\/\/www.jameslynn.com\/blog\/wp-content\/uploads\/2025\/05\/Toyota-RAV4-Core-2026.jpg\",\"width\":1500,\"height\":1000,\"caption\":\"Toyota RAV4 Core 2026\"},{\"@type\":\"WebPage\",\"@id\":\"https:\/\/www.jameslynn.com\/blog\/2025\/05\/23\/toyota-presenta-la-nueva-rav4\/#webpage\",\"url\":\"https:\/\/www.jameslynn.com\/blog\/2025\/05\/23\/toyota-presenta-la-nueva-rav4\/\",\"name\":\"Toyota presenta la nueva RAV4 - James Lynn : Tecnolog\\u00eda y vida digital\",\"isPartOf\":{\"@id\":\"https:\/\/www.jameslynn.com\/blog\/#website\"},\"primaryImageOfPage\":{\"@id\":\"https:\/\/www.jameslynn.com\/blog\/2025\/05\/23\/toyota-presenta-la-nueva-rav4\/#primaryimage\"},\"datePublished\":\"2025-05-23T14:37:37+00:00\",\"dateModified\":\"2025-05-23T14:37:41+00:00\",\"author\":{\"@id\":\"https:\/\/www.jameslynn.com\/blog\/#\/schema\/person\/4439f3e96c27ac4b98b29b03848f8108\"},\"breadcrumb\":{\"@id\":\"https:\/\/www.jameslynn.com\/blog\/2025\/05\/23\/toyota-presenta-la-nueva-rav4\/#breadcrumb\"},\"inLanguage\":\"en-US\",\"potentialAction\":[{\"@type\":\"ReadAction\",\"target\":[\"https:\/\/www.jameslynn.com\/blog\/2025\/05\/23\/toyota-presenta-la-nueva-rav4\/\"]}]},{\"@type\":\"BreadcrumbList\",\"@id\":\"https:\/\/www.jameslynn.com\/blog\/2025\/05\/23\/toyota-presenta-la-nueva-rav4\/#breadcrumb\",\"itemListElement\":[{\"@type\":\"ListItem\",\"position\":1,\"name\":\"Home\",\"item\":\"https:\/\/www.jameslynn.com\/blog\/\"},{\"@type\":\"ListItem\",\"position\":2,\"name\":\"Toyota presenta la nueva RAV4\"}]},{\"@type\":\"Person\",\"@id\":\"https:\/\/www.jameslynn.com\/blog\/#\/schema\/person\/4439f3e96c27ac4b98b29b03848f8108\",\"name\":\"James Lynn\",\"image\":{\"@type\":\"ImageObject\",\"@id\":\"https:\/\/www.jameslynn.com\/blog\/#personlogo\",\"inLanguage\":\"en-US\",\"url\":\"https:\/\/secure.gravatar.com\/avatar\/2dcd2635cd0622bf457f25788f8c478b?s=96&d=mm&r=pg\",\"contentUrl\":\"https:\/\/secure.gravatar.com\/avatar\/2dcd2635cd0622bf457f25788f8c478b?s=96&d=mm&r=pg\",\"caption\":\"James Lynn\"},\"description\":\"Tech blogger, podcaster, live streamer, graphic designer, photographer, multimedia artist and university professor living in San Juan, Puerto Rico.\",\"sameAs\":[\"http:\/\/www.jameslynn.com\"],\"url\":\"https:\/\/www.jameslynn.com\/blog\/author\/jameslynn\/\"}]}<\/script>\n<!-- \/ Yoast SEO plugin. -->","yoast_head_json":{"title":"Toyota presenta la nueva RAV4 - James Lynn : Tecnolog\u00eda y vida digital","robots":{"index":"index","follow":"follow","max-snippet":"max-snippet:-1","max-image-preview":"max-image-preview:large","max-video-preview":"max-video-preview:-1"},"canonical":"https:\/\/www.jameslynn.com\/blog\/2025\/05\/23\/toyota-presenta-la-nueva-rav4\/","og_locale":"en_US","og_type":"article","og_title":"Toyota presenta la nueva RAV4 - James Lynn : Tecnolog\u00eda y vida digital","og_description":"Toyota Motor North America anunci\u00f3 la nueva RAV4 2026. En su sexta generaci\u00f3n, la SUV compacta m\u00e1s vendida de los Estados Unidos y Puerto Rico estar\u00e1 [\u2026]","og_url":"https:\/\/www.jameslynn.com\/blog\/2025\/05\/23\/toyota-presenta-la-nueva-rav4\/","og_site_name":"James Lynn : Tecnolog\u00eda y vida digital","article_published_time":"2025-05-23T14:37:37+00:00","article_modified_time":"2025-05-23T14:37:41+00:00","og_image":[{"width":1500,"height":1000,"url":"https:\/\/www.jameslynn.com\/blog\/wp-content\/uploads\/2025\/05\/Toyota-RAV4-Core-2026.jpg","type":"image\/jpeg"}],"twitter_misc":{"Written by":"James Lynn","Est. reading time":"4 minutes"},"schema":{"@context":"https:\/\/schema.org","@graph":[{"@type":"WebSite","@id":"https:\/\/www.jameslynn.com\/blog\/#website","url":"https:\/\/www.jameslynn.com\/blog\/","name":"James Lynn : Tecnolog\u00eda y vida digital","description":"Tecnolog\u00eda y vida digital","potentialAction":[{"@type":"SearchAction","target":{"@type":"EntryPoint","urlTemplate":"https:\/\/www.jameslynn.com\/blog\/?s={search_term_string}"},"query-input":"required name=search_term_string"}],"inLanguage":"en-US"},{"@type":"ImageObject","@id":"https:\/\/www.jameslynn.com\/blog\/2025\/05\/23\/toyota-presenta-la-nueva-rav4\/#primaryimage","inLanguage":"en-US","url":"https:\/\/www.jameslynn.com\/blog\/wp-content\/uploads\/2025\/05\/Toyota-RAV4-Core-2026.jpg","contentUrl":"https:\/\/www.jameslynn.com\/blog\/wp-content\/uploads\/2025\/05\/Toyota-RAV4-Core-2026.jpg","width":1500,"height":1000,"caption":"Toyota RAV4 Core 2026"},{"@type":"WebPage","@id":"https:\/\/www.jameslynn.com\/blog\/2025\/05\/23\/toyota-presenta-la-nueva-rav4\/#webpage","url":"https:\/\/www.jameslynn.com\/blog\/2025\/05\/23\/toyota-presenta-la-nueva-rav4\/","name":"Toyota presenta la nueva RAV4 - James Lynn : Tecnolog\u00eda y vida digital","isPartOf":{"@id":"https:\/\/www.jameslynn.com\/blog\/#website"},"primaryImageOfPage":{"@id":"https:\/\/www.jameslynn.com\/blog\/2025\/05\/23\/toyota-presenta-la-nueva-rav4\/#primaryimage"},"datePublished":"2025-05-23T14:37:37+00:00","dateModified":"2025-05-23T14:37:41+00:00","author":{"@id":"https:\/\/www.jameslynn.com\/blog\/#\/schema\/person\/4439f3e96c27ac4b98b29b03848f8108"},"breadcrumb":{"@id":"https:\/\/www.jameslynn.com\/blog\/2025\/05\/23\/toyota-presenta-la-nueva-rav4\/#breadcrumb"},"inLanguage":"en-US","potentialAction":[{"@type":"ReadAction","target":["https:\/\/www.jameslynn.com\/blog\/2025\/05\/23\/toyota-presenta-la-nueva-rav4\/"]}]},{"@type":"BreadcrumbList","@id":"https:\/\/www.jameslynn.com\/blog\/2025\/05\/23\/toyota-presenta-la-nueva-rav4\/#breadcrumb","itemListElement":[{"@type":"ListItem","position":1,"name":"Home","item":"https:\/\/www.jameslynn.com\/blog\/"},{"@type":"ListItem","position":2,"name":"Toyota presenta la nueva RAV4"}]},{"@type":"Person","@id":"https:\/\/www.jameslynn.com\/blog\/#\/schema\/person\/4439f3e96c27ac4b98b29b03848f8108","name":"James Lynn","image":{"@type":"ImageObject","@id":"https:\/\/www.jameslynn.com\/blog\/#personlogo","inLanguage":"en-US","url":"https:\/\/secure.gravatar.com\/avatar\/2dcd2635cd0622bf457f25788f8c478b?s=96&d=mm&r=pg","contentUrl":"https:\/\/secure.gravatar.com\/avatar\/2dcd2635cd0622bf457f25788f8c478b?s=96&d=mm&r=pg","caption":"James Lynn"},"description":"Tech blogger, podcaster, live streamer, graphic designer, photographer, multimedia artist and university professor living in San Juan, Puerto Rico.","sameAs":["http:\/\/www.jameslynn.com"],"url":"https:\/\/www.jameslynn.com\/blog\/author\/jameslynn\/"}]}},"jetpack_featured_media_url":"https:\/\/www.jameslynn.com\/blog\/wp-content\/uploads\/2025\/05\/Toyota-RAV4-Core-2026.jpg","jetpack_publicize_connections":[],"jetpack_shortlink":"https:\/\/wp.me\/p2kNF7-1ap","_links":{"self":[{"href":"https:\/\/www.jameslynn.com\/blog\/wp-json\/wp\/v2\/posts\/4489"}],"collection":[{"href":"https:\/\/www.jameslynn.com\/blog\/wp-json\/wp\/v2\/posts"}],"about":[{"href":"https:\/\/www.jameslynn.com\/blog\/wp-json\/wp\/v2\/types\/post"}],"author":[{"embeddable":true,"href":"https:\/\/www.jameslynn.com\/blog\/wp-json\/wp\/v2\/users\/32"}],"replies":[{"embeddable":true,"href":"https:\/\/www.jameslynn.com\/blog\/wp-json\/wp\/v2\/comments?post=4489"}],"version-history":[{"count":2,"href":"https:\/\/www.jameslynn.com\/blog\/wp-json\/wp\/v2\/posts\/4489\/revisions"}],"predecessor-version":[{"id":4495,"href":"https:\/\/www.jameslynn.com\/blog\/wp-json\/wp\/v2\/posts\/4489\/revisions\/4495"}],"wp:featuredmedia":[{"embeddable":true,"href":"https:\/\/www.jameslynn.com\/blog\/wp-json\/wp\/v2\/media\/4492"}],"wp:attachment":[{"href":"https:\/\/www.jameslynn.com\/blog\/wp-json\/wp\/v2\/media?parent=4489"}],"wp:term":[{"taxonomy":"category","embeddable":true,"href":"https:\/\/www.jameslynn.com\/blog\/wp-json\/wp\/v2\/categories?post=4489"},{"taxonomy":"post_tag","embeddable":true,"href":"https:\/\/www.jameslynn.com\/blog\/wp-json\/wp\/v2\/tags?post=4489"}],"curies":[{"name":"wp","href":"https:\/\/api.w.org\/{rel}","templated":true}]}}