{"id":4440,"date":"2025-04-22T00:16:53","date_gmt":"2025-04-22T04:16:53","guid":{"rendered":"https:\/\/www.jameslynn.com\/blog\/?p=4440"},"modified":"2025-04-22T00:32:15","modified_gmt":"2025-04-22T04:32:15","slug":"reinvent-your-business-with-ai-el-taller-practico-que-transformara-tu-negocio-con-inteligencia-artificial","status":"publish","type":"post","link":"https:\/\/www.jameslynn.com\/blog\/2025\/04\/22\/reinvent-your-business-with-ai-el-taller-practico-que-transformara-tu-negocio-con-inteligencia-artificial\/","title":{"rendered":"De cero a experto: Transforma tu negocio con Inteligenacia Artificial, el Taller Pr\u00e1ctico"},"content":{"rendered":"\n<p>D\u00eda a d\u00eda vemos como contin\u00faa progresando el mundo de la inform\u00e1tica y la tecnolog\u00eda, al punto que la Inteligencia Artificial (IA) ya no es el futuro, sino el presente de los negocios. Esta ha llegado para transformar la manera de hacer negocio y de proyectar las marcas ante sus respectivas audiencias.&nbsp; Con esto en mente, se llevar\u00e1 a cabo el taller presencial <strong><a href=\"https:\/\/alvaromelendez.mykajabi.com\/reinvent-your-business-with-ai\" target=\"_blank\" rel=\"noreferrer noopener\">Reinvent Your Business with AI<\/a><\/strong>, una experiencia transformadora creada especialmente para l\u00edderes de negocios y mercadeo en Puerto Rico, que buscan aprovechar al m\u00e1ximo las oportunidades que ofrece la IA para convertirla en una ventaja competitiva.<\/p>\n\n\n\n<p><strong>Reinvent Your Business with AI<\/strong> consta de una serie de talleres de cuatro horas cada uno dise\u00f1ados para educar y ofrecer herramientas de IA dirigidas a evolucionar y reinventar el negocio.\u00a0 Los mismos van m\u00e1s a all\u00e1 de la teor\u00eda ofreciendo una experiencia de evaluaci\u00f3n e incorporaci\u00f3n al negocio con el prop\u00f3sito de convertirlo en una ventaja competitiva.\u00a0 Los talleres tendr\u00e1n lugar los d\u00edas <strong>28, 29 y 30 de abril<\/strong>. Se segmentar\u00e1n en dos sesiones en San Juan el 28 de abril (Museo de Arte de Puerto Rico), una en Ponce el 29 de abril (Business Lounge) y una en Mayag\u00fcez el 30 de abril (D\u2019Landing Bar and Restaurant).<\/p>\n\n\n\n<figure class=\"wp-block-image size-full\"><img loading=\"lazy\" width=\"1080\" height=\"1080\" src=\"https:\/\/www.jameslynn.com\/blog\/wp-content\/uploads\/2025\/04\/Taller-Reinvent-your-Business-with-AI.jpg\" alt=\"\" class=\"wp-image-4446\" srcset=\"https:\/\/www.jameslynn.com\/blog\/wp-content\/uploads\/2025\/04\/Taller-Reinvent-your-Business-with-AI.jpg 1080w, https:\/\/www.jameslynn.com\/blog\/wp-content\/uploads\/2025\/04\/Taller-Reinvent-your-Business-with-AI-450x450.jpg 450w, https:\/\/www.jameslynn.com\/blog\/wp-content\/uploads\/2025\/04\/Taller-Reinvent-your-Business-with-AI-150x150.jpg 150w, https:\/\/www.jameslynn.com\/blog\/wp-content\/uploads\/2025\/04\/Taller-Reinvent-your-Business-with-AI-768x768.jpg 768w, https:\/\/www.jameslynn.com\/blog\/wp-content\/uploads\/2025\/04\/Taller-Reinvent-your-Business-with-AI-500x500.jpg 500w, https:\/\/www.jameslynn.com\/blog\/wp-content\/uploads\/2025\/04\/Taller-Reinvent-your-Business-with-AI-1000x1000.jpg 1000w, https:\/\/www.jameslynn.com\/blog\/wp-content\/uploads\/2025\/04\/Taller-Reinvent-your-Business-with-AI-146x146.jpg 146w, https:\/\/www.jameslynn.com\/blog\/wp-content\/uploads\/2025\/04\/Taller-Reinvent-your-Business-with-AI-50x50.jpg 50w, https:\/\/www.jameslynn.com\/blog\/wp-content\/uploads\/2025\/04\/Taller-Reinvent-your-Business-with-AI-75x75.jpg 75w, https:\/\/www.jameslynn.com\/blog\/wp-content\/uploads\/2025\/04\/Taller-Reinvent-your-Business-with-AI-85x85.jpg 85w, https:\/\/www.jameslynn.com\/blog\/wp-content\/uploads\/2025\/04\/Taller-Reinvent-your-Business-with-AI-80x80.jpg 80w\" sizes=\"(max-width: 1080px) 100vw, 1080px\" \/><\/figure>\n\n\n\n<p>El taller <strong>Reinvent Your Business with AI<\/strong> no es un curso te\u00f3rico sino una experiencia transformadora esencial para cualquier l\u00edder que quiera mantenerse vigente en la era de la inteligencia artificial.&nbsp; Los participantes tendr\u00e1n acceso a herramientas de IA que ayudar\u00e1n a implementar lo aprendido de inmediato.&nbsp; Aprender\u00e1n como crear un agente de IA personalizado como un colega digital para automatizar tareas y mejorar la eficiencia en la empresa.&nbsp; Obtendr\u00e1n una gu\u00eda educativa exclusiva con informaci\u00f3n valiosa y plantillas listas para usar.&nbsp; Adem\u00e1s, recibir\u00e1n un certificado profesional que validar\u00e1 los conocimientos obtenidos en IA.<\/p>\n\n\n\n<p>Los cuatro talleres estar\u00e1n dirigidos por <strong>\u00c1lvaro Mel\u00e9ndez, CEO<\/strong> y cofundador de <strong>CRANT<\/strong>, una destacada empresa que fusiona creatividad, tecnolog\u00eda e inteligencia artificial, y quien ha liderado transformaciones de marca con IA para empresas reconocidas a nivel mundial. Contar\u00e1 adem\u00e1s con Paloma Tob\u00f3n, de Shift, estratega de innovaci\u00f3n con amplia experiencia en dise\u00f1o estrat\u00e9gico, investigaci\u00f3n centrada en el usuario y metodolog\u00edas \u00e1giles como Design Thinking.<\/p>\n\n\n\n<p>Los participantes de los talleres de <strong>Reinvent Your Business with AI<\/strong> saldr\u00e1n del programa con la informaci\u00f3n y capacitaci\u00f3n que les permitir\u00e1 contar con un plan claro y 100% accionable. Para m\u00e1s informaci\u00f3n y registro puede acceder a <strong><a href=\"http:\/\/www.reinventwith.ai\/\" target=\"_blank\" rel=\"noreferrer noopener\">http:\/\/www.reinventwith.ai\/<\/a><\/strong>.<\/p>\n\n\n\n<figure class=\"wp-block-embed is-type-video is-provider-youtube wp-block-embed-youtube wp-embed-aspect-16-9 wp-has-aspect-ratio\"><div class=\"wp-block-embed__wrapper\">\n<span class=\"embed-youtube\" style=\"text-align:center; display: block;\"><iframe loading=\"lazy\" class=\"youtube-player\" width=\"1200\" height=\"675\" src=\"https:\/\/www.youtube.com\/embed\/M-lYC01QZ4o?version=3&#038;rel=1&#038;showsearch=0&#038;showinfo=1&#038;iv_load_policy=1&#038;fs=1&#038;hl=en-US&#038;autohide=2&#038;wmode=transparent\" allowfullscreen=\"true\" style=\"border:0;\" sandbox=\"allow-scripts allow-same-origin allow-popups allow-presentation\"><\/iframe><\/span>\n<\/div><\/figure>\n","protected":false},"excerpt":{"rendered":"<p>D\u00eda a d\u00eda vemos como contin\u00faa progresando el mundo de la inform\u00e1tica y la tecnolog\u00eda, al punto que la Inteligencia Artificial (IA) ya no es el<span class=\"excerpt-hellip\"> [\u2026]<\/span><\/p>\n","protected":false},"author":32,"featured_media":4443,"comment_status":"open","ping_status":"open","sticky":false,"template":"","format":"standard","meta":{"om_disable_all_campaigns":false,"_monsterinsights_skip_tracking":false,"_monsterinsights_sitenote_active":false,"_monsterinsights_sitenote_note":"","_monsterinsights_sitenote_category":0,"spay_email":"","jetpack_publicize_message":"","jetpack_is_tweetstorm":false,"jetpack_publicize_feature_enabled":true},"categories":[1550],"tags":[1578,1580,1576,1577,1274,1575],"aioseo_notices":[],"yoast_head":"<!-- This site is optimized with the Yoast SEO plugin v17.7.1 - https:\/\/yoast.com\/wordpress\/plugins\/seo\/ -->\n<title>De cero a experto: Transforma tu negocio con Inteligenacia Artificial, el Taller Pr\u00e1ctico - James Lynn : Tecnolog\u00eda y vida digital<\/title>\n<meta name=\"robots\" content=\"index, follow, max-snippet:-1, max-image-preview:large, max-video-preview:-1\" \/>\n<link rel=\"canonical\" href=\"https:\/\/www.jameslynn.com\/blog\/2025\/04\/22\/reinvent-your-business-with-ai-el-taller-practico-que-transformara-tu-negocio-con-inteligencia-artificial\/\" \/>\n<meta property=\"og:locale\" content=\"en_US\" \/>\n<meta property=\"og:type\" content=\"article\" \/>\n<meta property=\"og:title\" content=\"De cero a experto: Transforma tu negocio con Inteligenacia Artificial, el Taller Pr\u00e1ctico - James Lynn : Tecnolog\u00eda y vida digital\" \/>\n<meta property=\"og:description\" content=\"D\u00eda a d\u00eda vemos como contin\u00faa progresando el mundo de la inform\u00e1tica y la tecnolog\u00eda, al punto que la Inteligencia Artificial (IA) ya no es el [\u2026]\" \/>\n<meta property=\"og:url\" content=\"https:\/\/www.jameslynn.com\/blog\/2025\/04\/22\/reinvent-your-business-with-ai-el-taller-practico-que-transformara-tu-negocio-con-inteligencia-artificial\/\" \/>\n<meta property=\"og:site_name\" content=\"James Lynn : Tecnolog\u00eda y vida digital\" \/>\n<meta property=\"article:published_time\" content=\"2025-04-22T04:16:53+00:00\" \/>\n<meta property=\"article:modified_time\" content=\"2025-04-22T04:32:15+00:00\" \/>\n<meta property=\"og:image\" content=\"https:\/\/www.jameslynn.com\/blog\/wp-content\/uploads\/2025\/04\/Rain.jpg\" \/>\n\t<meta property=\"og:image:width\" content=\"1500\" \/>\n\t<meta property=\"og:image:height\" content=\"1000\" \/>\n<meta name=\"twitter:label1\" content=\"Written by\" \/>\n\t<meta name=\"twitter:data1\" content=\"James Lynn\" \/>\n\t<meta name=\"twitter:label2\" content=\"Est. reading time\" \/>\n\t<meta name=\"twitter:data2\" content=\"2 minutes\" \/>\n<script type=\"application\/ld+json\" class=\"yoast-schema-graph\">{\"@context\":\"https:\/\/schema.org\",\"@graph\":[{\"@type\":\"WebSite\",\"@id\":\"https:\/\/www.jameslynn.com\/blog\/#website\",\"url\":\"https:\/\/www.jameslynn.com\/blog\/\",\"name\":\"James Lynn : Tecnolog\\u00eda y vida digital\",\"description\":\"Tecnolog\\u00eda y vida digital\",\"potentialAction\":[{\"@type\":\"SearchAction\",\"target\":{\"@type\":\"EntryPoint\",\"urlTemplate\":\"https:\/\/www.jameslynn.com\/blog\/?s={search_term_string}\"},\"query-input\":\"required name=search_term_string\"}],\"inLanguage\":\"en-US\"},{\"@type\":\"ImageObject\",\"@id\":\"https:\/\/www.jameslynn.com\/blog\/2025\/04\/22\/reinvent-your-business-with-ai-el-taller-practico-que-transformara-tu-negocio-con-inteligencia-artificial\/#primaryimage\",\"inLanguage\":\"en-US\",\"url\":\"https:\/\/www.jameslynn.com\/blog\/wp-content\/uploads\/2025\/04\/Rain.jpg\",\"contentUrl\":\"https:\/\/www.jameslynn.com\/blog\/wp-content\/uploads\/2025\/04\/Rain.jpg\",\"width\":1500,\"height\":1000,\"caption\":\"\\u00c1lvaro Mel\\u00e9ndez, CEO y cofundador de CRANT\"},{\"@type\":\"WebPage\",\"@id\":\"https:\/\/www.jameslynn.com\/blog\/2025\/04\/22\/reinvent-your-business-with-ai-el-taller-practico-que-transformara-tu-negocio-con-inteligencia-artificial\/#webpage\",\"url\":\"https:\/\/www.jameslynn.com\/blog\/2025\/04\/22\/reinvent-your-business-with-ai-el-taller-practico-que-transformara-tu-negocio-con-inteligencia-artificial\/\",\"name\":\"De cero a experto: Transforma tu negocio con Inteligenacia Artificial, el Taller Pr\\u00e1ctico - James Lynn : Tecnolog\\u00eda y vida digital\",\"isPartOf\":{\"@id\":\"https:\/\/www.jameslynn.com\/blog\/#website\"},\"primaryImageOfPage\":{\"@id\":\"https:\/\/www.jameslynn.com\/blog\/2025\/04\/22\/reinvent-your-business-with-ai-el-taller-practico-que-transformara-tu-negocio-con-inteligencia-artificial\/#primaryimage\"},\"datePublished\":\"2025-04-22T04:16:53+00:00\",\"dateModified\":\"2025-04-22T04:32:15+00:00\",\"author\":{\"@id\":\"https:\/\/www.jameslynn.com\/blog\/#\/schema\/person\/4439f3e96c27ac4b98b29b03848f8108\"},\"breadcrumb\":{\"@id\":\"https:\/\/www.jameslynn.com\/blog\/2025\/04\/22\/reinvent-your-business-with-ai-el-taller-practico-que-transformara-tu-negocio-con-inteligencia-artificial\/#breadcrumb\"},\"inLanguage\":\"en-US\",\"potentialAction\":[{\"@type\":\"ReadAction\",\"target\":[\"https:\/\/www.jameslynn.com\/blog\/2025\/04\/22\/reinvent-your-business-with-ai-el-taller-practico-que-transformara-tu-negocio-con-inteligencia-artificial\/\"]}]},{\"@type\":\"BreadcrumbList\",\"@id\":\"https:\/\/www.jameslynn.com\/blog\/2025\/04\/22\/reinvent-your-business-with-ai-el-taller-practico-que-transformara-tu-negocio-con-inteligencia-artificial\/#breadcrumb\",\"itemListElement\":[{\"@type\":\"ListItem\",\"position\":1,\"name\":\"Home\",\"item\":\"https:\/\/www.jameslynn.com\/blog\/\"},{\"@type\":\"ListItem\",\"position\":2,\"name\":\"De cero a experto: Transforma tu negocio con Inteligenacia Artificial, el Taller Pr\\u00e1ctico\"}]},{\"@type\":\"Person\",\"@id\":\"https:\/\/www.jameslynn.com\/blog\/#\/schema\/person\/4439f3e96c27ac4b98b29b03848f8108\",\"name\":\"James Lynn\",\"image\":{\"@type\":\"ImageObject\",\"@id\":\"https:\/\/www.jameslynn.com\/blog\/#personlogo\",\"inLanguage\":\"en-US\",\"url\":\"https:\/\/secure.gravatar.com\/avatar\/2dcd2635cd0622bf457f25788f8c478b?s=96&d=mm&r=pg\",\"contentUrl\":\"https:\/\/secure.gravatar.com\/avatar\/2dcd2635cd0622bf457f25788f8c478b?s=96&d=mm&r=pg\",\"caption\":\"James Lynn\"},\"description\":\"Tech blogger, podcaster, live streamer, graphic designer, photographer, multimedia artist and university professor living in San Juan, Puerto Rico.\",\"sameAs\":[\"http:\/\/www.jameslynn.com\"],\"url\":\"https:\/\/www.jameslynn.com\/blog\/author\/jameslynn\/\"}]}<\/script>\n<!-- \/ Yoast SEO plugin. -->","yoast_head_json":{"title":"De cero a experto: Transforma tu negocio con Inteligenacia Artificial, el Taller Pr\u00e1ctico - James Lynn : Tecnolog\u00eda y vida digital","robots":{"index":"index","follow":"follow","max-snippet":"max-snippet:-1","max-image-preview":"max-image-preview:large","max-video-preview":"max-video-preview:-1"},"canonical":"https:\/\/www.jameslynn.com\/blog\/2025\/04\/22\/reinvent-your-business-with-ai-el-taller-practico-que-transformara-tu-negocio-con-inteligencia-artificial\/","og_locale":"en_US","og_type":"article","og_title":"De cero a experto: Transforma tu negocio con Inteligenacia Artificial, el Taller Pr\u00e1ctico - James Lynn : Tecnolog\u00eda y vida digital","og_description":"D\u00eda a d\u00eda vemos como contin\u00faa progresando el mundo de la inform\u00e1tica y la tecnolog\u00eda, al punto que la Inteligencia Artificial (IA) ya no es el [\u2026]","og_url":"https:\/\/www.jameslynn.com\/blog\/2025\/04\/22\/reinvent-your-business-with-ai-el-taller-practico-que-transformara-tu-negocio-con-inteligencia-artificial\/","og_site_name":"James Lynn : Tecnolog\u00eda y vida digital","article_published_time":"2025-04-22T04:16:53+00:00","article_modified_time":"2025-04-22T04:32:15+00:00","og_image":[{"width":1500,"height":1000,"url":"https:\/\/www.jameslynn.com\/blog\/wp-content\/uploads\/2025\/04\/Rain.jpg","type":"image\/jpeg"}],"twitter_misc":{"Written by":"James Lynn","Est. reading time":"2 minutes"},"schema":{"@context":"https:\/\/schema.org","@graph":[{"@type":"WebSite","@id":"https:\/\/www.jameslynn.com\/blog\/#website","url":"https:\/\/www.jameslynn.com\/blog\/","name":"James Lynn : Tecnolog\u00eda y vida digital","description":"Tecnolog\u00eda y vida digital","potentialAction":[{"@type":"SearchAction","target":{"@type":"EntryPoint","urlTemplate":"https:\/\/www.jameslynn.com\/blog\/?s={search_term_string}"},"query-input":"required name=search_term_string"}],"inLanguage":"en-US"},{"@type":"ImageObject","@id":"https:\/\/www.jameslynn.com\/blog\/2025\/04\/22\/reinvent-your-business-with-ai-el-taller-practico-que-transformara-tu-negocio-con-inteligencia-artificial\/#primaryimage","inLanguage":"en-US","url":"https:\/\/www.jameslynn.com\/blog\/wp-content\/uploads\/2025\/04\/Rain.jpg","contentUrl":"https:\/\/www.jameslynn.com\/blog\/wp-content\/uploads\/2025\/04\/Rain.jpg","width":1500,"height":1000,"caption":"\u00c1lvaro Mel\u00e9ndez, CEO y cofundador de CRANT"},{"@type":"WebPage","@id":"https:\/\/www.jameslynn.com\/blog\/2025\/04\/22\/reinvent-your-business-with-ai-el-taller-practico-que-transformara-tu-negocio-con-inteligencia-artificial\/#webpage","url":"https:\/\/www.jameslynn.com\/blog\/2025\/04\/22\/reinvent-your-business-with-ai-el-taller-practico-que-transformara-tu-negocio-con-inteligencia-artificial\/","name":"De cero a experto: Transforma tu negocio con Inteligenacia Artificial, el Taller Pr\u00e1ctico - James Lynn : Tecnolog\u00eda y vida digital","isPartOf":{"@id":"https:\/\/www.jameslynn.com\/blog\/#website"},"primaryImageOfPage":{"@id":"https:\/\/www.jameslynn.com\/blog\/2025\/04\/22\/reinvent-your-business-with-ai-el-taller-practico-que-transformara-tu-negocio-con-inteligencia-artificial\/#primaryimage"},"datePublished":"2025-04-22T04:16:53+00:00","dateModified":"2025-04-22T04:32:15+00:00","author":{"@id":"https:\/\/www.jameslynn.com\/blog\/#\/schema\/person\/4439f3e96c27ac4b98b29b03848f8108"},"breadcrumb":{"@id":"https:\/\/www.jameslynn.com\/blog\/2025\/04\/22\/reinvent-your-business-with-ai-el-taller-practico-que-transformara-tu-negocio-con-inteligencia-artificial\/#breadcrumb"},"inLanguage":"en-US","potentialAction":[{"@type":"ReadAction","target":["https:\/\/www.jameslynn.com\/blog\/2025\/04\/22\/reinvent-your-business-with-ai-el-taller-practico-que-transformara-tu-negocio-con-inteligencia-artificial\/"]}]},{"@type":"BreadcrumbList","@id":"https:\/\/www.jameslynn.com\/blog\/2025\/04\/22\/reinvent-your-business-with-ai-el-taller-practico-que-transformara-tu-negocio-con-inteligencia-artificial\/#breadcrumb","itemListElement":[{"@type":"ListItem","position":1,"name":"Home","item":"https:\/\/www.jameslynn.com\/blog\/"},{"@type":"ListItem","position":2,"name":"De cero a experto: Transforma tu negocio con Inteligenacia Artificial, el Taller Pr\u00e1ctico"}]},{"@type":"Person","@id":"https:\/\/www.jameslynn.com\/blog\/#\/schema\/person\/4439f3e96c27ac4b98b29b03848f8108","name":"James Lynn","image":{"@type":"ImageObject","@id":"https:\/\/www.jameslynn.com\/blog\/#personlogo","inLanguage":"en-US","url":"https:\/\/secure.gravatar.com\/avatar\/2dcd2635cd0622bf457f25788f8c478b?s=96&d=mm&r=pg","contentUrl":"https:\/\/secure.gravatar.com\/avatar\/2dcd2635cd0622bf457f25788f8c478b?s=96&d=mm&r=pg","caption":"James Lynn"},"description":"Tech blogger, podcaster, live streamer, graphic designer, photographer, multimedia artist and university professor living in San Juan, Puerto Rico.","sameAs":["http:\/\/www.jameslynn.com"],"url":"https:\/\/www.jameslynn.com\/blog\/author\/jameslynn\/"}]}},"jetpack_featured_media_url":"https:\/\/www.jameslynn.com\/blog\/wp-content\/uploads\/2025\/04\/Rain.jpg","jetpack_publicize_connections":[],"jetpack_shortlink":"https:\/\/wp.me\/p2kNF7-19C","_links":{"self":[{"href":"https:\/\/www.jameslynn.com\/blog\/wp-json\/wp\/v2\/posts\/4440"}],"collection":[{"href":"https:\/\/www.jameslynn.com\/blog\/wp-json\/wp\/v2\/posts"}],"about":[{"href":"https:\/\/www.jameslynn.com\/blog\/wp-json\/wp\/v2\/types\/post"}],"author":[{"embeddable":true,"href":"https:\/\/www.jameslynn.com\/blog\/wp-json\/wp\/v2\/users\/32"}],"replies":[{"embeddable":true,"href":"https:\/\/www.jameslynn.com\/blog\/wp-json\/wp\/v2\/comments?post=4440"}],"version-history":[{"count":5,"href":"https:\/\/www.jameslynn.com\/blog\/wp-json\/wp\/v2\/posts\/4440\/revisions"}],"predecessor-version":[{"id":4447,"href":"https:\/\/www.jameslynn.com\/blog\/wp-json\/wp\/v2\/posts\/4440\/revisions\/4447"}],"wp:featuredmedia":[{"embeddable":true,"href":"https:\/\/www.jameslynn.com\/blog\/wp-json\/wp\/v2\/media\/4443"}],"wp:attachment":[{"href":"https:\/\/www.jameslynn.com\/blog\/wp-json\/wp\/v2\/media?parent=4440"}],"wp:term":[{"taxonomy":"category","embeddable":true,"href":"https:\/\/www.jameslynn.com\/blog\/wp-json\/wp\/v2\/categories?post=4440"},{"taxonomy":"post_tag","embeddable":true,"href":"https:\/\/www.jameslynn.com\/blog\/wp-json\/wp\/v2\/tags?post=4440"}],"curies":[{"name":"wp","href":"https:\/\/api.w.org\/{rel}","templated":true}]}}