{"id":4175,"date":"2024-10-15T21:23:00","date_gmt":"2024-10-16T01:23:00","guid":{"rendered":"https:\/\/www.jameslynn.com\/blog\/?p=4175"},"modified":"2024-10-15T21:23:06","modified_gmt":"2024-10-16T01:23:06","slug":"velocicharge-expande-su-red-de-carga-rapida-para-autos-electricos","status":"publish","type":"post","link":"https:\/\/www.jameslynn.com\/blog\/2024\/10\/15\/velocicharge-expande-su-red-de-carga-rapida-para-autos-electricos\/","title":{"rendered":"Velocicharge expande su Red de Carga R\u00e1pida para Autos El\u00e9ctricos"},"content":{"rendered":"\n<p>En una apuesta por el futuro de la movilidad, <strong><a href=\"https:\/\/www.velocicharge.com\/\" target=\"_blank\" rel=\"noreferrer noopener\">Velocicharge<\/a><\/strong>, l\u00edder en infraestructura de carga r\u00e1pida para veh\u00edculos el\u00e9ctricos, anuncia con orgullo su tercera fase de expansi\u00f3n en Puerto Rico. A partir de octubre y hasta mediados del 2026, la empresa ampliar\u00e1 su red con nuevas estaciones y mejoras significativas en las instalaciones existentes, consolidando as\u00ed su posici\u00f3n como pionero en el sector de electrificaci\u00f3n vehicular.<\/p>\n\n\n\n<figure class=\"wp-block-image size-large\"><img loading=\"lazy\" width=\"1280\" height=\"720\" src=\"https:\/\/www.jameslynn.com\/blog\/wp-content\/uploads\/2024\/10\/Velocicharge-Shops-at-Caguas-1280x720.jpg\" alt=\"\" class=\"wp-image-4179\" srcset=\"https:\/\/www.jameslynn.com\/blog\/wp-content\/uploads\/2024\/10\/Velocicharge-Shops-at-Caguas-1280x720.jpg 1280w, https:\/\/www.jameslynn.com\/blog\/wp-content\/uploads\/2024\/10\/Velocicharge-Shops-at-Caguas-450x253.jpg 450w, https:\/\/www.jameslynn.com\/blog\/wp-content\/uploads\/2024\/10\/Velocicharge-Shops-at-Caguas-768x432.jpg 768w, https:\/\/www.jameslynn.com\/blog\/wp-content\/uploads\/2024\/10\/Velocicharge-Shops-at-Caguas-500x281.jpg 500w, https:\/\/www.jameslynn.com\/blog\/wp-content\/uploads\/2024\/10\/Velocicharge-Shops-at-Caguas-260x146.jpg 260w, https:\/\/www.jameslynn.com\/blog\/wp-content\/uploads\/2024\/10\/Velocicharge-Shops-at-Caguas-50x28.jpg 50w, https:\/\/www.jameslynn.com\/blog\/wp-content\/uploads\/2024\/10\/Velocicharge-Shops-at-Caguas-133x75.jpg 133w, https:\/\/www.jameslynn.com\/blog\/wp-content\/uploads\/2024\/10\/Velocicharge-Shops-at-Caguas-1200x675.jpg 1200w, https:\/\/www.jameslynn.com\/blog\/wp-content\/uploads\/2024\/10\/Velocicharge-Shops-at-Caguas.jpg 1500w\" sizes=\"(max-width: 1280px) 100vw, 1280px\" \/><\/figure>\n\n\n\n<p>Esta expansi\u00f3n incorpora nuevas estaciones de carga r\u00e1pida alrededor de Puerto Rico en las localidades de: Plaza Cayey, Plaza Fajardo, Plaza Isabela y Marriott Courtyard en Aguadilla para la conveniencia de sus clientes. Adem\u00e1s, la empresa har\u00e1 mejoras y ampliaci\u00f3n de las estaciones existentes como lo son: <strong><a href=\"https:\/\/www.google.com\/maps\/place\/Velocicharge+Charging+Station\/@18.2627321,-66.2529663,11z\/data=!4m7!3m6!1s0x8c035ba444cb3ac3:0x41060e9f878e25bc!8m2!3d18.2379416!4d-66.0409251!15sCgx2ZWxvY2ljaGFyZ2WSASFlbGVjdHJpY192ZWhpY2xlX2NoYXJnaW5nX3N0YXRpb27gAQA!16s%2Fg%2F11k4jglwpr?entry=tts\" target=\"_blank\" rel=\"noreferrer noopener\">The Shops at Caguas<\/a><\/strong> (antes Catalinas Mall), \u00a0<strong><a href=\"https:\/\/www.google.com\/maps\/place\/Velocicharge+Charging+Station\/@18.4237155,-66.465826,11z\/data=!4m7!3m6!1s0x8c036bf0b3570b65:0x6aa10fa4ae947ec2!8m2!3d18.4237181!4d-66.1609478!15sCgx2ZWxvY2ljaGFyZ2WSASFlbGVjdHJpY192ZWhpY2xlX2NoYXJnaW5nX3N0YXRpb27gAQA!16s%2Fg%2F11vb_lpd7n?entry=tts\" target=\"_blank\" rel=\"noreferrer noopener\">Plaza R\u00edo Hondo<\/a><\/strong> en Bayam\u00f3n, <strong><a href=\"https:\/\/www.google.com\/maps\/place\/Velocicharge\/@18.4229175,-66.1582195,12.19z\/data=!4m7!3m6!1s0x8c0369489fda94d9:0x86ea32c7857106ae!8m2!3d18.4221598!4d-66.072846!15sCgx2ZWxvY2ljaGFyZ2WSASFlbGVjdHJpY192ZWhpY2xlX2NoYXJnaW5nX3N0YXRpb27gAQA!16s%2Fg%2F11vkr3fr26?entry=tts\" target=\"_blank\" rel=\"noreferrer noopener\">Plaza Las Am\u00e9ricas<\/a><\/strong> y <strong><a href=\"https:\/\/www.google.com\/maps\/place\/Velocicharge+Charging+Station\/@18.2627321,-66.2529663,11z\/data=!4m7!3m6!1s0x8c0361cc6ba6784f:0x6adaaf2801c68924!8m2!3d18.375824!4d-65.8834882!15sCgx2ZWxvY2ljaGFyZ2WSASFlbGVjdHJpY192ZWhpY2xlX2NoYXJnaW5nX3N0YXRpb27gAQA!16s%2Fg%2F11pcm5c078?entry=tts\" target=\"_blank\" rel=\"noreferrer noopener\">The Outlets 66<\/a><\/strong>, a\u00f1adiendo a todas m\u00e1s cargadores r\u00e1pidos. \u00a0Estas nuevas localidades se sumar\u00e1n a las otras \u00e1reas de carga existentes en otros centros comerciales como: <strong><a href=\"https:\/\/www.google.com\/maps\/place\/Velocicharge+Charging+Station\/@17.9796994,-66.1000535,17z\/data=!3m1!4b1!4m6!3m5!1s0x8c1cb34c0b870c93:0x1476a10062950298!8m2!3d17.9796994!4d-66.0974732!16s%2Fg%2F11vjwn077g?entry=tts\" target=\"_blank\" rel=\"noreferrer noopener\">Plaza C\u00e9ntrico en Guayama<\/a><\/strong>, <strong><a href=\"https:\/\/www.google.com\/maps\/place\/17%C2%B059'32.5%22N+66%C2%B036'44.4%22W\/@17.992349,-66.61232,17z\/data=!3m1!4b1!4m4!3m3!8m2!3d17.992349!4d-66.61232?entry=ttu&amp;g_ep=EgoyMDI0MTAxMy4wIKXMDSoASAFQAw%3D%3D\" target=\"_blank\" rel=\"noreferrer noopener\">Plaza del Caribe en Ponce<\/a><\/strong>, <strong><a href=\"https:\/\/www.google.com\/maps\/place\/Velocicharge+Charging+Station\/@18.2277561,-66.1889706,11z\/data=!4m7!3m6!1s0x8c0361cc6ba6784f:0x6adaaf2801c68924!8m2!3d18.375824!4d-65.8834882!15sCgx2ZWxvY2ljaGFyZ2WSASFlbGVjdHJpY192ZWhpY2xlX2NoYXJnaW5nX3N0YXRpb27gAQA!16s%2Fg%2F11pcm5c078?entry=tts\" target=\"_blank\" rel=\"noreferrer noopener\">Plaza del Norte en Hatillo<\/a><\/strong>. La empresa dio inicio en el 2021 a la red de carga r\u00e1pida de la empresa con la <a href=\"https:\/\/www.google.com\/maps\/place\/Velocicharge+Estaci%C3%B3n+de+carga\/@18.2627321,-66.2529663,11z\/data=!4m6!3m5!1s0x8c0361cc6ba6784f:0x6adaaf2801c68924!8m2!3d18.375824!4d-65.8834882!16s%2Fg%2F11pcm5c078?entry=ttu&amp;g_ep=EgoyMDI0MTAxMy4wIKXMDSoASAFQAw%3D%3D\" target=\"_blank\" rel=\"noreferrer noopener\">localidad de <strong>Can\u00f3vanas<\/strong><\/a>.<\/p>\n\n\n\n<h3>Fondos Federales \u2013 N.E.V.I. (National Electric Vehicle Infrastructure Formula Program)<\/h3>\n\n\n\n<figure class=\"wp-block-image size-large\"><img loading=\"lazy\" width=\"1280\" height=\"720\" src=\"https:\/\/www.jameslynn.com\/blog\/wp-content\/uploads\/2024\/10\/Velocicharge-Map-Expansion-2024-2-1280x720.jpg\" alt=\"\" class=\"wp-image-4180\" srcset=\"https:\/\/www.jameslynn.com\/blog\/wp-content\/uploads\/2024\/10\/Velocicharge-Map-Expansion-2024-2-1280x720.jpg 1280w, https:\/\/www.jameslynn.com\/blog\/wp-content\/uploads\/2024\/10\/Velocicharge-Map-Expansion-2024-2-450x253.jpg 450w, https:\/\/www.jameslynn.com\/blog\/wp-content\/uploads\/2024\/10\/Velocicharge-Map-Expansion-2024-2-768x432.jpg 768w, https:\/\/www.jameslynn.com\/blog\/wp-content\/uploads\/2024\/10\/Velocicharge-Map-Expansion-2024-2-1536x864.jpg 1536w, https:\/\/www.jameslynn.com\/blog\/wp-content\/uploads\/2024\/10\/Velocicharge-Map-Expansion-2024-2-500x281.jpg 500w, https:\/\/www.jameslynn.com\/blog\/wp-content\/uploads\/2024\/10\/Velocicharge-Map-Expansion-2024-2-260x146.jpg 260w, https:\/\/www.jameslynn.com\/blog\/wp-content\/uploads\/2024\/10\/Velocicharge-Map-Expansion-2024-2-50x28.jpg 50w, https:\/\/www.jameslynn.com\/blog\/wp-content\/uploads\/2024\/10\/Velocicharge-Map-Expansion-2024-2-133x75.jpg 133w, https:\/\/www.jameslynn.com\/blog\/wp-content\/uploads\/2024\/10\/Velocicharge-Map-Expansion-2024-2-1200x675.jpg 1200w, https:\/\/www.jameslynn.com\/blog\/wp-content\/uploads\/2024\/10\/Velocicharge-Map-Expansion-2024-2.jpg 1920w\" sizes=\"(max-width: 1280px) 100vw, 1280px\" \/><\/figure>\n\n\n\n<p>La evoluci\u00f3n y desarrollo de Velocicharge ha sido mediante inversi\u00f3n privada. Sin embargo, gracias a los fondos NEVI e inversi\u00f3n de la empresa, la expansi\u00f3n incluir\u00e1 nuevas estaciones en los municipios de Yauco y San Juan.\u00a0\u00a0 Este programa, permitir\u00e1 implementar nueva infraestructura, incluida la construcci\u00f3n de una nueva \u00e1rea de carga en Yauco Plaza y la expansi\u00f3n en <strong><a href=\"https:\/\/www.google.com\/maps\/place\/Velocicharge+Charging+Station\/@18.4229175,-66.1582195,12.19z\/data=!4m7!3m6!1s0x8c03434e0af5a477:0x5a79b64099662d9d!8m2!3d18.3386705!4d-66.0681481!15sCgx2ZWxvY2ljaGFyZ2WSASFlbGVjdHJpY192ZWhpY2xlX2NoYXJnaW5nX3N0YXRpb27gAQA!16s%2Fg%2F11sby97qjc?entry=tts\" target=\"_blank\" rel=\"noreferrer noopener\">The Outlets at Montehiedra<\/a><\/strong>, cuyos cargadores de alta potencia de hasta 180 kW, disponibles las 24 horas del d\u00eda, asegurar\u00e1n una experiencia de carga ultra r\u00e1pida y altamente eficiente para todos los usuarios. \u201cNos entusiasma mucho la confianza depositada en nosotros con la asignaci\u00f3n de estos dos proyectos. Desde el 2021, como empresa puertorrique\u00f1a, hemos acumulado una experiencia invaluable con el manejo de m\u00e1s de 70 cargadores y sobre de 35,000 transacciones de carga, lo cual nos da un conocimiento basto del mercado de veh\u00edculos el\u00e9ctricos en Puerto Rico. Este apoyo no solo facilita la transici\u00f3n hacia la movilidad el\u00e9ctrica, sino que refuerza nuestro compromiso con las tecnolog\u00edas limpias y la reducci\u00f3n de la huella de carbono, en l\u00ednea con las pol\u00edticas federales. Estamos listos para seguir liderando el camino hacia un futuro m\u00e1s sostenible en nuestra isla.\u2013 estableci\u00f3 Carlos Vizcarrondo, propietario y C.E.O de Velocicharge LLC y Visotek Corp.<\/p>\n\n\n\n<h3>Impacto Ambiental y Compromiso con la Sostenibilidad<\/h3>\n\n\n\n<p>Desde su inauguraci\u00f3n en 2021, Velocicharge ha logrado reducir la emisi\u00f3n de 411,855 libras de di\u00f3xido de carbono, equivalente a aproximadamente 205 toneladas su <a href=\"https:\/\/www.velocicharge.com\/earthday2024\/\" target=\"_blank\" rel=\"noreferrer noopener\">reporte Ambiental de abril 2024<\/a>.<\/p>\n\n\n\n<p>Del mismo modo, el uso de sistemas solares en varios centros comerciales aporta a la producci\u00f3n de energ\u00eda limpia, minimizando a\u00fan m\u00e1s la huella de carbono. &#8220;Estamos dedicados a transformar Puerto Rico en un l\u00edder y punto de referencia de la movilidad el\u00e9ctrica a nivel del Caribe. Con esta expansi\u00f3n, Velocicharge viabiliza soluciones de transporte m\u00e1s limpio, y lidera la transformaci\u00f3n energ\u00e9tica de las empresas comprometidas con el medio ambiente. Las empresas se est\u00e1n moviendo hacia la sustentabilidad ambiental, y las ayudamos en todo el proceso, de planificaci\u00f3n, ejecuci\u00f3n y el manejo de estas soluciones. Nos convertimos en su socio de negocio hacia la electrificaci\u00f3n\u201d recalc\u00f3 Vizcarrondo.<\/p>\n\n\n\n<h3>Alianzas Estrat\u00e9gicas, Educaci\u00f3n y Beneficios para los Consumidores<\/h3>\n\n\n\n<p>Apostando al futuro y en colaboraci\u00f3n con fabricantes y distribuidores de autom\u00f3viles l\u00edderes como Hyundai, Genesis, Kia, Ford y Vinfast, se ha lanzado un programa de incentivos de carga gratuita para veh\u00edculos nuevos comprados; estos incentivos comienzan desde los $500 hasta los $1,000 de carga gratuita y en algunos modelos representa entre 8 a 11 meses de carga gratis.&nbsp; Juan Alvarado, Director de Mercadeo destac\u00f3, &#8220;Estas colaboraciones incentivan la adopci\u00f3n de veh\u00edculos el\u00e9ctricos y el crecimiento de la red de cargadores como esta que iniciamos en este mes de octubre. Al trabajar juntos, adelantamos la transici\u00f3n hacia una movilidad limpia y eficiente&#8221;. Igualmente, Velocicharge mantiene un programa activo de alianzas con diversas organizaciones para educar sobre la electrificaci\u00f3n y mejores pr\u00e1cticas del mercado.<\/p>\n\n\n\n<h3>Tecnolog\u00eda y Confianza<\/h3>\n\n\n\n<p>Velocicharge utiliza su propia aplicaci\u00f3n ofreciendo a sus clientes acceso a informaci\u00f3n en vivo sobre la carga, alertas y disponibilidad de cargadores, entre otros. \u201cLa tecnolog\u00eda evoluciona a un ritmo acelerado, pero debe ser enfocada alrededor del cliente y su conveniencia. Constantemente actualizamos la aplicaci\u00f3n para a\u00f1adir seguridad y nuevas funciones para que el cliente est\u00e9 informado en todo momento. Dos de estos ejemplos lo son: AutoCharge y AutoPay. Con AutoCharge se reducen y agilizan los procesos de validaci\u00f3n del auto en cada carga. De igual manera, AutoPay, permite que tu cuenta se recargue autom\u00e1ticamente y siempre tenga balance. Con ambos activados, llegas, conectas y \u00a1Listo!,\u201d expres\u00f3 Juan Alvarado, Director de Mercadeo de Velocicharge.<\/p>\n\n\n\n<p>La empresa reconoce que la confianza del consumidor es clave para todas las industrias, sobre todo una innovadora que transforma el comportamiento del consumidor. Vizcarrondo abund\u00f3 explicando que normalmente los clientes tienen preguntas e inquietudes, frecuentemente alimentadas por la desinformaci\u00f3n o informaci\u00f3n a medias en canales que el cliente tiene acceso. La m\u00e1s com\u00fan es la disponibilidad de cargadores, tanto por la cantidad disponible y su funcionamiento correcto. \u201cEn Velocicharge se planifica, construye y administra proactivamente para optimizar el funcionamiento de los cargadores. En el 2023 nuestra red de cargadores estuvo en funcionamiento un 99.7%, sobrepasando la recomendaci\u00f3n federal de 97%, gracias al mantenimiento que se realiza de forma remota y presencialmente a todas las estaciones instaladas\u201d concluy\u00f3 el ejecutivo.<\/p>\n\n\n\n<p>Para conocer m\u00e1s sobre esta expansi\u00f3n y de la empresa pueden visitar la p\u00e1gina web: <strong><a href=\"https:\/\/www.velocicharge.com\/\" target=\"_blank\" rel=\"noreferrer noopener\">velocicharge.com<\/a><\/strong><a href=\"https:\/\/www.velocicharge.com\/\"> <\/a>\u00a0o comunicarse al 787-332-0440 o correo electr\u00f3nico <strong><a href=\"mailto:info@velocicharge.com\" target=\"_blank\" rel=\"noreferrer noopener\">info@velocicharge.com<\/a><\/strong>.<\/p>\n","protected":false},"excerpt":{"rendered":"<p>En una apuesta por el futuro de la movilidad, Velocicharge, l\u00edder en infraestructura de carga r\u00e1pida para veh\u00edculos el\u00e9ctricos, anuncia con orgullo su tercera fase de<span class=\"excerpt-hellip\"> [\u2026]<\/span><\/p>\n","protected":false},"author":32,"featured_media":4178,"comment_status":"open","ping_status":"open","sticky":false,"template":"","format":"standard","meta":{"om_disable_all_campaigns":false,"_monsterinsights_skip_tracking":false,"_monsterinsights_sitenote_active":false,"_monsterinsights_sitenote_note":"","_monsterinsights_sitenote_category":0,"spay_email":"","jetpack_publicize_message":"","jetpack_is_tweetstorm":false,"jetpack_publicize_feature_enabled":true},"categories":[634],"tags":[1244,34,1483,1243],"aioseo_notices":[],"yoast_head":"<!-- This site is optimized with the Yoast SEO plugin v17.7.1 - https:\/\/yoast.com\/wordpress\/plugins\/seo\/ -->\n<title>Velocicharge expande su Red de Carga R\u00e1pida para Autos El\u00e9ctricos - James Lynn : Tecnolog\u00eda y vida digital<\/title>\n<meta name=\"robots\" content=\"index, follow, max-snippet:-1, max-image-preview:large, max-video-preview:-1\" \/>\n<link rel=\"canonical\" href=\"https:\/\/www.jameslynn.com\/blog\/2024\/10\/15\/velocicharge-expande-su-red-de-carga-rapida-para-autos-electricos\/\" \/>\n<meta property=\"og:locale\" content=\"en_US\" \/>\n<meta property=\"og:type\" content=\"article\" \/>\n<meta property=\"og:title\" content=\"Velocicharge expande su Red de Carga R\u00e1pida para Autos El\u00e9ctricos - James Lynn : Tecnolog\u00eda y vida digital\" \/>\n<meta property=\"og:description\" content=\"En una apuesta por el futuro de la movilidad, Velocicharge, l\u00edder en infraestructura de carga r\u00e1pida para veh\u00edculos el\u00e9ctricos, anuncia con orgullo su tercera fase de [\u2026]\" \/>\n<meta property=\"og:url\" content=\"https:\/\/www.jameslynn.com\/blog\/2024\/10\/15\/velocicharge-expande-su-red-de-carga-rapida-para-autos-electricos\/\" \/>\n<meta property=\"og:site_name\" content=\"James Lynn : Tecnolog\u00eda y vida digital\" \/>\n<meta property=\"article:published_time\" content=\"2024-10-16T01:23:00+00:00\" \/>\n<meta property=\"article:modified_time\" content=\"2024-10-16T01:23:06+00:00\" \/>\n<meta property=\"og:image\" content=\"https:\/\/www.jameslynn.com\/blog\/wp-content\/uploads\/2024\/10\/Velocicharge-Map-Expansion-2024.jpg\" \/>\n\t<meta property=\"og:image:width\" content=\"1500\" \/>\n\t<meta property=\"og:image:height\" content=\"1000\" \/>\n<meta name=\"twitter:label1\" content=\"Written by\" \/>\n\t<meta name=\"twitter:data1\" content=\"James Lynn\" \/>\n\t<meta name=\"twitter:label2\" content=\"Est. reading time\" \/>\n\t<meta name=\"twitter:data2\" content=\"5 minutes\" \/>\n<script type=\"application\/ld+json\" class=\"yoast-schema-graph\">{\"@context\":\"https:\/\/schema.org\",\"@graph\":[{\"@type\":\"WebSite\",\"@id\":\"https:\/\/www.jameslynn.com\/blog\/#website\",\"url\":\"https:\/\/www.jameslynn.com\/blog\/\",\"name\":\"James Lynn : Tecnolog\\u00eda y vida digital\",\"description\":\"Tecnolog\\u00eda y vida digital\",\"potentialAction\":[{\"@type\":\"SearchAction\",\"target\":{\"@type\":\"EntryPoint\",\"urlTemplate\":\"https:\/\/www.jameslynn.com\/blog\/?s={search_term_string}\"},\"query-input\":\"required name=search_term_string\"}],\"inLanguage\":\"en-US\"},{\"@type\":\"ImageObject\",\"@id\":\"https:\/\/www.jameslynn.com\/blog\/2024\/10\/15\/velocicharge-expande-su-red-de-carga-rapida-para-autos-electricos\/#primaryimage\",\"inLanguage\":\"en-US\",\"url\":\"https:\/\/www.jameslynn.com\/blog\/wp-content\/uploads\/2024\/10\/Velocicharge-Map-Expansion-2024.jpg\",\"contentUrl\":\"https:\/\/www.jameslynn.com\/blog\/wp-content\/uploads\/2024\/10\/Velocicharge-Map-Expansion-2024.jpg\",\"width\":1500,\"height\":1000,\"caption\":\"Mapa de expansi\\u00f3n de la Red de Carga R\\u00e1pida Velocicharge\"},{\"@type\":\"WebPage\",\"@id\":\"https:\/\/www.jameslynn.com\/blog\/2024\/10\/15\/velocicharge-expande-su-red-de-carga-rapida-para-autos-electricos\/#webpage\",\"url\":\"https:\/\/www.jameslynn.com\/blog\/2024\/10\/15\/velocicharge-expande-su-red-de-carga-rapida-para-autos-electricos\/\",\"name\":\"Velocicharge expande su Red de Carga R\\u00e1pida para Autos El\\u00e9ctricos - James Lynn : Tecnolog\\u00eda y vida digital\",\"isPartOf\":{\"@id\":\"https:\/\/www.jameslynn.com\/blog\/#website\"},\"primaryImageOfPage\":{\"@id\":\"https:\/\/www.jameslynn.com\/blog\/2024\/10\/15\/velocicharge-expande-su-red-de-carga-rapida-para-autos-electricos\/#primaryimage\"},\"datePublished\":\"2024-10-16T01:23:00+00:00\",\"dateModified\":\"2024-10-16T01:23:06+00:00\",\"author\":{\"@id\":\"https:\/\/www.jameslynn.com\/blog\/#\/schema\/person\/4439f3e96c27ac4b98b29b03848f8108\"},\"breadcrumb\":{\"@id\":\"https:\/\/www.jameslynn.com\/blog\/2024\/10\/15\/velocicharge-expande-su-red-de-carga-rapida-para-autos-electricos\/#breadcrumb\"},\"inLanguage\":\"en-US\",\"potentialAction\":[{\"@type\":\"ReadAction\",\"target\":[\"https:\/\/www.jameslynn.com\/blog\/2024\/10\/15\/velocicharge-expande-su-red-de-carga-rapida-para-autos-electricos\/\"]}]},{\"@type\":\"BreadcrumbList\",\"@id\":\"https:\/\/www.jameslynn.com\/blog\/2024\/10\/15\/velocicharge-expande-su-red-de-carga-rapida-para-autos-electricos\/#breadcrumb\",\"itemListElement\":[{\"@type\":\"ListItem\",\"position\":1,\"name\":\"Home\",\"item\":\"https:\/\/www.jameslynn.com\/blog\/\"},{\"@type\":\"ListItem\",\"position\":2,\"name\":\"Velocicharge expande su Red de Carga R\\u00e1pida para Autos El\\u00e9ctricos\"}]},{\"@type\":\"Person\",\"@id\":\"https:\/\/www.jameslynn.com\/blog\/#\/schema\/person\/4439f3e96c27ac4b98b29b03848f8108\",\"name\":\"James Lynn\",\"image\":{\"@type\":\"ImageObject\",\"@id\":\"https:\/\/www.jameslynn.com\/blog\/#personlogo\",\"inLanguage\":\"en-US\",\"url\":\"https:\/\/secure.gravatar.com\/avatar\/2dcd2635cd0622bf457f25788f8c478b?s=96&d=mm&r=pg\",\"contentUrl\":\"https:\/\/secure.gravatar.com\/avatar\/2dcd2635cd0622bf457f25788f8c478b?s=96&d=mm&r=pg\",\"caption\":\"James Lynn\"},\"description\":\"Tech blogger, podcaster, live streamer, graphic designer, photographer, multimedia artist and university professor living in San Juan, Puerto Rico.\",\"sameAs\":[\"http:\/\/www.jameslynn.com\"],\"url\":\"https:\/\/www.jameslynn.com\/blog\/author\/jameslynn\/\"}]}<\/script>\n<!-- \/ Yoast SEO plugin. -->","yoast_head_json":{"title":"Velocicharge expande su Red de Carga R\u00e1pida para Autos El\u00e9ctricos - James Lynn : Tecnolog\u00eda y vida digital","robots":{"index":"index","follow":"follow","max-snippet":"max-snippet:-1","max-image-preview":"max-image-preview:large","max-video-preview":"max-video-preview:-1"},"canonical":"https:\/\/www.jameslynn.com\/blog\/2024\/10\/15\/velocicharge-expande-su-red-de-carga-rapida-para-autos-electricos\/","og_locale":"en_US","og_type":"article","og_title":"Velocicharge expande su Red de Carga R\u00e1pida para Autos El\u00e9ctricos - James Lynn : Tecnolog\u00eda y vida digital","og_description":"En una apuesta por el futuro de la movilidad, Velocicharge, l\u00edder en infraestructura de carga r\u00e1pida para veh\u00edculos el\u00e9ctricos, anuncia con orgullo su tercera fase de [\u2026]","og_url":"https:\/\/www.jameslynn.com\/blog\/2024\/10\/15\/velocicharge-expande-su-red-de-carga-rapida-para-autos-electricos\/","og_site_name":"James Lynn : Tecnolog\u00eda y vida digital","article_published_time":"2024-10-16T01:23:00+00:00","article_modified_time":"2024-10-16T01:23:06+00:00","og_image":[{"width":1500,"height":1000,"url":"https:\/\/www.jameslynn.com\/blog\/wp-content\/uploads\/2024\/10\/Velocicharge-Map-Expansion-2024.jpg","type":"image\/jpeg"}],"twitter_misc":{"Written by":"James Lynn","Est. reading time":"5 minutes"},"schema":{"@context":"https:\/\/schema.org","@graph":[{"@type":"WebSite","@id":"https:\/\/www.jameslynn.com\/blog\/#website","url":"https:\/\/www.jameslynn.com\/blog\/","name":"James Lynn : Tecnolog\u00eda y vida digital","description":"Tecnolog\u00eda y vida digital","potentialAction":[{"@type":"SearchAction","target":{"@type":"EntryPoint","urlTemplate":"https:\/\/www.jameslynn.com\/blog\/?s={search_term_string}"},"query-input":"required name=search_term_string"}],"inLanguage":"en-US"},{"@type":"ImageObject","@id":"https:\/\/www.jameslynn.com\/blog\/2024\/10\/15\/velocicharge-expande-su-red-de-carga-rapida-para-autos-electricos\/#primaryimage","inLanguage":"en-US","url":"https:\/\/www.jameslynn.com\/blog\/wp-content\/uploads\/2024\/10\/Velocicharge-Map-Expansion-2024.jpg","contentUrl":"https:\/\/www.jameslynn.com\/blog\/wp-content\/uploads\/2024\/10\/Velocicharge-Map-Expansion-2024.jpg","width":1500,"height":1000,"caption":"Mapa de expansi\u00f3n de la Red de Carga R\u00e1pida Velocicharge"},{"@type":"WebPage","@id":"https:\/\/www.jameslynn.com\/blog\/2024\/10\/15\/velocicharge-expande-su-red-de-carga-rapida-para-autos-electricos\/#webpage","url":"https:\/\/www.jameslynn.com\/blog\/2024\/10\/15\/velocicharge-expande-su-red-de-carga-rapida-para-autos-electricos\/","name":"Velocicharge expande su Red de Carga R\u00e1pida para Autos El\u00e9ctricos - James Lynn : Tecnolog\u00eda y vida digital","isPartOf":{"@id":"https:\/\/www.jameslynn.com\/blog\/#website"},"primaryImageOfPage":{"@id":"https:\/\/www.jameslynn.com\/blog\/2024\/10\/15\/velocicharge-expande-su-red-de-carga-rapida-para-autos-electricos\/#primaryimage"},"datePublished":"2024-10-16T01:23:00+00:00","dateModified":"2024-10-16T01:23:06+00:00","author":{"@id":"https:\/\/www.jameslynn.com\/blog\/#\/schema\/person\/4439f3e96c27ac4b98b29b03848f8108"},"breadcrumb":{"@id":"https:\/\/www.jameslynn.com\/blog\/2024\/10\/15\/velocicharge-expande-su-red-de-carga-rapida-para-autos-electricos\/#breadcrumb"},"inLanguage":"en-US","potentialAction":[{"@type":"ReadAction","target":["https:\/\/www.jameslynn.com\/blog\/2024\/10\/15\/velocicharge-expande-su-red-de-carga-rapida-para-autos-electricos\/"]}]},{"@type":"BreadcrumbList","@id":"https:\/\/www.jameslynn.com\/blog\/2024\/10\/15\/velocicharge-expande-su-red-de-carga-rapida-para-autos-electricos\/#breadcrumb","itemListElement":[{"@type":"ListItem","position":1,"name":"Home","item":"https:\/\/www.jameslynn.com\/blog\/"},{"@type":"ListItem","position":2,"name":"Velocicharge expande su Red de Carga R\u00e1pida para Autos El\u00e9ctricos"}]},{"@type":"Person","@id":"https:\/\/www.jameslynn.com\/blog\/#\/schema\/person\/4439f3e96c27ac4b98b29b03848f8108","name":"James Lynn","image":{"@type":"ImageObject","@id":"https:\/\/www.jameslynn.com\/blog\/#personlogo","inLanguage":"en-US","url":"https:\/\/secure.gravatar.com\/avatar\/2dcd2635cd0622bf457f25788f8c478b?s=96&d=mm&r=pg","contentUrl":"https:\/\/secure.gravatar.com\/avatar\/2dcd2635cd0622bf457f25788f8c478b?s=96&d=mm&r=pg","caption":"James Lynn"},"description":"Tech blogger, podcaster, live streamer, graphic designer, photographer, multimedia artist and university professor living in San Juan, Puerto Rico.","sameAs":["http:\/\/www.jameslynn.com"],"url":"https:\/\/www.jameslynn.com\/blog\/author\/jameslynn\/"}]}},"jetpack_featured_media_url":"https:\/\/www.jameslynn.com\/blog\/wp-content\/uploads\/2024\/10\/Velocicharge-Map-Expansion-2024.jpg","jetpack_publicize_connections":[],"jetpack_shortlink":"https:\/\/wp.me\/p2kNF7-15l","_links":{"self":[{"href":"https:\/\/www.jameslynn.com\/blog\/wp-json\/wp\/v2\/posts\/4175"}],"collection":[{"href":"https:\/\/www.jameslynn.com\/blog\/wp-json\/wp\/v2\/posts"}],"about":[{"href":"https:\/\/www.jameslynn.com\/blog\/wp-json\/wp\/v2\/types\/post"}],"author":[{"embeddable":true,"href":"https:\/\/www.jameslynn.com\/blog\/wp-json\/wp\/v2\/users\/32"}],"replies":[{"embeddable":true,"href":"https:\/\/www.jameslynn.com\/blog\/wp-json\/wp\/v2\/comments?post=4175"}],"version-history":[{"count":5,"href":"https:\/\/www.jameslynn.com\/blog\/wp-json\/wp\/v2\/posts\/4175\/revisions"}],"predecessor-version":[{"id":4183,"href":"https:\/\/www.jameslynn.com\/blog\/wp-json\/wp\/v2\/posts\/4175\/revisions\/4183"}],"wp:featuredmedia":[{"embeddable":true,"href":"https:\/\/www.jameslynn.com\/blog\/wp-json\/wp\/v2\/media\/4178"}],"wp:attachment":[{"href":"https:\/\/www.jameslynn.com\/blog\/wp-json\/wp\/v2\/media?parent=4175"}],"wp:term":[{"taxonomy":"category","embeddable":true,"href":"https:\/\/www.jameslynn.com\/blog\/wp-json\/wp\/v2\/categories?post=4175"},{"taxonomy":"post_tag","embeddable":true,"href":"https:\/\/www.jameslynn.com\/blog\/wp-json\/wp\/v2\/tags?post=4175"}],"curies":[{"name":"wp","href":"https:\/\/api.w.org\/{rel}","templated":true}]}}