{"id":4030,"date":"2024-08-26T10:45:14","date_gmt":"2024-08-26T14:45:14","guid":{"rendered":"https:\/\/www.jameslynn.com\/blog\/?p=4030"},"modified":"2024-08-26T10:46:07","modified_gmt":"2024-08-26T14:46:07","slug":"hecho-en-puerto-rico-anuncia-la-tercera-temporada-de-detras-del-sello","status":"publish","type":"post","link":"https:\/\/www.jameslynn.com\/blog\/2024\/08\/26\/hecho-en-puerto-rico-anuncia-la-tercera-temporada-de-detras-del-sello\/","title":{"rendered":"Hecho en Puerto Rico anuncia el lanzamiento de la tercera temporada de &#8220;Detr\u00e1s del Sello&#8221;"},"content":{"rendered":"\n<p>La Asociaci\u00f3n <strong><a href=\"https:\/\/www.hechoen.pr\/\" target=\"_blank\" rel=\"noreferrer noopener\">Hecho en Puerto Rico (HEPR)<\/a><\/strong> anunci\u00f3 el lanzamiento de la tercera temporada de su aclamada serie <strong><a href=\"https:\/\/www.youtube.com\/watch?v=GvFB7oDRhvI&amp;list=PL5d6ApJM7skF374Pb2h5vhcnZ6AcKrUqZ\" target=\"_blank\" rel=\"noreferrer noopener\">&#8220;Detr\u00e1s del Sello&#8221;<\/a><\/strong>, una colaboraci\u00f3n con el Departamento de Desarrollo Econ\u00f3mico y Comercio (DDEC), que resalta historias inspiradoras de empresarios puertorrique\u00f1os y la calidad de los productos y servicios hechos en la isla. &nbsp;<\/p>\n\n\n\n<p>&#8220;&#8216;Detr\u00e1s del Sello&#8217; es un testimonio de la creatividad, el esfuerzo y la resiliencia de nuestros empresarios. Estamos orgullosos de seguir contando sus historias y de resaltar el talento local que hace de Puerto Rico un lugar \u00fanico. Invitamos a todos a que la vean y la compartan. Hay muchas cosas buenas pasando en Puerto Rico que merecen ser contadas. Las historias que ver\u00e1n en la serie son inspiradoras&nbsp; y demuestran que s\u00ed se puede ser emprendedor en Puerto Rico. Es fundamental que sigamos apoyando y promoviendo estas historias, ya que son un reflejo del potencial ilimitado de nuestra isla,&#8221; explic\u00f3 Mateo Cidre, presidente de la Asociaci\u00f3n Hecho en Puerto Rico.<\/p>\n\n\n\n<figure class=\"wp-block-embed is-type-video is-provider-youtube wp-block-embed-youtube wp-embed-aspect-16-9 wp-has-aspect-ratio\"><div class=\"wp-block-embed__wrapper\">\n<span class=\"embed-youtube\" style=\"text-align:center; display: block;\"><iframe loading=\"lazy\" class=\"youtube-player\" width=\"1200\" height=\"675\" src=\"https:\/\/www.youtube.com\/embed\/agiIgfyiUMw?version=3&#038;rel=1&#038;showsearch=0&#038;showinfo=1&#038;iv_load_policy=1&#038;fs=1&#038;hl=en-US&#038;autohide=2&#038;wmode=transparent\" allowfullscreen=\"true\" style=\"border:0;\" sandbox=\"allow-scripts allow-same-origin allow-popups allow-presentation\"><\/iframe><\/span>\n<\/div><\/figure>\n\n\n\n<p>La tercera temporada de &#8220;Detr\u00e1s del Sello&#8221; destacar\u00e1 a 10 empresas locales, mostrando el impacto positivo que tienen en sus comunidades y el papel vital que juegan en el fortalecimiento de la econom\u00eda puertorrique\u00f1a. Las empresas presentandas en esta tercera temporada son: <strong>Do\u00f1a Lola, Montero, La Ceba, Honeywell, Ganaderos Borges, Marey, GoldPack, Napito, Haleon <\/strong>y<strong> Terumo.<\/strong><\/p>\n\n\n\n<p>\u201cDetr\u00e1s del Sello resalta las historias de \u00e9xito de nuestros empresarios puertorrique\u00f1os. Este proyecto, que hemos apoyado desde su inicio, no solo celebra la excelencia y la innovaci\u00f3n de nuestros empresarios, tambi\u00e9n expone la capacidad de Puerto Rico para competir a nivel global con productos y servicios de la m\u00e1s alta calidad. A su vez, emplaza a todos los puertorrique\u00f1os a consumir los productos Hecho en Puerto Rico\u201d, expres\u00f3 Manuel Cidre Miranda, secretario del DDEC.<\/p>\n\n\n\n<p>Los episodios de <strong><a href=\"https:\/\/www.youtube.com\/watch?v=GvFB7oDRhvI&amp;list=PL5d6ApJM7skF374Pb2h5vhcnZ6AcKrUqZ\" target=\"_blank\" rel=\"noreferrer noopener\">&#8220;Detr\u00e1s del Sello&#8221;<\/a><\/strong> se publicar\u00e1n semanalmente los mi\u00e9rcoles, en el <strong><a href=\"https:\/\/www.youtube.com\/watch?v=GvFB7oDRhvI&amp;list=PL5d6ApJM7skF374Pb2h5vhcnZ6AcKrUqZ\" target=\"_blank\" rel=\"noreferrer noopener\">canal de Youtube de HEPR<\/a><\/strong>. Desde su creaci\u00f3n, la serie, ha capturado la esencia y el valor de las industrias puertorrique\u00f1as, convirti\u00e9ndose en un pilar fundamental para la amplificaci\u00f3n y exposici\u00f3n de lo Hecho en Puerto Rico. El pasado a\u00f1o, la serie logr\u00f3 2.5 millones de impresiones, y alcanz\u00f3 a 2.2 millones de personas.<\/p>\n","protected":false},"excerpt":{"rendered":"<p>La Asociaci\u00f3n Hecho en Puerto Rico (HEPR) anunci\u00f3 el lanzamiento de la tercera temporada de su aclamada serie &#8220;Detr\u00e1s del Sello&#8221;, una colaboraci\u00f3n con el Departamento<span class=\"excerpt-hellip\"> [\u2026]<\/span><\/p>\n","protected":false},"author":32,"featured_media":4032,"comment_status":"open","ping_status":"open","sticky":false,"template":"","format":"standard","meta":{"om_disable_all_campaigns":false,"_monsterinsights_skip_tracking":false,"_monsterinsights_sitenote_active":false,"_monsterinsights_sitenote_note":"","_monsterinsights_sitenote_category":0,"spay_email":"","jetpack_publicize_message":"","jetpack_is_tweetstorm":false,"jetpack_publicize_feature_enabled":true},"categories":[924],"tags":[1179,1440],"aioseo_notices":[],"yoast_head":"<!-- This site is optimized with the Yoast SEO plugin v17.7.1 - https:\/\/yoast.com\/wordpress\/plugins\/seo\/ -->\n<title>Hecho en Puerto Rico anuncia el lanzamiento de la tercera temporada de &quot;Detr\u00e1s del Sello&quot; - James Lynn : Tecnolog\u00eda y vida digital<\/title>\n<meta name=\"robots\" content=\"index, follow, max-snippet:-1, max-image-preview:large, max-video-preview:-1\" \/>\n<link rel=\"canonical\" href=\"https:\/\/www.jameslynn.com\/blog\/2024\/08\/26\/hecho-en-puerto-rico-anuncia-la-tercera-temporada-de-detras-del-sello\/\" \/>\n<meta property=\"og:locale\" content=\"en_US\" \/>\n<meta property=\"og:type\" content=\"article\" \/>\n<meta property=\"og:title\" content=\"Hecho en Puerto Rico anuncia el lanzamiento de la tercera temporada de &quot;Detr\u00e1s del Sello&quot; - James Lynn : Tecnolog\u00eda y vida digital\" \/>\n<meta property=\"og:description\" content=\"La Asociaci\u00f3n Hecho en Puerto Rico (HEPR) anunci\u00f3 el lanzamiento de la tercera temporada de su aclamada serie &#8220;Detr\u00e1s del Sello&#8221;, una colaboraci\u00f3n con el Departamento [\u2026]\" \/>\n<meta property=\"og:url\" content=\"https:\/\/www.jameslynn.com\/blog\/2024\/08\/26\/hecho-en-puerto-rico-anuncia-la-tercera-temporada-de-detras-del-sello\/\" \/>\n<meta property=\"og:site_name\" content=\"James Lynn : Tecnolog\u00eda y vida digital\" \/>\n<meta property=\"article:published_time\" content=\"2024-08-26T14:45:14+00:00\" \/>\n<meta property=\"article:modified_time\" content=\"2024-08-26T14:46:07+00:00\" \/>\n<meta property=\"og:image\" content=\"https:\/\/www.jameslynn.com\/blog\/wp-content\/uploads\/2024\/08\/detras-de-sello-hecho-en-puerto-rico.jpg\" \/>\n\t<meta property=\"og:image:width\" content=\"1500\" \/>\n\t<meta property=\"og:image:height\" content=\"1000\" \/>\n<meta name=\"twitter:label1\" content=\"Written by\" \/>\n\t<meta name=\"twitter:data1\" content=\"James Lynn\" \/>\n\t<meta name=\"twitter:label2\" content=\"Est. reading time\" \/>\n\t<meta name=\"twitter:data2\" content=\"2 minutes\" \/>\n<script type=\"application\/ld+json\" class=\"yoast-schema-graph\">{\"@context\":\"https:\/\/schema.org\",\"@graph\":[{\"@type\":\"WebSite\",\"@id\":\"https:\/\/www.jameslynn.com\/blog\/#website\",\"url\":\"https:\/\/www.jameslynn.com\/blog\/\",\"name\":\"James Lynn : Tecnolog\\u00eda y vida digital\",\"description\":\"Tecnolog\\u00eda y vida digital\",\"potentialAction\":[{\"@type\":\"SearchAction\",\"target\":{\"@type\":\"EntryPoint\",\"urlTemplate\":\"https:\/\/www.jameslynn.com\/blog\/?s={search_term_string}\"},\"query-input\":\"required name=search_term_string\"}],\"inLanguage\":\"en-US\"},{\"@type\":\"ImageObject\",\"@id\":\"https:\/\/www.jameslynn.com\/blog\/2024\/08\/26\/hecho-en-puerto-rico-anuncia-la-tercera-temporada-de-detras-del-sello\/#primaryimage\",\"inLanguage\":\"en-US\",\"url\":\"https:\/\/www.jameslynn.com\/blog\/wp-content\/uploads\/2024\/08\/detras-de-sello-hecho-en-puerto-rico.jpg\",\"contentUrl\":\"https:\/\/www.jameslynn.com\/blog\/wp-content\/uploads\/2024\/08\/detras-de-sello-hecho-en-puerto-rico.jpg\",\"width\":1500,\"height\":1000,\"caption\":\"Logo Detr\\u00e1s del Sello\"},{\"@type\":\"WebPage\",\"@id\":\"https:\/\/www.jameslynn.com\/blog\/2024\/08\/26\/hecho-en-puerto-rico-anuncia-la-tercera-temporada-de-detras-del-sello\/#webpage\",\"url\":\"https:\/\/www.jameslynn.com\/blog\/2024\/08\/26\/hecho-en-puerto-rico-anuncia-la-tercera-temporada-de-detras-del-sello\/\",\"name\":\"Hecho en Puerto Rico anuncia el lanzamiento de la tercera temporada de \\\"Detr\\u00e1s del Sello\\\" - James Lynn : Tecnolog\\u00eda y vida digital\",\"isPartOf\":{\"@id\":\"https:\/\/www.jameslynn.com\/blog\/#website\"},\"primaryImageOfPage\":{\"@id\":\"https:\/\/www.jameslynn.com\/blog\/2024\/08\/26\/hecho-en-puerto-rico-anuncia-la-tercera-temporada-de-detras-del-sello\/#primaryimage\"},\"datePublished\":\"2024-08-26T14:45:14+00:00\",\"dateModified\":\"2024-08-26T14:46:07+00:00\",\"author\":{\"@id\":\"https:\/\/www.jameslynn.com\/blog\/#\/schema\/person\/4439f3e96c27ac4b98b29b03848f8108\"},\"breadcrumb\":{\"@id\":\"https:\/\/www.jameslynn.com\/blog\/2024\/08\/26\/hecho-en-puerto-rico-anuncia-la-tercera-temporada-de-detras-del-sello\/#breadcrumb\"},\"inLanguage\":\"en-US\",\"potentialAction\":[{\"@type\":\"ReadAction\",\"target\":[\"https:\/\/www.jameslynn.com\/blog\/2024\/08\/26\/hecho-en-puerto-rico-anuncia-la-tercera-temporada-de-detras-del-sello\/\"]}]},{\"@type\":\"BreadcrumbList\",\"@id\":\"https:\/\/www.jameslynn.com\/blog\/2024\/08\/26\/hecho-en-puerto-rico-anuncia-la-tercera-temporada-de-detras-del-sello\/#breadcrumb\",\"itemListElement\":[{\"@type\":\"ListItem\",\"position\":1,\"name\":\"Home\",\"item\":\"https:\/\/www.jameslynn.com\/blog\/\"},{\"@type\":\"ListItem\",\"position\":2,\"name\":\"Hecho en Puerto Rico anuncia el lanzamiento de la tercera temporada de &#8220;Detr\\u00e1s del Sello&#8221;\"}]},{\"@type\":\"Person\",\"@id\":\"https:\/\/www.jameslynn.com\/blog\/#\/schema\/person\/4439f3e96c27ac4b98b29b03848f8108\",\"name\":\"James Lynn\",\"image\":{\"@type\":\"ImageObject\",\"@id\":\"https:\/\/www.jameslynn.com\/blog\/#personlogo\",\"inLanguage\":\"en-US\",\"url\":\"https:\/\/secure.gravatar.com\/avatar\/2dcd2635cd0622bf457f25788f8c478b?s=96&d=mm&r=pg\",\"contentUrl\":\"https:\/\/secure.gravatar.com\/avatar\/2dcd2635cd0622bf457f25788f8c478b?s=96&d=mm&r=pg\",\"caption\":\"James Lynn\"},\"description\":\"Tech blogger, podcaster, live streamer, graphic designer, photographer, multimedia artist and university professor living in San Juan, Puerto Rico.\",\"sameAs\":[\"http:\/\/www.jameslynn.com\"],\"url\":\"https:\/\/www.jameslynn.com\/blog\/author\/jameslynn\/\"}]}<\/script>\n<!-- \/ Yoast SEO plugin. -->","yoast_head_json":{"title":"Hecho en Puerto Rico anuncia el lanzamiento de la tercera temporada de \"Detr\u00e1s del Sello\" - James Lynn : Tecnolog\u00eda y vida digital","robots":{"index":"index","follow":"follow","max-snippet":"max-snippet:-1","max-image-preview":"max-image-preview:large","max-video-preview":"max-video-preview:-1"},"canonical":"https:\/\/www.jameslynn.com\/blog\/2024\/08\/26\/hecho-en-puerto-rico-anuncia-la-tercera-temporada-de-detras-del-sello\/","og_locale":"en_US","og_type":"article","og_title":"Hecho en Puerto Rico anuncia el lanzamiento de la tercera temporada de \"Detr\u00e1s del Sello\" - James Lynn : Tecnolog\u00eda y vida digital","og_description":"La Asociaci\u00f3n Hecho en Puerto Rico (HEPR) anunci\u00f3 el lanzamiento de la tercera temporada de su aclamada serie &#8220;Detr\u00e1s del Sello&#8221;, una colaboraci\u00f3n con el Departamento [\u2026]","og_url":"https:\/\/www.jameslynn.com\/blog\/2024\/08\/26\/hecho-en-puerto-rico-anuncia-la-tercera-temporada-de-detras-del-sello\/","og_site_name":"James Lynn : Tecnolog\u00eda y vida digital","article_published_time":"2024-08-26T14:45:14+00:00","article_modified_time":"2024-08-26T14:46:07+00:00","og_image":[{"width":1500,"height":1000,"url":"https:\/\/www.jameslynn.com\/blog\/wp-content\/uploads\/2024\/08\/detras-de-sello-hecho-en-puerto-rico.jpg","type":"image\/jpeg"}],"twitter_misc":{"Written by":"James Lynn","Est. reading time":"2 minutes"},"schema":{"@context":"https:\/\/schema.org","@graph":[{"@type":"WebSite","@id":"https:\/\/www.jameslynn.com\/blog\/#website","url":"https:\/\/www.jameslynn.com\/blog\/","name":"James Lynn : Tecnolog\u00eda y vida digital","description":"Tecnolog\u00eda y vida digital","potentialAction":[{"@type":"SearchAction","target":{"@type":"EntryPoint","urlTemplate":"https:\/\/www.jameslynn.com\/blog\/?s={search_term_string}"},"query-input":"required name=search_term_string"}],"inLanguage":"en-US"},{"@type":"ImageObject","@id":"https:\/\/www.jameslynn.com\/blog\/2024\/08\/26\/hecho-en-puerto-rico-anuncia-la-tercera-temporada-de-detras-del-sello\/#primaryimage","inLanguage":"en-US","url":"https:\/\/www.jameslynn.com\/blog\/wp-content\/uploads\/2024\/08\/detras-de-sello-hecho-en-puerto-rico.jpg","contentUrl":"https:\/\/www.jameslynn.com\/blog\/wp-content\/uploads\/2024\/08\/detras-de-sello-hecho-en-puerto-rico.jpg","width":1500,"height":1000,"caption":"Logo Detr\u00e1s del Sello"},{"@type":"WebPage","@id":"https:\/\/www.jameslynn.com\/blog\/2024\/08\/26\/hecho-en-puerto-rico-anuncia-la-tercera-temporada-de-detras-del-sello\/#webpage","url":"https:\/\/www.jameslynn.com\/blog\/2024\/08\/26\/hecho-en-puerto-rico-anuncia-la-tercera-temporada-de-detras-del-sello\/","name":"Hecho en Puerto Rico anuncia el lanzamiento de la tercera temporada de \"Detr\u00e1s del Sello\" - James Lynn : Tecnolog\u00eda y vida digital","isPartOf":{"@id":"https:\/\/www.jameslynn.com\/blog\/#website"},"primaryImageOfPage":{"@id":"https:\/\/www.jameslynn.com\/blog\/2024\/08\/26\/hecho-en-puerto-rico-anuncia-la-tercera-temporada-de-detras-del-sello\/#primaryimage"},"datePublished":"2024-08-26T14:45:14+00:00","dateModified":"2024-08-26T14:46:07+00:00","author":{"@id":"https:\/\/www.jameslynn.com\/blog\/#\/schema\/person\/4439f3e96c27ac4b98b29b03848f8108"},"breadcrumb":{"@id":"https:\/\/www.jameslynn.com\/blog\/2024\/08\/26\/hecho-en-puerto-rico-anuncia-la-tercera-temporada-de-detras-del-sello\/#breadcrumb"},"inLanguage":"en-US","potentialAction":[{"@type":"ReadAction","target":["https:\/\/www.jameslynn.com\/blog\/2024\/08\/26\/hecho-en-puerto-rico-anuncia-la-tercera-temporada-de-detras-del-sello\/"]}]},{"@type":"BreadcrumbList","@id":"https:\/\/www.jameslynn.com\/blog\/2024\/08\/26\/hecho-en-puerto-rico-anuncia-la-tercera-temporada-de-detras-del-sello\/#breadcrumb","itemListElement":[{"@type":"ListItem","position":1,"name":"Home","item":"https:\/\/www.jameslynn.com\/blog\/"},{"@type":"ListItem","position":2,"name":"Hecho en Puerto Rico anuncia el lanzamiento de la tercera temporada de &#8220;Detr\u00e1s del Sello&#8221;"}]},{"@type":"Person","@id":"https:\/\/www.jameslynn.com\/blog\/#\/schema\/person\/4439f3e96c27ac4b98b29b03848f8108","name":"James Lynn","image":{"@type":"ImageObject","@id":"https:\/\/www.jameslynn.com\/blog\/#personlogo","inLanguage":"en-US","url":"https:\/\/secure.gravatar.com\/avatar\/2dcd2635cd0622bf457f25788f8c478b?s=96&d=mm&r=pg","contentUrl":"https:\/\/secure.gravatar.com\/avatar\/2dcd2635cd0622bf457f25788f8c478b?s=96&d=mm&r=pg","caption":"James Lynn"},"description":"Tech blogger, podcaster, live streamer, graphic designer, photographer, multimedia artist and university professor living in San Juan, Puerto Rico.","sameAs":["http:\/\/www.jameslynn.com"],"url":"https:\/\/www.jameslynn.com\/blog\/author\/jameslynn\/"}]}},"jetpack_featured_media_url":"https:\/\/www.jameslynn.com\/blog\/wp-content\/uploads\/2024\/08\/detras-de-sello-hecho-en-puerto-rico.jpg","jetpack_publicize_connections":[],"jetpack_shortlink":"https:\/\/wp.me\/p2kNF7-130","_links":{"self":[{"href":"https:\/\/www.jameslynn.com\/blog\/wp-json\/wp\/v2\/posts\/4030"}],"collection":[{"href":"https:\/\/www.jameslynn.com\/blog\/wp-json\/wp\/v2\/posts"}],"about":[{"href":"https:\/\/www.jameslynn.com\/blog\/wp-json\/wp\/v2\/types\/post"}],"author":[{"embeddable":true,"href":"https:\/\/www.jameslynn.com\/blog\/wp-json\/wp\/v2\/users\/32"}],"replies":[{"embeddable":true,"href":"https:\/\/www.jameslynn.com\/blog\/wp-json\/wp\/v2\/comments?post=4030"}],"version-history":[{"count":3,"href":"https:\/\/www.jameslynn.com\/blog\/wp-json\/wp\/v2\/posts\/4030\/revisions"}],"predecessor-version":[{"id":4034,"href":"https:\/\/www.jameslynn.com\/blog\/wp-json\/wp\/v2\/posts\/4030\/revisions\/4034"}],"wp:featuredmedia":[{"embeddable":true,"href":"https:\/\/www.jameslynn.com\/blog\/wp-json\/wp\/v2\/media\/4032"}],"wp:attachment":[{"href":"https:\/\/www.jameslynn.com\/blog\/wp-json\/wp\/v2\/media?parent=4030"}],"wp:term":[{"taxonomy":"category","embeddable":true,"href":"https:\/\/www.jameslynn.com\/blog\/wp-json\/wp\/v2\/categories?post=4030"},{"taxonomy":"post_tag","embeddable":true,"href":"https:\/\/www.jameslynn.com\/blog\/wp-json\/wp\/v2\/tags?post=4030"}],"curies":[{"name":"wp","href":"https:\/\/api.w.org\/{rel}","templated":true}]}}