{"id":3812,"date":"2024-05-20T23:40:01","date_gmt":"2024-05-21T03:40:01","guid":{"rendered":"https:\/\/www.jameslynn.com\/blog\/?p=3812"},"modified":"2024-05-21T08:46:02","modified_gmt":"2024-05-21T12:46:02","slug":"lenny-kravitz-protagonizara-el-espectaculo-inaugural-de-la-final-de-la-uefa-champions-league-presentado-por-pepsi","status":"publish","type":"post","link":"https:\/\/www.jameslynn.com\/blog\/2024\/05\/20\/lenny-kravitz-protagonizara-el-espectaculo-inaugural-de-la-final-de-la-uefa-champions-league-presentado-por-pepsi\/","title":{"rendered":"Lenny Kravitz protagonizar\u00e1 el espect\u00e1culo inaugural de la final de la UEFA Champions League Presentado por Pepsi\u00ae"},"content":{"rendered":"\n<p>A Pepsi\u00ae y la UEFA les da mucho gusto anunciar que el legendario m\u00fasico de rock Lenny Kravitz encabezar\u00e1 el Kick Off Show de la Final de la UEFA Champions League, que Pepsi presentar\u00e1 el 1 de junio en el estadio Wembley en Londres. Este es el octavo a\u00f1o que Pepsi y la UEFA celebran la final con su esperado espect\u00e1culo, un evento que sin duda ser\u00e1 una experiencia inolvidable, minutos antes de la mayor final en el calendario del f\u00fatbol de clubes.<\/p>\n\n\n\n<p>El artista, ganador de un Grammy y conocido por su din\u00e1mica presencia esc\u00e9nica y sus \u00e9xitos ic\u00f3nicos, lleva d\u00e9cadas cautivando al p\u00fablico con su singular estilo multig\u00e9nero y su magn\u00e9tica presencia esc\u00e9nica. Kravitz, que recientemente recibi\u00f3 una estrella en el Paseo de la Fama de Hollywood, ha estado concentrado en su esperado pr\u00f3ximo \u00e1lbum, Blue Electric Light. El cual est\u00e1 generando grandes expectaciones entre sus fans y cr\u00edticos por previo a su lanzamiento el 24 de mayo, justo una semana antes del Kick Off Show que presenta Pepsi antes de la Final de la UEFA Champions League.<\/p>\n\n\n\n<figure class=\"wp-block-embed is-type-video is-provider-youtube wp-block-embed-youtube wp-embed-aspect-16-9 wp-has-aspect-ratio\"><div class=\"wp-block-embed__wrapper\">\n<span class=\"embed-youtube\" style=\"text-align:center; display: block;\"><iframe loading=\"lazy\" class=\"youtube-player\" width=\"1200\" height=\"675\" src=\"https:\/\/www.youtube.com\/embed\/8vo1I_80Q2E?version=3&#038;rel=1&#038;showsearch=0&#038;showinfo=1&#038;iv_load_policy=1&#038;fs=1&#038;hl=en-US&#038;autohide=2&#038;wmode=transparent\" allowfullscreen=\"true\" style=\"border:0;\" sandbox=\"allow-scripts allow-same-origin allow-popups allow-presentation\"><\/iframe><\/span>\n<\/div><\/figure>\n\n\n\n<p>Para aumentar a\u00fan m\u00e1s el entusiasmo por la actuaci\u00f3n tan esperada, hoy Pepsi lanzar\u00e1 un en\u00e9rgico cortometraje titulado \u2018Wembley Is Blue | Lenny Kravitz x UCL Final Kick Off Show by Pepsi\u2019. En este corto, o\u00edmos los inconfundibles ecos del himno de la Liga de Campeones de la UEFA mientras Lenny Kravitz camina lentamente por el t\u00fanel del estadio de Wembley, brocha en mano, cubriendo las paredes de azul\u2026 dirigi\u00e9ndose a la cancha legendaria del estadio de Wembley. Vemos al rockstar pasar frente al majestuoso trofeo de la UEFA Champions League, antes de pisar el famoso c\u00e9sped del estadio, cuando la c\u00e1mara se aleja de repente para revelar un mural azul de su cara que cubre el terreno de juego y un estadio en efervescencia, todo ello en preparaci\u00f3n para el espect\u00e1culo m\u00e1s esperado de Londres.<\/p>\n\n\n\n<p>Kravitz coment\u00f3: \u201cMe muero de ganas de actuar en el Kick Off Show by Pepsi de la Final de la UEFA Champions League en Londres, una ciudad con un lugar especial en mi coraz\u00f3n. Va a ser un espect\u00e1culo fant\u00e1stico antes de una final que significa tanto para muchos de nosotros. Me emociona mostrarles todo lo que tenemos preparado\u201d.<\/p>\n\n\n\n<p>Eric Melis, vicepresidente de Marketing Global de Marca Pepsi en PepsiCo, puntualiz\u00f3: \u201cPor ser una marca con una amplia trayectoria tanto en la m\u00fasica como en el f\u00fatbol, nos enorgullece reunir de nuevo, en la ciudad anfitriona, a millones de espectadores de todo el mundo y traer a uno de los nombres m\u00e1s ic\u00f3nicos de la m\u00fasica para una actuaci\u00f3n electrizante en vivo desde el emblem\u00e1tico estadio de Wembley en Londres como sede de la m\u00fasica, el deporte y el entretenimiento. El Kick Off Show by Pepsi de la Final de la UEFA Champions League correr\u00e1 a cargo de una leyenda de la industria musical que dotar\u00e1 de dinamismo y energ\u00eda sin igual al espect\u00e1culo. Lenny Kravitz es alguien que siempre lo da todo y promueve el amor y la humanidad en su trabajo. Vive conforme a nuestra filosof\u00eda &#8220;Sed de m\u00e1s&#8221;, que celebra el anhelo de vivir intensamente, as\u00ed que estamos impacientes por ver c\u00f3mo reaccionan los fans a este espect\u00e1culo irrepetible&#8221;.<\/p>\n\n\n\n<p>Guy-Laurent Epstein, director de Marketing de la UEFA, agreg\u00f3: &#8220;El Kick Off Show que presenta Pepsi para la final de la UEFA Champions League de este a\u00f1o, desatar\u00e1 la euforia de los aficionados cuando el legendario icono del Rock and Roll, Lenny Kravitz, suba al escenario para ofrecer una de sus caracter\u00edsticas actuaciones antes de la final de la UEFA Champions League de este a\u00f1o. Nuestra larga y fruct\u00edfera asociaci\u00f3n con Pepsi nos llena de orgullo, ya que colaboramos para hacer que este partido tan esperado en el calendario futbol\u00edstico sea m\u00e1s memorable y entretenido para los asistentes en Wembley y los dem\u00e1s fan\u00e1ticos alrededor del mundo&#8221;.<\/p>\n\n\n\n<p>Nuevamente, Pepsi y la UEFA celebran la final de la UEFA Champions League con un espect\u00e1culo musical impresionante a cargo de los artistas m\u00e1s ic\u00f3nicos del mundo que une a los fans del f\u00fatbol y de la m\u00fasica a trav\u00e9s de entretenimiento de primer nivel. El Kick Off Show by Pepsi de la Final de la UEFA Champions League, la materializaci\u00f3n de la plataforma mundial de Pepsi &#8220;Sed de m\u00e1s&#8221;, se transmitir\u00e1 en m\u00e1s de 200 pa\u00edses y territorios de todo el mundo, minutos antes de que comience el partido m\u00e1s destacado del calendario de f\u00fatbol de clubes.<\/p>\n\n\n\n<p>Los aficionados podr\u00e1n ver el Kick Off Show a trav\u00e9s de su emisora local y del canal oficial de la UEFA en YouTube. Se anima a los aficionados a mantenerse informados siguiendo a Pepsi en Instagram, X (previamente Twitter) y Facebook.<\/p>\n\n\n\n<p><\/p>\n","protected":false},"excerpt":{"rendered":"<p>A Pepsi\u00ae y la UEFA les da mucho gusto anunciar que el legendario m\u00fasico de rock Lenny Kravitz encabezar\u00e1 el Kick Off Show de la Final<span class=\"excerpt-hellip\"> [\u2026]<\/span><\/p>\n","protected":false},"author":32,"featured_media":3814,"comment_status":"open","ping_status":"open","sticky":false,"template":"","format":"standard","meta":{"om_disable_all_campaigns":false,"_monsterinsights_skip_tracking":false,"_monsterinsights_sitenote_active":false,"_monsterinsights_sitenote_note":"","_monsterinsights_sitenote_category":0,"spay_email":"","jetpack_publicize_message":"","jetpack_is_tweetstorm":false,"jetpack_publicize_feature_enabled":true},"categories":[924],"tags":[1370,1319],"aioseo_notices":[],"yoast_head":"<!-- This site is optimized with the Yoast SEO plugin v17.7.1 - https:\/\/yoast.com\/wordpress\/plugins\/seo\/ -->\n<title>Lenny Kravitz protagonizar\u00e1 el espect\u00e1culo inaugural de la final de la UEFA Champions League Presentado por Pepsi\u00ae - James Lynn : Tecnolog\u00eda y vida digital<\/title>\n<meta name=\"robots\" content=\"index, follow, max-snippet:-1, max-image-preview:large, max-video-preview:-1\" \/>\n<link rel=\"canonical\" href=\"https:\/\/www.jameslynn.com\/blog\/2024\/05\/20\/lenny-kravitz-protagonizara-el-espectaculo-inaugural-de-la-final-de-la-uefa-champions-league-presentado-por-pepsi\/\" \/>\n<meta property=\"og:locale\" content=\"en_US\" \/>\n<meta property=\"og:type\" content=\"article\" \/>\n<meta property=\"og:title\" content=\"Lenny Kravitz protagonizar\u00e1 el espect\u00e1culo inaugural de la final de la UEFA Champions League Presentado por Pepsi\u00ae - James Lynn : Tecnolog\u00eda y vida digital\" \/>\n<meta property=\"og:description\" content=\"A Pepsi\u00ae y la UEFA les da mucho gusto anunciar que el legendario m\u00fasico de rock Lenny Kravitz encabezar\u00e1 el Kick Off Show de la Final [\u2026]\" \/>\n<meta property=\"og:url\" content=\"https:\/\/www.jameslynn.com\/blog\/2024\/05\/20\/lenny-kravitz-protagonizara-el-espectaculo-inaugural-de-la-final-de-la-uefa-champions-league-presentado-por-pepsi\/\" \/>\n<meta property=\"og:site_name\" content=\"James Lynn : Tecnolog\u00eda y vida digital\" \/>\n<meta property=\"article:published_time\" content=\"2024-05-21T03:40:01+00:00\" \/>\n<meta property=\"article:modified_time\" content=\"2024-05-21T12:46:02+00:00\" \/>\n<meta property=\"og:image\" content=\"https:\/\/www.jameslynn.com\/blog\/wp-content\/uploads\/2024\/05\/Lenny-kravits-pepsi.jpg\" \/>\n\t<meta property=\"og:image:width\" content=\"1500\" \/>\n\t<meta property=\"og:image:height\" content=\"1000\" \/>\n<meta name=\"twitter:label1\" content=\"Written by\" \/>\n\t<meta name=\"twitter:data1\" content=\"James Lynn\" \/>\n\t<meta name=\"twitter:label2\" content=\"Est. reading time\" \/>\n\t<meta name=\"twitter:data2\" content=\"4 minutes\" \/>\n<script type=\"application\/ld+json\" class=\"yoast-schema-graph\">{\"@context\":\"https:\/\/schema.org\",\"@graph\":[{\"@type\":\"WebSite\",\"@id\":\"https:\/\/www.jameslynn.com\/blog\/#website\",\"url\":\"https:\/\/www.jameslynn.com\/blog\/\",\"name\":\"James Lynn : Tecnolog\\u00eda y vida digital\",\"description\":\"Tecnolog\\u00eda y vida digital\",\"potentialAction\":[{\"@type\":\"SearchAction\",\"target\":{\"@type\":\"EntryPoint\",\"urlTemplate\":\"https:\/\/www.jameslynn.com\/blog\/?s={search_term_string}\"},\"query-input\":\"required name=search_term_string\"}],\"inLanguage\":\"en-US\"},{\"@type\":\"ImageObject\",\"@id\":\"https:\/\/www.jameslynn.com\/blog\/2024\/05\/20\/lenny-kravitz-protagonizara-el-espectaculo-inaugural-de-la-final-de-la-uefa-champions-league-presentado-por-pepsi\/#primaryimage\",\"inLanguage\":\"en-US\",\"url\":\"https:\/\/www.jameslynn.com\/blog\/wp-content\/uploads\/2024\/05\/Lenny-kravits-pepsi.jpg\",\"contentUrl\":\"https:\/\/www.jameslynn.com\/blog\/wp-content\/uploads\/2024\/05\/Lenny-kravits-pepsi.jpg\",\"width\":1500,\"height\":1000,\"caption\":\"Lenny kravits Pepsi\"},{\"@type\":\"WebPage\",\"@id\":\"https:\/\/www.jameslynn.com\/blog\/2024\/05\/20\/lenny-kravitz-protagonizara-el-espectaculo-inaugural-de-la-final-de-la-uefa-champions-league-presentado-por-pepsi\/#webpage\",\"url\":\"https:\/\/www.jameslynn.com\/blog\/2024\/05\/20\/lenny-kravitz-protagonizara-el-espectaculo-inaugural-de-la-final-de-la-uefa-champions-league-presentado-por-pepsi\/\",\"name\":\"Lenny Kravitz protagonizar\\u00e1 el espect\\u00e1culo inaugural de la final de la UEFA Champions League Presentado por Pepsi\\u00ae - James Lynn : Tecnolog\\u00eda y vida digital\",\"isPartOf\":{\"@id\":\"https:\/\/www.jameslynn.com\/blog\/#website\"},\"primaryImageOfPage\":{\"@id\":\"https:\/\/www.jameslynn.com\/blog\/2024\/05\/20\/lenny-kravitz-protagonizara-el-espectaculo-inaugural-de-la-final-de-la-uefa-champions-league-presentado-por-pepsi\/#primaryimage\"},\"datePublished\":\"2024-05-21T03:40:01+00:00\",\"dateModified\":\"2024-05-21T12:46:02+00:00\",\"author\":{\"@id\":\"https:\/\/www.jameslynn.com\/blog\/#\/schema\/person\/4439f3e96c27ac4b98b29b03848f8108\"},\"breadcrumb\":{\"@id\":\"https:\/\/www.jameslynn.com\/blog\/2024\/05\/20\/lenny-kravitz-protagonizara-el-espectaculo-inaugural-de-la-final-de-la-uefa-champions-league-presentado-por-pepsi\/#breadcrumb\"},\"inLanguage\":\"en-US\",\"potentialAction\":[{\"@type\":\"ReadAction\",\"target\":[\"https:\/\/www.jameslynn.com\/blog\/2024\/05\/20\/lenny-kravitz-protagonizara-el-espectaculo-inaugural-de-la-final-de-la-uefa-champions-league-presentado-por-pepsi\/\"]}]},{\"@type\":\"BreadcrumbList\",\"@id\":\"https:\/\/www.jameslynn.com\/blog\/2024\/05\/20\/lenny-kravitz-protagonizara-el-espectaculo-inaugural-de-la-final-de-la-uefa-champions-league-presentado-por-pepsi\/#breadcrumb\",\"itemListElement\":[{\"@type\":\"ListItem\",\"position\":1,\"name\":\"Home\",\"item\":\"https:\/\/www.jameslynn.com\/blog\/\"},{\"@type\":\"ListItem\",\"position\":2,\"name\":\"Lenny Kravitz protagonizar\\u00e1 el espect\\u00e1culo inaugural de la final de la UEFA Champions League Presentado por Pepsi\\u00ae\"}]},{\"@type\":\"Person\",\"@id\":\"https:\/\/www.jameslynn.com\/blog\/#\/schema\/person\/4439f3e96c27ac4b98b29b03848f8108\",\"name\":\"James Lynn\",\"image\":{\"@type\":\"ImageObject\",\"@id\":\"https:\/\/www.jameslynn.com\/blog\/#personlogo\",\"inLanguage\":\"en-US\",\"url\":\"https:\/\/secure.gravatar.com\/avatar\/2dcd2635cd0622bf457f25788f8c478b?s=96&d=mm&r=pg\",\"contentUrl\":\"https:\/\/secure.gravatar.com\/avatar\/2dcd2635cd0622bf457f25788f8c478b?s=96&d=mm&r=pg\",\"caption\":\"James Lynn\"},\"description\":\"Tech blogger, podcaster, live streamer, graphic designer, photographer, multimedia artist and university professor living in San Juan, Puerto Rico.\",\"sameAs\":[\"http:\/\/www.jameslynn.com\"],\"url\":\"https:\/\/www.jameslynn.com\/blog\/author\/jameslynn\/\"}]}<\/script>\n<!-- \/ Yoast SEO plugin. -->","yoast_head_json":{"title":"Lenny Kravitz protagonizar\u00e1 el espect\u00e1culo inaugural de la final de la UEFA Champions League Presentado por Pepsi\u00ae - James Lynn : Tecnolog\u00eda y vida digital","robots":{"index":"index","follow":"follow","max-snippet":"max-snippet:-1","max-image-preview":"max-image-preview:large","max-video-preview":"max-video-preview:-1"},"canonical":"https:\/\/www.jameslynn.com\/blog\/2024\/05\/20\/lenny-kravitz-protagonizara-el-espectaculo-inaugural-de-la-final-de-la-uefa-champions-league-presentado-por-pepsi\/","og_locale":"en_US","og_type":"article","og_title":"Lenny Kravitz protagonizar\u00e1 el espect\u00e1culo inaugural de la final de la UEFA Champions League Presentado por Pepsi\u00ae - James Lynn : Tecnolog\u00eda y vida digital","og_description":"A Pepsi\u00ae y la UEFA les da mucho gusto anunciar que el legendario m\u00fasico de rock Lenny Kravitz encabezar\u00e1 el Kick Off Show de la Final [\u2026]","og_url":"https:\/\/www.jameslynn.com\/blog\/2024\/05\/20\/lenny-kravitz-protagonizara-el-espectaculo-inaugural-de-la-final-de-la-uefa-champions-league-presentado-por-pepsi\/","og_site_name":"James Lynn : Tecnolog\u00eda y vida digital","article_published_time":"2024-05-21T03:40:01+00:00","article_modified_time":"2024-05-21T12:46:02+00:00","og_image":[{"width":1500,"height":1000,"url":"https:\/\/www.jameslynn.com\/blog\/wp-content\/uploads\/2024\/05\/Lenny-kravits-pepsi.jpg","type":"image\/jpeg"}],"twitter_misc":{"Written by":"James Lynn","Est. reading time":"4 minutes"},"schema":{"@context":"https:\/\/schema.org","@graph":[{"@type":"WebSite","@id":"https:\/\/www.jameslynn.com\/blog\/#website","url":"https:\/\/www.jameslynn.com\/blog\/","name":"James Lynn : Tecnolog\u00eda y vida digital","description":"Tecnolog\u00eda y vida digital","potentialAction":[{"@type":"SearchAction","target":{"@type":"EntryPoint","urlTemplate":"https:\/\/www.jameslynn.com\/blog\/?s={search_term_string}"},"query-input":"required name=search_term_string"}],"inLanguage":"en-US"},{"@type":"ImageObject","@id":"https:\/\/www.jameslynn.com\/blog\/2024\/05\/20\/lenny-kravitz-protagonizara-el-espectaculo-inaugural-de-la-final-de-la-uefa-champions-league-presentado-por-pepsi\/#primaryimage","inLanguage":"en-US","url":"https:\/\/www.jameslynn.com\/blog\/wp-content\/uploads\/2024\/05\/Lenny-kravits-pepsi.jpg","contentUrl":"https:\/\/www.jameslynn.com\/blog\/wp-content\/uploads\/2024\/05\/Lenny-kravits-pepsi.jpg","width":1500,"height":1000,"caption":"Lenny kravits Pepsi"},{"@type":"WebPage","@id":"https:\/\/www.jameslynn.com\/blog\/2024\/05\/20\/lenny-kravitz-protagonizara-el-espectaculo-inaugural-de-la-final-de-la-uefa-champions-league-presentado-por-pepsi\/#webpage","url":"https:\/\/www.jameslynn.com\/blog\/2024\/05\/20\/lenny-kravitz-protagonizara-el-espectaculo-inaugural-de-la-final-de-la-uefa-champions-league-presentado-por-pepsi\/","name":"Lenny Kravitz protagonizar\u00e1 el espect\u00e1culo inaugural de la final de la UEFA Champions League Presentado por Pepsi\u00ae - James Lynn : Tecnolog\u00eda y vida digital","isPartOf":{"@id":"https:\/\/www.jameslynn.com\/blog\/#website"},"primaryImageOfPage":{"@id":"https:\/\/www.jameslynn.com\/blog\/2024\/05\/20\/lenny-kravitz-protagonizara-el-espectaculo-inaugural-de-la-final-de-la-uefa-champions-league-presentado-por-pepsi\/#primaryimage"},"datePublished":"2024-05-21T03:40:01+00:00","dateModified":"2024-05-21T12:46:02+00:00","author":{"@id":"https:\/\/www.jameslynn.com\/blog\/#\/schema\/person\/4439f3e96c27ac4b98b29b03848f8108"},"breadcrumb":{"@id":"https:\/\/www.jameslynn.com\/blog\/2024\/05\/20\/lenny-kravitz-protagonizara-el-espectaculo-inaugural-de-la-final-de-la-uefa-champions-league-presentado-por-pepsi\/#breadcrumb"},"inLanguage":"en-US","potentialAction":[{"@type":"ReadAction","target":["https:\/\/www.jameslynn.com\/blog\/2024\/05\/20\/lenny-kravitz-protagonizara-el-espectaculo-inaugural-de-la-final-de-la-uefa-champions-league-presentado-por-pepsi\/"]}]},{"@type":"BreadcrumbList","@id":"https:\/\/www.jameslynn.com\/blog\/2024\/05\/20\/lenny-kravitz-protagonizara-el-espectaculo-inaugural-de-la-final-de-la-uefa-champions-league-presentado-por-pepsi\/#breadcrumb","itemListElement":[{"@type":"ListItem","position":1,"name":"Home","item":"https:\/\/www.jameslynn.com\/blog\/"},{"@type":"ListItem","position":2,"name":"Lenny Kravitz protagonizar\u00e1 el espect\u00e1culo inaugural de la final de la UEFA Champions League Presentado por Pepsi\u00ae"}]},{"@type":"Person","@id":"https:\/\/www.jameslynn.com\/blog\/#\/schema\/person\/4439f3e96c27ac4b98b29b03848f8108","name":"James Lynn","image":{"@type":"ImageObject","@id":"https:\/\/www.jameslynn.com\/blog\/#personlogo","inLanguage":"en-US","url":"https:\/\/secure.gravatar.com\/avatar\/2dcd2635cd0622bf457f25788f8c478b?s=96&d=mm&r=pg","contentUrl":"https:\/\/secure.gravatar.com\/avatar\/2dcd2635cd0622bf457f25788f8c478b?s=96&d=mm&r=pg","caption":"James Lynn"},"description":"Tech blogger, podcaster, live streamer, graphic designer, photographer, multimedia artist and university professor living in San Juan, Puerto Rico.","sameAs":["http:\/\/www.jameslynn.com"],"url":"https:\/\/www.jameslynn.com\/blog\/author\/jameslynn\/"}]}},"jetpack_featured_media_url":"https:\/\/www.jameslynn.com\/blog\/wp-content\/uploads\/2024\/05\/Lenny-kravits-pepsi.jpg","jetpack_publicize_connections":[],"jetpack_shortlink":"https:\/\/wp.me\/p2kNF7-Zu","_links":{"self":[{"href":"https:\/\/www.jameslynn.com\/blog\/wp-json\/wp\/v2\/posts\/3812"}],"collection":[{"href":"https:\/\/www.jameslynn.com\/blog\/wp-json\/wp\/v2\/posts"}],"about":[{"href":"https:\/\/www.jameslynn.com\/blog\/wp-json\/wp\/v2\/types\/post"}],"author":[{"embeddable":true,"href":"https:\/\/www.jameslynn.com\/blog\/wp-json\/wp\/v2\/users\/32"}],"replies":[{"embeddable":true,"href":"https:\/\/www.jameslynn.com\/blog\/wp-json\/wp\/v2\/comments?post=3812"}],"version-history":[{"count":2,"href":"https:\/\/www.jameslynn.com\/blog\/wp-json\/wp\/v2\/posts\/3812\/revisions"}],"predecessor-version":[{"id":3815,"href":"https:\/\/www.jameslynn.com\/blog\/wp-json\/wp\/v2\/posts\/3812\/revisions\/3815"}],"wp:featuredmedia":[{"embeddable":true,"href":"https:\/\/www.jameslynn.com\/blog\/wp-json\/wp\/v2\/media\/3814"}],"wp:attachment":[{"href":"https:\/\/www.jameslynn.com\/blog\/wp-json\/wp\/v2\/media?parent=3812"}],"wp:term":[{"taxonomy":"category","embeddable":true,"href":"https:\/\/www.jameslynn.com\/blog\/wp-json\/wp\/v2\/categories?post=3812"},{"taxonomy":"post_tag","embeddable":true,"href":"https:\/\/www.jameslynn.com\/blog\/wp-json\/wp\/v2\/tags?post=3812"}],"curies":[{"name":"wp","href":"https:\/\/api.w.org\/{rel}","templated":true}]}}