{"id":3732,"date":"2024-04-08T18:26:21","date_gmt":"2024-04-08T22:26:21","guid":{"rendered":"https:\/\/www.jameslynn.com\/blog\/?p=3732"},"modified":"2024-04-08T18:26:22","modified_gmt":"2024-04-08T22:26:22","slug":"toyota-prius-gana-el-premio-diseno-del-ano-2024-por-world-car","status":"publish","type":"post","link":"https:\/\/www.jameslynn.com\/blog\/2024\/04\/08\/toyota-prius-gana-el-premio-diseno-del-ano-2024-por-world-car\/","title":{"rendered":"Toyota Prius gana el premio Dise\u00f1o del A\u00f1o 2024 por World Car"},"content":{"rendered":"\n<p>Desde su audaz redise\u00f1o en 2023, el Toyota Prius ha llamado la atenci\u00f3n y ha recibido grandes elogios por su estilo exterior deportivo y su elegante silueta. Este premio m\u00e1s reciente es un gran honor para el revolucionario sed\u00e1n h\u00edbrido, ya que Prius ha sido reconocido por World Car con el premio Dise\u00f1o del A\u00f1o 2024, superando a otros 70 competidores por la victoria.<\/p>\n\n\n\n<p>&#8220;Nos sentimos honrados de ser reconocidos como Dise\u00f1o del A\u00f1o&#8221;, dijo la vicepresidenta y gerente general de Toyota de Puerto Rico, Jaycie Dane. \u201cNuestros equipos de dise\u00f1o e ingenier\u00eda reinventaron lo que podr\u00eda ser este ic\u00f3nico veh\u00edculo h\u00edbrido y la respuesta de nuestros clientes ha sido incre\u00edble. Estamos encantados de que el jurado de World Car haya quedado igualmente cautivado por el impresionante dise\u00f1o\u201d.<\/p>\n\n\n\n<p>Impulsado por el sistema h\u00edbrido Toyota de quinta generaci\u00f3n con motor de 2.0 L, el nuevo Prius logra una incre\u00edble clasificaci\u00f3n EPA de hasta 57 MPG combinadas y tiene una potencia de 194 caballos de fuerza en el modelo con tracci\u00f3n FWD. El Toyota Prius est\u00e1 repleto de opciones y tecnolog\u00eda como el sistema de audio multimedia Toyota Audio y viene de f\u00e1brica con Toyota Safety Sense 3.0. La nueva generaci\u00f3n del Toyota Prius ha acumulado 24 premios y reconocimientos de la industria automotriz. &nbsp; &nbsp; &nbsp;<\/p>\n","protected":false},"excerpt":{"rendered":"<p>Desde su audaz redise\u00f1o en 2023, el Toyota Prius ha llamado la atenci\u00f3n y ha recibido grandes elogios por su estilo exterior deportivo y su elegante<span class=\"excerpt-hellip\"> [\u2026]<\/span><\/p>\n","protected":false},"author":32,"featured_media":3734,"comment_status":"open","ping_status":"open","sticky":false,"template":"","format":"standard","meta":{"om_disable_all_campaigns":false,"_monsterinsights_skip_tracking":false,"_monsterinsights_sitenote_active":false,"_monsterinsights_sitenote_note":"","_monsterinsights_sitenote_category":0,"spay_email":"","jetpack_publicize_message":"","jetpack_is_tweetstorm":false,"jetpack_publicize_feature_enabled":true},"categories":[634],"tags":[1261,1340,1323,1341],"aioseo_notices":[],"yoast_head":"<!-- This site is optimized with the Yoast SEO plugin v17.7.1 - https:\/\/yoast.com\/wordpress\/plugins\/seo\/ -->\n<title>Toyota Prius gana el premio Dise\u00f1o del A\u00f1o 2024 por World Car - James Lynn : Tecnolog\u00eda y vida digital<\/title>\n<meta name=\"robots\" content=\"index, follow, max-snippet:-1, max-image-preview:large, max-video-preview:-1\" \/>\n<link rel=\"canonical\" href=\"https:\/\/www.jameslynn.com\/blog\/2024\/04\/08\/toyota-prius-gana-el-premio-diseno-del-ano-2024-por-world-car\/\" \/>\n<meta property=\"og:locale\" content=\"en_US\" \/>\n<meta property=\"og:type\" content=\"article\" \/>\n<meta property=\"og:title\" content=\"Toyota Prius gana el premio Dise\u00f1o del A\u00f1o 2024 por World Car - James Lynn : Tecnolog\u00eda y vida digital\" \/>\n<meta property=\"og:description\" content=\"Desde su audaz redise\u00f1o en 2023, el Toyota Prius ha llamado la atenci\u00f3n y ha recibido grandes elogios por su estilo exterior deportivo y su elegante [\u2026]\" \/>\n<meta property=\"og:url\" content=\"https:\/\/www.jameslynn.com\/blog\/2024\/04\/08\/toyota-prius-gana-el-premio-diseno-del-ano-2024-por-world-car\/\" \/>\n<meta property=\"og:site_name\" content=\"James Lynn : Tecnolog\u00eda y vida digital\" \/>\n<meta property=\"article:published_time\" content=\"2024-04-08T22:26:21+00:00\" \/>\n<meta property=\"article:modified_time\" content=\"2024-04-08T22:26:22+00:00\" \/>\n<meta property=\"og:image\" content=\"https:\/\/www.jameslynn.com\/blog\/wp-content\/uploads\/2024\/04\/toyota-prius-limited-2024.jpg\" \/>\n\t<meta property=\"og:image:width\" content=\"1500\" \/>\n\t<meta property=\"og:image:height\" content=\"1000\" \/>\n<meta name=\"twitter:label1\" content=\"Written by\" \/>\n\t<meta name=\"twitter:data1\" content=\"James Lynn\" \/>\n\t<meta name=\"twitter:label2\" content=\"Est. reading time\" \/>\n\t<meta name=\"twitter:data2\" content=\"1 minute\" \/>\n<script type=\"application\/ld+json\" class=\"yoast-schema-graph\">{\"@context\":\"https:\/\/schema.org\",\"@graph\":[{\"@type\":\"WebSite\",\"@id\":\"https:\/\/www.jameslynn.com\/blog\/#website\",\"url\":\"https:\/\/www.jameslynn.com\/blog\/\",\"name\":\"James Lynn : Tecnolog\\u00eda y vida digital\",\"description\":\"Tecnolog\\u00eda y vida digital\",\"potentialAction\":[{\"@type\":\"SearchAction\",\"target\":{\"@type\":\"EntryPoint\",\"urlTemplate\":\"https:\/\/www.jameslynn.com\/blog\/?s={search_term_string}\"},\"query-input\":\"required name=search_term_string\"}],\"inLanguage\":\"en-US\"},{\"@type\":\"ImageObject\",\"@id\":\"https:\/\/www.jameslynn.com\/blog\/2024\/04\/08\/toyota-prius-gana-el-premio-diseno-del-ano-2024-por-world-car\/#primaryimage\",\"inLanguage\":\"en-US\",\"url\":\"https:\/\/www.jameslynn.com\/blog\/wp-content\/uploads\/2024\/04\/toyota-prius-limited-2024.jpg\",\"contentUrl\":\"https:\/\/www.jameslynn.com\/blog\/wp-content\/uploads\/2024\/04\/toyota-prius-limited-2024.jpg\",\"width\":1500,\"height\":1000,\"caption\":\"Toyota Prius Limited\"},{\"@type\":\"WebPage\",\"@id\":\"https:\/\/www.jameslynn.com\/blog\/2024\/04\/08\/toyota-prius-gana-el-premio-diseno-del-ano-2024-por-world-car\/#webpage\",\"url\":\"https:\/\/www.jameslynn.com\/blog\/2024\/04\/08\/toyota-prius-gana-el-premio-diseno-del-ano-2024-por-world-car\/\",\"name\":\"Toyota Prius gana el premio Dise\\u00f1o del A\\u00f1o 2024 por World Car - James Lynn : Tecnolog\\u00eda y vida digital\",\"isPartOf\":{\"@id\":\"https:\/\/www.jameslynn.com\/blog\/#website\"},\"primaryImageOfPage\":{\"@id\":\"https:\/\/www.jameslynn.com\/blog\/2024\/04\/08\/toyota-prius-gana-el-premio-diseno-del-ano-2024-por-world-car\/#primaryimage\"},\"datePublished\":\"2024-04-08T22:26:21+00:00\",\"dateModified\":\"2024-04-08T22:26:22+00:00\",\"author\":{\"@id\":\"https:\/\/www.jameslynn.com\/blog\/#\/schema\/person\/4439f3e96c27ac4b98b29b03848f8108\"},\"breadcrumb\":{\"@id\":\"https:\/\/www.jameslynn.com\/blog\/2024\/04\/08\/toyota-prius-gana-el-premio-diseno-del-ano-2024-por-world-car\/#breadcrumb\"},\"inLanguage\":\"en-US\",\"potentialAction\":[{\"@type\":\"ReadAction\",\"target\":[\"https:\/\/www.jameslynn.com\/blog\/2024\/04\/08\/toyota-prius-gana-el-premio-diseno-del-ano-2024-por-world-car\/\"]}]},{\"@type\":\"BreadcrumbList\",\"@id\":\"https:\/\/www.jameslynn.com\/blog\/2024\/04\/08\/toyota-prius-gana-el-premio-diseno-del-ano-2024-por-world-car\/#breadcrumb\",\"itemListElement\":[{\"@type\":\"ListItem\",\"position\":1,\"name\":\"Home\",\"item\":\"https:\/\/www.jameslynn.com\/blog\/\"},{\"@type\":\"ListItem\",\"position\":2,\"name\":\"Toyota Prius gana el premio Dise\\u00f1o del A\\u00f1o 2024 por World Car\"}]},{\"@type\":\"Person\",\"@id\":\"https:\/\/www.jameslynn.com\/blog\/#\/schema\/person\/4439f3e96c27ac4b98b29b03848f8108\",\"name\":\"James Lynn\",\"image\":{\"@type\":\"ImageObject\",\"@id\":\"https:\/\/www.jameslynn.com\/blog\/#personlogo\",\"inLanguage\":\"en-US\",\"url\":\"https:\/\/secure.gravatar.com\/avatar\/2dcd2635cd0622bf457f25788f8c478b?s=96&d=mm&r=pg\",\"contentUrl\":\"https:\/\/secure.gravatar.com\/avatar\/2dcd2635cd0622bf457f25788f8c478b?s=96&d=mm&r=pg\",\"caption\":\"James Lynn\"},\"description\":\"Tech blogger, podcaster, live streamer, graphic designer, photographer, multimedia artist and university professor living in San Juan, Puerto Rico.\",\"sameAs\":[\"http:\/\/www.jameslynn.com\"],\"url\":\"https:\/\/www.jameslynn.com\/blog\/author\/jameslynn\/\"}]}<\/script>\n<!-- \/ Yoast SEO plugin. -->","yoast_head_json":{"title":"Toyota Prius gana el premio Dise\u00f1o del A\u00f1o 2024 por World Car - James Lynn : Tecnolog\u00eda y vida digital","robots":{"index":"index","follow":"follow","max-snippet":"max-snippet:-1","max-image-preview":"max-image-preview:large","max-video-preview":"max-video-preview:-1"},"canonical":"https:\/\/www.jameslynn.com\/blog\/2024\/04\/08\/toyota-prius-gana-el-premio-diseno-del-ano-2024-por-world-car\/","og_locale":"en_US","og_type":"article","og_title":"Toyota Prius gana el premio Dise\u00f1o del A\u00f1o 2024 por World Car - James Lynn : Tecnolog\u00eda y vida digital","og_description":"Desde su audaz redise\u00f1o en 2023, el Toyota Prius ha llamado la atenci\u00f3n y ha recibido grandes elogios por su estilo exterior deportivo y su elegante [\u2026]","og_url":"https:\/\/www.jameslynn.com\/blog\/2024\/04\/08\/toyota-prius-gana-el-premio-diseno-del-ano-2024-por-world-car\/","og_site_name":"James Lynn : Tecnolog\u00eda y vida digital","article_published_time":"2024-04-08T22:26:21+00:00","article_modified_time":"2024-04-08T22:26:22+00:00","og_image":[{"width":1500,"height":1000,"url":"https:\/\/www.jameslynn.com\/blog\/wp-content\/uploads\/2024\/04\/toyota-prius-limited-2024.jpg","type":"image\/jpeg"}],"twitter_misc":{"Written by":"James Lynn","Est. reading time":"1 minute"},"schema":{"@context":"https:\/\/schema.org","@graph":[{"@type":"WebSite","@id":"https:\/\/www.jameslynn.com\/blog\/#website","url":"https:\/\/www.jameslynn.com\/blog\/","name":"James Lynn : Tecnolog\u00eda y vida digital","description":"Tecnolog\u00eda y vida digital","potentialAction":[{"@type":"SearchAction","target":{"@type":"EntryPoint","urlTemplate":"https:\/\/www.jameslynn.com\/blog\/?s={search_term_string}"},"query-input":"required name=search_term_string"}],"inLanguage":"en-US"},{"@type":"ImageObject","@id":"https:\/\/www.jameslynn.com\/blog\/2024\/04\/08\/toyota-prius-gana-el-premio-diseno-del-ano-2024-por-world-car\/#primaryimage","inLanguage":"en-US","url":"https:\/\/www.jameslynn.com\/blog\/wp-content\/uploads\/2024\/04\/toyota-prius-limited-2024.jpg","contentUrl":"https:\/\/www.jameslynn.com\/blog\/wp-content\/uploads\/2024\/04\/toyota-prius-limited-2024.jpg","width":1500,"height":1000,"caption":"Toyota Prius Limited"},{"@type":"WebPage","@id":"https:\/\/www.jameslynn.com\/blog\/2024\/04\/08\/toyota-prius-gana-el-premio-diseno-del-ano-2024-por-world-car\/#webpage","url":"https:\/\/www.jameslynn.com\/blog\/2024\/04\/08\/toyota-prius-gana-el-premio-diseno-del-ano-2024-por-world-car\/","name":"Toyota Prius gana el premio Dise\u00f1o del A\u00f1o 2024 por World Car - James Lynn : Tecnolog\u00eda y vida digital","isPartOf":{"@id":"https:\/\/www.jameslynn.com\/blog\/#website"},"primaryImageOfPage":{"@id":"https:\/\/www.jameslynn.com\/blog\/2024\/04\/08\/toyota-prius-gana-el-premio-diseno-del-ano-2024-por-world-car\/#primaryimage"},"datePublished":"2024-04-08T22:26:21+00:00","dateModified":"2024-04-08T22:26:22+00:00","author":{"@id":"https:\/\/www.jameslynn.com\/blog\/#\/schema\/person\/4439f3e96c27ac4b98b29b03848f8108"},"breadcrumb":{"@id":"https:\/\/www.jameslynn.com\/blog\/2024\/04\/08\/toyota-prius-gana-el-premio-diseno-del-ano-2024-por-world-car\/#breadcrumb"},"inLanguage":"en-US","potentialAction":[{"@type":"ReadAction","target":["https:\/\/www.jameslynn.com\/blog\/2024\/04\/08\/toyota-prius-gana-el-premio-diseno-del-ano-2024-por-world-car\/"]}]},{"@type":"BreadcrumbList","@id":"https:\/\/www.jameslynn.com\/blog\/2024\/04\/08\/toyota-prius-gana-el-premio-diseno-del-ano-2024-por-world-car\/#breadcrumb","itemListElement":[{"@type":"ListItem","position":1,"name":"Home","item":"https:\/\/www.jameslynn.com\/blog\/"},{"@type":"ListItem","position":2,"name":"Toyota Prius gana el premio Dise\u00f1o del A\u00f1o 2024 por World Car"}]},{"@type":"Person","@id":"https:\/\/www.jameslynn.com\/blog\/#\/schema\/person\/4439f3e96c27ac4b98b29b03848f8108","name":"James Lynn","image":{"@type":"ImageObject","@id":"https:\/\/www.jameslynn.com\/blog\/#personlogo","inLanguage":"en-US","url":"https:\/\/secure.gravatar.com\/avatar\/2dcd2635cd0622bf457f25788f8c478b?s=96&d=mm&r=pg","contentUrl":"https:\/\/secure.gravatar.com\/avatar\/2dcd2635cd0622bf457f25788f8c478b?s=96&d=mm&r=pg","caption":"James Lynn"},"description":"Tech blogger, podcaster, live streamer, graphic designer, photographer, multimedia artist and university professor living in San Juan, Puerto Rico.","sameAs":["http:\/\/www.jameslynn.com"],"url":"https:\/\/www.jameslynn.com\/blog\/author\/jameslynn\/"}]}},"jetpack_featured_media_url":"https:\/\/www.jameslynn.com\/blog\/wp-content\/uploads\/2024\/04\/toyota-prius-limited-2024.jpg","jetpack_publicize_connections":[],"jetpack_shortlink":"https:\/\/wp.me\/p2kNF7-Yc","_links":{"self":[{"href":"https:\/\/www.jameslynn.com\/blog\/wp-json\/wp\/v2\/posts\/3732"}],"collection":[{"href":"https:\/\/www.jameslynn.com\/blog\/wp-json\/wp\/v2\/posts"}],"about":[{"href":"https:\/\/www.jameslynn.com\/blog\/wp-json\/wp\/v2\/types\/post"}],"author":[{"embeddable":true,"href":"https:\/\/www.jameslynn.com\/blog\/wp-json\/wp\/v2\/users\/32"}],"replies":[{"embeddable":true,"href":"https:\/\/www.jameslynn.com\/blog\/wp-json\/wp\/v2\/comments?post=3732"}],"version-history":[{"count":1,"href":"https:\/\/www.jameslynn.com\/blog\/wp-json\/wp\/v2\/posts\/3732\/revisions"}],"predecessor-version":[{"id":3735,"href":"https:\/\/www.jameslynn.com\/blog\/wp-json\/wp\/v2\/posts\/3732\/revisions\/3735"}],"wp:featuredmedia":[{"embeddable":true,"href":"https:\/\/www.jameslynn.com\/blog\/wp-json\/wp\/v2\/media\/3734"}],"wp:attachment":[{"href":"https:\/\/www.jameslynn.com\/blog\/wp-json\/wp\/v2\/media?parent=3732"}],"wp:term":[{"taxonomy":"category","embeddable":true,"href":"https:\/\/www.jameslynn.com\/blog\/wp-json\/wp\/v2\/categories?post=3732"},{"taxonomy":"post_tag","embeddable":true,"href":"https:\/\/www.jameslynn.com\/blog\/wp-json\/wp\/v2\/tags?post=3732"}],"curies":[{"name":"wp","href":"https:\/\/api.w.org\/{rel}","templated":true}]}}