{"id":3729,"date":"2024-04-08T18:14:46","date_gmt":"2024-04-08T22:14:46","guid":{"rendered":"https:\/\/www.jameslynn.com\/blog\/?p=3729"},"modified":"2024-04-08T18:16:00","modified_gmt":"2024-04-08T22:16:00","slug":"claro-puerto-rico-5g-clean-carrier","status":"publish","type":"post","link":"https:\/\/www.jameslynn.com\/blog\/2024\/04\/08\/claro-puerto-rico-5g-clean-carrier\/","title":{"rendered":"Claro aumenta velocidad en su red 5G tras optimizaci\u00f3n de espectro"},"content":{"rendered":"\n<p>Claro anunci\u00f3 hoy que ha incrementado en un <strong>250%<\/strong> la velocidad para los clientes en su red m\u00f3vil 5G, como resultado del despliegue nacional del proyecto <strong><em>5G Clean Carrier<\/em><\/strong>. Este avance est\u00e1 enmarcado dentro del plan de inversi\u00f3n anual establecido por la empresa para este 2024, destinado a la mejora de infraestructura en redes m\u00f3viles y fijas.<\/p>\n\n\n\n<p>El t\u00e9rmino <strong><em>&#8220;5G Clean Carrier&#8221;<\/em><\/strong> representa un compromiso sin precedentes con la calidad y la eficiencia en la prestaci\u00f3n de servicios de conectividad m\u00f3vil. Se refiere a la limpieza y dedicaci\u00f3n exclusiva de espectro para la tecnolog\u00eda 5G, liberando as\u00ed su m\u00e1ximo potencial para mejorar la eficiencia del ecosistema de red. Esto se traduce en una conexi\u00f3n m\u00e1s r\u00e1pida y de mejor calidad para los usuarios de Claro.<\/p>\n\n\n\n<p>\u201cDesde finales de 2023, hemos estado trabajando arduamente en este proyecto, comenzando con pruebas piloto en la regi\u00f3n sur, donde pudimos evidenciar una mejora significativa en la experiencia de nuestros clientes. En febrero pasado, iniciamos el despliegue masivo de esta tecnolog\u00eda en nuestra red, logrando completarlo a finales de marzo. Con un espectro limpio y dedicado, tenemos mayor capacidad para ofrecer la inagotable gama de servicios que permite la tecnolog\u00eda 5G. A tono con esto, aumentamos 2.5 veces la velocidad para los clientes conectados a nuestro 5G, brindando una experiencia de navegaci\u00f3n m\u00e1s fluida y r\u00e1pida\u201d, dijo Enrique Ortiz de Montellano, presidente y principal oficial ejecutivo de Claro.<\/p>\n\n\n\n<p>La transici\u00f3n hacia una red 5G exclusiva no solo beneficia a los clientes m\u00f3viles, sino que tambi\u00e9n abre nuevas oportunidades para el desarrollo empresarial, la automatizaci\u00f3n industrial, la telemedicina, el transporte inteligente y una amplia gama de aplicaciones innovadoras que aprovechan todo el potencial de la conectividad ultrarr\u00e1pida y de baja latencia.<\/p>\n\n\n\n<p>Este esfuerzo se une a la extensi\u00f3n de la banda milim\u00e9trica o <strong><em>5G mmWave<\/em><\/strong> de Claro en sobre 50 localidades, zonas tur\u00edsticas y de entretenimiento ubicadas alrededor de Puerto Rico, y entre las que se destacan el Coliseo de Puerto Rico, la Placita de Santurce, el Distrito de Convenciones, el Paseo Tablado de Guaynabo, entre otros. Esta tecnolog\u00eda 5G permite a m\u00e1s equipos m\u00f3viles conectarse simult\u00e1neamente, y ofrece velocidades de navegaci\u00f3n m\u00e1s r\u00e1pidas de hasta 1 Giga, menor latencia y un rendimiento superior en comparaci\u00f3n con las generaciones anteriores de tecnolog\u00eda m\u00f3vil.<\/p>\n\n\n\n<p>Los clientes podr\u00e1n disfrutar de la red 5G de Claro solo trav\u00e9s de dispositivos compatibles con 5G, que se encuentran disponibles en las localidades de Claro alrededor de la isla, o visitando el portal: <strong><a href=\"https:\/\/tienda.claropr.com\/\" target=\"_blank\" rel=\"noreferrer noopener\">https:\/\/tienda.claropr.com\/<\/a><\/strong>.\u00a0<\/p>\n","protected":false},"excerpt":{"rendered":"<p>Claro anunci\u00f3 hoy que ha incrementado en un 250% la velocidad para los clientes en su red m\u00f3vil 5G, como resultado del despliegue nacional del proyecto<span class=\"excerpt-hellip\"> [\u2026]<\/span><\/p>\n","protected":false},"author":32,"featured_media":3730,"comment_status":"open","ping_status":"open","sticky":false,"template":"","format":"standard","meta":{"om_disable_all_campaigns":false,"_monsterinsights_skip_tracking":false,"_monsterinsights_sitenote_active":false,"_monsterinsights_sitenote_note":"","_monsterinsights_sitenote_category":0,"spay_email":"","jetpack_publicize_message":"","jetpack_is_tweetstorm":false,"jetpack_publicize_feature_enabled":true},"categories":[213],"tags":[1339],"aioseo_notices":[],"yoast_head":"<!-- This site is optimized with the Yoast SEO plugin v17.7.1 - https:\/\/yoast.com\/wordpress\/plugins\/seo\/ -->\n<title>Claro aumenta velocidad en su red 5G tras optimizaci\u00f3n de espectro - James Lynn : Tecnolog\u00eda y vida digital<\/title>\n<meta name=\"robots\" content=\"index, follow, max-snippet:-1, max-image-preview:large, max-video-preview:-1\" \/>\n<link rel=\"canonical\" href=\"https:\/\/www.jameslynn.com\/blog\/2024\/04\/08\/claro-puerto-rico-5g-clean-carrier\/\" \/>\n<meta property=\"og:locale\" content=\"en_US\" \/>\n<meta property=\"og:type\" content=\"article\" \/>\n<meta property=\"og:title\" content=\"Claro aumenta velocidad en su red 5G tras optimizaci\u00f3n de espectro - James Lynn : Tecnolog\u00eda y vida digital\" \/>\n<meta property=\"og:description\" content=\"Claro anunci\u00f3 hoy que ha incrementado en un 250% la velocidad para los clientes en su red m\u00f3vil 5G, como resultado del despliegue nacional del proyecto [\u2026]\" \/>\n<meta property=\"og:url\" content=\"https:\/\/www.jameslynn.com\/blog\/2024\/04\/08\/claro-puerto-rico-5g-clean-carrier\/\" \/>\n<meta property=\"og:site_name\" content=\"James Lynn : Tecnolog\u00eda y vida digital\" \/>\n<meta property=\"article:published_time\" content=\"2024-04-08T22:14:46+00:00\" \/>\n<meta property=\"article:modified_time\" content=\"2024-04-08T22:16:00+00:00\" \/>\n<meta property=\"og:image\" content=\"https:\/\/www.jameslynn.com\/blog\/wp-content\/uploads\/2024\/04\/claro-puerto-rico-5G-Clean-Carrier.jpg\" \/>\n\t<meta property=\"og:image:width\" content=\"1500\" \/>\n\t<meta property=\"og:image:height\" content=\"1000\" \/>\n<meta name=\"twitter:label1\" content=\"Written by\" \/>\n\t<meta name=\"twitter:data1\" content=\"James Lynn\" \/>\n\t<meta name=\"twitter:label2\" content=\"Est. reading time\" \/>\n\t<meta name=\"twitter:data2\" content=\"2 minutes\" \/>\n<script type=\"application\/ld+json\" class=\"yoast-schema-graph\">{\"@context\":\"https:\/\/schema.org\",\"@graph\":[{\"@type\":\"WebSite\",\"@id\":\"https:\/\/www.jameslynn.com\/blog\/#website\",\"url\":\"https:\/\/www.jameslynn.com\/blog\/\",\"name\":\"James Lynn : Tecnolog\\u00eda y vida digital\",\"description\":\"Tecnolog\\u00eda y vida digital\",\"potentialAction\":[{\"@type\":\"SearchAction\",\"target\":{\"@type\":\"EntryPoint\",\"urlTemplate\":\"https:\/\/www.jameslynn.com\/blog\/?s={search_term_string}\"},\"query-input\":\"required name=search_term_string\"}],\"inLanguage\":\"en-US\"},{\"@type\":\"ImageObject\",\"@id\":\"https:\/\/www.jameslynn.com\/blog\/2024\/04\/08\/claro-puerto-rico-5g-clean-carrier\/#primaryimage\",\"inLanguage\":\"en-US\",\"url\":\"https:\/\/www.jameslynn.com\/blog\/wp-content\/uploads\/2024\/04\/claro-puerto-rico-5G-Clean-Carrier.jpg\",\"contentUrl\":\"https:\/\/www.jameslynn.com\/blog\/wp-content\/uploads\/2024\/04\/claro-puerto-rico-5G-Clean-Carrier.jpg\",\"width\":1500,\"height\":1000,\"caption\":\"Logo 5G Claro Puerto Rico\"},{\"@type\":\"WebPage\",\"@id\":\"https:\/\/www.jameslynn.com\/blog\/2024\/04\/08\/claro-puerto-rico-5g-clean-carrier\/#webpage\",\"url\":\"https:\/\/www.jameslynn.com\/blog\/2024\/04\/08\/claro-puerto-rico-5g-clean-carrier\/\",\"name\":\"Claro aumenta velocidad en su red 5G tras optimizaci\\u00f3n de espectro - James Lynn : Tecnolog\\u00eda y vida digital\",\"isPartOf\":{\"@id\":\"https:\/\/www.jameslynn.com\/blog\/#website\"},\"primaryImageOfPage\":{\"@id\":\"https:\/\/www.jameslynn.com\/blog\/2024\/04\/08\/claro-puerto-rico-5g-clean-carrier\/#primaryimage\"},\"datePublished\":\"2024-04-08T22:14:46+00:00\",\"dateModified\":\"2024-04-08T22:16:00+00:00\",\"author\":{\"@id\":\"https:\/\/www.jameslynn.com\/blog\/#\/schema\/person\/4439f3e96c27ac4b98b29b03848f8108\"},\"breadcrumb\":{\"@id\":\"https:\/\/www.jameslynn.com\/blog\/2024\/04\/08\/claro-puerto-rico-5g-clean-carrier\/#breadcrumb\"},\"inLanguage\":\"en-US\",\"potentialAction\":[{\"@type\":\"ReadAction\",\"target\":[\"https:\/\/www.jameslynn.com\/blog\/2024\/04\/08\/claro-puerto-rico-5g-clean-carrier\/\"]}]},{\"@type\":\"BreadcrumbList\",\"@id\":\"https:\/\/www.jameslynn.com\/blog\/2024\/04\/08\/claro-puerto-rico-5g-clean-carrier\/#breadcrumb\",\"itemListElement\":[{\"@type\":\"ListItem\",\"position\":1,\"name\":\"Home\",\"item\":\"https:\/\/www.jameslynn.com\/blog\/\"},{\"@type\":\"ListItem\",\"position\":2,\"name\":\"Claro aumenta velocidad en su red 5G tras optimizaci\\u00f3n de espectro\"}]},{\"@type\":\"Person\",\"@id\":\"https:\/\/www.jameslynn.com\/blog\/#\/schema\/person\/4439f3e96c27ac4b98b29b03848f8108\",\"name\":\"James Lynn\",\"image\":{\"@type\":\"ImageObject\",\"@id\":\"https:\/\/www.jameslynn.com\/blog\/#personlogo\",\"inLanguage\":\"en-US\",\"url\":\"https:\/\/secure.gravatar.com\/avatar\/2dcd2635cd0622bf457f25788f8c478b?s=96&d=mm&r=pg\",\"contentUrl\":\"https:\/\/secure.gravatar.com\/avatar\/2dcd2635cd0622bf457f25788f8c478b?s=96&d=mm&r=pg\",\"caption\":\"James Lynn\"},\"description\":\"Tech blogger, podcaster, live streamer, graphic designer, photographer, multimedia artist and university professor living in San Juan, Puerto Rico.\",\"sameAs\":[\"http:\/\/www.jameslynn.com\"],\"url\":\"https:\/\/www.jameslynn.com\/blog\/author\/jameslynn\/\"}]}<\/script>\n<!-- \/ Yoast SEO plugin. -->","yoast_head_json":{"title":"Claro aumenta velocidad en su red 5G tras optimizaci\u00f3n de espectro - James Lynn : Tecnolog\u00eda y vida digital","robots":{"index":"index","follow":"follow","max-snippet":"max-snippet:-1","max-image-preview":"max-image-preview:large","max-video-preview":"max-video-preview:-1"},"canonical":"https:\/\/www.jameslynn.com\/blog\/2024\/04\/08\/claro-puerto-rico-5g-clean-carrier\/","og_locale":"en_US","og_type":"article","og_title":"Claro aumenta velocidad en su red 5G tras optimizaci\u00f3n de espectro - James Lynn : Tecnolog\u00eda y vida digital","og_description":"Claro anunci\u00f3 hoy que ha incrementado en un 250% la velocidad para los clientes en su red m\u00f3vil 5G, como resultado del despliegue nacional del proyecto [\u2026]","og_url":"https:\/\/www.jameslynn.com\/blog\/2024\/04\/08\/claro-puerto-rico-5g-clean-carrier\/","og_site_name":"James Lynn : Tecnolog\u00eda y vida digital","article_published_time":"2024-04-08T22:14:46+00:00","article_modified_time":"2024-04-08T22:16:00+00:00","og_image":[{"width":1500,"height":1000,"url":"https:\/\/www.jameslynn.com\/blog\/wp-content\/uploads\/2024\/04\/claro-puerto-rico-5G-Clean-Carrier.jpg","type":"image\/jpeg"}],"twitter_misc":{"Written by":"James Lynn","Est. reading time":"2 minutes"},"schema":{"@context":"https:\/\/schema.org","@graph":[{"@type":"WebSite","@id":"https:\/\/www.jameslynn.com\/blog\/#website","url":"https:\/\/www.jameslynn.com\/blog\/","name":"James Lynn : Tecnolog\u00eda y vida digital","description":"Tecnolog\u00eda y vida digital","potentialAction":[{"@type":"SearchAction","target":{"@type":"EntryPoint","urlTemplate":"https:\/\/www.jameslynn.com\/blog\/?s={search_term_string}"},"query-input":"required name=search_term_string"}],"inLanguage":"en-US"},{"@type":"ImageObject","@id":"https:\/\/www.jameslynn.com\/blog\/2024\/04\/08\/claro-puerto-rico-5g-clean-carrier\/#primaryimage","inLanguage":"en-US","url":"https:\/\/www.jameslynn.com\/blog\/wp-content\/uploads\/2024\/04\/claro-puerto-rico-5G-Clean-Carrier.jpg","contentUrl":"https:\/\/www.jameslynn.com\/blog\/wp-content\/uploads\/2024\/04\/claro-puerto-rico-5G-Clean-Carrier.jpg","width":1500,"height":1000,"caption":"Logo 5G Claro Puerto Rico"},{"@type":"WebPage","@id":"https:\/\/www.jameslynn.com\/blog\/2024\/04\/08\/claro-puerto-rico-5g-clean-carrier\/#webpage","url":"https:\/\/www.jameslynn.com\/blog\/2024\/04\/08\/claro-puerto-rico-5g-clean-carrier\/","name":"Claro aumenta velocidad en su red 5G tras optimizaci\u00f3n de espectro - James Lynn : Tecnolog\u00eda y vida digital","isPartOf":{"@id":"https:\/\/www.jameslynn.com\/blog\/#website"},"primaryImageOfPage":{"@id":"https:\/\/www.jameslynn.com\/blog\/2024\/04\/08\/claro-puerto-rico-5g-clean-carrier\/#primaryimage"},"datePublished":"2024-04-08T22:14:46+00:00","dateModified":"2024-04-08T22:16:00+00:00","author":{"@id":"https:\/\/www.jameslynn.com\/blog\/#\/schema\/person\/4439f3e96c27ac4b98b29b03848f8108"},"breadcrumb":{"@id":"https:\/\/www.jameslynn.com\/blog\/2024\/04\/08\/claro-puerto-rico-5g-clean-carrier\/#breadcrumb"},"inLanguage":"en-US","potentialAction":[{"@type":"ReadAction","target":["https:\/\/www.jameslynn.com\/blog\/2024\/04\/08\/claro-puerto-rico-5g-clean-carrier\/"]}]},{"@type":"BreadcrumbList","@id":"https:\/\/www.jameslynn.com\/blog\/2024\/04\/08\/claro-puerto-rico-5g-clean-carrier\/#breadcrumb","itemListElement":[{"@type":"ListItem","position":1,"name":"Home","item":"https:\/\/www.jameslynn.com\/blog\/"},{"@type":"ListItem","position":2,"name":"Claro aumenta velocidad en su red 5G tras optimizaci\u00f3n de espectro"}]},{"@type":"Person","@id":"https:\/\/www.jameslynn.com\/blog\/#\/schema\/person\/4439f3e96c27ac4b98b29b03848f8108","name":"James Lynn","image":{"@type":"ImageObject","@id":"https:\/\/www.jameslynn.com\/blog\/#personlogo","inLanguage":"en-US","url":"https:\/\/secure.gravatar.com\/avatar\/2dcd2635cd0622bf457f25788f8c478b?s=96&d=mm&r=pg","contentUrl":"https:\/\/secure.gravatar.com\/avatar\/2dcd2635cd0622bf457f25788f8c478b?s=96&d=mm&r=pg","caption":"James Lynn"},"description":"Tech blogger, podcaster, live streamer, graphic designer, photographer, multimedia artist and university professor living in San Juan, Puerto Rico.","sameAs":["http:\/\/www.jameslynn.com"],"url":"https:\/\/www.jameslynn.com\/blog\/author\/jameslynn\/"}]}},"jetpack_featured_media_url":"https:\/\/www.jameslynn.com\/blog\/wp-content\/uploads\/2024\/04\/claro-puerto-rico-5G-Clean-Carrier.jpg","jetpack_publicize_connections":[],"jetpack_shortlink":"https:\/\/wp.me\/p2kNF7-Y9","_links":{"self":[{"href":"https:\/\/www.jameslynn.com\/blog\/wp-json\/wp\/v2\/posts\/3729"}],"collection":[{"href":"https:\/\/www.jameslynn.com\/blog\/wp-json\/wp\/v2\/posts"}],"about":[{"href":"https:\/\/www.jameslynn.com\/blog\/wp-json\/wp\/v2\/types\/post"}],"author":[{"embeddable":true,"href":"https:\/\/www.jameslynn.com\/blog\/wp-json\/wp\/v2\/users\/32"}],"replies":[{"embeddable":true,"href":"https:\/\/www.jameslynn.com\/blog\/wp-json\/wp\/v2\/comments?post=3729"}],"version-history":[{"count":1,"href":"https:\/\/www.jameslynn.com\/blog\/wp-json\/wp\/v2\/posts\/3729\/revisions"}],"predecessor-version":[{"id":3731,"href":"https:\/\/www.jameslynn.com\/blog\/wp-json\/wp\/v2\/posts\/3729\/revisions\/3731"}],"wp:featuredmedia":[{"embeddable":true,"href":"https:\/\/www.jameslynn.com\/blog\/wp-json\/wp\/v2\/media\/3730"}],"wp:attachment":[{"href":"https:\/\/www.jameslynn.com\/blog\/wp-json\/wp\/v2\/media?parent=3729"}],"wp:term":[{"taxonomy":"category","embeddable":true,"href":"https:\/\/www.jameslynn.com\/blog\/wp-json\/wp\/v2\/categories?post=3729"},{"taxonomy":"post_tag","embeddable":true,"href":"https:\/\/www.jameslynn.com\/blog\/wp-json\/wp\/v2\/tags?post=3729"}],"curies":[{"name":"wp","href":"https:\/\/api.w.org\/{rel}","templated":true}]}}