{"id":3628,"date":"2024-03-12T10:39:42","date_gmt":"2024-03-12T14:39:42","guid":{"rendered":"https:\/\/www.jameslynn.com\/blog\/?p=3628"},"modified":"2024-03-12T10:39:45","modified_gmt":"2024-03-12T14:39:45","slug":"claro-oferta-especial-fibra-optica-puerto-rico","status":"publish","type":"post","link":"https:\/\/www.jameslynn.com\/blog\/2024\/03\/12\/claro-oferta-especial-fibra-optica-puerto-rico\/","title":{"rendered":"Claro contin\u00faa despliegue de fibra \u00f3ptica y anuncia oferta especial"},"content":{"rendered":"\n<p>Claro anunci\u00f3 hoy una promoci\u00f3n especial dirigida a sus clientes, ofreci\u00e9ndoles la oportunidad de disfrutar de una conexi\u00f3n a internet de fibra \u00f3ptica con 1,000 megas de <strong><em>download<\/em><\/strong> y 1,000 megas de <strong><em>upload<\/em><\/strong> al precio de un plan de 300 megas, durante seis meses. Esta oferta exclusiva est\u00e1 disponible por solo <strong>$69.99<\/strong> al mes para clientes nuevos que se suscriban hasta el 31 de marzo.<\/p>\n\n\n\n<p>La empresa contin\u00faa con el avance de la moderna red de fibra \u00f3ptica a trav\u00e9s de urbanizaciones, condominios y sectores de los 78 municipios con internet de alta velocidad. La fibra \u00f3ptica de Claro ofrece una conexi\u00f3n estable y confiable, eliminando las interrupciones y brindando una experiencia de usuario sin contratiempos, esencial para el trabajo remoto, la educaci\u00f3n en l\u00ednea y el entretenimiento en el hogar.<\/p>\n\n\n\n<p>&#8220;Nos enorgullece ser la empresa con la red de fibra \u00f3ptica m\u00e1s extensa de Puerto Rico, y nos complace anunciar que pronto alcanzaremos 650 mil hogares y comercios con disponibilidad para conectarse a nuestra avanzada fibra. Esta oferta de 1,000 megas al precio de 300 megas representa nuestro compromiso continuo de ofrecer servicios de alta calidad a precios asequibles, garantizando que nuestros clientes est\u00e9n conectados de manera confiable y eficiente. Los invito a descubrir la velocidad y la confiabilidad de la fibra \u00f3ptica de Claro al mejor precio del mercado\u201d, dijo Enrique Ortiz de Montellano.<\/p>\n\n\n\n<p>La fibra \u00f3ptica de Claro permite velocidades sim\u00e9tricas y conexi\u00f3n dedicada a tu hogar o negocio, proporcionando una experiencia de navegaci\u00f3n, transmisi\u00f3n y descarga inigualable. Con 1,000 megas de <strong><em>donwload<\/em><\/strong> y 1,000 megas de<em> <strong>upload<\/strong><\/em>,los usuarios podr\u00e1n conectar m\u00faltiples dispositivos simult\u00e1neamente sin comprometer la velocidad, permitiendo a las familias disfrutar de una conectividad sin interrupciones.<\/p>\n\n\n\n<p>Asimismo, la fibra \u00f3ptica de Claro garantiza la continuidad del servicio durante la interrupci\u00f3n del servicio el\u00e9ctrico comercial.&nbsp;Esto se logra gracias a un sistema de respaldo de energ\u00eda implantado en las localidades concentradoras que alimentan la fibra hasta el cliente.&nbsp;Siempre que el cliente tenga una fuente de energ\u00eda en su propiedad (comercial, bater\u00eda o generador propio), el servicio de internet de Claro permanecer\u00e1 activo y continuo.&nbsp;<\/p>\n\n\n\n<p>El servicio de fibra \u00f3ptica de Claro est\u00e1 disponible en planes desde solo $54.99 al mes con velocidades de hasta 1,000 megas de <strong><em>download y upload<\/em>.<\/strong><\/p>\n\n\n\n<p>Para informaci\u00f3n sobre disponibilidad de fibra \u00f3ptica en tu zona, puedes comunicarte 1-833-642-5276, acceder a <a href=\"https:\/\/tienda.claropr.com\/\">https:\/\/tienda.claropr.co<\/a><a href=\"https:\/\/tienda.claropr.com\/\" target=\"_blank\" rel=\"noreferrer noopener\">m\/<\/a>, o visitar los Centros de Atenci\u00f3n al Cliente, tiendas y agentes autorizados alrededor de la isla.<\/p>\n","protected":false},"excerpt":{"rendered":"<p>Claro anunci\u00f3 hoy una promoci\u00f3n especial dirigida a sus clientes, ofreci\u00e9ndoles la oportunidad de disfrutar de una conexi\u00f3n a internet de fibra \u00f3ptica con 1,000 megas<span class=\"excerpt-hellip\"> [\u2026]<\/span><\/p>\n","protected":false},"author":32,"featured_media":3630,"comment_status":"open","ping_status":"open","sticky":false,"template":"","format":"standard","meta":{"om_disable_all_campaigns":false,"_monsterinsights_skip_tracking":false,"_monsterinsights_sitenote_active":false,"_monsterinsights_sitenote_note":"","_monsterinsights_sitenote_category":0,"spay_email":"","jetpack_publicize_message":"","jetpack_is_tweetstorm":false,"jetpack_publicize_feature_enabled":true},"categories":[924],"tags":[1036,1120,1321],"aioseo_notices":[],"yoast_head":"<!-- This site is optimized with the Yoast SEO plugin v17.7.1 - https:\/\/yoast.com\/wordpress\/plugins\/seo\/ -->\n<title>Claro contin\u00faa despliegue de fibra \u00f3ptica y anuncia oferta especial - James Lynn : Tecnolog\u00eda y vida digital<\/title>\n<meta name=\"robots\" content=\"index, follow, max-snippet:-1, max-image-preview:large, max-video-preview:-1\" \/>\n<link rel=\"canonical\" href=\"https:\/\/www.jameslynn.com\/blog\/2024\/03\/12\/claro-oferta-especial-fibra-optica-puerto-rico\/\" \/>\n<meta property=\"og:locale\" content=\"en_US\" \/>\n<meta property=\"og:type\" content=\"article\" \/>\n<meta property=\"og:title\" content=\"Claro contin\u00faa despliegue de fibra \u00f3ptica y anuncia oferta especial - James Lynn : Tecnolog\u00eda y vida digital\" \/>\n<meta property=\"og:description\" content=\"Claro anunci\u00f3 hoy una promoci\u00f3n especial dirigida a sus clientes, ofreci\u00e9ndoles la oportunidad de disfrutar de una conexi\u00f3n a internet de fibra \u00f3ptica con 1,000 megas [\u2026]\" \/>\n<meta property=\"og:url\" content=\"https:\/\/www.jameslynn.com\/blog\/2024\/03\/12\/claro-oferta-especial-fibra-optica-puerto-rico\/\" \/>\n<meta property=\"og:site_name\" content=\"James Lynn : Tecnolog\u00eda y vida digital\" \/>\n<meta property=\"article:published_time\" content=\"2024-03-12T14:39:42+00:00\" \/>\n<meta property=\"article:modified_time\" content=\"2024-03-12T14:39:45+00:00\" \/>\n<meta property=\"og:image\" content=\"https:\/\/www.jameslynn.com\/blog\/wp-content\/uploads\/2024\/03\/Enrique-Ortiz-de-Montellano-claro-puerto-rico.jpg\" \/>\n\t<meta property=\"og:image:width\" content=\"1500\" \/>\n\t<meta property=\"og:image:height\" content=\"1000\" \/>\n<meta name=\"twitter:label1\" content=\"Written by\" \/>\n\t<meta name=\"twitter:data1\" content=\"James Lynn\" \/>\n\t<meta name=\"twitter:label2\" content=\"Est. reading time\" \/>\n\t<meta name=\"twitter:data2\" content=\"2 minutes\" \/>\n<script type=\"application\/ld+json\" class=\"yoast-schema-graph\">{\"@context\":\"https:\/\/schema.org\",\"@graph\":[{\"@type\":\"WebSite\",\"@id\":\"https:\/\/www.jameslynn.com\/blog\/#website\",\"url\":\"https:\/\/www.jameslynn.com\/blog\/\",\"name\":\"James Lynn : Tecnolog\\u00eda y vida digital\",\"description\":\"Tecnolog\\u00eda y vida digital\",\"potentialAction\":[{\"@type\":\"SearchAction\",\"target\":{\"@type\":\"EntryPoint\",\"urlTemplate\":\"https:\/\/www.jameslynn.com\/blog\/?s={search_term_string}\"},\"query-input\":\"required name=search_term_string\"}],\"inLanguage\":\"en-US\"},{\"@type\":\"ImageObject\",\"@id\":\"https:\/\/www.jameslynn.com\/blog\/2024\/03\/12\/claro-oferta-especial-fibra-optica-puerto-rico\/#primaryimage\",\"inLanguage\":\"en-US\",\"url\":\"https:\/\/www.jameslynn.com\/blog\/wp-content\/uploads\/2024\/03\/Enrique-Ortiz-de-Montellano-claro-puerto-rico.jpg\",\"contentUrl\":\"https:\/\/www.jameslynn.com\/blog\/wp-content\/uploads\/2024\/03\/Enrique-Ortiz-de-Montellano-claro-puerto-rico.jpg\",\"width\":1500,\"height\":1000,\"caption\":\"Enrique Ortiz de Montellano\"},{\"@type\":\"WebPage\",\"@id\":\"https:\/\/www.jameslynn.com\/blog\/2024\/03\/12\/claro-oferta-especial-fibra-optica-puerto-rico\/#webpage\",\"url\":\"https:\/\/www.jameslynn.com\/blog\/2024\/03\/12\/claro-oferta-especial-fibra-optica-puerto-rico\/\",\"name\":\"Claro contin\\u00faa despliegue de fibra \\u00f3ptica y anuncia oferta especial - James Lynn : Tecnolog\\u00eda y vida digital\",\"isPartOf\":{\"@id\":\"https:\/\/www.jameslynn.com\/blog\/#website\"},\"primaryImageOfPage\":{\"@id\":\"https:\/\/www.jameslynn.com\/blog\/2024\/03\/12\/claro-oferta-especial-fibra-optica-puerto-rico\/#primaryimage\"},\"datePublished\":\"2024-03-12T14:39:42+00:00\",\"dateModified\":\"2024-03-12T14:39:45+00:00\",\"author\":{\"@id\":\"https:\/\/www.jameslynn.com\/blog\/#\/schema\/person\/4439f3e96c27ac4b98b29b03848f8108\"},\"breadcrumb\":{\"@id\":\"https:\/\/www.jameslynn.com\/blog\/2024\/03\/12\/claro-oferta-especial-fibra-optica-puerto-rico\/#breadcrumb\"},\"inLanguage\":\"en-US\",\"potentialAction\":[{\"@type\":\"ReadAction\",\"target\":[\"https:\/\/www.jameslynn.com\/blog\/2024\/03\/12\/claro-oferta-especial-fibra-optica-puerto-rico\/\"]}]},{\"@type\":\"BreadcrumbList\",\"@id\":\"https:\/\/www.jameslynn.com\/blog\/2024\/03\/12\/claro-oferta-especial-fibra-optica-puerto-rico\/#breadcrumb\",\"itemListElement\":[{\"@type\":\"ListItem\",\"position\":1,\"name\":\"Home\",\"item\":\"https:\/\/www.jameslynn.com\/blog\/\"},{\"@type\":\"ListItem\",\"position\":2,\"name\":\"Claro contin\\u00faa despliegue de fibra \\u00f3ptica y anuncia oferta especial\"}]},{\"@type\":\"Person\",\"@id\":\"https:\/\/www.jameslynn.com\/blog\/#\/schema\/person\/4439f3e96c27ac4b98b29b03848f8108\",\"name\":\"James Lynn\",\"image\":{\"@type\":\"ImageObject\",\"@id\":\"https:\/\/www.jameslynn.com\/blog\/#personlogo\",\"inLanguage\":\"en-US\",\"url\":\"https:\/\/secure.gravatar.com\/avatar\/2dcd2635cd0622bf457f25788f8c478b?s=96&d=mm&r=pg\",\"contentUrl\":\"https:\/\/secure.gravatar.com\/avatar\/2dcd2635cd0622bf457f25788f8c478b?s=96&d=mm&r=pg\",\"caption\":\"James Lynn\"},\"description\":\"Tech blogger, podcaster, live streamer, graphic designer, photographer, multimedia artist and university professor living in San Juan, Puerto Rico.\",\"sameAs\":[\"http:\/\/www.jameslynn.com\"],\"url\":\"https:\/\/www.jameslynn.com\/blog\/author\/jameslynn\/\"}]}<\/script>\n<!-- \/ Yoast SEO plugin. -->","yoast_head_json":{"title":"Claro contin\u00faa despliegue de fibra \u00f3ptica y anuncia oferta especial - James Lynn : Tecnolog\u00eda y vida digital","robots":{"index":"index","follow":"follow","max-snippet":"max-snippet:-1","max-image-preview":"max-image-preview:large","max-video-preview":"max-video-preview:-1"},"canonical":"https:\/\/www.jameslynn.com\/blog\/2024\/03\/12\/claro-oferta-especial-fibra-optica-puerto-rico\/","og_locale":"en_US","og_type":"article","og_title":"Claro contin\u00faa despliegue de fibra \u00f3ptica y anuncia oferta especial - James Lynn : Tecnolog\u00eda y vida digital","og_description":"Claro anunci\u00f3 hoy una promoci\u00f3n especial dirigida a sus clientes, ofreci\u00e9ndoles la oportunidad de disfrutar de una conexi\u00f3n a internet de fibra \u00f3ptica con 1,000 megas [\u2026]","og_url":"https:\/\/www.jameslynn.com\/blog\/2024\/03\/12\/claro-oferta-especial-fibra-optica-puerto-rico\/","og_site_name":"James Lynn : Tecnolog\u00eda y vida digital","article_published_time":"2024-03-12T14:39:42+00:00","article_modified_time":"2024-03-12T14:39:45+00:00","og_image":[{"width":1500,"height":1000,"url":"https:\/\/www.jameslynn.com\/blog\/wp-content\/uploads\/2024\/03\/Enrique-Ortiz-de-Montellano-claro-puerto-rico.jpg","type":"image\/jpeg"}],"twitter_misc":{"Written by":"James Lynn","Est. reading time":"2 minutes"},"schema":{"@context":"https:\/\/schema.org","@graph":[{"@type":"WebSite","@id":"https:\/\/www.jameslynn.com\/blog\/#website","url":"https:\/\/www.jameslynn.com\/blog\/","name":"James Lynn : Tecnolog\u00eda y vida digital","description":"Tecnolog\u00eda y vida digital","potentialAction":[{"@type":"SearchAction","target":{"@type":"EntryPoint","urlTemplate":"https:\/\/www.jameslynn.com\/blog\/?s={search_term_string}"},"query-input":"required name=search_term_string"}],"inLanguage":"en-US"},{"@type":"ImageObject","@id":"https:\/\/www.jameslynn.com\/blog\/2024\/03\/12\/claro-oferta-especial-fibra-optica-puerto-rico\/#primaryimage","inLanguage":"en-US","url":"https:\/\/www.jameslynn.com\/blog\/wp-content\/uploads\/2024\/03\/Enrique-Ortiz-de-Montellano-claro-puerto-rico.jpg","contentUrl":"https:\/\/www.jameslynn.com\/blog\/wp-content\/uploads\/2024\/03\/Enrique-Ortiz-de-Montellano-claro-puerto-rico.jpg","width":1500,"height":1000,"caption":"Enrique Ortiz de Montellano"},{"@type":"WebPage","@id":"https:\/\/www.jameslynn.com\/blog\/2024\/03\/12\/claro-oferta-especial-fibra-optica-puerto-rico\/#webpage","url":"https:\/\/www.jameslynn.com\/blog\/2024\/03\/12\/claro-oferta-especial-fibra-optica-puerto-rico\/","name":"Claro contin\u00faa despliegue de fibra \u00f3ptica y anuncia oferta especial - James Lynn : Tecnolog\u00eda y vida digital","isPartOf":{"@id":"https:\/\/www.jameslynn.com\/blog\/#website"},"primaryImageOfPage":{"@id":"https:\/\/www.jameslynn.com\/blog\/2024\/03\/12\/claro-oferta-especial-fibra-optica-puerto-rico\/#primaryimage"},"datePublished":"2024-03-12T14:39:42+00:00","dateModified":"2024-03-12T14:39:45+00:00","author":{"@id":"https:\/\/www.jameslynn.com\/blog\/#\/schema\/person\/4439f3e96c27ac4b98b29b03848f8108"},"breadcrumb":{"@id":"https:\/\/www.jameslynn.com\/blog\/2024\/03\/12\/claro-oferta-especial-fibra-optica-puerto-rico\/#breadcrumb"},"inLanguage":"en-US","potentialAction":[{"@type":"ReadAction","target":["https:\/\/www.jameslynn.com\/blog\/2024\/03\/12\/claro-oferta-especial-fibra-optica-puerto-rico\/"]}]},{"@type":"BreadcrumbList","@id":"https:\/\/www.jameslynn.com\/blog\/2024\/03\/12\/claro-oferta-especial-fibra-optica-puerto-rico\/#breadcrumb","itemListElement":[{"@type":"ListItem","position":1,"name":"Home","item":"https:\/\/www.jameslynn.com\/blog\/"},{"@type":"ListItem","position":2,"name":"Claro contin\u00faa despliegue de fibra \u00f3ptica y anuncia oferta especial"}]},{"@type":"Person","@id":"https:\/\/www.jameslynn.com\/blog\/#\/schema\/person\/4439f3e96c27ac4b98b29b03848f8108","name":"James Lynn","image":{"@type":"ImageObject","@id":"https:\/\/www.jameslynn.com\/blog\/#personlogo","inLanguage":"en-US","url":"https:\/\/secure.gravatar.com\/avatar\/2dcd2635cd0622bf457f25788f8c478b?s=96&d=mm&r=pg","contentUrl":"https:\/\/secure.gravatar.com\/avatar\/2dcd2635cd0622bf457f25788f8c478b?s=96&d=mm&r=pg","caption":"James Lynn"},"description":"Tech blogger, podcaster, live streamer, graphic designer, photographer, multimedia artist and university professor living in San Juan, Puerto Rico.","sameAs":["http:\/\/www.jameslynn.com"],"url":"https:\/\/www.jameslynn.com\/blog\/author\/jameslynn\/"}]}},"jetpack_featured_media_url":"https:\/\/www.jameslynn.com\/blog\/wp-content\/uploads\/2024\/03\/Enrique-Ortiz-de-Montellano-claro-puerto-rico.jpg","jetpack_publicize_connections":[],"jetpack_shortlink":"https:\/\/wp.me\/p2kNF7-Ww","_links":{"self":[{"href":"https:\/\/www.jameslynn.com\/blog\/wp-json\/wp\/v2\/posts\/3628"}],"collection":[{"href":"https:\/\/www.jameslynn.com\/blog\/wp-json\/wp\/v2\/posts"}],"about":[{"href":"https:\/\/www.jameslynn.com\/blog\/wp-json\/wp\/v2\/types\/post"}],"author":[{"embeddable":true,"href":"https:\/\/www.jameslynn.com\/blog\/wp-json\/wp\/v2\/users\/32"}],"replies":[{"embeddable":true,"href":"https:\/\/www.jameslynn.com\/blog\/wp-json\/wp\/v2\/comments?post=3628"}],"version-history":[{"count":2,"href":"https:\/\/www.jameslynn.com\/blog\/wp-json\/wp\/v2\/posts\/3628\/revisions"}],"predecessor-version":[{"id":3631,"href":"https:\/\/www.jameslynn.com\/blog\/wp-json\/wp\/v2\/posts\/3628\/revisions\/3631"}],"wp:featuredmedia":[{"embeddable":true,"href":"https:\/\/www.jameslynn.com\/blog\/wp-json\/wp\/v2\/media\/3630"}],"wp:attachment":[{"href":"https:\/\/www.jameslynn.com\/blog\/wp-json\/wp\/v2\/media?parent=3628"}],"wp:term":[{"taxonomy":"category","embeddable":true,"href":"https:\/\/www.jameslynn.com\/blog\/wp-json\/wp\/v2\/categories?post=3628"},{"taxonomy":"post_tag","embeddable":true,"href":"https:\/\/www.jameslynn.com\/blog\/wp-json\/wp\/v2\/tags?post=3628"}],"curies":[{"name":"wp","href":"https:\/\/api.w.org\/{rel}","templated":true}]}}