{"id":3573,"date":"2024-02-06T23:17:00","date_gmt":"2024-02-07T03:17:00","guid":{"rendered":"https:\/\/www.jameslynn.com\/blog\/?p=3573"},"modified":"2024-02-22T11:22:29","modified_gmt":"2024-02-22T15:22:29","slug":"nissan-versa-reconocido-como-mejor-auto-subcompacto-por-car-and-driver","status":"publish","type":"post","link":"https:\/\/www.jameslynn.com\/blog\/2024\/02\/06\/nissan-versa-reconocido-como-mejor-auto-subcompacto-por-car-and-driver\/","title":{"rendered":"Nissan Versa, reconocido como \u2018Mejor auto subcompacto\u2019 por Car and Driver"},"content":{"rendered":"\n<p>Por segundo a\u00f1o consecutivo, <strong>Nissan Versa<\/strong> conquist\u00f3 la primera posici\u00f3n en la categor\u00eda &#8220;Mejores autos subcompactos&#8221;, en la lista <em>Car and Driver 2024 Editors&#8217; Choice<\/em>.\u00a0 La reconocida publicaci\u00f3n en la industria automotriz reconoci\u00f3 a Versa por brindar una eficiencia de combustible excepcional, as\u00ed como por ofrecer una experiencia de conducci\u00f3n de calidad a un precio que se ajusta al presupuesto del consumidor.<\/p>\n\n\n\n<p>\u201cEstamos satisfechos de recibir nuevamente el galard\u00f3n de <em>Car and Driver. <\/em>Este reconocimiento reafirma nuestro compromiso inquebrantable con la calidad, la innovaci\u00f3n y la satisfacci\u00f3n del cliente.&#8221; expres\u00f3 Juan Santana Chea, director comercial Nissan en Motorambar.<\/p>\n\n\n\n<p>La lista <em>Editors&#8217; Choice<\/em> se crea tras la evaluaci\u00f3n minuciosa que hace el equipo de <em>Car and Driver<\/em> a cientos de veh\u00edculos en 36 categor\u00edas. Los criterios incluyen la capacidad de cada modelo para cumplir su misi\u00f3n, la experiencia de conducci\u00f3n y la propuesta de valor. Cada veh\u00edculo es evaluado frente a sus competidores directos en una escala de 10 puntos, teniendo en cuenta pruebas en carretera y mediciones instrumentadas.<\/p>\n\n\n\n<p>Nissan Versa 2024, recientemente renovado para el modelo 2023, destac\u00f3 en esta lista por su &nbsp;propuesta de valor. El compromiso del Versa con la relaci\u00f3n calidad-precio comienza con la mayor tecnolog\u00eda de seguridad est\u00e1ndar en su clase y caracter\u00edsticas exclusivas de <em>Nissan Safety Shield\u00ae 360<\/em>. Los atributos de seguridad est\u00e1ndar en todos los grados incluyen frenado autom\u00e1tico de emergencia con detecci\u00f3n de peatones, advertencia de salida de carril, frenado autom\u00e1tico trasero y asistente de luces altas.<\/p>\n\n\n\n<p>El atractivo de Versa aumenta gracias a su motor DOHC de 4 cilindros y 1.6 litros con 122 caballos de fuerza y una suave transmisi\u00f3n Xtronic. Esto ayuda a los conductores del Versa, con una econom\u00eda de combustible calificada de hasta 32 mpg en ciudad, 40 mpg en carretera y 35 mpg para modelos Xtronic.<\/p>\n\n\n\n<p>Nissan Versa 2024, tambi\u00e9n, ofrece niveles de tecnolog\u00eda \u00fanicas en su clase como lo son el sistema de conectividad <em>Apple CarPlay<\/em>\u00ae y <em>Android Auto\u2122<\/em>, el cargador de tel\u00e9fono inal\u00e1mbrico y el Control de Crucero Inteligente.<\/p>\n\n\n\n<p>La combinaci\u00f3n \u00fanica de innovaci\u00f3n, eficiencia y asequibilidad, consolida al Nissan Versa 2024 como una opci\u00f3n excepcional en el mercado de los sedanes subcompactos.<\/p>\n\n\n\n<p>Prueba de este liderazgo se refleja a trav\u00e9s de los reconocimientos que ha recibido Versa en el mercado tales como el ser nombrado como uno de los autos \u2018M\u00e1s atractivos\u2019 en el estudio de Desempe\u00f1o, Ejecuci\u00f3n y Dise\u00f1o Automotriz por J.D. Power 2022; &#8220;Mejor veh\u00edculo subcompacto del a\u00f1o 2022 por su valor&#8221; por U.S. News &amp; World Report, y &#8216;Veh\u00edculo nuevo de mejor valor&#8217; por Cars.com.<\/p>\n\n\n\n<p>Nissan Versa 2024 est\u00e1 disponible en la red de concesionarios autorizados Nissan alrededor de la isla en tres &nbsp;grados bien equipados: S, SV y SR.<\/p>\n\n\n\n<p>Para obtener m\u00e1s informaci\u00f3n sobre <strong>Nissan Versa 2024<\/strong> as\u00ed como conocer sobre la l\u00ednea completa de veh\u00edculos de la marca, visite la p\u00e1gina <strong><a href=\"https:\/\/es.nissan.pr\/\" target=\"_blank\" rel=\"noreferrer noopener\">https:\/\/es.nissan.pr\/<\/a><\/strong><a href=\"https:\/\/es.nissan.pr\/\">.<\/a> Tambi\u00e9n puede seguir a Nissan a trav\u00e9s de las plataformas sociales en <strong><a href=\"https:\/\/www.facebook.com\/nissanpr\/\" target=\"_blank\" rel=\"noreferrer noopener\">Facebook<\/a><\/strong> e <strong><a href=\"https:\/\/www.instagram.com\/nissanpuertorico\/\" target=\"_blank\" rel=\"noreferrer noopener\">Instagram<\/a><\/strong> como <strong><a href=\"https:\/\/www.instagram.com\/nissanpuertorico\/\" target=\"_blank\" rel=\"noreferrer noopener\">@nissanpuertorico<\/a><\/strong>.<\/p>\n","protected":false},"excerpt":{"rendered":"<p>Por segundo a\u00f1o consecutivo, Nissan Versa conquist\u00f3 la primera posici\u00f3n en la categor\u00eda &#8220;Mejores autos subcompactos&#8221;, en la lista Car and Driver 2024 Editors&#8217; Choice.\u00a0 La<span class=\"excerpt-hellip\"> [\u2026]<\/span><\/p>\n","protected":false},"author":32,"featured_media":3574,"comment_status":"open","ping_status":"open","sticky":false,"template":"","format":"standard","meta":{"om_disable_all_campaigns":false,"_monsterinsights_skip_tracking":false,"_monsterinsights_sitenote_active":false,"_monsterinsights_sitenote_note":"","_monsterinsights_sitenote_category":0,"spay_email":"","jetpack_publicize_message":"","jetpack_is_tweetstorm":false,"jetpack_publicize_feature_enabled":true},"categories":[634],"tags":[1308,1067],"aioseo_notices":[],"yoast_head":"<!-- This site is optimized with the Yoast SEO plugin v17.7.1 - https:\/\/yoast.com\/wordpress\/plugins\/seo\/ -->\n<title>Nissan Versa, reconocido como \u2018Mejor auto subcompacto\u2019 por Car and Driver - James Lynn : Tecnolog\u00eda y vida digital<\/title>\n<meta name=\"robots\" content=\"index, follow, max-snippet:-1, max-image-preview:large, max-video-preview:-1\" \/>\n<link rel=\"canonical\" href=\"https:\/\/www.jameslynn.com\/blog\/2024\/02\/06\/nissan-versa-reconocido-como-mejor-auto-subcompacto-por-car-and-driver\/\" \/>\n<meta property=\"og:locale\" content=\"en_US\" \/>\n<meta property=\"og:type\" content=\"article\" \/>\n<meta property=\"og:title\" content=\"Nissan Versa, reconocido como \u2018Mejor auto subcompacto\u2019 por Car and Driver - James Lynn : Tecnolog\u00eda y vida digital\" \/>\n<meta property=\"og:description\" content=\"Por segundo a\u00f1o consecutivo, Nissan Versa conquist\u00f3 la primera posici\u00f3n en la categor\u00eda &#8220;Mejores autos subcompactos&#8221;, en la lista Car and Driver 2024 Editors&#8217; Choice.\u00a0 La [\u2026]\" \/>\n<meta property=\"og:url\" content=\"https:\/\/www.jameslynn.com\/blog\/2024\/02\/06\/nissan-versa-reconocido-como-mejor-auto-subcompacto-por-car-and-driver\/\" \/>\n<meta property=\"og:site_name\" content=\"James Lynn : Tecnolog\u00eda y vida digital\" \/>\n<meta property=\"article:published_time\" content=\"2024-02-07T03:17:00+00:00\" \/>\n<meta property=\"article:modified_time\" content=\"2024-02-22T15:22:29+00:00\" \/>\n<meta property=\"og:image\" content=\"https:\/\/www.jameslynn.com\/blog\/wp-content\/uploads\/2024\/02\/nissan-versa.jpg\" \/>\n\t<meta property=\"og:image:width\" content=\"1500\" \/>\n\t<meta property=\"og:image:height\" content=\"1000\" \/>\n<meta name=\"twitter:label1\" content=\"Written by\" \/>\n\t<meta name=\"twitter:data1\" content=\"James Lynn\" \/>\n\t<meta name=\"twitter:label2\" content=\"Est. reading time\" \/>\n\t<meta name=\"twitter:data2\" content=\"3 minutes\" \/>\n<script type=\"application\/ld+json\" class=\"yoast-schema-graph\">{\"@context\":\"https:\/\/schema.org\",\"@graph\":[{\"@type\":\"WebSite\",\"@id\":\"https:\/\/www.jameslynn.com\/blog\/#website\",\"url\":\"https:\/\/www.jameslynn.com\/blog\/\",\"name\":\"James Lynn : Tecnolog\\u00eda y vida digital\",\"description\":\"Tecnolog\\u00eda y vida digital\",\"potentialAction\":[{\"@type\":\"SearchAction\",\"target\":{\"@type\":\"EntryPoint\",\"urlTemplate\":\"https:\/\/www.jameslynn.com\/blog\/?s={search_term_string}\"},\"query-input\":\"required name=search_term_string\"}],\"inLanguage\":\"en-US\"},{\"@type\":\"ImageObject\",\"@id\":\"https:\/\/www.jameslynn.com\/blog\/2024\/02\/06\/nissan-versa-reconocido-como-mejor-auto-subcompacto-por-car-and-driver\/#primaryimage\",\"inLanguage\":\"en-US\",\"url\":\"https:\/\/www.jameslynn.com\/blog\/wp-content\/uploads\/2024\/02\/nissan-versa.jpg\",\"contentUrl\":\"https:\/\/www.jameslynn.com\/blog\/wp-content\/uploads\/2024\/02\/nissan-versa.jpg\",\"width\":1500,\"height\":1000,\"caption\":\"Nissan Versa\"},{\"@type\":\"WebPage\",\"@id\":\"https:\/\/www.jameslynn.com\/blog\/2024\/02\/06\/nissan-versa-reconocido-como-mejor-auto-subcompacto-por-car-and-driver\/#webpage\",\"url\":\"https:\/\/www.jameslynn.com\/blog\/2024\/02\/06\/nissan-versa-reconocido-como-mejor-auto-subcompacto-por-car-and-driver\/\",\"name\":\"Nissan Versa, reconocido como \\u2018Mejor auto subcompacto\\u2019 por Car and Driver - James Lynn : Tecnolog\\u00eda y vida digital\",\"isPartOf\":{\"@id\":\"https:\/\/www.jameslynn.com\/blog\/#website\"},\"primaryImageOfPage\":{\"@id\":\"https:\/\/www.jameslynn.com\/blog\/2024\/02\/06\/nissan-versa-reconocido-como-mejor-auto-subcompacto-por-car-and-driver\/#primaryimage\"},\"datePublished\":\"2024-02-07T03:17:00+00:00\",\"dateModified\":\"2024-02-22T15:22:29+00:00\",\"author\":{\"@id\":\"https:\/\/www.jameslynn.com\/blog\/#\/schema\/person\/4439f3e96c27ac4b98b29b03848f8108\"},\"breadcrumb\":{\"@id\":\"https:\/\/www.jameslynn.com\/blog\/2024\/02\/06\/nissan-versa-reconocido-como-mejor-auto-subcompacto-por-car-and-driver\/#breadcrumb\"},\"inLanguage\":\"en-US\",\"potentialAction\":[{\"@type\":\"ReadAction\",\"target\":[\"https:\/\/www.jameslynn.com\/blog\/2024\/02\/06\/nissan-versa-reconocido-como-mejor-auto-subcompacto-por-car-and-driver\/\"]}]},{\"@type\":\"BreadcrumbList\",\"@id\":\"https:\/\/www.jameslynn.com\/blog\/2024\/02\/06\/nissan-versa-reconocido-como-mejor-auto-subcompacto-por-car-and-driver\/#breadcrumb\",\"itemListElement\":[{\"@type\":\"ListItem\",\"position\":1,\"name\":\"Home\",\"item\":\"https:\/\/www.jameslynn.com\/blog\/\"},{\"@type\":\"ListItem\",\"position\":2,\"name\":\"Nissan Versa, reconocido como \\u2018Mejor auto subcompacto\\u2019 por Car and Driver\"}]},{\"@type\":\"Person\",\"@id\":\"https:\/\/www.jameslynn.com\/blog\/#\/schema\/person\/4439f3e96c27ac4b98b29b03848f8108\",\"name\":\"James Lynn\",\"image\":{\"@type\":\"ImageObject\",\"@id\":\"https:\/\/www.jameslynn.com\/blog\/#personlogo\",\"inLanguage\":\"en-US\",\"url\":\"https:\/\/secure.gravatar.com\/avatar\/2dcd2635cd0622bf457f25788f8c478b?s=96&d=mm&r=pg\",\"contentUrl\":\"https:\/\/secure.gravatar.com\/avatar\/2dcd2635cd0622bf457f25788f8c478b?s=96&d=mm&r=pg\",\"caption\":\"James Lynn\"},\"description\":\"Tech blogger, podcaster, live streamer, graphic designer, photographer, multimedia artist and university professor living in San Juan, Puerto Rico.\",\"sameAs\":[\"http:\/\/www.jameslynn.com\"],\"url\":\"https:\/\/www.jameslynn.com\/blog\/author\/jameslynn\/\"}]}<\/script>\n<!-- \/ Yoast SEO plugin. -->","yoast_head_json":{"title":"Nissan Versa, reconocido como \u2018Mejor auto subcompacto\u2019 por Car and Driver - James Lynn : Tecnolog\u00eda y vida digital","robots":{"index":"index","follow":"follow","max-snippet":"max-snippet:-1","max-image-preview":"max-image-preview:large","max-video-preview":"max-video-preview:-1"},"canonical":"https:\/\/www.jameslynn.com\/blog\/2024\/02\/06\/nissan-versa-reconocido-como-mejor-auto-subcompacto-por-car-and-driver\/","og_locale":"en_US","og_type":"article","og_title":"Nissan Versa, reconocido como \u2018Mejor auto subcompacto\u2019 por Car and Driver - James Lynn : Tecnolog\u00eda y vida digital","og_description":"Por segundo a\u00f1o consecutivo, Nissan Versa conquist\u00f3 la primera posici\u00f3n en la categor\u00eda &#8220;Mejores autos subcompactos&#8221;, en la lista Car and Driver 2024 Editors&#8217; Choice.\u00a0 La [\u2026]","og_url":"https:\/\/www.jameslynn.com\/blog\/2024\/02\/06\/nissan-versa-reconocido-como-mejor-auto-subcompacto-por-car-and-driver\/","og_site_name":"James Lynn : Tecnolog\u00eda y vida digital","article_published_time":"2024-02-07T03:17:00+00:00","article_modified_time":"2024-02-22T15:22:29+00:00","og_image":[{"width":1500,"height":1000,"url":"https:\/\/www.jameslynn.com\/blog\/wp-content\/uploads\/2024\/02\/nissan-versa.jpg","type":"image\/jpeg"}],"twitter_misc":{"Written by":"James Lynn","Est. reading time":"3 minutes"},"schema":{"@context":"https:\/\/schema.org","@graph":[{"@type":"WebSite","@id":"https:\/\/www.jameslynn.com\/blog\/#website","url":"https:\/\/www.jameslynn.com\/blog\/","name":"James Lynn : Tecnolog\u00eda y vida digital","description":"Tecnolog\u00eda y vida digital","potentialAction":[{"@type":"SearchAction","target":{"@type":"EntryPoint","urlTemplate":"https:\/\/www.jameslynn.com\/blog\/?s={search_term_string}"},"query-input":"required name=search_term_string"}],"inLanguage":"en-US"},{"@type":"ImageObject","@id":"https:\/\/www.jameslynn.com\/blog\/2024\/02\/06\/nissan-versa-reconocido-como-mejor-auto-subcompacto-por-car-and-driver\/#primaryimage","inLanguage":"en-US","url":"https:\/\/www.jameslynn.com\/blog\/wp-content\/uploads\/2024\/02\/nissan-versa.jpg","contentUrl":"https:\/\/www.jameslynn.com\/blog\/wp-content\/uploads\/2024\/02\/nissan-versa.jpg","width":1500,"height":1000,"caption":"Nissan Versa"},{"@type":"WebPage","@id":"https:\/\/www.jameslynn.com\/blog\/2024\/02\/06\/nissan-versa-reconocido-como-mejor-auto-subcompacto-por-car-and-driver\/#webpage","url":"https:\/\/www.jameslynn.com\/blog\/2024\/02\/06\/nissan-versa-reconocido-como-mejor-auto-subcompacto-por-car-and-driver\/","name":"Nissan Versa, reconocido como \u2018Mejor auto subcompacto\u2019 por Car and Driver - James Lynn : Tecnolog\u00eda y vida digital","isPartOf":{"@id":"https:\/\/www.jameslynn.com\/blog\/#website"},"primaryImageOfPage":{"@id":"https:\/\/www.jameslynn.com\/blog\/2024\/02\/06\/nissan-versa-reconocido-como-mejor-auto-subcompacto-por-car-and-driver\/#primaryimage"},"datePublished":"2024-02-07T03:17:00+00:00","dateModified":"2024-02-22T15:22:29+00:00","author":{"@id":"https:\/\/www.jameslynn.com\/blog\/#\/schema\/person\/4439f3e96c27ac4b98b29b03848f8108"},"breadcrumb":{"@id":"https:\/\/www.jameslynn.com\/blog\/2024\/02\/06\/nissan-versa-reconocido-como-mejor-auto-subcompacto-por-car-and-driver\/#breadcrumb"},"inLanguage":"en-US","potentialAction":[{"@type":"ReadAction","target":["https:\/\/www.jameslynn.com\/blog\/2024\/02\/06\/nissan-versa-reconocido-como-mejor-auto-subcompacto-por-car-and-driver\/"]}]},{"@type":"BreadcrumbList","@id":"https:\/\/www.jameslynn.com\/blog\/2024\/02\/06\/nissan-versa-reconocido-como-mejor-auto-subcompacto-por-car-and-driver\/#breadcrumb","itemListElement":[{"@type":"ListItem","position":1,"name":"Home","item":"https:\/\/www.jameslynn.com\/blog\/"},{"@type":"ListItem","position":2,"name":"Nissan Versa, reconocido como \u2018Mejor auto subcompacto\u2019 por Car and Driver"}]},{"@type":"Person","@id":"https:\/\/www.jameslynn.com\/blog\/#\/schema\/person\/4439f3e96c27ac4b98b29b03848f8108","name":"James Lynn","image":{"@type":"ImageObject","@id":"https:\/\/www.jameslynn.com\/blog\/#personlogo","inLanguage":"en-US","url":"https:\/\/secure.gravatar.com\/avatar\/2dcd2635cd0622bf457f25788f8c478b?s=96&d=mm&r=pg","contentUrl":"https:\/\/secure.gravatar.com\/avatar\/2dcd2635cd0622bf457f25788f8c478b?s=96&d=mm&r=pg","caption":"James Lynn"},"description":"Tech blogger, podcaster, live streamer, graphic designer, photographer, multimedia artist and university professor living in San Juan, Puerto Rico.","sameAs":["http:\/\/www.jameslynn.com"],"url":"https:\/\/www.jameslynn.com\/blog\/author\/jameslynn\/"}]}},"jetpack_featured_media_url":"https:\/\/www.jameslynn.com\/blog\/wp-content\/uploads\/2024\/02\/nissan-versa.jpg","jetpack_publicize_connections":[],"jetpack_shortlink":"https:\/\/wp.me\/p2kNF7-VD","_links":{"self":[{"href":"https:\/\/www.jameslynn.com\/blog\/wp-json\/wp\/v2\/posts\/3573"}],"collection":[{"href":"https:\/\/www.jameslynn.com\/blog\/wp-json\/wp\/v2\/posts"}],"about":[{"href":"https:\/\/www.jameslynn.com\/blog\/wp-json\/wp\/v2\/types\/post"}],"author":[{"embeddable":true,"href":"https:\/\/www.jameslynn.com\/blog\/wp-json\/wp\/v2\/users\/32"}],"replies":[{"embeddable":true,"href":"https:\/\/www.jameslynn.com\/blog\/wp-json\/wp\/v2\/comments?post=3573"}],"version-history":[{"count":1,"href":"https:\/\/www.jameslynn.com\/blog\/wp-json\/wp\/v2\/posts\/3573\/revisions"}],"predecessor-version":[{"id":3575,"href":"https:\/\/www.jameslynn.com\/blog\/wp-json\/wp\/v2\/posts\/3573\/revisions\/3575"}],"wp:featuredmedia":[{"embeddable":true,"href":"https:\/\/www.jameslynn.com\/blog\/wp-json\/wp\/v2\/media\/3574"}],"wp:attachment":[{"href":"https:\/\/www.jameslynn.com\/blog\/wp-json\/wp\/v2\/media?parent=3573"}],"wp:term":[{"taxonomy":"category","embeddable":true,"href":"https:\/\/www.jameslynn.com\/blog\/wp-json\/wp\/v2\/categories?post=3573"},{"taxonomy":"post_tag","embeddable":true,"href":"https:\/\/www.jameslynn.com\/blog\/wp-json\/wp\/v2\/tags?post=3573"}],"curies":[{"name":"wp","href":"https:\/\/api.w.org\/{rel}","templated":true}]}}