{"id":3265,"date":"2023-09-08T08:41:52","date_gmt":"2023-09-08T12:41:52","guid":{"rendered":"https:\/\/www.jameslynn.com\/blog\/?p=3265"},"modified":"2023-09-08T08:44:33","modified_gmt":"2023-09-08T12:44:33","slug":"hermes-croatto-nuevo-embajador-de-volvo-car-puerto-rico","status":"publish","type":"post","link":"https:\/\/www.jameslynn.com\/blog\/2023\/09\/08\/hermes-croatto-nuevo-embajador-de-volvo-car-puerto-rico\/","title":{"rendered":"Hermes Croatto, nuevo embajador de Volvo Car Puerto Rico"},"content":{"rendered":"\n<p>San Juan, Puerto Rico \u2013 Enfocados en promover la seguridad y el valor de la familia, Volvo Car Puerto Rico revel\u00f3 que Hermes Croatto es el nuevo embajador de la marca en la isla.<\/p>\n\n\n\n<p>\u201cEstamos muy entusiasmados con la integraci\u00f3n de Hermes a nuestra familia, no solamente por los valores que proyecta, sino por su integridad, y esfuerzos para un futuro m\u00e1s sostenible donde la seguridad de todos los miembros de la familia sean siempre la prioridad\u201d, detall\u00f3 Christian Alvarado, Gerente de Ventas de Volvo Car Puerto Rico.<\/p>\n\n\n\n<p>Hermes y su familia, incluyendo su mascota, recorrer\u00e1n nuevas aventuras en familia a bordo del Volvo XC90 Recharge Plug-In Hybrid. Este SUV h\u00edbrido-enchufable con espacio para 7 pasajeros, con la combinaci\u00f3n ideal de un motor de gasolina y uno el\u00e9ctrico, reduciendo sustancialmente las emisiones de CO2 mientras les permite recorrer por m\u00e1s de 35 millas en modo totalmente el\u00e9ctrico.<\/p>\n\n\n\n<figure class=\"wp-block-embed is-type-video is-provider-youtube wp-block-embed-youtube wp-embed-aspect-16-9 wp-has-aspect-ratio\"><div class=\"wp-block-embed__wrapper\">\n<span class=\"embed-youtube\" style=\"text-align:center; display: block;\"><iframe loading=\"lazy\" class=\"youtube-player\" width=\"1200\" height=\"675\" src=\"https:\/\/www.youtube.com\/embed\/Lti7LgjlGNk?version=3&#038;rel=1&#038;showsearch=0&#038;showinfo=1&#038;iv_load_policy=1&#038;fs=1&#038;hl=en-US&#038;autohide=2&#038;wmode=transparent\" allowfullscreen=\"true\" style=\"border:0;\" sandbox=\"allow-scripts allow-same-origin allow-popups allow-presentation\"><\/iframe><\/span>\n<\/div><\/figure>\n\n\n\n<p>\u201cEn todo lo que hago, mi familia es primero. Mi mayor legado es el amor por lo que hago, mi cultura y mi tierra. Por eso, me siento honrado de ser el nuevo embajador para Volvo, porque la marca representa esos mismos valores que trato de inculcar en mis hijos y en todo lo que hago. Adem\u00e1s de que su legado de seguridad habla por s\u00ed solo\u201d, expres\u00f3 Hermes Croatto.<\/p>\n\n\n\n<p>Croatto se une a Estefan\u00eda Soto, quien tambi\u00e9n funge como embajadora de la marca sueca en Puerto Rico.<\/p>\n\n\n\n<figure class=\"wp-block-gallery columns-3 is-cropped\"><ul class=\"blocks-gallery-grid\"><li class=\"blocks-gallery-item\"><figure><img loading=\"lazy\" width=\"1280\" height=\"854\" src=\"https:\/\/www.jameslynn.com\/blog\/wp-content\/uploads\/2023\/09\/20230907085407_584A9867-edit-1280x854.jpg\" alt=\"\" data-id=\"3267\" data-full-url=\"https:\/\/www.jameslynn.com\/blog\/wp-content\/uploads\/2023\/09\/20230907085407_584A9867-edit.jpg\" data-link=\"https:\/\/www.jameslynn.com\/blog\/?attachment_id=3267\" class=\"wp-image-3267\" srcset=\"https:\/\/www.jameslynn.com\/blog\/wp-content\/uploads\/2023\/09\/20230907085407_584A9867-edit-1280x854.jpg 1280w, https:\/\/www.jameslynn.com\/blog\/wp-content\/uploads\/2023\/09\/20230907085407_584A9867-edit-450x300.jpg 450w, https:\/\/www.jameslynn.com\/blog\/wp-content\/uploads\/2023\/09\/20230907085407_584A9867-edit-768x513.jpg 768w, https:\/\/www.jameslynn.com\/blog\/wp-content\/uploads\/2023\/09\/20230907085407_584A9867-edit-1536x1025.jpg 1536w, https:\/\/www.jameslynn.com\/blog\/wp-content\/uploads\/2023\/09\/20230907085407_584A9867-edit-500x334.jpg 500w, https:\/\/www.jameslynn.com\/blog\/wp-content\/uploads\/2023\/09\/20230907085407_584A9867-edit-219x146.jpg 219w, https:\/\/www.jameslynn.com\/blog\/wp-content\/uploads\/2023\/09\/20230907085407_584A9867-edit-50x33.jpg 50w, https:\/\/www.jameslynn.com\/blog\/wp-content\/uploads\/2023\/09\/20230907085407_584A9867-edit-112x75.jpg 112w, https:\/\/www.jameslynn.com\/blog\/wp-content\/uploads\/2023\/09\/20230907085407_584A9867-edit.jpg 1600w\" sizes=\"(max-width: 1280px) 100vw, 1280px\" \/><\/figure><\/li><li class=\"blocks-gallery-item\"><figure><img loading=\"lazy\" width=\"1280\" height=\"854\" src=\"https:\/\/www.jameslynn.com\/blog\/wp-content\/uploads\/2023\/09\/20230907085547_584A9897-edit-1280x854.jpg\" alt=\"\" data-id=\"3268\" data-full-url=\"https:\/\/www.jameslynn.com\/blog\/wp-content\/uploads\/2023\/09\/20230907085547_584A9897-edit.jpg\" data-link=\"https:\/\/www.jameslynn.com\/blog\/?attachment_id=3268\" class=\"wp-image-3268\" srcset=\"https:\/\/www.jameslynn.com\/blog\/wp-content\/uploads\/2023\/09\/20230907085547_584A9897-edit-1280x854.jpg 1280w, https:\/\/www.jameslynn.com\/blog\/wp-content\/uploads\/2023\/09\/20230907085547_584A9897-edit-450x300.jpg 450w, https:\/\/www.jameslynn.com\/blog\/wp-content\/uploads\/2023\/09\/20230907085547_584A9897-edit-768x513.jpg 768w, https:\/\/www.jameslynn.com\/blog\/wp-content\/uploads\/2023\/09\/20230907085547_584A9897-edit-1536x1025.jpg 1536w, https:\/\/www.jameslynn.com\/blog\/wp-content\/uploads\/2023\/09\/20230907085547_584A9897-edit-500x334.jpg 500w, https:\/\/www.jameslynn.com\/blog\/wp-content\/uploads\/2023\/09\/20230907085547_584A9897-edit-219x146.jpg 219w, https:\/\/www.jameslynn.com\/blog\/wp-content\/uploads\/2023\/09\/20230907085547_584A9897-edit-50x33.jpg 50w, https:\/\/www.jameslynn.com\/blog\/wp-content\/uploads\/2023\/09\/20230907085547_584A9897-edit-112x75.jpg 112w, https:\/\/www.jameslynn.com\/blog\/wp-content\/uploads\/2023\/09\/20230907085547_584A9897-edit.jpg 1600w\" sizes=\"(max-width: 1280px) 100vw, 1280px\" \/><\/figure><\/li><li class=\"blocks-gallery-item\"><figure><img loading=\"lazy\" width=\"1280\" height=\"854\" src=\"https:\/\/www.jameslynn.com\/blog\/wp-content\/uploads\/2023\/09\/20230907085908_584A9932-edit2-1280x854.jpg\" alt=\"\" data-id=\"3269\" data-full-url=\"https:\/\/www.jameslynn.com\/blog\/wp-content\/uploads\/2023\/09\/20230907085908_584A9932-edit2.jpg\" data-link=\"https:\/\/www.jameslynn.com\/blog\/?attachment_id=3269\" class=\"wp-image-3269\" srcset=\"https:\/\/www.jameslynn.com\/blog\/wp-content\/uploads\/2023\/09\/20230907085908_584A9932-edit2-1280x854.jpg 1280w, https:\/\/www.jameslynn.com\/blog\/wp-content\/uploads\/2023\/09\/20230907085908_584A9932-edit2-450x300.jpg 450w, https:\/\/www.jameslynn.com\/blog\/wp-content\/uploads\/2023\/09\/20230907085908_584A9932-edit2-768x513.jpg 768w, https:\/\/www.jameslynn.com\/blog\/wp-content\/uploads\/2023\/09\/20230907085908_584A9932-edit2-1536x1025.jpg 1536w, https:\/\/www.jameslynn.com\/blog\/wp-content\/uploads\/2023\/09\/20230907085908_584A9932-edit2-500x334.jpg 500w, https:\/\/www.jameslynn.com\/blog\/wp-content\/uploads\/2023\/09\/20230907085908_584A9932-edit2-219x146.jpg 219w, https:\/\/www.jameslynn.com\/blog\/wp-content\/uploads\/2023\/09\/20230907085908_584A9932-edit2-50x33.jpg 50w, https:\/\/www.jameslynn.com\/blog\/wp-content\/uploads\/2023\/09\/20230907085908_584A9932-edit2-112x75.jpg 112w, https:\/\/www.jameslynn.com\/blog\/wp-content\/uploads\/2023\/09\/20230907085908_584A9932-edit2.jpg 1600w\" sizes=\"(max-width: 1280px) 100vw, 1280px\" \/><\/figure><\/li><li class=\"blocks-gallery-item\"><figure><img loading=\"lazy\" width=\"1280\" height=\"854\" src=\"https:\/\/www.jameslynn.com\/blog\/wp-content\/uploads\/2023\/09\/20230907094236_584A0136-edit-1280x854.jpg\" alt=\"\" data-id=\"3270\" data-full-url=\"https:\/\/www.jameslynn.com\/blog\/wp-content\/uploads\/2023\/09\/20230907094236_584A0136-edit.jpg\" data-link=\"https:\/\/www.jameslynn.com\/blog\/?attachment_id=3270\" class=\"wp-image-3270\" srcset=\"https:\/\/www.jameslynn.com\/blog\/wp-content\/uploads\/2023\/09\/20230907094236_584A0136-edit-1280x854.jpg 1280w, https:\/\/www.jameslynn.com\/blog\/wp-content\/uploads\/2023\/09\/20230907094236_584A0136-edit-450x300.jpg 450w, https:\/\/www.jameslynn.com\/blog\/wp-content\/uploads\/2023\/09\/20230907094236_584A0136-edit-768x513.jpg 768w, https:\/\/www.jameslynn.com\/blog\/wp-content\/uploads\/2023\/09\/20230907094236_584A0136-edit-1536x1025.jpg 1536w, https:\/\/www.jameslynn.com\/blog\/wp-content\/uploads\/2023\/09\/20230907094236_584A0136-edit-500x334.jpg 500w, https:\/\/www.jameslynn.com\/blog\/wp-content\/uploads\/2023\/09\/20230907094236_584A0136-edit-219x146.jpg 219w, https:\/\/www.jameslynn.com\/blog\/wp-content\/uploads\/2023\/09\/20230907094236_584A0136-edit-50x33.jpg 50w, https:\/\/www.jameslynn.com\/blog\/wp-content\/uploads\/2023\/09\/20230907094236_584A0136-edit-112x75.jpg 112w, https:\/\/www.jameslynn.com\/blog\/wp-content\/uploads\/2023\/09\/20230907094236_584A0136-edit.jpg 1600w\" sizes=\"(max-width: 1280px) 100vw, 1280px\" \/><\/figure><\/li><li class=\"blocks-gallery-item\"><figure><img loading=\"lazy\" width=\"1280\" height=\"854\" src=\"https:\/\/www.jameslynn.com\/blog\/wp-content\/uploads\/2023\/09\/20230907094936_584A0338-edit-1280x854.jpg\" alt=\"\" data-id=\"3271\" data-full-url=\"https:\/\/www.jameslynn.com\/blog\/wp-content\/uploads\/2023\/09\/20230907094936_584A0338-edit.jpg\" data-link=\"https:\/\/www.jameslynn.com\/blog\/?attachment_id=3271\" class=\"wp-image-3271\" srcset=\"https:\/\/www.jameslynn.com\/blog\/wp-content\/uploads\/2023\/09\/20230907094936_584A0338-edit-1280x854.jpg 1280w, https:\/\/www.jameslynn.com\/blog\/wp-content\/uploads\/2023\/09\/20230907094936_584A0338-edit-450x300.jpg 450w, https:\/\/www.jameslynn.com\/blog\/wp-content\/uploads\/2023\/09\/20230907094936_584A0338-edit-768x513.jpg 768w, https:\/\/www.jameslynn.com\/blog\/wp-content\/uploads\/2023\/09\/20230907094936_584A0338-edit-1536x1025.jpg 1536w, https:\/\/www.jameslynn.com\/blog\/wp-content\/uploads\/2023\/09\/20230907094936_584A0338-edit-500x334.jpg 500w, https:\/\/www.jameslynn.com\/blog\/wp-content\/uploads\/2023\/09\/20230907094936_584A0338-edit-219x146.jpg 219w, https:\/\/www.jameslynn.com\/blog\/wp-content\/uploads\/2023\/09\/20230907094936_584A0338-edit-50x33.jpg 50w, https:\/\/www.jameslynn.com\/blog\/wp-content\/uploads\/2023\/09\/20230907094936_584A0338-edit-112x75.jpg 112w, https:\/\/www.jameslynn.com\/blog\/wp-content\/uploads\/2023\/09\/20230907094936_584A0338-edit.jpg 1600w\" sizes=\"(max-width: 1280px) 100vw, 1280px\" \/><\/figure><\/li><li class=\"blocks-gallery-item\"><figure><img loading=\"lazy\" width=\"1280\" height=\"854\" src=\"https:\/\/www.jameslynn.com\/blog\/wp-content\/uploads\/2023\/09\/20230907095205_584A0380-edit-1280x854.jpg\" alt=\"\" data-id=\"3272\" data-full-url=\"https:\/\/www.jameslynn.com\/blog\/wp-content\/uploads\/2023\/09\/20230907095205_584A0380-edit.jpg\" data-link=\"https:\/\/www.jameslynn.com\/blog\/?attachment_id=3272\" class=\"wp-image-3272\" srcset=\"https:\/\/www.jameslynn.com\/blog\/wp-content\/uploads\/2023\/09\/20230907095205_584A0380-edit-1280x854.jpg 1280w, https:\/\/www.jameslynn.com\/blog\/wp-content\/uploads\/2023\/09\/20230907095205_584A0380-edit-450x300.jpg 450w, https:\/\/www.jameslynn.com\/blog\/wp-content\/uploads\/2023\/09\/20230907095205_584A0380-edit-768x513.jpg 768w, https:\/\/www.jameslynn.com\/blog\/wp-content\/uploads\/2023\/09\/20230907095205_584A0380-edit-1536x1025.jpg 1536w, https:\/\/www.jameslynn.com\/blog\/wp-content\/uploads\/2023\/09\/20230907095205_584A0380-edit-500x334.jpg 500w, https:\/\/www.jameslynn.com\/blog\/wp-content\/uploads\/2023\/09\/20230907095205_584A0380-edit-219x146.jpg 219w, https:\/\/www.jameslynn.com\/blog\/wp-content\/uploads\/2023\/09\/20230907095205_584A0380-edit-50x33.jpg 50w, https:\/\/www.jameslynn.com\/blog\/wp-content\/uploads\/2023\/09\/20230907095205_584A0380-edit-112x75.jpg 112w, https:\/\/www.jameslynn.com\/blog\/wp-content\/uploads\/2023\/09\/20230907095205_584A0380-edit.jpg 1600w\" sizes=\"(max-width: 1280px) 100vw, 1280px\" \/><\/figure><\/li><li class=\"blocks-gallery-item\"><figure><img loading=\"lazy\" width=\"1280\" height=\"854\" src=\"https:\/\/www.jameslynn.com\/blog\/wp-content\/uploads\/2023\/09\/20230907095553_584A0411-edit-1280x854.jpg\" alt=\"\" data-id=\"3273\" data-full-url=\"https:\/\/www.jameslynn.com\/blog\/wp-content\/uploads\/2023\/09\/20230907095553_584A0411-edit.jpg\" data-link=\"https:\/\/www.jameslynn.com\/blog\/?attachment_id=3273\" class=\"wp-image-3273\" srcset=\"https:\/\/www.jameslynn.com\/blog\/wp-content\/uploads\/2023\/09\/20230907095553_584A0411-edit-1280x854.jpg 1280w, https:\/\/www.jameslynn.com\/blog\/wp-content\/uploads\/2023\/09\/20230907095553_584A0411-edit-450x300.jpg 450w, https:\/\/www.jameslynn.com\/blog\/wp-content\/uploads\/2023\/09\/20230907095553_584A0411-edit-768x513.jpg 768w, https:\/\/www.jameslynn.com\/blog\/wp-content\/uploads\/2023\/09\/20230907095553_584A0411-edit-1536x1025.jpg 1536w, https:\/\/www.jameslynn.com\/blog\/wp-content\/uploads\/2023\/09\/20230907095553_584A0411-edit-500x334.jpg 500w, https:\/\/www.jameslynn.com\/blog\/wp-content\/uploads\/2023\/09\/20230907095553_584A0411-edit-219x146.jpg 219w, https:\/\/www.jameslynn.com\/blog\/wp-content\/uploads\/2023\/09\/20230907095553_584A0411-edit-50x33.jpg 50w, https:\/\/www.jameslynn.com\/blog\/wp-content\/uploads\/2023\/09\/20230907095553_584A0411-edit-112x75.jpg 112w, https:\/\/www.jameslynn.com\/blog\/wp-content\/uploads\/2023\/09\/20230907095553_584A0411-edit.jpg 1600w\" sizes=\"(max-width: 1280px) 100vw, 1280px\" \/><\/figure><\/li><\/ul><\/figure>\n\n\n\n<h3>Volvo Cars<\/h3>\n\n\n\n<p>Volvo Cars se fund\u00f3 en 1927. Hoy en d\u00eda, es una de las marcas de veh\u00edculos m\u00e1s conocidas y respetadas del mundo, con ventas en m\u00e1s de 100 pa\u00edses. Volvo Cars tiene como objetivo brindar a los clientes libertad de movimiento de una manera personal, sostenible y segura. Esto se refleja en su objetivo de convertirse en un fabricante de autom\u00f3viles totalmente el\u00e9ctricos para 2030, su compromiso de reducir continuamente su huella de carbono y su ambici\u00f3n de ser una empresa clim\u00e1ticamente neutra para 2040.<\/p>\n\n\n\n<p>La sede central se encuentra en Gotemburgo, Suecia. Las plantas de producci\u00f3n de Volvo est\u00e1n ubicadas en Gotemburgo, Gante (B\u00e9lgica), Carolina del Sur (EE. UU.), Chengdu, Daqing y Taizhou (China). La empresa tambi\u00e9n cuenta con centros de Investigaci\u00f3n y Desarrollo y dise\u00f1o en Gotemburgo, Camarillo (EE.UU.) y Shangh\u00e1i (China).<\/p>\n\n\n\n<figure class=\"wp-block-embed is-type-video is-provider-youtube wp-block-embed-youtube wp-embed-aspect-16-9 wp-has-aspect-ratio\"><div class=\"wp-block-embed__wrapper\">\n<span class=\"embed-youtube\" style=\"text-align:center; display: block;\"><iframe loading=\"lazy\" class=\"youtube-player\" width=\"1200\" height=\"675\" src=\"https:\/\/www.youtube.com\/embed\/epM5IxVXXrc?version=3&#038;rel=1&#038;showsearch=0&#038;showinfo=1&#038;iv_load_policy=1&#038;fs=1&#038;hl=en-US&#038;autohide=2&#038;wmode=transparent\" allowfullscreen=\"true\" style=\"border:0;\" sandbox=\"allow-scripts allow-same-origin allow-popups allow-presentation\"><\/iframe><\/span>\n<\/div><\/figure>\n\n\n\n<h3>Volvo Car Puerto Rico<\/h3>\n\n\n\n<p>MART\u00cd, importador y distribuidor exclusivo de Volvo en Puerto Rico, es un grupo econ\u00f3mico dominicano con m\u00e1s de 50 a\u00f1os de trayectoria en los sectores de combustible, energ\u00eda renovable, automotriz, medios y&nbsp;<em>retail<\/em>. Es, adem\u00e1s, representante exclusivo de Volvo en Rep\u00fablica Dominicana y Panam\u00e1, siendo uno de los distribuidores m\u00e1s importantes de la marca en Latinoam\u00e9rica.&nbsp;<\/p>\n","protected":false},"excerpt":{"rendered":"<p>San Juan, Puerto Rico \u2013 Enfocados en promover la seguridad y el valor de la familia, Volvo Car Puerto Rico revel\u00f3 que Hermes Croatto es el<span class=\"excerpt-hellip\"> [\u2026]<\/span><\/p>\n","protected":false},"author":32,"featured_media":3275,"comment_status":"open","ping_status":"open","sticky":false,"template":"","format":"standard","meta":{"om_disable_all_campaigns":false,"_monsterinsights_skip_tracking":false,"_monsterinsights_sitenote_active":false,"_monsterinsights_sitenote_note":"","_monsterinsights_sitenote_category":0,"spay_email":"","jetpack_publicize_message":"","jetpack_is_tweetstorm":false,"jetpack_publicize_feature_enabled":true},"categories":[634],"tags":[1236,1237],"aioseo_notices":[],"yoast_head":"<!-- This site is optimized with the Yoast SEO plugin v17.7.1 - https:\/\/yoast.com\/wordpress\/plugins\/seo\/ -->\n<title>Hermes Croatto, nuevo embajador de Volvo Car Puerto Rico - James Lynn : Tecnolog\u00eda y vida digital<\/title>\n<meta name=\"robots\" content=\"index, follow, max-snippet:-1, max-image-preview:large, max-video-preview:-1\" \/>\n<link rel=\"canonical\" href=\"https:\/\/www.jameslynn.com\/blog\/2023\/09\/08\/hermes-croatto-nuevo-embajador-de-volvo-car-puerto-rico\/\" \/>\n<meta property=\"og:locale\" content=\"en_US\" \/>\n<meta property=\"og:type\" content=\"article\" \/>\n<meta property=\"og:title\" content=\"Hermes Croatto, nuevo embajador de Volvo Car Puerto Rico - James Lynn : Tecnolog\u00eda y vida digital\" \/>\n<meta property=\"og:description\" content=\"San Juan, Puerto Rico \u2013 Enfocados en promover la seguridad y el valor de la familia, Volvo Car Puerto Rico revel\u00f3 que Hermes Croatto es el [\u2026]\" \/>\n<meta property=\"og:url\" content=\"https:\/\/www.jameslynn.com\/blog\/2023\/09\/08\/hermes-croatto-nuevo-embajador-de-volvo-car-puerto-rico\/\" \/>\n<meta property=\"og:site_name\" content=\"James Lynn : Tecnolog\u00eda y vida digital\" \/>\n<meta property=\"article:published_time\" content=\"2023-09-08T12:41:52+00:00\" \/>\n<meta property=\"article:modified_time\" content=\"2023-09-08T12:44:33+00:00\" \/>\n<meta property=\"og:image\" content=\"https:\/\/www.jameslynn.com\/blog\/wp-content\/uploads\/2023\/09\/hermes-croatto-volvo.jpg\" \/>\n\t<meta property=\"og:image:width\" content=\"1500\" \/>\n\t<meta property=\"og:image:height\" content=\"1000\" \/>\n<meta name=\"twitter:label1\" content=\"Written by\" \/>\n\t<meta name=\"twitter:data1\" content=\"James Lynn\" \/>\n\t<meta name=\"twitter:label2\" content=\"Est. reading time\" \/>\n\t<meta name=\"twitter:data2\" content=\"4 minutes\" \/>\n<script type=\"application\/ld+json\" class=\"yoast-schema-graph\">{\"@context\":\"https:\/\/schema.org\",\"@graph\":[{\"@type\":\"WebSite\",\"@id\":\"https:\/\/www.jameslynn.com\/blog\/#website\",\"url\":\"https:\/\/www.jameslynn.com\/blog\/\",\"name\":\"James Lynn : Tecnolog\\u00eda y vida digital\",\"description\":\"Tecnolog\\u00eda y vida digital\",\"potentialAction\":[{\"@type\":\"SearchAction\",\"target\":{\"@type\":\"EntryPoint\",\"urlTemplate\":\"https:\/\/www.jameslynn.com\/blog\/?s={search_term_string}\"},\"query-input\":\"required name=search_term_string\"}],\"inLanguage\":\"en-US\"},{\"@type\":\"ImageObject\",\"@id\":\"https:\/\/www.jameslynn.com\/blog\/2023\/09\/08\/hermes-croatto-nuevo-embajador-de-volvo-car-puerto-rico\/#primaryimage\",\"inLanguage\":\"en-US\",\"url\":\"https:\/\/www.jameslynn.com\/blog\/wp-content\/uploads\/2023\/09\/hermes-croatto-volvo.jpg\",\"contentUrl\":\"https:\/\/www.jameslynn.com\/blog\/wp-content\/uploads\/2023\/09\/hermes-croatto-volvo.jpg\",\"width\":1500,\"height\":1000,\"caption\":\"James Lynn y Hermes Croatto Volvo XC90\"},{\"@type\":\"WebPage\",\"@id\":\"https:\/\/www.jameslynn.com\/blog\/2023\/09\/08\/hermes-croatto-nuevo-embajador-de-volvo-car-puerto-rico\/#webpage\",\"url\":\"https:\/\/www.jameslynn.com\/blog\/2023\/09\/08\/hermes-croatto-nuevo-embajador-de-volvo-car-puerto-rico\/\",\"name\":\"Hermes Croatto, nuevo embajador de Volvo Car Puerto Rico - James Lynn : Tecnolog\\u00eda y vida digital\",\"isPartOf\":{\"@id\":\"https:\/\/www.jameslynn.com\/blog\/#website\"},\"primaryImageOfPage\":{\"@id\":\"https:\/\/www.jameslynn.com\/blog\/2023\/09\/08\/hermes-croatto-nuevo-embajador-de-volvo-car-puerto-rico\/#primaryimage\"},\"datePublished\":\"2023-09-08T12:41:52+00:00\",\"dateModified\":\"2023-09-08T12:44:33+00:00\",\"author\":{\"@id\":\"https:\/\/www.jameslynn.com\/blog\/#\/schema\/person\/4439f3e96c27ac4b98b29b03848f8108\"},\"breadcrumb\":{\"@id\":\"https:\/\/www.jameslynn.com\/blog\/2023\/09\/08\/hermes-croatto-nuevo-embajador-de-volvo-car-puerto-rico\/#breadcrumb\"},\"inLanguage\":\"en-US\",\"potentialAction\":[{\"@type\":\"ReadAction\",\"target\":[\"https:\/\/www.jameslynn.com\/blog\/2023\/09\/08\/hermes-croatto-nuevo-embajador-de-volvo-car-puerto-rico\/\"]}]},{\"@type\":\"BreadcrumbList\",\"@id\":\"https:\/\/www.jameslynn.com\/blog\/2023\/09\/08\/hermes-croatto-nuevo-embajador-de-volvo-car-puerto-rico\/#breadcrumb\",\"itemListElement\":[{\"@type\":\"ListItem\",\"position\":1,\"name\":\"Home\",\"item\":\"https:\/\/www.jameslynn.com\/blog\/\"},{\"@type\":\"ListItem\",\"position\":2,\"name\":\"Hermes Croatto, nuevo embajador de Volvo Car Puerto Rico\"}]},{\"@type\":\"Person\",\"@id\":\"https:\/\/www.jameslynn.com\/blog\/#\/schema\/person\/4439f3e96c27ac4b98b29b03848f8108\",\"name\":\"James Lynn\",\"image\":{\"@type\":\"ImageObject\",\"@id\":\"https:\/\/www.jameslynn.com\/blog\/#personlogo\",\"inLanguage\":\"en-US\",\"url\":\"https:\/\/secure.gravatar.com\/avatar\/2dcd2635cd0622bf457f25788f8c478b?s=96&d=mm&r=pg\",\"contentUrl\":\"https:\/\/secure.gravatar.com\/avatar\/2dcd2635cd0622bf457f25788f8c478b?s=96&d=mm&r=pg\",\"caption\":\"James Lynn\"},\"description\":\"Tech blogger, podcaster, live streamer, graphic designer, photographer, multimedia artist and university professor living in San Juan, Puerto Rico.\",\"sameAs\":[\"http:\/\/www.jameslynn.com\"],\"url\":\"https:\/\/www.jameslynn.com\/blog\/author\/jameslynn\/\"}]}<\/script>\n<!-- \/ Yoast SEO plugin. -->","yoast_head_json":{"title":"Hermes Croatto, nuevo embajador de Volvo Car Puerto Rico - James Lynn : Tecnolog\u00eda y vida digital","robots":{"index":"index","follow":"follow","max-snippet":"max-snippet:-1","max-image-preview":"max-image-preview:large","max-video-preview":"max-video-preview:-1"},"canonical":"https:\/\/www.jameslynn.com\/blog\/2023\/09\/08\/hermes-croatto-nuevo-embajador-de-volvo-car-puerto-rico\/","og_locale":"en_US","og_type":"article","og_title":"Hermes Croatto, nuevo embajador de Volvo Car Puerto Rico - James Lynn : Tecnolog\u00eda y vida digital","og_description":"San Juan, Puerto Rico \u2013 Enfocados en promover la seguridad y el valor de la familia, Volvo Car Puerto Rico revel\u00f3 que Hermes Croatto es el [\u2026]","og_url":"https:\/\/www.jameslynn.com\/blog\/2023\/09\/08\/hermes-croatto-nuevo-embajador-de-volvo-car-puerto-rico\/","og_site_name":"James Lynn : Tecnolog\u00eda y vida digital","article_published_time":"2023-09-08T12:41:52+00:00","article_modified_time":"2023-09-08T12:44:33+00:00","og_image":[{"width":1500,"height":1000,"url":"https:\/\/www.jameslynn.com\/blog\/wp-content\/uploads\/2023\/09\/hermes-croatto-volvo.jpg","type":"image\/jpeg"}],"twitter_misc":{"Written by":"James Lynn","Est. reading time":"4 minutes"},"schema":{"@context":"https:\/\/schema.org","@graph":[{"@type":"WebSite","@id":"https:\/\/www.jameslynn.com\/blog\/#website","url":"https:\/\/www.jameslynn.com\/blog\/","name":"James Lynn : Tecnolog\u00eda y vida digital","description":"Tecnolog\u00eda y vida digital","potentialAction":[{"@type":"SearchAction","target":{"@type":"EntryPoint","urlTemplate":"https:\/\/www.jameslynn.com\/blog\/?s={search_term_string}"},"query-input":"required name=search_term_string"}],"inLanguage":"en-US"},{"@type":"ImageObject","@id":"https:\/\/www.jameslynn.com\/blog\/2023\/09\/08\/hermes-croatto-nuevo-embajador-de-volvo-car-puerto-rico\/#primaryimage","inLanguage":"en-US","url":"https:\/\/www.jameslynn.com\/blog\/wp-content\/uploads\/2023\/09\/hermes-croatto-volvo.jpg","contentUrl":"https:\/\/www.jameslynn.com\/blog\/wp-content\/uploads\/2023\/09\/hermes-croatto-volvo.jpg","width":1500,"height":1000,"caption":"James Lynn y Hermes Croatto Volvo XC90"},{"@type":"WebPage","@id":"https:\/\/www.jameslynn.com\/blog\/2023\/09\/08\/hermes-croatto-nuevo-embajador-de-volvo-car-puerto-rico\/#webpage","url":"https:\/\/www.jameslynn.com\/blog\/2023\/09\/08\/hermes-croatto-nuevo-embajador-de-volvo-car-puerto-rico\/","name":"Hermes Croatto, nuevo embajador de Volvo Car Puerto Rico - James Lynn : Tecnolog\u00eda y vida digital","isPartOf":{"@id":"https:\/\/www.jameslynn.com\/blog\/#website"},"primaryImageOfPage":{"@id":"https:\/\/www.jameslynn.com\/blog\/2023\/09\/08\/hermes-croatto-nuevo-embajador-de-volvo-car-puerto-rico\/#primaryimage"},"datePublished":"2023-09-08T12:41:52+00:00","dateModified":"2023-09-08T12:44:33+00:00","author":{"@id":"https:\/\/www.jameslynn.com\/blog\/#\/schema\/person\/4439f3e96c27ac4b98b29b03848f8108"},"breadcrumb":{"@id":"https:\/\/www.jameslynn.com\/blog\/2023\/09\/08\/hermes-croatto-nuevo-embajador-de-volvo-car-puerto-rico\/#breadcrumb"},"inLanguage":"en-US","potentialAction":[{"@type":"ReadAction","target":["https:\/\/www.jameslynn.com\/blog\/2023\/09\/08\/hermes-croatto-nuevo-embajador-de-volvo-car-puerto-rico\/"]}]},{"@type":"BreadcrumbList","@id":"https:\/\/www.jameslynn.com\/blog\/2023\/09\/08\/hermes-croatto-nuevo-embajador-de-volvo-car-puerto-rico\/#breadcrumb","itemListElement":[{"@type":"ListItem","position":1,"name":"Home","item":"https:\/\/www.jameslynn.com\/blog\/"},{"@type":"ListItem","position":2,"name":"Hermes Croatto, nuevo embajador de Volvo Car Puerto Rico"}]},{"@type":"Person","@id":"https:\/\/www.jameslynn.com\/blog\/#\/schema\/person\/4439f3e96c27ac4b98b29b03848f8108","name":"James Lynn","image":{"@type":"ImageObject","@id":"https:\/\/www.jameslynn.com\/blog\/#personlogo","inLanguage":"en-US","url":"https:\/\/secure.gravatar.com\/avatar\/2dcd2635cd0622bf457f25788f8c478b?s=96&d=mm&r=pg","contentUrl":"https:\/\/secure.gravatar.com\/avatar\/2dcd2635cd0622bf457f25788f8c478b?s=96&d=mm&r=pg","caption":"James Lynn"},"description":"Tech blogger, podcaster, live streamer, graphic designer, photographer, multimedia artist and university professor living in San Juan, Puerto Rico.","sameAs":["http:\/\/www.jameslynn.com"],"url":"https:\/\/www.jameslynn.com\/blog\/author\/jameslynn\/"}]}},"jetpack_featured_media_url":"https:\/\/www.jameslynn.com\/blog\/wp-content\/uploads\/2023\/09\/hermes-croatto-volvo.jpg","jetpack_publicize_connections":[],"jetpack_shortlink":"https:\/\/wp.me\/p2kNF7-QF","_links":{"self":[{"href":"https:\/\/www.jameslynn.com\/blog\/wp-json\/wp\/v2\/posts\/3265"}],"collection":[{"href":"https:\/\/www.jameslynn.com\/blog\/wp-json\/wp\/v2\/posts"}],"about":[{"href":"https:\/\/www.jameslynn.com\/blog\/wp-json\/wp\/v2\/types\/post"}],"author":[{"embeddable":true,"href":"https:\/\/www.jameslynn.com\/blog\/wp-json\/wp\/v2\/users\/32"}],"replies":[{"embeddable":true,"href":"https:\/\/www.jameslynn.com\/blog\/wp-json\/wp\/v2\/comments?post=3265"}],"version-history":[{"count":2,"href":"https:\/\/www.jameslynn.com\/blog\/wp-json\/wp\/v2\/posts\/3265\/revisions"}],"predecessor-version":[{"id":3274,"href":"https:\/\/www.jameslynn.com\/blog\/wp-json\/wp\/v2\/posts\/3265\/revisions\/3274"}],"wp:featuredmedia":[{"embeddable":true,"href":"https:\/\/www.jameslynn.com\/blog\/wp-json\/wp\/v2\/media\/3275"}],"wp:attachment":[{"href":"https:\/\/www.jameslynn.com\/blog\/wp-json\/wp\/v2\/media?parent=3265"}],"wp:term":[{"taxonomy":"category","embeddable":true,"href":"https:\/\/www.jameslynn.com\/blog\/wp-json\/wp\/v2\/categories?post=3265"},{"taxonomy":"post_tag","embeddable":true,"href":"https:\/\/www.jameslynn.com\/blog\/wp-json\/wp\/v2\/tags?post=3265"}],"curies":[{"name":"wp","href":"https:\/\/api.w.org\/{rel}","templated":true}]}}