{"id":3239,"date":"2023-07-31T11:39:41","date_gmt":"2023-07-31T15:39:41","guid":{"rendered":"https:\/\/www.jameslynn.com\/blog\/?p=3239"},"modified":"2023-08-15T15:51:02","modified_gmt":"2023-08-15T19:51:02","slug":"claro-pre-venta-mototola-razr-con-moto-watch-70","status":"publish","type":"post","link":"https:\/\/www.jameslynn.com\/blog\/2023\/07\/31\/claro-pre-venta-mototola-razr-con-moto-watch-70\/","title":{"rendered":"Claro anuncia pre-venta del Motorola Razr+ con accesorio gratis"},"content":{"rendered":"\n<p>Claro y <strong><a href=\"https:\/\/tienda.claropr.com\/equipment-detail\/0\/1880\" target=\"_blank\" rel=\"noreferrer noopener\">Motorola <\/a><\/strong>anunciaron hoy el inicio de la <strong>preventa del Razr+<\/strong>, con un dise\u00f1o moderno y ultra compacto que cuenta con la pantalla externa m\u00e1s grande de todos los tel\u00e9fonos plegables. El nuevo dispositivo, posee un potente procesador Snapdragon\u00ae 8+ Gen 1, una memoria poderosa de 8GB de RAM y hasta 256GB de almacenamiento. Los clientes nuevos y existentes de Claro que obtengan el Motorola Razr+ en preventa en la <a href=\"https:\/\/tienda.claropr.com\/equipment-detail\/0\/1880\" target=\"_blank\" rel=\"noreferrer noopener\">tienda en l\u00ednea<\/a> recibir\u00e1n $600 de descuento en planes desde $60 sin trade-in ni pago inicial. Asimismo, las primeras 30 personas que hagan su compra se les regalar\u00e1 un reloj <strong>Moto Watch 70<\/strong> valorado en $79.99.<\/p>\n\n\n\n<p>\u201cEl nuevo <strong>Motorola Razr+<\/strong> llega a Claro para satisfacer a los clientes que prefieren tener un tel\u00e9fono compacto, pero con caracter\u00edsticas modernas y de vanguardia. Los invitamos a acceder a nuestra tienda l\u00ednea y a aprovechar del regalo que tenemos para los primeros que adquieran el equipo\u201d, expres\u00f3 Enrique Ortiz de Montellano, presidente y principal oficial ejecutivo de Claro.<\/p>\n\n\n\n<p>Gracias a las c\u00e1maras de alta calidad, los usuarios tendr\u00e1n la oportunidad de mostrar diferentes poses en cuatro fotos perfectamente cronometradas, y activadas por un simple gesto de abrir la palma de la mano. Este modelo es ideal para los creadores de contenido, e incorpora un potente sensor de c\u00e1mara principal de 12MP que ofrece un rendimiento m\u00e1s r\u00e1pido y preciso, independientemente de las condiciones de iluminaci\u00f3n. El sistema OIS elimina los movimientos de c\u00e1mara no deseados para que las fotos sean siempre n\u00edtidas. Por su parte, la pantalla externa permite a los usuarios utilizar la c\u00e1mara principal para<em> selfies<\/em>, o para mostrar una vista previa de la foto.<\/p>\n\n\n\n<p><br>Motorola brinda nuevas posibilidades de funcionamiento en la pantalla externa para que los usuarios puedan hacer m\u00e1s cosas con el dispositivo cerrado:<\/p>\n\n\n\n<ul><li>Paneles: Al deslizar el dedo a la izquierda o derecha podr\u00e1n acceder f\u00e1cilmente a juegos, Google News, el tiempo, contactos, Spotify y ver las notificaciones de un vistazo.<\/li><li>Personalizaci\u00f3n: Los usuarios podr\u00e1n elegir entre coloridos dise\u00f1os de fondos de pantalla y una gama de estilos del reloj Moto. Adem\u00e1s, podr\u00e1n personalizar y ordenar los paneles de la pantalla de inicio, arrastrando y soltando.<\/li><li>Juegos: podr\u00e1n elegir entre una serie de juegos muy atractivos y GameSnacks que funcionan perfectamente en la pantalla externa.<\/li><li>Panel dedicado a Spotify: Los usuarios de Spotify pueden controlar la reproducci\u00f3n desde la pantalla externa del dispositivo. Sin desplegar el dispositivo, tambi\u00e9n podr\u00e1n tocar para continuar escuchando donde lo dejaron o empezar a reproducir algo nuevo.<\/li><\/ul>\n\n\n\n<p>Todo esto desde una pantalla externa POLED de 3,63&#8243; con frecuencias de actualizaci\u00f3n de hasta 144 Hz. Tambi\u00e9n, tendr\u00e1n la posibilidad de usar el dispositivo totalmente cerrado, o semiabierto, gracias a la funcionalidad de Flex View, que permite ver los contenidos favoritos con la resoluci\u00f3n m\u00e1s alta de su clase y en mil millones de tonos de colores.<\/p>\n\n\n\n<p>El razr+ofrece una experiencia de audio mejorada con Dolby Atmos\u00ae, capaz de ofrecer una experiencia multidimensional que aporta m\u00e1s claridad cuando lo transmiten a trav\u00e9s de los dos altavoces del dispositivo o de los auriculares. Adem\u00e1s, el nuevo Spatial Sound de Moto hace que el sonido resulte a\u00fan m\u00e1s envolvente y llene el espacio que rodea al usuario.<\/p>\n\n\n\n<p>Este smartphone est\u00e1 equipado con el potente Snapdragon 8+ Gen 1, el cual permite mejoras de rendimiento como la IA avanzada, r\u00e1pidas frecuencias de actualizaci\u00f3n, conexiones 5G y las c\u00e1maras de calidad profesional. Tambi\u00e9n admite carga ultrarr\u00e1pida TurboPower de 30 W<sup>4<\/sup>y carga inal\u00e1mbrica.<\/p>\n\n\n\n<p>Para m\u00e1s informaci\u00f3n acceda a la tienda en l\u00ednea: <a href=\"https:\/\/tienda.claropr.com\" target=\"_blank\" rel=\"noreferrer noopener\"><strong>https:\/\/tienda.claropr.com<\/strong><\/a> o llame al 1-833-Mi Claro (642-5276).<\/p>\n","protected":false},"excerpt":{"rendered":"<p>Claro y Motorola anunciaron hoy el inicio de la preventa del Razr+, con un dise\u00f1o moderno y ultra compacto que cuenta con la pantalla externa m\u00e1s<span class=\"excerpt-hellip\"> [\u2026]<\/span><\/p>\n","protected":false},"author":32,"featured_media":3241,"comment_status":"open","ping_status":"open","sticky":false,"template":"","format":"standard","meta":{"om_disable_all_campaigns":false,"_monsterinsights_skip_tracking":false,"_monsterinsights_sitenote_active":false,"_monsterinsights_sitenote_note":"","_monsterinsights_sitenote_category":0,"spay_email":"","jetpack_publicize_message":"","jetpack_is_tweetstorm":false,"jetpack_publicize_feature_enabled":true},"categories":[213],"tags":[1036,1225],"aioseo_notices":[],"yoast_head":"<!-- This site is optimized with the Yoast SEO plugin v17.7.1 - https:\/\/yoast.com\/wordpress\/plugins\/seo\/ -->\n<title>Claro anuncia pre-venta del Motorola Razr+ con accesorio gratis - James Lynn : Tecnolog\u00eda y vida digital<\/title>\n<meta name=\"robots\" content=\"index, follow, max-snippet:-1, max-image-preview:large, max-video-preview:-1\" \/>\n<link rel=\"canonical\" href=\"https:\/\/www.jameslynn.com\/blog\/2023\/07\/31\/claro-pre-venta-mototola-razr-con-moto-watch-70\/\" \/>\n<meta property=\"og:locale\" content=\"en_US\" \/>\n<meta property=\"og:type\" content=\"article\" \/>\n<meta property=\"og:title\" content=\"Claro anuncia pre-venta del Motorola Razr+ con accesorio gratis - James Lynn : Tecnolog\u00eda y vida digital\" \/>\n<meta property=\"og:description\" content=\"Claro y Motorola anunciaron hoy el inicio de la preventa del Razr+, con un dise\u00f1o moderno y ultra compacto que cuenta con la pantalla externa m\u00e1s [\u2026]\" \/>\n<meta property=\"og:url\" content=\"https:\/\/www.jameslynn.com\/blog\/2023\/07\/31\/claro-pre-venta-mototola-razr-con-moto-watch-70\/\" \/>\n<meta property=\"og:site_name\" content=\"James Lynn : Tecnolog\u00eda y vida digital\" \/>\n<meta property=\"article:published_time\" content=\"2023-07-31T15:39:41+00:00\" \/>\n<meta property=\"article:modified_time\" content=\"2023-08-15T19:51:02+00:00\" \/>\n<meta property=\"og:image\" content=\"https:\/\/www.jameslynn.com\/blog\/wp-content\/uploads\/2023\/07\/Claro-puerto-rico-Mototola-Razr-2023.jpg\" \/>\n\t<meta property=\"og:image:width\" content=\"1500\" \/>\n\t<meta property=\"og:image:height\" content=\"1000\" \/>\n<meta name=\"twitter:label1\" content=\"Written by\" \/>\n\t<meta name=\"twitter:data1\" content=\"James Lynn\" \/>\n\t<meta name=\"twitter:label2\" content=\"Est. reading time\" \/>\n\t<meta name=\"twitter:data2\" content=\"3 minutes\" \/>\n<script type=\"application\/ld+json\" class=\"yoast-schema-graph\">{\"@context\":\"https:\/\/schema.org\",\"@graph\":[{\"@type\":\"WebSite\",\"@id\":\"https:\/\/www.jameslynn.com\/blog\/#website\",\"url\":\"https:\/\/www.jameslynn.com\/blog\/\",\"name\":\"James Lynn : Tecnolog\\u00eda y vida digital\",\"description\":\"Tecnolog\\u00eda y vida digital\",\"potentialAction\":[{\"@type\":\"SearchAction\",\"target\":{\"@type\":\"EntryPoint\",\"urlTemplate\":\"https:\/\/www.jameslynn.com\/blog\/?s={search_term_string}\"},\"query-input\":\"required name=search_term_string\"}],\"inLanguage\":\"en-US\"},{\"@type\":\"ImageObject\",\"@id\":\"https:\/\/www.jameslynn.com\/blog\/2023\/07\/31\/claro-pre-venta-mototola-razr-con-moto-watch-70\/#primaryimage\",\"inLanguage\":\"en-US\",\"url\":\"https:\/\/www.jameslynn.com\/blog\/wp-content\/uploads\/2023\/07\/Claro-puerto-rico-Mototola-Razr-2023.jpg\",\"contentUrl\":\"https:\/\/www.jameslynn.com\/blog\/wp-content\/uploads\/2023\/07\/Claro-puerto-rico-Mototola-Razr-2023.jpg\",\"width\":1500,\"height\":1000,\"caption\":\"Mototola Razr+\"},{\"@type\":\"WebPage\",\"@id\":\"https:\/\/www.jameslynn.com\/blog\/2023\/07\/31\/claro-pre-venta-mototola-razr-con-moto-watch-70\/#webpage\",\"url\":\"https:\/\/www.jameslynn.com\/blog\/2023\/07\/31\/claro-pre-venta-mototola-razr-con-moto-watch-70\/\",\"name\":\"Claro anuncia pre-venta del Motorola Razr+ con accesorio gratis - James Lynn : Tecnolog\\u00eda y vida digital\",\"isPartOf\":{\"@id\":\"https:\/\/www.jameslynn.com\/blog\/#website\"},\"primaryImageOfPage\":{\"@id\":\"https:\/\/www.jameslynn.com\/blog\/2023\/07\/31\/claro-pre-venta-mototola-razr-con-moto-watch-70\/#primaryimage\"},\"datePublished\":\"2023-07-31T15:39:41+00:00\",\"dateModified\":\"2023-08-15T19:51:02+00:00\",\"author\":{\"@id\":\"https:\/\/www.jameslynn.com\/blog\/#\/schema\/person\/4439f3e96c27ac4b98b29b03848f8108\"},\"breadcrumb\":{\"@id\":\"https:\/\/www.jameslynn.com\/blog\/2023\/07\/31\/claro-pre-venta-mototola-razr-con-moto-watch-70\/#breadcrumb\"},\"inLanguage\":\"en-US\",\"potentialAction\":[{\"@type\":\"ReadAction\",\"target\":[\"https:\/\/www.jameslynn.com\/blog\/2023\/07\/31\/claro-pre-venta-mototola-razr-con-moto-watch-70\/\"]}]},{\"@type\":\"BreadcrumbList\",\"@id\":\"https:\/\/www.jameslynn.com\/blog\/2023\/07\/31\/claro-pre-venta-mototola-razr-con-moto-watch-70\/#breadcrumb\",\"itemListElement\":[{\"@type\":\"ListItem\",\"position\":1,\"name\":\"Home\",\"item\":\"https:\/\/www.jameslynn.com\/blog\/\"},{\"@type\":\"ListItem\",\"position\":2,\"name\":\"Claro anuncia pre-venta del Motorola Razr+ con accesorio gratis\"}]},{\"@type\":\"Person\",\"@id\":\"https:\/\/www.jameslynn.com\/blog\/#\/schema\/person\/4439f3e96c27ac4b98b29b03848f8108\",\"name\":\"James Lynn\",\"image\":{\"@type\":\"ImageObject\",\"@id\":\"https:\/\/www.jameslynn.com\/blog\/#personlogo\",\"inLanguage\":\"en-US\",\"url\":\"https:\/\/secure.gravatar.com\/avatar\/2dcd2635cd0622bf457f25788f8c478b?s=96&d=mm&r=pg\",\"contentUrl\":\"https:\/\/secure.gravatar.com\/avatar\/2dcd2635cd0622bf457f25788f8c478b?s=96&d=mm&r=pg\",\"caption\":\"James Lynn\"},\"description\":\"Tech blogger, podcaster, live streamer, graphic designer, photographer, multimedia artist and university professor living in San Juan, Puerto Rico.\",\"sameAs\":[\"http:\/\/www.jameslynn.com\"],\"url\":\"https:\/\/www.jameslynn.com\/blog\/author\/jameslynn\/\"}]}<\/script>\n<!-- \/ Yoast SEO plugin. -->","yoast_head_json":{"title":"Claro anuncia pre-venta del Motorola Razr+ con accesorio gratis - James Lynn : Tecnolog\u00eda y vida digital","robots":{"index":"index","follow":"follow","max-snippet":"max-snippet:-1","max-image-preview":"max-image-preview:large","max-video-preview":"max-video-preview:-1"},"canonical":"https:\/\/www.jameslynn.com\/blog\/2023\/07\/31\/claro-pre-venta-mototola-razr-con-moto-watch-70\/","og_locale":"en_US","og_type":"article","og_title":"Claro anuncia pre-venta del Motorola Razr+ con accesorio gratis - James Lynn : Tecnolog\u00eda y vida digital","og_description":"Claro y Motorola anunciaron hoy el inicio de la preventa del Razr+, con un dise\u00f1o moderno y ultra compacto que cuenta con la pantalla externa m\u00e1s [\u2026]","og_url":"https:\/\/www.jameslynn.com\/blog\/2023\/07\/31\/claro-pre-venta-mototola-razr-con-moto-watch-70\/","og_site_name":"James Lynn : Tecnolog\u00eda y vida digital","article_published_time":"2023-07-31T15:39:41+00:00","article_modified_time":"2023-08-15T19:51:02+00:00","og_image":[{"width":1500,"height":1000,"url":"https:\/\/www.jameslynn.com\/blog\/wp-content\/uploads\/2023\/07\/Claro-puerto-rico-Mototola-Razr-2023.jpg","type":"image\/jpeg"}],"twitter_misc":{"Written by":"James Lynn","Est. reading time":"3 minutes"},"schema":{"@context":"https:\/\/schema.org","@graph":[{"@type":"WebSite","@id":"https:\/\/www.jameslynn.com\/blog\/#website","url":"https:\/\/www.jameslynn.com\/blog\/","name":"James Lynn : Tecnolog\u00eda y vida digital","description":"Tecnolog\u00eda y vida digital","potentialAction":[{"@type":"SearchAction","target":{"@type":"EntryPoint","urlTemplate":"https:\/\/www.jameslynn.com\/blog\/?s={search_term_string}"},"query-input":"required name=search_term_string"}],"inLanguage":"en-US"},{"@type":"ImageObject","@id":"https:\/\/www.jameslynn.com\/blog\/2023\/07\/31\/claro-pre-venta-mototola-razr-con-moto-watch-70\/#primaryimage","inLanguage":"en-US","url":"https:\/\/www.jameslynn.com\/blog\/wp-content\/uploads\/2023\/07\/Claro-puerto-rico-Mototola-Razr-2023.jpg","contentUrl":"https:\/\/www.jameslynn.com\/blog\/wp-content\/uploads\/2023\/07\/Claro-puerto-rico-Mototola-Razr-2023.jpg","width":1500,"height":1000,"caption":"Mototola Razr+"},{"@type":"WebPage","@id":"https:\/\/www.jameslynn.com\/blog\/2023\/07\/31\/claro-pre-venta-mototola-razr-con-moto-watch-70\/#webpage","url":"https:\/\/www.jameslynn.com\/blog\/2023\/07\/31\/claro-pre-venta-mototola-razr-con-moto-watch-70\/","name":"Claro anuncia pre-venta del Motorola Razr+ con accesorio gratis - James Lynn : Tecnolog\u00eda y vida digital","isPartOf":{"@id":"https:\/\/www.jameslynn.com\/blog\/#website"},"primaryImageOfPage":{"@id":"https:\/\/www.jameslynn.com\/blog\/2023\/07\/31\/claro-pre-venta-mototola-razr-con-moto-watch-70\/#primaryimage"},"datePublished":"2023-07-31T15:39:41+00:00","dateModified":"2023-08-15T19:51:02+00:00","author":{"@id":"https:\/\/www.jameslynn.com\/blog\/#\/schema\/person\/4439f3e96c27ac4b98b29b03848f8108"},"breadcrumb":{"@id":"https:\/\/www.jameslynn.com\/blog\/2023\/07\/31\/claro-pre-venta-mototola-razr-con-moto-watch-70\/#breadcrumb"},"inLanguage":"en-US","potentialAction":[{"@type":"ReadAction","target":["https:\/\/www.jameslynn.com\/blog\/2023\/07\/31\/claro-pre-venta-mototola-razr-con-moto-watch-70\/"]}]},{"@type":"BreadcrumbList","@id":"https:\/\/www.jameslynn.com\/blog\/2023\/07\/31\/claro-pre-venta-mototola-razr-con-moto-watch-70\/#breadcrumb","itemListElement":[{"@type":"ListItem","position":1,"name":"Home","item":"https:\/\/www.jameslynn.com\/blog\/"},{"@type":"ListItem","position":2,"name":"Claro anuncia pre-venta del Motorola Razr+ con accesorio gratis"}]},{"@type":"Person","@id":"https:\/\/www.jameslynn.com\/blog\/#\/schema\/person\/4439f3e96c27ac4b98b29b03848f8108","name":"James Lynn","image":{"@type":"ImageObject","@id":"https:\/\/www.jameslynn.com\/blog\/#personlogo","inLanguage":"en-US","url":"https:\/\/secure.gravatar.com\/avatar\/2dcd2635cd0622bf457f25788f8c478b?s=96&d=mm&r=pg","contentUrl":"https:\/\/secure.gravatar.com\/avatar\/2dcd2635cd0622bf457f25788f8c478b?s=96&d=mm&r=pg","caption":"James Lynn"},"description":"Tech blogger, podcaster, live streamer, graphic designer, photographer, multimedia artist and university professor living in San Juan, Puerto Rico.","sameAs":["http:\/\/www.jameslynn.com"],"url":"https:\/\/www.jameslynn.com\/blog\/author\/jameslynn\/"}]}},"jetpack_featured_media_url":"https:\/\/www.jameslynn.com\/blog\/wp-content\/uploads\/2023\/07\/Claro-puerto-rico-Mototola-Razr-2023.jpg","jetpack_publicize_connections":[],"jetpack_shortlink":"https:\/\/wp.me\/p2kNF7-Qf","_links":{"self":[{"href":"https:\/\/www.jameslynn.com\/blog\/wp-json\/wp\/v2\/posts\/3239"}],"collection":[{"href":"https:\/\/www.jameslynn.com\/blog\/wp-json\/wp\/v2\/posts"}],"about":[{"href":"https:\/\/www.jameslynn.com\/blog\/wp-json\/wp\/v2\/types\/post"}],"author":[{"embeddable":true,"href":"https:\/\/www.jameslynn.com\/blog\/wp-json\/wp\/v2\/users\/32"}],"replies":[{"embeddable":true,"href":"https:\/\/www.jameslynn.com\/blog\/wp-json\/wp\/v2\/comments?post=3239"}],"version-history":[{"count":4,"href":"https:\/\/www.jameslynn.com\/blog\/wp-json\/wp\/v2\/posts\/3239\/revisions"}],"predecessor-version":[{"id":3246,"href":"https:\/\/www.jameslynn.com\/blog\/wp-json\/wp\/v2\/posts\/3239\/revisions\/3246"}],"wp:featuredmedia":[{"embeddable":true,"href":"https:\/\/www.jameslynn.com\/blog\/wp-json\/wp\/v2\/media\/3241"}],"wp:attachment":[{"href":"https:\/\/www.jameslynn.com\/blog\/wp-json\/wp\/v2\/media?parent=3239"}],"wp:term":[{"taxonomy":"category","embeddable":true,"href":"https:\/\/www.jameslynn.com\/blog\/wp-json\/wp\/v2\/categories?post=3239"},{"taxonomy":"post_tag","embeddable":true,"href":"https:\/\/www.jameslynn.com\/blog\/wp-json\/wp\/v2\/tags?post=3239"}],"curies":[{"name":"wp","href":"https:\/\/api.w.org\/{rel}","templated":true}]}}