{"id":3198,"date":"2023-07-14T12:22:06","date_gmt":"2023-07-14T16:22:06","guid":{"rendered":"https:\/\/www.jameslynn.com\/blog\/?p=3198"},"modified":"2023-07-14T12:22:08","modified_gmt":"2023-07-14T16:22:08","slug":"dia-internacional-del-emoji-2023","status":"publish","type":"post","link":"https:\/\/www.jameslynn.com\/blog\/2023\/07\/14\/dia-internacional-del-emoji-2023\/","title":{"rendered":"Se acerca el D\u00eda Internacional del Emoji"},"content":{"rendered":"\n<p>El <strong>17 de julio<\/strong> cada a\u00f1o se celebra el <a href=\"https:\/\/es.wikipedia.org\/wiki\/D%C3%ADa_mundial_del_emoji\" target=\"_blank\" rel=\"noreferrer noopener\"><strong>D\u00eda Internacional del Emoji<\/strong><\/a>, un pictograma de uso com\u00fan en los mensajes electr\u00f3nicos que enviamos a trav\u00e9s de nuestros smartphones que sin lugar a duda, los emojis se han convertido en una parte integral de nuestra comunicaci\u00f3n digital. Desde mensajes de texto hasta publicaciones en redes sociales, utilizamos emojis para a\u00f1adir una capa adicional de expresi\u00f3n a nuestras palabras.<\/p>\n\n\n\n<p>Estos peque\u00f1os pictogramas creados en 1999 e insertados en los tel\u00e9fonos por primera vez en 2001, nos permiten transmitir r\u00e1pidamente sentimientos como alegr\u00eda, tristeza, sorpresa o amor, agregando un toque de personalidad a nuestras conversaciones. Tambi\u00e9n ayudan a aclarar el tono de un mensaje, evitando malentendidos y fomentando una comunicaci\u00f3n m\u00e1s efectiva.<\/p>\n\n\n\n<p>Por ejemplo en marzo de 2018, la empresa coreana Samsung, introdujo AR Emoji por primera vez, con el lanzamiento del Galaxy S9 y S9+. Desde entonces, esta funci\u00f3n ha estado presente en varios de sus modelos de gama alta, permitiendo que los fan\u00e1ticos de sus smartphones puedan crear avatares animados que se parecen a ellos mismos y reflejan sus expresiones faciales y movimientos y, sobre todo, que puedan expresarse y comunicarse a su manera.<\/p>\n\n\n\n<p>Pero, \u00bfqu\u00e9 es lo que hace tan atractivos a los emojis? <a href=\"https:\/\/www.tandfonline.com\/doi\/full\/10.1080\/09638237.2022.2069694\" target=\"_blank\" rel=\"noreferrer noopener\"><strong>Una investigaci\u00f3n<\/strong><\/a> publicada en el <em>Journal of Mental Health<\/em> nos brinda algunas pistas, ya que sus autores mencionan que los emojis pueden ser grandes aliados en la expresi\u00f3n de nuestras emociones, pues \u201cson ampliamente reconocidos y comprendidos en diferentes culturas y lenguajes, lo que los convierte en una forma universal de comunicaci\u00f3n emocional\u201d.<\/p>\n\n\n\n<p>Su \u00e9xito probablemente radica en que, tal y como lo menciona este estudio, tienen la capacidad de capturar una amplia gama de emociones y estados de \u00e1nimo, permitiendo a las personas comunicar sus sentimientos de manera m\u00e1s eficiente que como lo har\u00edan si utilizaran \u00fanicamente palabras.<\/p>\n\n\n\n<p>Adem\u00e1s, resultan de gran ayuda para comunicarse con una persona que no habla tu idioma o que no est\u00e1 alfabetizada. A la vez, los emojis pueden ser inclusivos pues permiten representar a personas de diversas etnias, g\u00e9neros y otros aspectos de la diversidad humana. Esto ayuda a evitar la exclusi\u00f3n y asegura que todos se sientan representados y visibles en las comunicaciones digitales.<\/p>\n\n\n\n<figure class=\"wp-block-image size-full\"><img loading=\"lazy\" width=\"706\" height=\"486\" src=\"https:\/\/www.jameslynn.com\/blog\/wp-content\/uploads\/2023\/07\/23752197196_b352014603_o.jpg\" alt=\"\" class=\"wp-image-3200\" srcset=\"https:\/\/www.jameslynn.com\/blog\/wp-content\/uploads\/2023\/07\/23752197196_b352014603_o.jpg 706w, https:\/\/www.jameslynn.com\/blog\/wp-content\/uploads\/2023\/07\/23752197196_b352014603_o-450x310.jpg 450w, https:\/\/www.jameslynn.com\/blog\/wp-content\/uploads\/2023\/07\/23752197196_b352014603_o-500x344.jpg 500w, https:\/\/www.jameslynn.com\/blog\/wp-content\/uploads\/2023\/07\/23752197196_b352014603_o-212x146.jpg 212w, https:\/\/www.jameslynn.com\/blog\/wp-content\/uploads\/2023\/07\/23752197196_b352014603_o-50x34.jpg 50w, https:\/\/www.jameslynn.com\/blog\/wp-content\/uploads\/2023\/07\/23752197196_b352014603_o-109x75.jpg 109w\" sizes=\"(max-width: 706px) 100vw, 706px\" \/><\/figure>\n\n\n\n<h3>Emojis delatores<\/h3>\n\n\n\n<p>Pero esta revoluci\u00f3n ha ido a\u00fan m\u00e1s lejos y ha llegado a otros \u00e1mbitos adem\u00e1s del personal. Su uso es muy amplio, ya sirven hasta para ilustrar per\u00edodos importantes en la vida de las personas y para atestiguar momentos importantes de la historia de la humanidad, un ejemplo de ello es que, para marzo de 2020, cuando a\u00fan las personas no sab\u00edan que una pandemia de a\u00f1os estaba por venir, los emojis ya delataban su preocupaci\u00f3n.<\/p>\n\n\n\n<p>Un an\u00e1lisis realizado por <a href=\"https:\/\/blog.emojipedia.org\/spread-of-the-coronavirus-emoji\/\" target=\"_blank\" rel=\"noreferrer noopener\"><strong>Emojipedia<\/strong><\/a> para esas fechas, mostraba que la &#x1f637; cara con mascarilla m\u00e9dica y &#x1f9a0; microbio eran los emojis m\u00e1s frecuentemente utilizados para hacer referencia o describir el coronavirus, aun cuando nadie sab\u00eda bien de qu\u00e9 se trataba.<\/p>\n\n\n\n<p>Los emojis no solo se han convertido en esa forma de comunicarnos m\u00e1s all\u00e1 de las palabras, sino que la ciencia, tambi\u00e9n asegura que pueden revelar mucho m\u00e1s de lo que pensamos y predecir lo que podr\u00eda pasar m\u00e1s adelante, inclusive hasta en el \u00e1mbito laboral.<\/p>\n\n\n\n<p>Un reciente estudio realizado por investigadores de la Universidad de Michigan y publicado en <a href=\"https:\/\/journals.plos.org\/plosone\/article?id=10.1371\/journal.pone.0261262\" target=\"_blank\" rel=\"noreferrer noopener\"><strong>PLOS ONE<\/strong><\/a> analiz\u00f3 a un grupo de trabajadores y descubri\u00f3 que, los desarrolladores que utilizaban emojis en sus publicaciones de Github ten\u00edan una menor probabilidad de abandonar la plataforma en comparaci\u00f3n con aquellos que no los utilizan.<\/p>\n\n\n\n<p>\u201cLos emojis son una forma de comunicaci\u00f3n visual que nos permite expresar emociones y sentimientos en nuestras interacciones en l\u00ednea. En un contexto remoto, donde no podemos ver las expresiones faciales o captar las emociones de manera directa, los emojis juegan un papel crucial al permitirnos transmitir y percibir emociones a trav\u00e9s de mensajes de texto\u201d, se\u00f1alaban los investigadores.<\/p>\n\n\n\n<p>El uso de emojis no solo contribuye a una comunicaci\u00f3n m\u00e1s efectiva y clara, sino que puede ser un indicador importante de la actitud y el compromiso de los empleados. En ese sentido, la investigaci\u00f3n sugiere que los empleados que utilizan emojis en su comunicaci\u00f3n en l\u00ednea est\u00e1n m\u00e1s comprometidos y tienen una mayor probabilidad de mantenerse activos en el entorno laboral virtual.<\/p>\n\n\n\n<p>Adem\u00e1s, los resultados del estudio destacaron la capacidad de los emojis para predecir el abandono laboral. Los desarrolladores que no utilizaban emojis ten\u00edan tres veces m\u00e1s probabilidades de dejar la plataforma de trabajo en el a\u00f1o siguiente. Esto sugiere que los mismos pueden ser utilizados como una herramienta de monitoreo para detectar posibles problemas de compromiso y retenci\u00f3n de empleados.<\/p>\n\n\n\n<p>\u00bfSorprendente, cierto?<\/p>\n\n\n\n<p>Como ya viste, los emojis pueden revelar mucho de ti, as\u00ed que <strong>Samsung Newsroom Latinoam\u00e9rica<\/strong> te brinda estos consejos para poder usarlos:<\/p>\n\n\n\n<ul><li>Conoce el significado emocional de los emojis: Aseg\u00farate de entender el significado detr\u00e1s de los emojis que utilizas. Cada uno puede transmitir diferentes emociones y connotaciones, por lo que es importante seleccionar los adecuados para expresar tu mensaje correctamente. Si tienes dudas puedes consultar la <a href=\"https:\/\/emojipedia.org\/\" target=\"_blank\" rel=\"noreferrer noopener\"><strong>EmojiPedia<\/strong><\/a>.<\/li><\/ul>\n\n\n\n<ul><li>Utiliza emojis de manera selectiva: No es necesario usar emojis en cada mensaje o publicaci\u00f3n. Selecciona aquellos que sean relevantes y complementen tu mensaje. Evita el exceso de emojis, ya que puede dificultar la comprensi\u00f3n o dar la impresi\u00f3n de falta de profesionalismo.<\/li><\/ul>\n\n\n\n<ul><li>Utiliza emojis para a\u00f1adir emoci\u00f3n y claridad: Los emojis pueden ayudar a transmitir emociones y tono en mensajes de texto. \u00dasalos para agregar emoci\u00f3n, humor o \u00e9nfasis a tus comunicaciones, pero aseg\u00farate de que sean comprensibles para tu audiencia.<\/li><\/ul>\n\n\n\n<ul><li>Mantente actualizado sobre los nuevos emojis: Los emojis evolucionan constantemente, con la adici\u00f3n de nuevos dise\u00f1os y opciones. Mantente informado sobre las actualizaciones para utilizar los emojis m\u00e1s relevantes y actuales en tus mensajes.<\/li><\/ul>\n\n\n\n<p>\u00bfCu\u00e1l es el emoji que m\u00e1s utilizas en tus conversaciones?<\/p>\n","protected":false},"excerpt":{"rendered":"<p>El 17 de julio cada a\u00f1o se celebra el D\u00eda Internacional del Emoji, un pictograma de uso com\u00fan en los mensajes electr\u00f3nicos que enviamos a trav\u00e9s<span class=\"excerpt-hellip\"> [\u2026]<\/span><\/p>\n","protected":false},"author":32,"featured_media":3201,"comment_status":"open","ping_status":"open","sticky":false,"template":"","format":"standard","meta":{"om_disable_all_campaigns":false,"_monsterinsights_skip_tracking":false,"_monsterinsights_sitenote_active":false,"_monsterinsights_sitenote_note":"","_monsterinsights_sitenote_category":0,"spay_email":"","jetpack_publicize_message":"","jetpack_is_tweetstorm":false,"jetpack_publicize_feature_enabled":true},"categories":[17],"tags":[1218,361],"aioseo_notices":[],"yoast_head":"<!-- This site is optimized with the Yoast SEO plugin v17.7.1 - https:\/\/yoast.com\/wordpress\/plugins\/seo\/ -->\n<title>Se acerca el D\u00eda Internacional del Emoji - James Lynn : Tecnolog\u00eda y vida digital<\/title>\n<meta name=\"robots\" content=\"index, follow, max-snippet:-1, max-image-preview:large, max-video-preview:-1\" \/>\n<link rel=\"canonical\" href=\"https:\/\/www.jameslynn.com\/blog\/2023\/07\/14\/dia-internacional-del-emoji-2023\/\" \/>\n<meta property=\"og:locale\" content=\"en_US\" \/>\n<meta property=\"og:type\" content=\"article\" \/>\n<meta property=\"og:title\" content=\"Se acerca el D\u00eda Internacional del Emoji - James Lynn : Tecnolog\u00eda y vida digital\" \/>\n<meta property=\"og:description\" content=\"El 17 de julio cada a\u00f1o se celebra el D\u00eda Internacional del Emoji, un pictograma de uso com\u00fan en los mensajes electr\u00f3nicos que enviamos a trav\u00e9s [\u2026]\" \/>\n<meta property=\"og:url\" content=\"https:\/\/www.jameslynn.com\/blog\/2023\/07\/14\/dia-internacional-del-emoji-2023\/\" \/>\n<meta property=\"og:site_name\" content=\"James Lynn : Tecnolog\u00eda y vida digital\" \/>\n<meta property=\"article:published_time\" content=\"2023-07-14T16:22:06+00:00\" \/>\n<meta property=\"article:modified_time\" content=\"2023-07-14T16:22:08+00:00\" \/>\n<meta property=\"og:image\" content=\"https:\/\/www.jameslynn.com\/blog\/wp-content\/uploads\/2023\/07\/samsung-dia-internacional-emoji-2023.jpg\" \/>\n\t<meta property=\"og:image:width\" content=\"1500\" \/>\n\t<meta property=\"og:image:height\" content=\"1000\" \/>\n<meta name=\"twitter:label1\" content=\"Written by\" \/>\n\t<meta name=\"twitter:data1\" content=\"James Lynn\" \/>\n\t<meta name=\"twitter:label2\" content=\"Est. reading time\" \/>\n\t<meta name=\"twitter:data2\" content=\"5 minutes\" \/>\n<script type=\"application\/ld+json\" class=\"yoast-schema-graph\">{\"@context\":\"https:\/\/schema.org\",\"@graph\":[{\"@type\":\"WebSite\",\"@id\":\"https:\/\/www.jameslynn.com\/blog\/#website\",\"url\":\"https:\/\/www.jameslynn.com\/blog\/\",\"name\":\"James Lynn : Tecnolog\\u00eda y vida digital\",\"description\":\"Tecnolog\\u00eda y vida digital\",\"potentialAction\":[{\"@type\":\"SearchAction\",\"target\":{\"@type\":\"EntryPoint\",\"urlTemplate\":\"https:\/\/www.jameslynn.com\/blog\/?s={search_term_string}\"},\"query-input\":\"required name=search_term_string\"}],\"inLanguage\":\"en-US\"},{\"@type\":\"ImageObject\",\"@id\":\"https:\/\/www.jameslynn.com\/blog\/2023\/07\/14\/dia-internacional-del-emoji-2023\/#primaryimage\",\"inLanguage\":\"en-US\",\"url\":\"https:\/\/www.jameslynn.com\/blog\/wp-content\/uploads\/2023\/07\/samsung-dia-internacional-emoji-2023.jpg\",\"contentUrl\":\"https:\/\/www.jameslynn.com\/blog\/wp-content\/uploads\/2023\/07\/samsung-dia-internacional-emoji-2023.jpg\",\"width\":1500,\"height\":1000,\"caption\":\"D\\u00eda Internacional del Emoji\"},{\"@type\":\"WebPage\",\"@id\":\"https:\/\/www.jameslynn.com\/blog\/2023\/07\/14\/dia-internacional-del-emoji-2023\/#webpage\",\"url\":\"https:\/\/www.jameslynn.com\/blog\/2023\/07\/14\/dia-internacional-del-emoji-2023\/\",\"name\":\"Se acerca el D\\u00eda Internacional del Emoji - James Lynn : Tecnolog\\u00eda y vida digital\",\"isPartOf\":{\"@id\":\"https:\/\/www.jameslynn.com\/blog\/#website\"},\"primaryImageOfPage\":{\"@id\":\"https:\/\/www.jameslynn.com\/blog\/2023\/07\/14\/dia-internacional-del-emoji-2023\/#primaryimage\"},\"datePublished\":\"2023-07-14T16:22:06+00:00\",\"dateModified\":\"2023-07-14T16:22:08+00:00\",\"author\":{\"@id\":\"https:\/\/www.jameslynn.com\/blog\/#\/schema\/person\/4439f3e96c27ac4b98b29b03848f8108\"},\"breadcrumb\":{\"@id\":\"https:\/\/www.jameslynn.com\/blog\/2023\/07\/14\/dia-internacional-del-emoji-2023\/#breadcrumb\"},\"inLanguage\":\"en-US\",\"potentialAction\":[{\"@type\":\"ReadAction\",\"target\":[\"https:\/\/www.jameslynn.com\/blog\/2023\/07\/14\/dia-internacional-del-emoji-2023\/\"]}]},{\"@type\":\"BreadcrumbList\",\"@id\":\"https:\/\/www.jameslynn.com\/blog\/2023\/07\/14\/dia-internacional-del-emoji-2023\/#breadcrumb\",\"itemListElement\":[{\"@type\":\"ListItem\",\"position\":1,\"name\":\"Home\",\"item\":\"https:\/\/www.jameslynn.com\/blog\/\"},{\"@type\":\"ListItem\",\"position\":2,\"name\":\"Se acerca el D\\u00eda Internacional del Emoji\"}]},{\"@type\":\"Person\",\"@id\":\"https:\/\/www.jameslynn.com\/blog\/#\/schema\/person\/4439f3e96c27ac4b98b29b03848f8108\",\"name\":\"James Lynn\",\"image\":{\"@type\":\"ImageObject\",\"@id\":\"https:\/\/www.jameslynn.com\/blog\/#personlogo\",\"inLanguage\":\"en-US\",\"url\":\"https:\/\/secure.gravatar.com\/avatar\/2dcd2635cd0622bf457f25788f8c478b?s=96&d=mm&r=pg\",\"contentUrl\":\"https:\/\/secure.gravatar.com\/avatar\/2dcd2635cd0622bf457f25788f8c478b?s=96&d=mm&r=pg\",\"caption\":\"James Lynn\"},\"description\":\"Tech blogger, podcaster, live streamer, graphic designer, photographer, multimedia artist and university professor living in San Juan, Puerto Rico.\",\"sameAs\":[\"http:\/\/www.jameslynn.com\"],\"url\":\"https:\/\/www.jameslynn.com\/blog\/author\/jameslynn\/\"}]}<\/script>\n<!-- \/ Yoast SEO plugin. -->","yoast_head_json":{"title":"Se acerca el D\u00eda Internacional del Emoji - James Lynn : Tecnolog\u00eda y vida digital","robots":{"index":"index","follow":"follow","max-snippet":"max-snippet:-1","max-image-preview":"max-image-preview:large","max-video-preview":"max-video-preview:-1"},"canonical":"https:\/\/www.jameslynn.com\/blog\/2023\/07\/14\/dia-internacional-del-emoji-2023\/","og_locale":"en_US","og_type":"article","og_title":"Se acerca el D\u00eda Internacional del Emoji - James Lynn : Tecnolog\u00eda y vida digital","og_description":"El 17 de julio cada a\u00f1o se celebra el D\u00eda Internacional del Emoji, un pictograma de uso com\u00fan en los mensajes electr\u00f3nicos que enviamos a trav\u00e9s [\u2026]","og_url":"https:\/\/www.jameslynn.com\/blog\/2023\/07\/14\/dia-internacional-del-emoji-2023\/","og_site_name":"James Lynn : Tecnolog\u00eda y vida digital","article_published_time":"2023-07-14T16:22:06+00:00","article_modified_time":"2023-07-14T16:22:08+00:00","og_image":[{"width":1500,"height":1000,"url":"https:\/\/www.jameslynn.com\/blog\/wp-content\/uploads\/2023\/07\/samsung-dia-internacional-emoji-2023.jpg","type":"image\/jpeg"}],"twitter_misc":{"Written by":"James Lynn","Est. reading time":"5 minutes"},"schema":{"@context":"https:\/\/schema.org","@graph":[{"@type":"WebSite","@id":"https:\/\/www.jameslynn.com\/blog\/#website","url":"https:\/\/www.jameslynn.com\/blog\/","name":"James Lynn : Tecnolog\u00eda y vida digital","description":"Tecnolog\u00eda y vida digital","potentialAction":[{"@type":"SearchAction","target":{"@type":"EntryPoint","urlTemplate":"https:\/\/www.jameslynn.com\/blog\/?s={search_term_string}"},"query-input":"required name=search_term_string"}],"inLanguage":"en-US"},{"@type":"ImageObject","@id":"https:\/\/www.jameslynn.com\/blog\/2023\/07\/14\/dia-internacional-del-emoji-2023\/#primaryimage","inLanguage":"en-US","url":"https:\/\/www.jameslynn.com\/blog\/wp-content\/uploads\/2023\/07\/samsung-dia-internacional-emoji-2023.jpg","contentUrl":"https:\/\/www.jameslynn.com\/blog\/wp-content\/uploads\/2023\/07\/samsung-dia-internacional-emoji-2023.jpg","width":1500,"height":1000,"caption":"D\u00eda Internacional del Emoji"},{"@type":"WebPage","@id":"https:\/\/www.jameslynn.com\/blog\/2023\/07\/14\/dia-internacional-del-emoji-2023\/#webpage","url":"https:\/\/www.jameslynn.com\/blog\/2023\/07\/14\/dia-internacional-del-emoji-2023\/","name":"Se acerca el D\u00eda Internacional del Emoji - James Lynn : Tecnolog\u00eda y vida digital","isPartOf":{"@id":"https:\/\/www.jameslynn.com\/blog\/#website"},"primaryImageOfPage":{"@id":"https:\/\/www.jameslynn.com\/blog\/2023\/07\/14\/dia-internacional-del-emoji-2023\/#primaryimage"},"datePublished":"2023-07-14T16:22:06+00:00","dateModified":"2023-07-14T16:22:08+00:00","author":{"@id":"https:\/\/www.jameslynn.com\/blog\/#\/schema\/person\/4439f3e96c27ac4b98b29b03848f8108"},"breadcrumb":{"@id":"https:\/\/www.jameslynn.com\/blog\/2023\/07\/14\/dia-internacional-del-emoji-2023\/#breadcrumb"},"inLanguage":"en-US","potentialAction":[{"@type":"ReadAction","target":["https:\/\/www.jameslynn.com\/blog\/2023\/07\/14\/dia-internacional-del-emoji-2023\/"]}]},{"@type":"BreadcrumbList","@id":"https:\/\/www.jameslynn.com\/blog\/2023\/07\/14\/dia-internacional-del-emoji-2023\/#breadcrumb","itemListElement":[{"@type":"ListItem","position":1,"name":"Home","item":"https:\/\/www.jameslynn.com\/blog\/"},{"@type":"ListItem","position":2,"name":"Se acerca el D\u00eda Internacional del Emoji"}]},{"@type":"Person","@id":"https:\/\/www.jameslynn.com\/blog\/#\/schema\/person\/4439f3e96c27ac4b98b29b03848f8108","name":"James Lynn","image":{"@type":"ImageObject","@id":"https:\/\/www.jameslynn.com\/blog\/#personlogo","inLanguage":"en-US","url":"https:\/\/secure.gravatar.com\/avatar\/2dcd2635cd0622bf457f25788f8c478b?s=96&d=mm&r=pg","contentUrl":"https:\/\/secure.gravatar.com\/avatar\/2dcd2635cd0622bf457f25788f8c478b?s=96&d=mm&r=pg","caption":"James Lynn"},"description":"Tech blogger, podcaster, live streamer, graphic designer, photographer, multimedia artist and university professor living in San Juan, Puerto Rico.","sameAs":["http:\/\/www.jameslynn.com"],"url":"https:\/\/www.jameslynn.com\/blog\/author\/jameslynn\/"}]}},"jetpack_featured_media_url":"https:\/\/www.jameslynn.com\/blog\/wp-content\/uploads\/2023\/07\/samsung-dia-internacional-emoji-2023.jpg","jetpack_publicize_connections":[],"jetpack_shortlink":"https:\/\/wp.me\/p2kNF7-PA","_links":{"self":[{"href":"https:\/\/www.jameslynn.com\/blog\/wp-json\/wp\/v2\/posts\/3198"}],"collection":[{"href":"https:\/\/www.jameslynn.com\/blog\/wp-json\/wp\/v2\/posts"}],"about":[{"href":"https:\/\/www.jameslynn.com\/blog\/wp-json\/wp\/v2\/types\/post"}],"author":[{"embeddable":true,"href":"https:\/\/www.jameslynn.com\/blog\/wp-json\/wp\/v2\/users\/32"}],"replies":[{"embeddable":true,"href":"https:\/\/www.jameslynn.com\/blog\/wp-json\/wp\/v2\/comments?post=3198"}],"version-history":[{"count":2,"href":"https:\/\/www.jameslynn.com\/blog\/wp-json\/wp\/v2\/posts\/3198\/revisions"}],"predecessor-version":[{"id":3202,"href":"https:\/\/www.jameslynn.com\/blog\/wp-json\/wp\/v2\/posts\/3198\/revisions\/3202"}],"wp:featuredmedia":[{"embeddable":true,"href":"https:\/\/www.jameslynn.com\/blog\/wp-json\/wp\/v2\/media\/3201"}],"wp:attachment":[{"href":"https:\/\/www.jameslynn.com\/blog\/wp-json\/wp\/v2\/media?parent=3198"}],"wp:term":[{"taxonomy":"category","embeddable":true,"href":"https:\/\/www.jameslynn.com\/blog\/wp-json\/wp\/v2\/categories?post=3198"},{"taxonomy":"post_tag","embeddable":true,"href":"https:\/\/www.jameslynn.com\/blog\/wp-json\/wp\/v2\/tags?post=3198"}],"curies":[{"name":"wp","href":"https:\/\/api.w.org\/{rel}","templated":true}]}}