{"id":3102,"date":"2023-05-17T12:20:10","date_gmt":"2023-05-17T16:20:10","guid":{"rendered":"https:\/\/www.jameslynn.com\/blog\/?p=3102"},"modified":"2023-05-17T12:20:55","modified_gmt":"2023-05-17T16:20:55","slug":"el-equipo-de-nissan-formula-e-se-destaco-en-el-e-prix-de-monaco","status":"publish","type":"post","link":"https:\/\/www.jameslynn.com\/blog\/2023\/05\/17\/el-equipo-de-nissan-formula-e-se-destaco-en-el-e-prix-de-monaco\/","title":{"rendered":"El equipo de Nissan F\u00f3rmula E, se destac\u00f3 en el E-Prix de M\u00f3naco"},"content":{"rendered":"\n<p><strong>MONTE CARLO, M\u00f3naco<\/strong>&nbsp;\u2013 El equipo Nissan de F\u00f3rmula E mostr\u00f3 un gran ritmo en las carreras totalmente el\u00e9ctrica E-Prix de M\u00f3naco. El piloto profesional Sacha Fenestraz y Norman Nato, lograron alinearse en las primeras rondas del circuito entre los tres primeros lugares. La carrera termin\u00f3 con Fenestraz, en una cuarta posici\u00f3n.<\/p>\n\n\n\n<p>El piloto Nato, que luci\u00f3 un nuevo dise\u00f1o de casco que rindi\u00f3 homenaje a Jules Bianchi, encabez\u00f3 el Grupo A en la calificaci\u00f3n, con Fenestraz justo detr\u00e1s, en segundo lugar. Cuando ambos obtuvieron la victoria en su duelo de cuartos de final, la pareja se enfrent\u00f3 en una semifinal de Nissan, en la que Fenestraz sali\u00f3 victorioso y pas\u00f3 a la segunda ronda.<\/p>\n\n\n\n<p>El corredor franco-argentino inicialmente tom\u00f3 la primera posici\u00f3n con otra gran vuelta, pero m\u00e1s tarde se le elimin\u00f3 su tiempo por uso excesivo de potencia. Jake Hughes hered\u00f3 la primera posici\u00f3n para NEOM McLaren F\u00f3rmula E Team, y con el franc\u00e9s Nato tercero, la escuadra de los tres primeros lugares del circuito fue de Nissan.<\/p>\n\n\n\n<p>Tras un inicio de carrera fren\u00e9tico, Fenestraz se encontr\u00f3 luchando con los l\u00edderes del campeonato por el podio, con Nato en las posiciones m\u00e1s bajas. Fenestraz finalmente termin\u00f3 el E-Prix en cuarto lugar, sumando 12 puntos, mientras que Nato estuvo involucrado en un incidente y cay\u00f3 al final del campo.<\/p>\n\n\n\n<figure class=\"wp-block-gallery columns-1 is-cropped\"><ul class=\"blocks-gallery-grid\"><li class=\"blocks-gallery-item\"><figure><img loading=\"lazy\" width=\"1200\" height=\"800\" src=\"https:\/\/www.jameslynn.com\/blog\/wp-content\/uploads\/2023\/05\/Spacesuit-Media-Adam-Pigott-382754-1.jpg\" alt=\"\" data-id=\"3104\" data-full-url=\"https:\/\/www.jameslynn.com\/blog\/wp-content\/uploads\/2023\/05\/Spacesuit-Media-Adam-Pigott-382754-1.jpg\" data-link=\"https:\/\/www.jameslynn.com\/blog\/?attachment_id=3104\" class=\"wp-image-3104\" srcset=\"https:\/\/www.jameslynn.com\/blog\/wp-content\/uploads\/2023\/05\/Spacesuit-Media-Adam-Pigott-382754-1.jpg 1200w, https:\/\/www.jameslynn.com\/blog\/wp-content\/uploads\/2023\/05\/Spacesuit-Media-Adam-Pigott-382754-1-450x300.jpg 450w, https:\/\/www.jameslynn.com\/blog\/wp-content\/uploads\/2023\/05\/Spacesuit-Media-Adam-Pigott-382754-1-768x512.jpg 768w, https:\/\/www.jameslynn.com\/blog\/wp-content\/uploads\/2023\/05\/Spacesuit-Media-Adam-Pigott-382754-1-500x333.jpg 500w, https:\/\/www.jameslynn.com\/blog\/wp-content\/uploads\/2023\/05\/Spacesuit-Media-Adam-Pigott-382754-1-219x146.jpg 219w, https:\/\/www.jameslynn.com\/blog\/wp-content\/uploads\/2023\/05\/Spacesuit-Media-Adam-Pigott-382754-1-50x33.jpg 50w, https:\/\/www.jameslynn.com\/blog\/wp-content\/uploads\/2023\/05\/Spacesuit-Media-Adam-Pigott-382754-1-113x75.jpg 113w\" sizes=\"(max-width: 1200px) 100vw, 1200px\" \/><\/figure><\/li><\/ul><\/figure>\n\n\n\n<p>La temporada 9 del Campeonato Mundial de F\u00f3rmula E ABB FIA regresa a principios del pr\u00f3ximo mes, ya que la serie viaja a Yakarta para un doble t\u00edtulo el 3 y 4 de junio.<\/p>\n\n\n\n<h3>Acerca de Nissan en la F\u00f3rmula E<\/h3>\n\n\n\n<p>Nissan hizo su debut en las carreras totalmente el\u00e9ctricas en la quinta temporada (2018\/19) del Campeonato Mundial de F\u00f3rmula E de la ABB FIA, convirti\u00e9ndose en el primer y \u00fanico fabricante japon\u00e9s en entrar en la serie.<\/p>\n\n\n\n<p>En la Temporada 7 (2020\/21), Nissan anunci\u00f3 su participaci\u00f3n a largo plazo en la F\u00f3rmula E y su compromiso con la era Gen3, que se extender\u00e1 desde la Temporada 9 (2022\/23) y hasta el final de la Temporada 12 (2025\/26) de la serie de carreras totalmente el\u00e9ctricas.<\/p>\n\n\n\n<p>En abril de 2022, Nissan adquiri\u00f3 el equipo de carreras e.dams, con lo que el fabricante de autom\u00f3viles japon\u00e9s asumi\u00f3 la plena propiedad de su participaci\u00f3n en el Campeonato Mundial de F\u00f3rmula E de la ABB FIA. En junio de 2022, Nissan anunci\u00f3 que suministrar\u00eda su tecnolog\u00eda de tren motriz Nissan EV a McLaren Racing durante toda la era de la F\u00f3rmula E Gen3.<\/p>\n\n\n\n<figure class=\"wp-block-image size-full\"><img loading=\"lazy\" width=\"1200\" height=\"800\" src=\"https:\/\/www.jameslynn.com\/blog\/wp-content\/uploads\/2023\/05\/Spacesuit-Media-Adam-Pigott-382943-2.jpg\" alt=\"\" class=\"wp-image-3105\" srcset=\"https:\/\/www.jameslynn.com\/blog\/wp-content\/uploads\/2023\/05\/Spacesuit-Media-Adam-Pigott-382943-2.jpg 1200w, https:\/\/www.jameslynn.com\/blog\/wp-content\/uploads\/2023\/05\/Spacesuit-Media-Adam-Pigott-382943-2-450x300.jpg 450w, https:\/\/www.jameslynn.com\/blog\/wp-content\/uploads\/2023\/05\/Spacesuit-Media-Adam-Pigott-382943-2-768x512.jpg 768w, https:\/\/www.jameslynn.com\/blog\/wp-content\/uploads\/2023\/05\/Spacesuit-Media-Adam-Pigott-382943-2-500x333.jpg 500w, https:\/\/www.jameslynn.com\/blog\/wp-content\/uploads\/2023\/05\/Spacesuit-Media-Adam-Pigott-382943-2-219x146.jpg 219w, https:\/\/www.jameslynn.com\/blog\/wp-content\/uploads\/2023\/05\/Spacesuit-Media-Adam-Pigott-382943-2-50x33.jpg 50w, https:\/\/www.jameslynn.com\/blog\/wp-content\/uploads\/2023\/05\/Spacesuit-Media-Adam-Pigott-382943-2-113x75.jpg 113w\" sizes=\"(max-width: 1200px) 100vw, 1200px\" \/><\/figure>\n\n\n\n<p>Para la novena temporada del Campeonato Mundial de F\u00f3rmula E de la ABB FIA, los pilotos de Nissan F\u00f3rmula E son Norman Nato y Sacha Fenestraz.<\/p>\n\n\n\n<p>El equipo seguir\u00e1 vinculando su presencia en el campeonato totalmente el\u00e9ctrico a los veh\u00edculos el\u00e9ctricos de carretera de Nissan. Nissan Ariya #23 lleva el nombre del SUV crossover el\u00e9ctrico del fabricante japon\u00e9s y Nissan LEAF #22, el nombre del conocido EV de la marca, lanzado por primera vez en 2010.<\/p>\n","protected":false},"excerpt":{"rendered":"<p>MONTE CARLO, M\u00f3naco&nbsp;\u2013 El equipo Nissan de F\u00f3rmula E mostr\u00f3 un gran ritmo en las carreras totalmente el\u00e9ctrica E-Prix de M\u00f3naco. El piloto profesional Sacha Fenestraz<span class=\"excerpt-hellip\"> [\u2026]<\/span><\/p>\n","protected":false},"author":32,"featured_media":3103,"comment_status":"open","ping_status":"open","sticky":false,"template":"","format":"standard","meta":{"om_disable_all_campaigns":false,"_monsterinsights_skip_tracking":false,"_monsterinsights_sitenote_active":false,"_monsterinsights_sitenote_note":"","_monsterinsights_sitenote_category":0,"spay_email":"","jetpack_publicize_message":"","jetpack_is_tweetstorm":false,"jetpack_publicize_feature_enabled":true},"categories":[924],"tags":[1196],"aioseo_notices":[],"yoast_head":"<!-- This site is optimized with the Yoast SEO plugin v17.7.1 - https:\/\/yoast.com\/wordpress\/plugins\/seo\/ -->\n<title>El equipo de Nissan F\u00f3rmula E, se destac\u00f3 en el E-Prix de M\u00f3naco - James Lynn : Tecnolog\u00eda y vida digital<\/title>\n<meta name=\"robots\" content=\"index, follow, max-snippet:-1, max-image-preview:large, max-video-preview:-1\" \/>\n<link rel=\"canonical\" href=\"https:\/\/www.jameslynn.com\/blog\/2023\/05\/17\/el-equipo-de-nissan-formula-e-se-destaco-en-el-e-prix-de-monaco\/\" \/>\n<meta property=\"og:locale\" content=\"en_US\" \/>\n<meta property=\"og:type\" content=\"article\" \/>\n<meta property=\"og:title\" content=\"El equipo de Nissan F\u00f3rmula E, se destac\u00f3 en el E-Prix de M\u00f3naco - James Lynn : Tecnolog\u00eda y vida digital\" \/>\n<meta property=\"og:description\" content=\"MONTE CARLO, M\u00f3naco&nbsp;\u2013 El equipo Nissan de F\u00f3rmula E mostr\u00f3 un gran ritmo en las carreras totalmente el\u00e9ctrica E-Prix de M\u00f3naco. El piloto profesional Sacha Fenestraz [\u2026]\" \/>\n<meta property=\"og:url\" content=\"https:\/\/www.jameslynn.com\/blog\/2023\/05\/17\/el-equipo-de-nissan-formula-e-se-destaco-en-el-e-prix-de-monaco\/\" \/>\n<meta property=\"og:site_name\" content=\"James Lynn : Tecnolog\u00eda y vida digital\" \/>\n<meta property=\"article:published_time\" content=\"2023-05-17T16:20:10+00:00\" \/>\n<meta property=\"article:modified_time\" content=\"2023-05-17T16:20:55+00:00\" \/>\n<meta property=\"og:image\" content=\"https:\/\/www.jameslynn.com\/blog\/wp-content\/uploads\/2023\/05\/Nissan-Formula-E.jpg\" \/>\n\t<meta property=\"og:image:width\" content=\"1500\" \/>\n\t<meta property=\"og:image:height\" content=\"1000\" \/>\n<meta name=\"twitter:label1\" content=\"Written by\" \/>\n\t<meta name=\"twitter:data1\" content=\"James Lynn\" \/>\n\t<meta name=\"twitter:label2\" content=\"Est. reading time\" \/>\n\t<meta name=\"twitter:data2\" content=\"3 minutes\" \/>\n<script type=\"application\/ld+json\" class=\"yoast-schema-graph\">{\"@context\":\"https:\/\/schema.org\",\"@graph\":[{\"@type\":\"WebSite\",\"@id\":\"https:\/\/www.jameslynn.com\/blog\/#website\",\"url\":\"https:\/\/www.jameslynn.com\/blog\/\",\"name\":\"James Lynn : Tecnolog\\u00eda y vida digital\",\"description\":\"Tecnolog\\u00eda y vida digital\",\"potentialAction\":[{\"@type\":\"SearchAction\",\"target\":{\"@type\":\"EntryPoint\",\"urlTemplate\":\"https:\/\/www.jameslynn.com\/blog\/?s={search_term_string}\"},\"query-input\":\"required name=search_term_string\"}],\"inLanguage\":\"en-US\"},{\"@type\":\"ImageObject\",\"@id\":\"https:\/\/www.jameslynn.com\/blog\/2023\/05\/17\/el-equipo-de-nissan-formula-e-se-destaco-en-el-e-prix-de-monaco\/#primaryimage\",\"inLanguage\":\"en-US\",\"url\":\"https:\/\/www.jameslynn.com\/blog\/wp-content\/uploads\/2023\/05\/Nissan-Formula-E.jpg\",\"contentUrl\":\"https:\/\/www.jameslynn.com\/blog\/wp-content\/uploads\/2023\/05\/Nissan-Formula-E.jpg\",\"width\":1500,\"height\":1000,\"caption\":\"Nissan F\\u00f3rmula E\"},{\"@type\":\"WebPage\",\"@id\":\"https:\/\/www.jameslynn.com\/blog\/2023\/05\/17\/el-equipo-de-nissan-formula-e-se-destaco-en-el-e-prix-de-monaco\/#webpage\",\"url\":\"https:\/\/www.jameslynn.com\/blog\/2023\/05\/17\/el-equipo-de-nissan-formula-e-se-destaco-en-el-e-prix-de-monaco\/\",\"name\":\"El equipo de Nissan F\\u00f3rmula E, se destac\\u00f3 en el E-Prix de M\\u00f3naco - James Lynn : Tecnolog\\u00eda y vida digital\",\"isPartOf\":{\"@id\":\"https:\/\/www.jameslynn.com\/blog\/#website\"},\"primaryImageOfPage\":{\"@id\":\"https:\/\/www.jameslynn.com\/blog\/2023\/05\/17\/el-equipo-de-nissan-formula-e-se-destaco-en-el-e-prix-de-monaco\/#primaryimage\"},\"datePublished\":\"2023-05-17T16:20:10+00:00\",\"dateModified\":\"2023-05-17T16:20:55+00:00\",\"author\":{\"@id\":\"https:\/\/www.jameslynn.com\/blog\/#\/schema\/person\/4439f3e96c27ac4b98b29b03848f8108\"},\"breadcrumb\":{\"@id\":\"https:\/\/www.jameslynn.com\/blog\/2023\/05\/17\/el-equipo-de-nissan-formula-e-se-destaco-en-el-e-prix-de-monaco\/#breadcrumb\"},\"inLanguage\":\"en-US\",\"potentialAction\":[{\"@type\":\"ReadAction\",\"target\":[\"https:\/\/www.jameslynn.com\/blog\/2023\/05\/17\/el-equipo-de-nissan-formula-e-se-destaco-en-el-e-prix-de-monaco\/\"]}]},{\"@type\":\"BreadcrumbList\",\"@id\":\"https:\/\/www.jameslynn.com\/blog\/2023\/05\/17\/el-equipo-de-nissan-formula-e-se-destaco-en-el-e-prix-de-monaco\/#breadcrumb\",\"itemListElement\":[{\"@type\":\"ListItem\",\"position\":1,\"name\":\"Home\",\"item\":\"https:\/\/www.jameslynn.com\/blog\/\"},{\"@type\":\"ListItem\",\"position\":2,\"name\":\"El equipo de Nissan F\\u00f3rmula E, se destac\\u00f3 en el E-Prix de M\\u00f3naco\"}]},{\"@type\":\"Person\",\"@id\":\"https:\/\/www.jameslynn.com\/blog\/#\/schema\/person\/4439f3e96c27ac4b98b29b03848f8108\",\"name\":\"James Lynn\",\"image\":{\"@type\":\"ImageObject\",\"@id\":\"https:\/\/www.jameslynn.com\/blog\/#personlogo\",\"inLanguage\":\"en-US\",\"url\":\"https:\/\/secure.gravatar.com\/avatar\/2dcd2635cd0622bf457f25788f8c478b?s=96&d=mm&r=pg\",\"contentUrl\":\"https:\/\/secure.gravatar.com\/avatar\/2dcd2635cd0622bf457f25788f8c478b?s=96&d=mm&r=pg\",\"caption\":\"James Lynn\"},\"description\":\"Tech blogger, podcaster, live streamer, graphic designer, photographer, multimedia artist and university professor living in San Juan, Puerto Rico.\",\"sameAs\":[\"http:\/\/www.jameslynn.com\"],\"url\":\"https:\/\/www.jameslynn.com\/blog\/author\/jameslynn\/\"}]}<\/script>\n<!-- \/ Yoast SEO plugin. -->","yoast_head_json":{"title":"El equipo de Nissan F\u00f3rmula E, se destac\u00f3 en el E-Prix de M\u00f3naco - James Lynn : Tecnolog\u00eda y vida digital","robots":{"index":"index","follow":"follow","max-snippet":"max-snippet:-1","max-image-preview":"max-image-preview:large","max-video-preview":"max-video-preview:-1"},"canonical":"https:\/\/www.jameslynn.com\/blog\/2023\/05\/17\/el-equipo-de-nissan-formula-e-se-destaco-en-el-e-prix-de-monaco\/","og_locale":"en_US","og_type":"article","og_title":"El equipo de Nissan F\u00f3rmula E, se destac\u00f3 en el E-Prix de M\u00f3naco - James Lynn : Tecnolog\u00eda y vida digital","og_description":"MONTE CARLO, M\u00f3naco&nbsp;\u2013 El equipo Nissan de F\u00f3rmula E mostr\u00f3 un gran ritmo en las carreras totalmente el\u00e9ctrica E-Prix de M\u00f3naco. El piloto profesional Sacha Fenestraz [\u2026]","og_url":"https:\/\/www.jameslynn.com\/blog\/2023\/05\/17\/el-equipo-de-nissan-formula-e-se-destaco-en-el-e-prix-de-monaco\/","og_site_name":"James Lynn : Tecnolog\u00eda y vida digital","article_published_time":"2023-05-17T16:20:10+00:00","article_modified_time":"2023-05-17T16:20:55+00:00","og_image":[{"width":1500,"height":1000,"url":"https:\/\/www.jameslynn.com\/blog\/wp-content\/uploads\/2023\/05\/Nissan-Formula-E.jpg","type":"image\/jpeg"}],"twitter_misc":{"Written by":"James Lynn","Est. reading time":"3 minutes"},"schema":{"@context":"https:\/\/schema.org","@graph":[{"@type":"WebSite","@id":"https:\/\/www.jameslynn.com\/blog\/#website","url":"https:\/\/www.jameslynn.com\/blog\/","name":"James Lynn : Tecnolog\u00eda y vida digital","description":"Tecnolog\u00eda y vida digital","potentialAction":[{"@type":"SearchAction","target":{"@type":"EntryPoint","urlTemplate":"https:\/\/www.jameslynn.com\/blog\/?s={search_term_string}"},"query-input":"required name=search_term_string"}],"inLanguage":"en-US"},{"@type":"ImageObject","@id":"https:\/\/www.jameslynn.com\/blog\/2023\/05\/17\/el-equipo-de-nissan-formula-e-se-destaco-en-el-e-prix-de-monaco\/#primaryimage","inLanguage":"en-US","url":"https:\/\/www.jameslynn.com\/blog\/wp-content\/uploads\/2023\/05\/Nissan-Formula-E.jpg","contentUrl":"https:\/\/www.jameslynn.com\/blog\/wp-content\/uploads\/2023\/05\/Nissan-Formula-E.jpg","width":1500,"height":1000,"caption":"Nissan F\u00f3rmula E"},{"@type":"WebPage","@id":"https:\/\/www.jameslynn.com\/blog\/2023\/05\/17\/el-equipo-de-nissan-formula-e-se-destaco-en-el-e-prix-de-monaco\/#webpage","url":"https:\/\/www.jameslynn.com\/blog\/2023\/05\/17\/el-equipo-de-nissan-formula-e-se-destaco-en-el-e-prix-de-monaco\/","name":"El equipo de Nissan F\u00f3rmula E, se destac\u00f3 en el E-Prix de M\u00f3naco - James Lynn : Tecnolog\u00eda y vida digital","isPartOf":{"@id":"https:\/\/www.jameslynn.com\/blog\/#website"},"primaryImageOfPage":{"@id":"https:\/\/www.jameslynn.com\/blog\/2023\/05\/17\/el-equipo-de-nissan-formula-e-se-destaco-en-el-e-prix-de-monaco\/#primaryimage"},"datePublished":"2023-05-17T16:20:10+00:00","dateModified":"2023-05-17T16:20:55+00:00","author":{"@id":"https:\/\/www.jameslynn.com\/blog\/#\/schema\/person\/4439f3e96c27ac4b98b29b03848f8108"},"breadcrumb":{"@id":"https:\/\/www.jameslynn.com\/blog\/2023\/05\/17\/el-equipo-de-nissan-formula-e-se-destaco-en-el-e-prix-de-monaco\/#breadcrumb"},"inLanguage":"en-US","potentialAction":[{"@type":"ReadAction","target":["https:\/\/www.jameslynn.com\/blog\/2023\/05\/17\/el-equipo-de-nissan-formula-e-se-destaco-en-el-e-prix-de-monaco\/"]}]},{"@type":"BreadcrumbList","@id":"https:\/\/www.jameslynn.com\/blog\/2023\/05\/17\/el-equipo-de-nissan-formula-e-se-destaco-en-el-e-prix-de-monaco\/#breadcrumb","itemListElement":[{"@type":"ListItem","position":1,"name":"Home","item":"https:\/\/www.jameslynn.com\/blog\/"},{"@type":"ListItem","position":2,"name":"El equipo de Nissan F\u00f3rmula E, se destac\u00f3 en el E-Prix de M\u00f3naco"}]},{"@type":"Person","@id":"https:\/\/www.jameslynn.com\/blog\/#\/schema\/person\/4439f3e96c27ac4b98b29b03848f8108","name":"James Lynn","image":{"@type":"ImageObject","@id":"https:\/\/www.jameslynn.com\/blog\/#personlogo","inLanguage":"en-US","url":"https:\/\/secure.gravatar.com\/avatar\/2dcd2635cd0622bf457f25788f8c478b?s=96&d=mm&r=pg","contentUrl":"https:\/\/secure.gravatar.com\/avatar\/2dcd2635cd0622bf457f25788f8c478b?s=96&d=mm&r=pg","caption":"James Lynn"},"description":"Tech blogger, podcaster, live streamer, graphic designer, photographer, multimedia artist and university professor living in San Juan, Puerto Rico.","sameAs":["http:\/\/www.jameslynn.com"],"url":"https:\/\/www.jameslynn.com\/blog\/author\/jameslynn\/"}]}},"jetpack_featured_media_url":"https:\/\/www.jameslynn.com\/blog\/wp-content\/uploads\/2023\/05\/Nissan-Formula-E.jpg","jetpack_publicize_connections":[],"jetpack_shortlink":"https:\/\/wp.me\/p2kNF7-O2","_links":{"self":[{"href":"https:\/\/www.jameslynn.com\/blog\/wp-json\/wp\/v2\/posts\/3102"}],"collection":[{"href":"https:\/\/www.jameslynn.com\/blog\/wp-json\/wp\/v2\/posts"}],"about":[{"href":"https:\/\/www.jameslynn.com\/blog\/wp-json\/wp\/v2\/types\/post"}],"author":[{"embeddable":true,"href":"https:\/\/www.jameslynn.com\/blog\/wp-json\/wp\/v2\/users\/32"}],"replies":[{"embeddable":true,"href":"https:\/\/www.jameslynn.com\/blog\/wp-json\/wp\/v2\/comments?post=3102"}],"version-history":[{"count":2,"href":"https:\/\/www.jameslynn.com\/blog\/wp-json\/wp\/v2\/posts\/3102\/revisions"}],"predecessor-version":[{"id":3107,"href":"https:\/\/www.jameslynn.com\/blog\/wp-json\/wp\/v2\/posts\/3102\/revisions\/3107"}],"wp:featuredmedia":[{"embeddable":true,"href":"https:\/\/www.jameslynn.com\/blog\/wp-json\/wp\/v2\/media\/3103"}],"wp:attachment":[{"href":"https:\/\/www.jameslynn.com\/blog\/wp-json\/wp\/v2\/media?parent=3102"}],"wp:term":[{"taxonomy":"category","embeddable":true,"href":"https:\/\/www.jameslynn.com\/blog\/wp-json\/wp\/v2\/categories?post=3102"},{"taxonomy":"post_tag","embeddable":true,"href":"https:\/\/www.jameslynn.com\/blog\/wp-json\/wp\/v2\/tags?post=3102"}],"curies":[{"name":"wp","href":"https:\/\/api.w.org\/{rel}","templated":true}]}}