{"id":3068,"date":"2023-04-24T22:59:45","date_gmt":"2023-04-25T02:59:45","guid":{"rendered":"https:\/\/www.jameslynn.com\/blog\/?p=3068"},"modified":"2023-04-24T23:02:18","modified_gmt":"2023-04-25T03:02:18","slug":"samsung-dia-de-la-tierrra-conservacion-ambiental-mujer-nacida-para-brillar","status":"publish","type":"post","link":"https:\/\/www.jameslynn.com\/blog\/2023\/04\/24\/samsung-dia-de-la-tierrra-conservacion-ambiental-mujer-nacida-para-brillar\/","title":{"rendered":"Samsung celebr\u00f3 el D\u00eda de la Tierra destacando la labor de conservaci\u00f3n ambiental de una mujer \u201cNacida para brillar\u201d"},"content":{"rendered":"\n<p><strong>San Juan, Puerto Rico, abril de 2023<\/strong>\u2013 El D\u00eda de la Tierra es una fecha que merece ser celebrada, y tambi\u00e9n se convierte en la oportunidad perfecta para enaltecer a personas como&nbsp;<strong><a href=\"https:\/\/www.samsung.com\/latin\/born-to-shine\/alexandra-guzman\/\" target=\"_blank\" rel=\"noreferrer noopener\">Alexandra Guzm\u00e1n<\/a><\/strong>, una de las incre\u00edbles mujeres&nbsp;<a href=\"https:\/\/news.samsung.com\/latin\/samsung-lanza-campana-para-enaltecer-a-las-mujeres-que-brillan-mas-que-un-diamante\" target=\"_blank\" rel=\"noreferrer noopener\"><strong>Nacidas para Brillar<\/strong><\/a>&nbsp;que est\u00e1 ayudando a mejorar nuestro mundo.<\/p>\n\n\n\n<p>Alexandra es una cient\u00edfica y ocean\u00f3grafa, que tambi\u00e9n forma parte de la lista de las 100 Mujeres m\u00e1s Poderosas 2021 de Centroam\u00e9rica, seg\u00fan Forbes. Ella trabaja para preservar el medio ambiente, salvar los ecosistemas y conservar los mares como T\u00e9cnica en Investigaci\u00f3n en el Instituto Smithsonian de Investigaciones Tropicales.<\/p>\n\n\n\n<p>Su ejemplo y dedicaci\u00f3n diaria reflejan los valores de Samsung Electronics, pues nuestra empresa trabaja en pro de la protecci\u00f3n del medio ambiente, por medio del dise\u00f1o de productos con un enfoque en la sostenibilidad, buscando minimizar su impacto ambiental a lo largo de todo su ciclo de vida, desde su concepci\u00f3n y fabricaci\u00f3n, hasta su uso y reciclaje.<\/p>\n\n\n\n<figure class=\"wp-block-embed is-type-video is-provider-youtube wp-block-embed-youtube wp-embed-aspect-16-9 wp-has-aspect-ratio\"><div class=\"wp-block-embed__wrapper\">\n<span class=\"embed-youtube\" style=\"text-align:center; display: block;\"><iframe loading=\"lazy\" class=\"youtube-player\" width=\"1200\" height=\"675\" src=\"https:\/\/www.youtube.com\/embed\/e6wWBYsjmBc?version=3&#038;rel=1&#038;showsearch=0&#038;showinfo=1&#038;iv_load_policy=1&#038;fs=1&#038;hl=en-US&#038;autohide=2&#038;wmode=transparent\" allowfullscreen=\"true\" style=\"border:0;\" sandbox=\"allow-scripts allow-same-origin allow-popups allow-presentation\"><\/iframe><\/span>\n<\/div><\/figure>\n\n\n\n<p>El trabajo de <strong><a href=\"https:\/\/www.instagram.com\/aleunderwater\/\" target=\"_blank\" rel=\"noreferrer noopener\">Alexandra Guzm\u00e1n<\/a><\/strong> destaca tanto como la imagen \u00fanica que ofrecen las&nbsp;<a href=\"https:\/\/www.samsung.com\/latin\/born-to-shine\/alexandra-guzman\/\" target=\"_blank\" rel=\"noreferrer noopener\"><strong>OLED 4k Smart TV de Samsung<\/strong><\/a>, con tecnolog\u00eda de \u00faltima generaci\u00f3n y por ello ha inspirado a la compa\u00f1\u00eda surcoreana para crear su campa\u00f1a televisiva &#8220;Nacidas Para Brillar&#8221;, donde Alexandra es una de las principales figuras.<\/p>\n\n\n\n<p>Por su fuerte compromiso con el medio ambiente y la conservaci\u00f3n de los oc\u00e9anos, es una inspiraci\u00f3n para todos aquellos que quieren hacer algo positivo por el planeta.<\/p>\n\n\n\n<p>Ella sin duda es una fuente de inspiraci\u00f3n, pues no solo trabaja por la Tierra, nuestro hogar, sino tambi\u00e9n, fomenta que otras personas lo hagan.<\/p>\n\n\n\n<p>En enero de 2022, cre\u00f3 el primer campamento de Biolog\u00eda Marina para ni\u00f1os, ni\u00f1as y adolescentes, demostrando su compromiso con la educaci\u00f3n ambiental y la conservaci\u00f3n de la fauna marina. Adem\u00e1s, ha colaborado como Asistente de Investigaci\u00f3n para Fundaci\u00f3n PANACETACEA y Mar Alliance, y lider\u00f3 el movimiento #PorNuestrosOc\u00e9anos en 2021.<\/p>\n\n\n\n<div class=\"wp-block-image\"><figure class=\"aligncenter size-full\"><img loading=\"lazy\" width=\"432\" height=\"452\" src=\"https:\/\/www.jameslynn.com\/blog\/wp-content\/uploads\/2023\/04\/alexandra-guzman-bote.jpg\" alt=\"\" class=\"wp-image-3070\" srcset=\"https:\/\/www.jameslynn.com\/blog\/wp-content\/uploads\/2023\/04\/alexandra-guzman-bote.jpg 432w, https:\/\/www.jameslynn.com\/blog\/wp-content\/uploads\/2023\/04\/alexandra-guzman-bote-140x146.jpg 140w, https:\/\/www.jameslynn.com\/blog\/wp-content\/uploads\/2023\/04\/alexandra-guzman-bote-48x50.jpg 48w, https:\/\/www.jameslynn.com\/blog\/wp-content\/uploads\/2023\/04\/alexandra-guzman-bote-72x75.jpg 72w\" sizes=\"(max-width: 432px) 100vw, 432px\" \/><\/figure><\/div>\n\n\n\n<p>Por otro lado, su dedicaci\u00f3n a la conservaci\u00f3n y defensa de la fauna marina le vali\u00f3 el reconocimiento de la Universidad Mar\u00edtima de Panam\u00e1 en 2018, donde se gradu\u00f3 de la Licenciatura de Biolog\u00eda Marina.<\/p>\n\n\n\n<p>Conoce m\u00e1s sobre Alexandra Guzm\u00e1n y su trabajo a trav\u00e9s de&nbsp;<a href=\"https:\/\/www.samsung.com\/latin\/born-to-shine\/\" target=\"_blank\" rel=\"noreferrer noopener\"><strong>&#8220;Nacidas Para Brillar&#8221; de Samsung<\/strong><\/a>.<\/p>\n\n\n\n<p>\u00a1Aprovecha el d\u00eda para honrar el mundo que nos rodea y promover un futuro m\u00e1s sostenible!&nbsp;<\/p>\n","protected":false},"excerpt":{"rendered":"<p>San Juan, Puerto Rico, abril de 2023\u2013 El D\u00eda de la Tierra es una fecha que merece ser celebrada, y tambi\u00e9n se convierte en la oportunidad<span class=\"excerpt-hellip\"> [\u2026]<\/span><\/p>\n","protected":false},"author":32,"featured_media":3072,"comment_status":"open","ping_status":"open","sticky":false,"template":"","format":"standard","meta":{"om_disable_all_campaigns":false,"_monsterinsights_skip_tracking":false,"_monsterinsights_sitenote_active":false,"_monsterinsights_sitenote_note":"","_monsterinsights_sitenote_category":0,"spay_email":"","jetpack_publicize_message":"","jetpack_is_tweetstorm":false,"jetpack_publicize_feature_enabled":true},"categories":[924],"tags":[1191,1189,1190,361],"aioseo_notices":[],"yoast_head":"<!-- This site is optimized with the Yoast SEO plugin v17.7.1 - https:\/\/yoast.com\/wordpress\/plugins\/seo\/ -->\n<title>Samsung celebr\u00f3 el D\u00eda de la Tierra destacando la labor de conservaci\u00f3n ambiental de una mujer \u201cNacida para brillar\u201d - James Lynn : Tecnolog\u00eda y vida digital<\/title>\n<meta name=\"robots\" content=\"index, follow, max-snippet:-1, max-image-preview:large, max-video-preview:-1\" \/>\n<link rel=\"canonical\" href=\"https:\/\/www.jameslynn.com\/blog\/2023\/04\/24\/samsung-dia-de-la-tierrra-conservacion-ambiental-mujer-nacida-para-brillar\/\" \/>\n<meta property=\"og:locale\" content=\"en_US\" \/>\n<meta property=\"og:type\" content=\"article\" \/>\n<meta property=\"og:title\" content=\"Samsung celebr\u00f3 el D\u00eda de la Tierra destacando la labor de conservaci\u00f3n ambiental de una mujer \u201cNacida para brillar\u201d - James Lynn : Tecnolog\u00eda y vida digital\" \/>\n<meta property=\"og:description\" content=\"San Juan, Puerto Rico, abril de 2023\u2013 El D\u00eda de la Tierra es una fecha que merece ser celebrada, y tambi\u00e9n se convierte en la oportunidad [\u2026]\" \/>\n<meta property=\"og:url\" content=\"https:\/\/www.jameslynn.com\/blog\/2023\/04\/24\/samsung-dia-de-la-tierrra-conservacion-ambiental-mujer-nacida-para-brillar\/\" \/>\n<meta property=\"og:site_name\" content=\"James Lynn : Tecnolog\u00eda y vida digital\" \/>\n<meta property=\"article:published_time\" content=\"2023-04-25T02:59:45+00:00\" \/>\n<meta property=\"article:modified_time\" content=\"2023-04-25T03:02:18+00:00\" \/>\n<meta property=\"og:image\" content=\"https:\/\/www.jameslynn.com\/blog\/wp-content\/uploads\/2023\/04\/alexandra-guzman-biologa-marina.jpg\" \/>\n\t<meta property=\"og:image:width\" content=\"1500\" \/>\n\t<meta property=\"og:image:height\" content=\"1000\" \/>\n<meta name=\"twitter:label1\" content=\"Written by\" \/>\n\t<meta name=\"twitter:data1\" content=\"James Lynn\" \/>\n\t<meta name=\"twitter:label2\" content=\"Est. reading time\" \/>\n\t<meta name=\"twitter:data2\" content=\"2 minutes\" \/>\n<script type=\"application\/ld+json\" class=\"yoast-schema-graph\">{\"@context\":\"https:\/\/schema.org\",\"@graph\":[{\"@type\":\"WebSite\",\"@id\":\"https:\/\/www.jameslynn.com\/blog\/#website\",\"url\":\"https:\/\/www.jameslynn.com\/blog\/\",\"name\":\"James Lynn : Tecnolog\\u00eda y vida digital\",\"description\":\"Tecnolog\\u00eda y vida digital\",\"potentialAction\":[{\"@type\":\"SearchAction\",\"target\":{\"@type\":\"EntryPoint\",\"urlTemplate\":\"https:\/\/www.jameslynn.com\/blog\/?s={search_term_string}\"},\"query-input\":\"required name=search_term_string\"}],\"inLanguage\":\"en-US\"},{\"@type\":\"ImageObject\",\"@id\":\"https:\/\/www.jameslynn.com\/blog\/2023\/04\/24\/samsung-dia-de-la-tierrra-conservacion-ambiental-mujer-nacida-para-brillar\/#primaryimage\",\"inLanguage\":\"en-US\",\"url\":\"https:\/\/www.jameslynn.com\/blog\/wp-content\/uploads\/2023\/04\/alexandra-guzman-biologa-marina.jpg\",\"contentUrl\":\"https:\/\/www.jameslynn.com\/blog\/wp-content\/uploads\/2023\/04\/alexandra-guzman-biologa-marina.jpg\",\"width\":1500,\"height\":1000},{\"@type\":\"WebPage\",\"@id\":\"https:\/\/www.jameslynn.com\/blog\/2023\/04\/24\/samsung-dia-de-la-tierrra-conservacion-ambiental-mujer-nacida-para-brillar\/#webpage\",\"url\":\"https:\/\/www.jameslynn.com\/blog\/2023\/04\/24\/samsung-dia-de-la-tierrra-conservacion-ambiental-mujer-nacida-para-brillar\/\",\"name\":\"Samsung celebr\\u00f3 el D\\u00eda de la Tierra destacando la labor de conservaci\\u00f3n ambiental de una mujer \\u201cNacida para brillar\\u201d - James Lynn : Tecnolog\\u00eda y vida digital\",\"isPartOf\":{\"@id\":\"https:\/\/www.jameslynn.com\/blog\/#website\"},\"primaryImageOfPage\":{\"@id\":\"https:\/\/www.jameslynn.com\/blog\/2023\/04\/24\/samsung-dia-de-la-tierrra-conservacion-ambiental-mujer-nacida-para-brillar\/#primaryimage\"},\"datePublished\":\"2023-04-25T02:59:45+00:00\",\"dateModified\":\"2023-04-25T03:02:18+00:00\",\"author\":{\"@id\":\"https:\/\/www.jameslynn.com\/blog\/#\/schema\/person\/4439f3e96c27ac4b98b29b03848f8108\"},\"breadcrumb\":{\"@id\":\"https:\/\/www.jameslynn.com\/blog\/2023\/04\/24\/samsung-dia-de-la-tierrra-conservacion-ambiental-mujer-nacida-para-brillar\/#breadcrumb\"},\"inLanguage\":\"en-US\",\"potentialAction\":[{\"@type\":\"ReadAction\",\"target\":[\"https:\/\/www.jameslynn.com\/blog\/2023\/04\/24\/samsung-dia-de-la-tierrra-conservacion-ambiental-mujer-nacida-para-brillar\/\"]}]},{\"@type\":\"BreadcrumbList\",\"@id\":\"https:\/\/www.jameslynn.com\/blog\/2023\/04\/24\/samsung-dia-de-la-tierrra-conservacion-ambiental-mujer-nacida-para-brillar\/#breadcrumb\",\"itemListElement\":[{\"@type\":\"ListItem\",\"position\":1,\"name\":\"Home\",\"item\":\"https:\/\/www.jameslynn.com\/blog\/\"},{\"@type\":\"ListItem\",\"position\":2,\"name\":\"Samsung celebr\\u00f3 el D\\u00eda de la Tierra destacando la labor de conservaci\\u00f3n ambiental de una mujer \\u201cNacida para brillar\\u201d\"}]},{\"@type\":\"Person\",\"@id\":\"https:\/\/www.jameslynn.com\/blog\/#\/schema\/person\/4439f3e96c27ac4b98b29b03848f8108\",\"name\":\"James Lynn\",\"image\":{\"@type\":\"ImageObject\",\"@id\":\"https:\/\/www.jameslynn.com\/blog\/#personlogo\",\"inLanguage\":\"en-US\",\"url\":\"https:\/\/secure.gravatar.com\/avatar\/2dcd2635cd0622bf457f25788f8c478b?s=96&d=mm&r=pg\",\"contentUrl\":\"https:\/\/secure.gravatar.com\/avatar\/2dcd2635cd0622bf457f25788f8c478b?s=96&d=mm&r=pg\",\"caption\":\"James Lynn\"},\"description\":\"Tech blogger, podcaster, live streamer, graphic designer, photographer, multimedia artist and university professor living in San Juan, Puerto Rico.\",\"sameAs\":[\"http:\/\/www.jameslynn.com\"],\"url\":\"https:\/\/www.jameslynn.com\/blog\/author\/jameslynn\/\"}]}<\/script>\n<!-- \/ Yoast SEO plugin. -->","yoast_head_json":{"title":"Samsung celebr\u00f3 el D\u00eda de la Tierra destacando la labor de conservaci\u00f3n ambiental de una mujer \u201cNacida para brillar\u201d - James Lynn : Tecnolog\u00eda y vida digital","robots":{"index":"index","follow":"follow","max-snippet":"max-snippet:-1","max-image-preview":"max-image-preview:large","max-video-preview":"max-video-preview:-1"},"canonical":"https:\/\/www.jameslynn.com\/blog\/2023\/04\/24\/samsung-dia-de-la-tierrra-conservacion-ambiental-mujer-nacida-para-brillar\/","og_locale":"en_US","og_type":"article","og_title":"Samsung celebr\u00f3 el D\u00eda de la Tierra destacando la labor de conservaci\u00f3n ambiental de una mujer \u201cNacida para brillar\u201d - James Lynn : Tecnolog\u00eda y vida digital","og_description":"San Juan, Puerto Rico, abril de 2023\u2013 El D\u00eda de la Tierra es una fecha que merece ser celebrada, y tambi\u00e9n se convierte en la oportunidad [\u2026]","og_url":"https:\/\/www.jameslynn.com\/blog\/2023\/04\/24\/samsung-dia-de-la-tierrra-conservacion-ambiental-mujer-nacida-para-brillar\/","og_site_name":"James Lynn : Tecnolog\u00eda y vida digital","article_published_time":"2023-04-25T02:59:45+00:00","article_modified_time":"2023-04-25T03:02:18+00:00","og_image":[{"width":1500,"height":1000,"url":"https:\/\/www.jameslynn.com\/blog\/wp-content\/uploads\/2023\/04\/alexandra-guzman-biologa-marina.jpg","type":"image\/jpeg"}],"twitter_misc":{"Written by":"James Lynn","Est. reading time":"2 minutes"},"schema":{"@context":"https:\/\/schema.org","@graph":[{"@type":"WebSite","@id":"https:\/\/www.jameslynn.com\/blog\/#website","url":"https:\/\/www.jameslynn.com\/blog\/","name":"James Lynn : Tecnolog\u00eda y vida digital","description":"Tecnolog\u00eda y vida digital","potentialAction":[{"@type":"SearchAction","target":{"@type":"EntryPoint","urlTemplate":"https:\/\/www.jameslynn.com\/blog\/?s={search_term_string}"},"query-input":"required name=search_term_string"}],"inLanguage":"en-US"},{"@type":"ImageObject","@id":"https:\/\/www.jameslynn.com\/blog\/2023\/04\/24\/samsung-dia-de-la-tierrra-conservacion-ambiental-mujer-nacida-para-brillar\/#primaryimage","inLanguage":"en-US","url":"https:\/\/www.jameslynn.com\/blog\/wp-content\/uploads\/2023\/04\/alexandra-guzman-biologa-marina.jpg","contentUrl":"https:\/\/www.jameslynn.com\/blog\/wp-content\/uploads\/2023\/04\/alexandra-guzman-biologa-marina.jpg","width":1500,"height":1000},{"@type":"WebPage","@id":"https:\/\/www.jameslynn.com\/blog\/2023\/04\/24\/samsung-dia-de-la-tierrra-conservacion-ambiental-mujer-nacida-para-brillar\/#webpage","url":"https:\/\/www.jameslynn.com\/blog\/2023\/04\/24\/samsung-dia-de-la-tierrra-conservacion-ambiental-mujer-nacida-para-brillar\/","name":"Samsung celebr\u00f3 el D\u00eda de la Tierra destacando la labor de conservaci\u00f3n ambiental de una mujer \u201cNacida para brillar\u201d - James Lynn : Tecnolog\u00eda y vida digital","isPartOf":{"@id":"https:\/\/www.jameslynn.com\/blog\/#website"},"primaryImageOfPage":{"@id":"https:\/\/www.jameslynn.com\/blog\/2023\/04\/24\/samsung-dia-de-la-tierrra-conservacion-ambiental-mujer-nacida-para-brillar\/#primaryimage"},"datePublished":"2023-04-25T02:59:45+00:00","dateModified":"2023-04-25T03:02:18+00:00","author":{"@id":"https:\/\/www.jameslynn.com\/blog\/#\/schema\/person\/4439f3e96c27ac4b98b29b03848f8108"},"breadcrumb":{"@id":"https:\/\/www.jameslynn.com\/blog\/2023\/04\/24\/samsung-dia-de-la-tierrra-conservacion-ambiental-mujer-nacida-para-brillar\/#breadcrumb"},"inLanguage":"en-US","potentialAction":[{"@type":"ReadAction","target":["https:\/\/www.jameslynn.com\/blog\/2023\/04\/24\/samsung-dia-de-la-tierrra-conservacion-ambiental-mujer-nacida-para-brillar\/"]}]},{"@type":"BreadcrumbList","@id":"https:\/\/www.jameslynn.com\/blog\/2023\/04\/24\/samsung-dia-de-la-tierrra-conservacion-ambiental-mujer-nacida-para-brillar\/#breadcrumb","itemListElement":[{"@type":"ListItem","position":1,"name":"Home","item":"https:\/\/www.jameslynn.com\/blog\/"},{"@type":"ListItem","position":2,"name":"Samsung celebr\u00f3 el D\u00eda de la Tierra destacando la labor de conservaci\u00f3n ambiental de una mujer \u201cNacida para brillar\u201d"}]},{"@type":"Person","@id":"https:\/\/www.jameslynn.com\/blog\/#\/schema\/person\/4439f3e96c27ac4b98b29b03848f8108","name":"James Lynn","image":{"@type":"ImageObject","@id":"https:\/\/www.jameslynn.com\/blog\/#personlogo","inLanguage":"en-US","url":"https:\/\/secure.gravatar.com\/avatar\/2dcd2635cd0622bf457f25788f8c478b?s=96&d=mm&r=pg","contentUrl":"https:\/\/secure.gravatar.com\/avatar\/2dcd2635cd0622bf457f25788f8c478b?s=96&d=mm&r=pg","caption":"James Lynn"},"description":"Tech blogger, podcaster, live streamer, graphic designer, photographer, multimedia artist and university professor living in San Juan, Puerto Rico.","sameAs":["http:\/\/www.jameslynn.com"],"url":"https:\/\/www.jameslynn.com\/blog\/author\/jameslynn\/"}]}},"jetpack_featured_media_url":"https:\/\/www.jameslynn.com\/blog\/wp-content\/uploads\/2023\/04\/alexandra-guzman-biologa-marina.jpg","jetpack_publicize_connections":[],"jetpack_shortlink":"https:\/\/wp.me\/p2kNF7-Nu","_links":{"self":[{"href":"https:\/\/www.jameslynn.com\/blog\/wp-json\/wp\/v2\/posts\/3068"}],"collection":[{"href":"https:\/\/www.jameslynn.com\/blog\/wp-json\/wp\/v2\/posts"}],"about":[{"href":"https:\/\/www.jameslynn.com\/blog\/wp-json\/wp\/v2\/types\/post"}],"author":[{"embeddable":true,"href":"https:\/\/www.jameslynn.com\/blog\/wp-json\/wp\/v2\/users\/32"}],"replies":[{"embeddable":true,"href":"https:\/\/www.jameslynn.com\/blog\/wp-json\/wp\/v2\/comments?post=3068"}],"version-history":[{"count":4,"href":"https:\/\/www.jameslynn.com\/blog\/wp-json\/wp\/v2\/posts\/3068\/revisions"}],"predecessor-version":[{"id":3076,"href":"https:\/\/www.jameslynn.com\/blog\/wp-json\/wp\/v2\/posts\/3068\/revisions\/3076"}],"wp:featuredmedia":[{"embeddable":true,"href":"https:\/\/www.jameslynn.com\/blog\/wp-json\/wp\/v2\/media\/3072"}],"wp:attachment":[{"href":"https:\/\/www.jameslynn.com\/blog\/wp-json\/wp\/v2\/media?parent=3068"}],"wp:term":[{"taxonomy":"category","embeddable":true,"href":"https:\/\/www.jameslynn.com\/blog\/wp-json\/wp\/v2\/categories?post=3068"},{"taxonomy":"post_tag","embeddable":true,"href":"https:\/\/www.jameslynn.com\/blog\/wp-json\/wp\/v2\/tags?post=3068"}],"curies":[{"name":"wp","href":"https:\/\/api.w.org\/{rel}","templated":true}]}}