{"id":3060,"date":"2023-04-24T17:30:29","date_gmt":"2023-04-24T21:30:29","guid":{"rendered":"https:\/\/www.jameslynn.com\/blog\/?p=3060"},"modified":"2023-04-24T17:30:34","modified_gmt":"2023-04-24T21:30:34","slug":"siembran-2132-semillas-y-plantulas-de-mangles-en-jobos-isabela-en-el-corona-earth-day","status":"publish","type":"post","link":"https:\/\/www.jameslynn.com\/blog\/2023\/04\/24\/siembran-2132-semillas-y-plantulas-de-mangles-en-jobos-isabela-en-el-corona-earth-day\/","title":{"rendered":"Siembran 2,132 semillas y pl\u00e1ntulas de mangles en Jobos, Isabela en el Corona Earth Day"},"content":{"rendered":"\n<p>Sobre 80 voluntarios se unieron este pasado s\u00e1bado, en Jobos, Isabela en el <strong>Corona Earth Day<\/strong>. Una celebraci\u00f3n por el D\u00eda del Planeta Tierra en la cual se sembraron 2,132 semillas y pl\u00e1ntulas de mangle. Esto ayudar\u00e1 a restaurar los mangles de Puerto Rico ya que nos protegen de eventos climatol\u00f3gicos y que sirven de h\u00e1bitat para diferentes especies de animales.<\/p>\n\n\n\n<p>Luego del paso del hurac\u00e1n Mar\u00eda por Puerto Rico que cruz\u00f3 la isla y sali\u00f3 por Isabela, se estima que hubo una p\u00e9rdida del 95% de mangles solo en este pueblo. Isabela cuenta con mangles de cuenca, es decir que quedan dentro de la tierra y no tienen contacto con el mar.<\/p>\n\n\n\n<p>H\u00e9ctor &#8220;Tito&#8221; Varela, ambientalista y embajador de <strong><a href=\"https:\/\/www.facebook.com\/savethebeachpr\" target=\"_blank\" rel=\"noreferrer noopener\">Save the Beach PR<\/a><\/strong>, estuvo a cargo de la siembra de mangle, junto al equipo de Corona y los voluntarios que llegaron a Jobos. Se sembraron los 4 tipos de mangle que existen en el Caribe que son: negro, rojo, blanco y bot\u00f3n.<\/p>\n\n\n\n<figure class=\"wp-block-gallery columns-3 is-cropped\"><ul class=\"blocks-gallery-grid\"><li class=\"blocks-gallery-item\"><figure><img loading=\"lazy\" width=\"853\" height=\"1280\" src=\"https:\/\/www.jameslynn.com\/blog\/wp-content\/uploads\/2023\/04\/DSC02674-2-853x1280.jpg\" alt=\"\" data-id=\"3063\" data-full-url=\"https:\/\/www.jameslynn.com\/blog\/wp-content\/uploads\/2023\/04\/DSC02674-2.jpg\" data-link=\"https:\/\/www.jameslynn.com\/blog\/?attachment_id=3063\" class=\"wp-image-3063\" srcset=\"https:\/\/www.jameslynn.com\/blog\/wp-content\/uploads\/2023\/04\/DSC02674-2-853x1280.jpg 853w, https:\/\/www.jameslynn.com\/blog\/wp-content\/uploads\/2023\/04\/DSC02674-2-333x500.jpg 333w, https:\/\/www.jameslynn.com\/blog\/wp-content\/uploads\/2023\/04\/DSC02674-2-768x1152.jpg 768w, https:\/\/www.jameslynn.com\/blog\/wp-content\/uploads\/2023\/04\/DSC02674-2-1024x1536.jpg 1024w, https:\/\/www.jameslynn.com\/blog\/wp-content\/uploads\/2023\/04\/DSC02674-2-500x750.jpg 500w, https:\/\/www.jameslynn.com\/blog\/wp-content\/uploads\/2023\/04\/DSC02674-2-97x146.jpg 97w, https:\/\/www.jameslynn.com\/blog\/wp-content\/uploads\/2023\/04\/DSC02674-2-33x50.jpg 33w, https:\/\/www.jameslynn.com\/blog\/wp-content\/uploads\/2023\/04\/DSC02674-2-50x75.jpg 50w, https:\/\/www.jameslynn.com\/blog\/wp-content\/uploads\/2023\/04\/DSC02674-2.jpg 1200w\" sizes=\"(max-width: 853px) 100vw, 853px\" \/><\/figure><\/li><li class=\"blocks-gallery-item\"><figure><img loading=\"lazy\" width=\"853\" height=\"1280\" src=\"https:\/\/www.jameslynn.com\/blog\/wp-content\/uploads\/2023\/04\/DSC02679-2-853x1280.jpg\" alt=\"\" data-id=\"3064\" data-full-url=\"https:\/\/www.jameslynn.com\/blog\/wp-content\/uploads\/2023\/04\/DSC02679-2.jpg\" data-link=\"https:\/\/www.jameslynn.com\/blog\/?attachment_id=3064\" class=\"wp-image-3064\" srcset=\"https:\/\/www.jameslynn.com\/blog\/wp-content\/uploads\/2023\/04\/DSC02679-2-853x1280.jpg 853w, https:\/\/www.jameslynn.com\/blog\/wp-content\/uploads\/2023\/04\/DSC02679-2-333x500.jpg 333w, https:\/\/www.jameslynn.com\/blog\/wp-content\/uploads\/2023\/04\/DSC02679-2-768x1152.jpg 768w, https:\/\/www.jameslynn.com\/blog\/wp-content\/uploads\/2023\/04\/DSC02679-2-1024x1536.jpg 1024w, https:\/\/www.jameslynn.com\/blog\/wp-content\/uploads\/2023\/04\/DSC02679-2-500x750.jpg 500w, https:\/\/www.jameslynn.com\/blog\/wp-content\/uploads\/2023\/04\/DSC02679-2-97x146.jpg 97w, https:\/\/www.jameslynn.com\/blog\/wp-content\/uploads\/2023\/04\/DSC02679-2-33x50.jpg 33w, https:\/\/www.jameslynn.com\/blog\/wp-content\/uploads\/2023\/04\/DSC02679-2-50x75.jpg 50w, https:\/\/www.jameslynn.com\/blog\/wp-content\/uploads\/2023\/04\/DSC02679-2.jpg 1200w\" sizes=\"(max-width: 853px) 100vw, 853px\" \/><\/figure><\/li><li class=\"blocks-gallery-item\"><figure><img loading=\"lazy\" width=\"853\" height=\"1280\" src=\"https:\/\/www.jameslynn.com\/blog\/wp-content\/uploads\/2023\/04\/DSC02684-2-853x1280.jpg\" alt=\"\" data-id=\"3065\" data-full-url=\"https:\/\/www.jameslynn.com\/blog\/wp-content\/uploads\/2023\/04\/DSC02684-2.jpg\" data-link=\"https:\/\/www.jameslynn.com\/blog\/?attachment_id=3065\" class=\"wp-image-3065\" srcset=\"https:\/\/www.jameslynn.com\/blog\/wp-content\/uploads\/2023\/04\/DSC02684-2-853x1280.jpg 853w, https:\/\/www.jameslynn.com\/blog\/wp-content\/uploads\/2023\/04\/DSC02684-2-333x500.jpg 333w, https:\/\/www.jameslynn.com\/blog\/wp-content\/uploads\/2023\/04\/DSC02684-2-768x1152.jpg 768w, https:\/\/www.jameslynn.com\/blog\/wp-content\/uploads\/2023\/04\/DSC02684-2-1024x1536.jpg 1024w, https:\/\/www.jameslynn.com\/blog\/wp-content\/uploads\/2023\/04\/DSC02684-2-500x750.jpg 500w, https:\/\/www.jameslynn.com\/blog\/wp-content\/uploads\/2023\/04\/DSC02684-2-97x146.jpg 97w, https:\/\/www.jameslynn.com\/blog\/wp-content\/uploads\/2023\/04\/DSC02684-2-33x50.jpg 33w, https:\/\/www.jameslynn.com\/blog\/wp-content\/uploads\/2023\/04\/DSC02684-2-50x75.jpg 50w, https:\/\/www.jameslynn.com\/blog\/wp-content\/uploads\/2023\/04\/DSC02684-2.jpg 1200w\" sizes=\"(max-width: 853px) 100vw, 853px\" \/><\/figure><\/li><li class=\"blocks-gallery-item\"><figure><img loading=\"lazy\" width=\"853\" height=\"1280\" src=\"https:\/\/www.jameslynn.com\/blog\/wp-content\/uploads\/2023\/04\/DSC02690-2-853x1280.jpg\" alt=\"\" data-id=\"3066\" data-full-url=\"https:\/\/www.jameslynn.com\/blog\/wp-content\/uploads\/2023\/04\/DSC02690-2.jpg\" data-link=\"https:\/\/www.jameslynn.com\/blog\/?attachment_id=3066\" class=\"wp-image-3066\" srcset=\"https:\/\/www.jameslynn.com\/blog\/wp-content\/uploads\/2023\/04\/DSC02690-2-853x1280.jpg 853w, https:\/\/www.jameslynn.com\/blog\/wp-content\/uploads\/2023\/04\/DSC02690-2-333x500.jpg 333w, https:\/\/www.jameslynn.com\/blog\/wp-content\/uploads\/2023\/04\/DSC02690-2-768x1152.jpg 768w, https:\/\/www.jameslynn.com\/blog\/wp-content\/uploads\/2023\/04\/DSC02690-2-1024x1536.jpg 1024w, https:\/\/www.jameslynn.com\/blog\/wp-content\/uploads\/2023\/04\/DSC02690-2-500x750.jpg 500w, https:\/\/www.jameslynn.com\/blog\/wp-content\/uploads\/2023\/04\/DSC02690-2-97x146.jpg 97w, https:\/\/www.jameslynn.com\/blog\/wp-content\/uploads\/2023\/04\/DSC02690-2-33x50.jpg 33w, https:\/\/www.jameslynn.com\/blog\/wp-content\/uploads\/2023\/04\/DSC02690-2-50x75.jpg 50w, https:\/\/www.jameslynn.com\/blog\/wp-content\/uploads\/2023\/04\/DSC02690-2.jpg 1200w\" sizes=\"(max-width: 853px) 100vw, 853px\" \/><\/figure><\/li><\/ul><\/figure>\n\n\n\n<p>\u201cLa actividad que se llev\u00f3 a cabo pretende dar continuidad a nuestro compromiso con el medio ambiente ayudando a restaurar los mangles de Puerto Rico\u201d, nos dijo Yamila Rivera, Gerente de Mercadeo de la marca.&nbsp; Tambi\u00e9n agreg\u00f3 que \u201cCorona se enorgullece de su larga historia en proteger el para\u00edso\u201d.<\/p>\n\n\n\n<p>\u201cEstamos muy contentos con la acogida que tuvo esta actividad que crea consciencia sobre la importancia de cuidar nuestros mangles que nos protegen de eventos climatol\u00f3gicos y que son la casa de diferentes especies de animales. Corona y el Fideicomiso de conservaci\u00f3n de playas \u201cSave the Beach PR\u201d, unen sus esfuerzos por el medio ambiente. Cada vez que hacemos el llamado a colaborar, los seguidores de la marca, creadores de contenido, medios y el p\u00fablico, dicen presente. Estamos muy agradecidos con todos los que colaboraron en este esfuerzo\u201d, expres\u00f3 Joseph Magruder, director de Corona para Puerto Rico.<\/p>\n\n\n\n<p>Luego de la siembra de mangle, continuamos la celebraci\u00f3n del D\u00eda del Planeta en KAI Beach con el <strong><a href=\"https:\/\/www.instagram.com\/andrescortes_aca\/\" target=\"_blank\" rel=\"noreferrer noopener\">muralista Andr\u00e9s Cort\u00e9s<\/a><\/strong> y su pintura en vivo: \u201cProtege Nuestro Pa\u00eds\u201d.\u00a0 Adem\u00e1s del ambiente Corona la actividad culmin\u00f3 con entretenimiento musical de Los Hijos de Punta, Juanco y los Radicales, Gomba Jahbari, Latitud Cero, Dj Davey y DJ Graphic, para el disfrute de los asistentes.<\/p>\n","protected":false},"excerpt":{"rendered":"<p>Sobre 80 voluntarios se unieron este pasado s\u00e1bado, en Jobos, Isabela en el Corona Earth Day. Una celebraci\u00f3n por el D\u00eda del Planeta Tierra en la<span class=\"excerpt-hellip\"> [\u2026]<\/span><\/p>\n","protected":false},"author":32,"featured_media":3062,"comment_status":"open","ping_status":"open","sticky":false,"template":"","format":"standard","meta":{"om_disable_all_campaigns":false,"_monsterinsights_skip_tracking":false,"_monsterinsights_sitenote_active":false,"_monsterinsights_sitenote_note":"","_monsterinsights_sitenote_category":0,"spay_email":"","jetpack_publicize_message":"","jetpack_is_tweetstorm":false,"jetpack_publicize_feature_enabled":true},"categories":[924],"tags":[991,1188,1187],"aioseo_notices":[],"yoast_head":"<!-- This site is optimized with the Yoast SEO plugin v17.7.1 - https:\/\/yoast.com\/wordpress\/plugins\/seo\/ -->\n<title>Siembran 2,132 semillas y pl\u00e1ntulas de mangles en Jobos, Isabela en el Corona Earth Day - James Lynn : Tecnolog\u00eda y vida digital<\/title>\n<meta name=\"robots\" content=\"index, follow, max-snippet:-1, max-image-preview:large, max-video-preview:-1\" \/>\n<link rel=\"canonical\" href=\"https:\/\/www.jameslynn.com\/blog\/2023\/04\/24\/siembran-2132-semillas-y-plantulas-de-mangles-en-jobos-isabela-en-el-corona-earth-day\/\" \/>\n<meta property=\"og:locale\" content=\"en_US\" \/>\n<meta property=\"og:type\" content=\"article\" \/>\n<meta property=\"og:title\" content=\"Siembran 2,132 semillas y pl\u00e1ntulas de mangles en Jobos, Isabela en el Corona Earth Day - James Lynn : Tecnolog\u00eda y vida digital\" \/>\n<meta property=\"og:description\" content=\"Sobre 80 voluntarios se unieron este pasado s\u00e1bado, en Jobos, Isabela en el Corona Earth Day. Una celebraci\u00f3n por el D\u00eda del Planeta Tierra en la [\u2026]\" \/>\n<meta property=\"og:url\" content=\"https:\/\/www.jameslynn.com\/blog\/2023\/04\/24\/siembran-2132-semillas-y-plantulas-de-mangles-en-jobos-isabela-en-el-corona-earth-day\/\" \/>\n<meta property=\"og:site_name\" content=\"James Lynn : Tecnolog\u00eda y vida digital\" \/>\n<meta property=\"article:published_time\" content=\"2023-04-24T21:30:29+00:00\" \/>\n<meta property=\"article:modified_time\" content=\"2023-04-24T21:30:34+00:00\" \/>\n<meta property=\"og:image\" content=\"https:\/\/www.jameslynn.com\/blog\/wp-content\/uploads\/2023\/04\/Corona-Earth-Day-2023-1.jpg\" \/>\n\t<meta property=\"og:image:width\" content=\"1500\" \/>\n\t<meta property=\"og:image:height\" content=\"1000\" \/>\n<meta name=\"twitter:label1\" content=\"Written by\" \/>\n\t<meta name=\"twitter:data1\" content=\"James Lynn\" \/>\n\t<meta name=\"twitter:label2\" content=\"Est. reading time\" \/>\n\t<meta name=\"twitter:data2\" content=\"3 minutes\" \/>\n<script type=\"application\/ld+json\" class=\"yoast-schema-graph\">{\"@context\":\"https:\/\/schema.org\",\"@graph\":[{\"@type\":\"WebSite\",\"@id\":\"https:\/\/www.jameslynn.com\/blog\/#website\",\"url\":\"https:\/\/www.jameslynn.com\/blog\/\",\"name\":\"James Lynn : Tecnolog\\u00eda y vida digital\",\"description\":\"Tecnolog\\u00eda y vida digital\",\"potentialAction\":[{\"@type\":\"SearchAction\",\"target\":{\"@type\":\"EntryPoint\",\"urlTemplate\":\"https:\/\/www.jameslynn.com\/blog\/?s={search_term_string}\"},\"query-input\":\"required name=search_term_string\"}],\"inLanguage\":\"en-US\"},{\"@type\":\"ImageObject\",\"@id\":\"https:\/\/www.jameslynn.com\/blog\/2023\/04\/24\/siembran-2132-semillas-y-plantulas-de-mangles-en-jobos-isabela-en-el-corona-earth-day\/#primaryimage\",\"inLanguage\":\"en-US\",\"url\":\"https:\/\/www.jameslynn.com\/blog\/wp-content\/uploads\/2023\/04\/Corona-Earth-Day-2023-1.jpg\",\"contentUrl\":\"https:\/\/www.jameslynn.com\/blog\/wp-content\/uploads\/2023\/04\/Corona-Earth-Day-2023-1.jpg\",\"width\":1500,\"height\":1000,\"caption\":\"Corona Earth Day\"},{\"@type\":\"WebPage\",\"@id\":\"https:\/\/www.jameslynn.com\/blog\/2023\/04\/24\/siembran-2132-semillas-y-plantulas-de-mangles-en-jobos-isabela-en-el-corona-earth-day\/#webpage\",\"url\":\"https:\/\/www.jameslynn.com\/blog\/2023\/04\/24\/siembran-2132-semillas-y-plantulas-de-mangles-en-jobos-isabela-en-el-corona-earth-day\/\",\"name\":\"Siembran 2,132 semillas y pl\\u00e1ntulas de mangles en Jobos, Isabela en el Corona Earth Day - James Lynn : Tecnolog\\u00eda y vida digital\",\"isPartOf\":{\"@id\":\"https:\/\/www.jameslynn.com\/blog\/#website\"},\"primaryImageOfPage\":{\"@id\":\"https:\/\/www.jameslynn.com\/blog\/2023\/04\/24\/siembran-2132-semillas-y-plantulas-de-mangles-en-jobos-isabela-en-el-corona-earth-day\/#primaryimage\"},\"datePublished\":\"2023-04-24T21:30:29+00:00\",\"dateModified\":\"2023-04-24T21:30:34+00:00\",\"author\":{\"@id\":\"https:\/\/www.jameslynn.com\/blog\/#\/schema\/person\/4439f3e96c27ac4b98b29b03848f8108\"},\"breadcrumb\":{\"@id\":\"https:\/\/www.jameslynn.com\/blog\/2023\/04\/24\/siembran-2132-semillas-y-plantulas-de-mangles-en-jobos-isabela-en-el-corona-earth-day\/#breadcrumb\"},\"inLanguage\":\"en-US\",\"potentialAction\":[{\"@type\":\"ReadAction\",\"target\":[\"https:\/\/www.jameslynn.com\/blog\/2023\/04\/24\/siembran-2132-semillas-y-plantulas-de-mangles-en-jobos-isabela-en-el-corona-earth-day\/\"]}]},{\"@type\":\"BreadcrumbList\",\"@id\":\"https:\/\/www.jameslynn.com\/blog\/2023\/04\/24\/siembran-2132-semillas-y-plantulas-de-mangles-en-jobos-isabela-en-el-corona-earth-day\/#breadcrumb\",\"itemListElement\":[{\"@type\":\"ListItem\",\"position\":1,\"name\":\"Home\",\"item\":\"https:\/\/www.jameslynn.com\/blog\/\"},{\"@type\":\"ListItem\",\"position\":2,\"name\":\"Siembran 2,132 semillas y pl\\u00e1ntulas de mangles en Jobos, Isabela en el Corona Earth Day\"}]},{\"@type\":\"Person\",\"@id\":\"https:\/\/www.jameslynn.com\/blog\/#\/schema\/person\/4439f3e96c27ac4b98b29b03848f8108\",\"name\":\"James Lynn\",\"image\":{\"@type\":\"ImageObject\",\"@id\":\"https:\/\/www.jameslynn.com\/blog\/#personlogo\",\"inLanguage\":\"en-US\",\"url\":\"https:\/\/secure.gravatar.com\/avatar\/2dcd2635cd0622bf457f25788f8c478b?s=96&d=mm&r=pg\",\"contentUrl\":\"https:\/\/secure.gravatar.com\/avatar\/2dcd2635cd0622bf457f25788f8c478b?s=96&d=mm&r=pg\",\"caption\":\"James Lynn\"},\"description\":\"Tech blogger, podcaster, live streamer, graphic designer, photographer, multimedia artist and university professor living in San Juan, Puerto Rico.\",\"sameAs\":[\"http:\/\/www.jameslynn.com\"],\"url\":\"https:\/\/www.jameslynn.com\/blog\/author\/jameslynn\/\"}]}<\/script>\n<!-- \/ Yoast SEO plugin. -->","yoast_head_json":{"title":"Siembran 2,132 semillas y pl\u00e1ntulas de mangles en Jobos, Isabela en el Corona Earth Day - James Lynn : Tecnolog\u00eda y vida digital","robots":{"index":"index","follow":"follow","max-snippet":"max-snippet:-1","max-image-preview":"max-image-preview:large","max-video-preview":"max-video-preview:-1"},"canonical":"https:\/\/www.jameslynn.com\/blog\/2023\/04\/24\/siembran-2132-semillas-y-plantulas-de-mangles-en-jobos-isabela-en-el-corona-earth-day\/","og_locale":"en_US","og_type":"article","og_title":"Siembran 2,132 semillas y pl\u00e1ntulas de mangles en Jobos, Isabela en el Corona Earth Day - James Lynn : Tecnolog\u00eda y vida digital","og_description":"Sobre 80 voluntarios se unieron este pasado s\u00e1bado, en Jobos, Isabela en el Corona Earth Day. Una celebraci\u00f3n por el D\u00eda del Planeta Tierra en la [\u2026]","og_url":"https:\/\/www.jameslynn.com\/blog\/2023\/04\/24\/siembran-2132-semillas-y-plantulas-de-mangles-en-jobos-isabela-en-el-corona-earth-day\/","og_site_name":"James Lynn : Tecnolog\u00eda y vida digital","article_published_time":"2023-04-24T21:30:29+00:00","article_modified_time":"2023-04-24T21:30:34+00:00","og_image":[{"width":1500,"height":1000,"url":"https:\/\/www.jameslynn.com\/blog\/wp-content\/uploads\/2023\/04\/Corona-Earth-Day-2023-1.jpg","type":"image\/jpeg"}],"twitter_misc":{"Written by":"James Lynn","Est. reading time":"3 minutes"},"schema":{"@context":"https:\/\/schema.org","@graph":[{"@type":"WebSite","@id":"https:\/\/www.jameslynn.com\/blog\/#website","url":"https:\/\/www.jameslynn.com\/blog\/","name":"James Lynn : Tecnolog\u00eda y vida digital","description":"Tecnolog\u00eda y vida digital","potentialAction":[{"@type":"SearchAction","target":{"@type":"EntryPoint","urlTemplate":"https:\/\/www.jameslynn.com\/blog\/?s={search_term_string}"},"query-input":"required name=search_term_string"}],"inLanguage":"en-US"},{"@type":"ImageObject","@id":"https:\/\/www.jameslynn.com\/blog\/2023\/04\/24\/siembran-2132-semillas-y-plantulas-de-mangles-en-jobos-isabela-en-el-corona-earth-day\/#primaryimage","inLanguage":"en-US","url":"https:\/\/www.jameslynn.com\/blog\/wp-content\/uploads\/2023\/04\/Corona-Earth-Day-2023-1.jpg","contentUrl":"https:\/\/www.jameslynn.com\/blog\/wp-content\/uploads\/2023\/04\/Corona-Earth-Day-2023-1.jpg","width":1500,"height":1000,"caption":"Corona Earth Day"},{"@type":"WebPage","@id":"https:\/\/www.jameslynn.com\/blog\/2023\/04\/24\/siembran-2132-semillas-y-plantulas-de-mangles-en-jobos-isabela-en-el-corona-earth-day\/#webpage","url":"https:\/\/www.jameslynn.com\/blog\/2023\/04\/24\/siembran-2132-semillas-y-plantulas-de-mangles-en-jobos-isabela-en-el-corona-earth-day\/","name":"Siembran 2,132 semillas y pl\u00e1ntulas de mangles en Jobos, Isabela en el Corona Earth Day - James Lynn : Tecnolog\u00eda y vida digital","isPartOf":{"@id":"https:\/\/www.jameslynn.com\/blog\/#website"},"primaryImageOfPage":{"@id":"https:\/\/www.jameslynn.com\/blog\/2023\/04\/24\/siembran-2132-semillas-y-plantulas-de-mangles-en-jobos-isabela-en-el-corona-earth-day\/#primaryimage"},"datePublished":"2023-04-24T21:30:29+00:00","dateModified":"2023-04-24T21:30:34+00:00","author":{"@id":"https:\/\/www.jameslynn.com\/blog\/#\/schema\/person\/4439f3e96c27ac4b98b29b03848f8108"},"breadcrumb":{"@id":"https:\/\/www.jameslynn.com\/blog\/2023\/04\/24\/siembran-2132-semillas-y-plantulas-de-mangles-en-jobos-isabela-en-el-corona-earth-day\/#breadcrumb"},"inLanguage":"en-US","potentialAction":[{"@type":"ReadAction","target":["https:\/\/www.jameslynn.com\/blog\/2023\/04\/24\/siembran-2132-semillas-y-plantulas-de-mangles-en-jobos-isabela-en-el-corona-earth-day\/"]}]},{"@type":"BreadcrumbList","@id":"https:\/\/www.jameslynn.com\/blog\/2023\/04\/24\/siembran-2132-semillas-y-plantulas-de-mangles-en-jobos-isabela-en-el-corona-earth-day\/#breadcrumb","itemListElement":[{"@type":"ListItem","position":1,"name":"Home","item":"https:\/\/www.jameslynn.com\/blog\/"},{"@type":"ListItem","position":2,"name":"Siembran 2,132 semillas y pl\u00e1ntulas de mangles en Jobos, Isabela en el Corona Earth Day"}]},{"@type":"Person","@id":"https:\/\/www.jameslynn.com\/blog\/#\/schema\/person\/4439f3e96c27ac4b98b29b03848f8108","name":"James Lynn","image":{"@type":"ImageObject","@id":"https:\/\/www.jameslynn.com\/blog\/#personlogo","inLanguage":"en-US","url":"https:\/\/secure.gravatar.com\/avatar\/2dcd2635cd0622bf457f25788f8c478b?s=96&d=mm&r=pg","contentUrl":"https:\/\/secure.gravatar.com\/avatar\/2dcd2635cd0622bf457f25788f8c478b?s=96&d=mm&r=pg","caption":"James Lynn"},"description":"Tech blogger, podcaster, live streamer, graphic designer, photographer, multimedia artist and university professor living in San Juan, Puerto Rico.","sameAs":["http:\/\/www.jameslynn.com"],"url":"https:\/\/www.jameslynn.com\/blog\/author\/jameslynn\/"}]}},"jetpack_featured_media_url":"https:\/\/www.jameslynn.com\/blog\/wp-content\/uploads\/2023\/04\/Corona-Earth-Day-2023-1.jpg","jetpack_publicize_connections":[],"jetpack_shortlink":"https:\/\/wp.me\/p2kNF7-Nm","_links":{"self":[{"href":"https:\/\/www.jameslynn.com\/blog\/wp-json\/wp\/v2\/posts\/3060"}],"collection":[{"href":"https:\/\/www.jameslynn.com\/blog\/wp-json\/wp\/v2\/posts"}],"about":[{"href":"https:\/\/www.jameslynn.com\/blog\/wp-json\/wp\/v2\/types\/post"}],"author":[{"embeddable":true,"href":"https:\/\/www.jameslynn.com\/blog\/wp-json\/wp\/v2\/users\/32"}],"replies":[{"embeddable":true,"href":"https:\/\/www.jameslynn.com\/blog\/wp-json\/wp\/v2\/comments?post=3060"}],"version-history":[{"count":2,"href":"https:\/\/www.jameslynn.com\/blog\/wp-json\/wp\/v2\/posts\/3060\/revisions"}],"predecessor-version":[{"id":3067,"href":"https:\/\/www.jameslynn.com\/blog\/wp-json\/wp\/v2\/posts\/3060\/revisions\/3067"}],"wp:featuredmedia":[{"embeddable":true,"href":"https:\/\/www.jameslynn.com\/blog\/wp-json\/wp\/v2\/media\/3062"}],"wp:attachment":[{"href":"https:\/\/www.jameslynn.com\/blog\/wp-json\/wp\/v2\/media?parent=3060"}],"wp:term":[{"taxonomy":"category","embeddable":true,"href":"https:\/\/www.jameslynn.com\/blog\/wp-json\/wp\/v2\/categories?post=3060"},{"taxonomy":"post_tag","embeddable":true,"href":"https:\/\/www.jameslynn.com\/blog\/wp-json\/wp\/v2\/tags?post=3060"}],"curies":[{"name":"wp","href":"https:\/\/api.w.org\/{rel}","templated":true}]}}