{"id":3033,"date":"2023-04-11T19:18:35","date_gmt":"2023-04-11T23:18:35","guid":{"rendered":"https:\/\/www.jameslynn.com\/blog\/?p=3033"},"modified":"2023-04-11T19:18:37","modified_gmt":"2023-04-11T23:18:37","slug":"asociacion-hecho-en-puerto-rico-detras-del-sello","status":"publish","type":"post","link":"https:\/\/www.jameslynn.com\/blog\/2023\/04\/11\/asociacion-hecho-en-puerto-rico-detras-del-sello\/","title":{"rendered":"La Asociaci\u00f3n Hecho en Puerto Rico resalta empresarios locales en V\u00eddeo Serie \u201cDetr\u00e1s del Sello\u201d"},"content":{"rendered":"\n<p><strong>11 de abril de 2023, San Juan, P.R &#8212;<\/strong> La Asociaci\u00f3n Hecho en Puerto Rico (AHPR) junto al Departamento de Desarrollo Econ\u00f3mico (DDE) presentaron con gran entusiasmo la video serie <strong>\u201cDetr\u00e1s del Sello\u201d<\/strong> como parte de las iniciativas del Mes de la Industria Puertorrique\u00f1a.<\/p>\n\n\n\n<p><strong>Detr\u00e1s del Sello<\/strong> es una iniciativa de la AHPR y el DDEC que consisti\u00f3 en tomarle videos individuales a 20 empresas socias de la asociaci\u00f3n, con el objetivo de resaltar y dar a conocer la historia que hay detr\u00e1s de cada producto y servicio que se hacen con manos puertorrique\u00f1as. Los videos se grabaron durante el 2022 y se publicaron exclusivamente en las plataformas digitales del gremio con gran acogida y alcance que excede las <strong>300 mil visitas<\/strong> a las p\u00e1ginas de redes sociales de la AHPR.<\/p>\n\n\n\n<figure class=\"wp-block-embed is-type-video is-provider-youtube wp-block-embed-youtube wp-embed-aspect-16-9 wp-has-aspect-ratio\"><div class=\"wp-block-embed__wrapper\">\n<span class=\"embed-youtube\" style=\"text-align:center; display: block;\"><iframe loading=\"lazy\" class=\"youtube-player\" width=\"1200\" height=\"675\" src=\"https:\/\/www.youtube.com\/embed\/--FDdOJbhaQ?version=3&#038;rel=1&#038;showsearch=0&#038;showinfo=1&#038;iv_load_policy=1&#038;fs=1&#038;hl=en-US&#038;autohide=2&#038;wmode=transparent\" allowfullscreen=\"true\" style=\"border:0;\" sandbox=\"allow-scripts allow-same-origin allow-popups allow-presentation\"><\/iframe><\/span>\n<\/div><\/figure>\n\n\n\n<p><\/p>\n\n\n\n<p>\u201cHoy, en alianza con Caribbean Cinemas, GFR Media y WAPA TV, presentamos la serie <strong>Detr\u00e1s del Sello. <\/strong>Esta alianza permite difundira trav\u00e9s de sus mediosun video que resume y recoge las 20 historias exitosas de nuestros socios. En esta campa\u00f1a destacamos el esfuerzo y la resiliencia de estos peque\u00f1os y medianos empresarios <strong>hechos en Puerto Rico<\/strong> que luchan d\u00eda tras d\u00eda para impulsar la econom\u00eda de nuestro pa\u00eds. Nuestros socios tienen como norte crear empleos, cultivar y cosechar los frutos de una industria nativa fuerte y vibrante\u201d, coment\u00f3 el <strong>Agr\u00f3nomo Jorge Ram\u00edrez, presidente de la AHPR.<\/strong><\/p>\n\n\n\n<p>La serie destaca una amplia gama de empresas que representan diversas industrias y pueblos en ltoda la Isla, incluyendo:<\/p>\n\n\n\n<p>Amasar (Jayuya), AC Culinary &#8211; Chef Pi\u00f1eiro (Cata\u00f1o), Valero (Bayam\u00f3n), Dulces La Fe (Caguas), Dulzura Borincana (Moca), The Pecking Order y Uva! (San Juan), Site Wellness Beauty Lounge (Ponce), Cooling Systems Caribe (Aibonito),Krystalos (Las Piedras),&nbsp; Ultimate Solutions (Caguas), Signs &amp; Media (San Juan), Baby Blue Bread (Gurabo), Toro Verde (Orocovis), Mattress Global (Ponce), Buena Vibra (San Juan), Chemical Solutions (Yabucoa), Crab Island Rum (Vieques), Industria Lechera (Varios) y Productos Cartinami (Lares). Gracias a esta iniciativa, las empresas destacadas en la serie \u201cDetr\u00e1s del Sello\u201d han recibido impulso y apoyo de los programas empresariales del DDEC para su crecimiento.<\/p>\n\n\n\n<figure class=\"wp-block-image size-large\"><img loading=\"lazy\" width=\"1280\" height=\"853\" src=\"https:\/\/www.jameslynn.com\/blog\/wp-content\/uploads\/2023\/04\/detras-del-sello-hecho-en-puerto-rico-1280x853.jpg\" alt=\"\" class=\"wp-image-3034\" srcset=\"https:\/\/www.jameslynn.com\/blog\/wp-content\/uploads\/2023\/04\/detras-del-sello-hecho-en-puerto-rico-1280x853.jpg 1280w, https:\/\/www.jameslynn.com\/blog\/wp-content\/uploads\/2023\/04\/detras-del-sello-hecho-en-puerto-rico-450x300.jpg 450w, https:\/\/www.jameslynn.com\/blog\/wp-content\/uploads\/2023\/04\/detras-del-sello-hecho-en-puerto-rico-768x512.jpg 768w, https:\/\/www.jameslynn.com\/blog\/wp-content\/uploads\/2023\/04\/detras-del-sello-hecho-en-puerto-rico-500x333.jpg 500w, https:\/\/www.jameslynn.com\/blog\/wp-content\/uploads\/2023\/04\/detras-del-sello-hecho-en-puerto-rico-219x146.jpg 219w, https:\/\/www.jameslynn.com\/blog\/wp-content\/uploads\/2023\/04\/detras-del-sello-hecho-en-puerto-rico-50x33.jpg 50w, https:\/\/www.jameslynn.com\/blog\/wp-content\/uploads\/2023\/04\/detras-del-sello-hecho-en-puerto-rico-113x75.jpg 113w, https:\/\/www.jameslynn.com\/blog\/wp-content\/uploads\/2023\/04\/detras-del-sello-hecho-en-puerto-rico.jpg 1500w\" sizes=\"(max-width: 1280px) 100vw, 1280px\" \/><\/figure>\n\n\n\n<p>\u201cLos protagonistas de este documental representan a cientos de empresas puertorrique\u00f1as que todos los d\u00edas se levantan para precisamente destacar y resaltar el compromiso y la capacidad de las industrias puertorrique\u00f1as. <strong>DETR\u00c1S DEL SELLO<\/strong>, la industria local, su desarrollo y fortalecimiento, son y deben ser el compromiso de todos, ya que son una parte medular en la creaci\u00f3n de la riqueza sustentable. En l\u00ednea con #PRop\u00f3sito, el Departamento de Desarrollo Econ\u00f3mico est\u00e1 comprometido con la competitividad de Puerto Rico de la mano del desarrollo y la evoluci\u00f3n de las pymes en Puerto Rico, siendo la industria local la mayor\u00eda en este sector\u201d, expres\u00f3 <strong>Manuel Cidre, secretario del DDEC.<\/strong><\/p>\n\n\n\n<p>M\u00f3nica Ponce, directora de Mercadeo de AHPR se\u00f1al\u00f3 y agradeci\u00f3 a los medios que apoyaron la difusi\u00f3n de la serie, as\u00ed como todas las iniciativas de Hecho en Puerto Rico, resaltando que estas alianzas han sido fundamentales para proveer visibilidad a los socios de Hecho en Puerto Rico, que representan todas las industrias, desde agricultura hasta tecnolog\u00eda. &nbsp;La ejecutiva agradeci\u00f3 el apoyo de medios l\u00edderes en Puerto Rico ya que gracias a dicha colaboraci\u00f3n se logr\u00f3 la meta de ampliar el alcance para llegar a audiencias muy diversas a nivel Isla.&nbsp; Seg\u00fan indic\u00f3 Ponce, el gremio espera seguir trabajando de forma colaborativa en el futuro para seguir inspirando a otros a alcanzar sus metas y objetivos empresariales.<\/p>\n\n\n\n<p>\u201cNos complace mucho ser parte de la campa\u00f1a Detr\u00e1s del Sello y poder apoyar nuestros empresarios y sus proyectos desde en la pantalla gigante del cine. Es importante reconocerlos y exponer sus trabajos no solo para el beneficio de sus negocios sino de un pa\u00eds que necesita y busca productos y servicios de calidad\u201d, expres\u00f3 Mayra Ram\u00edrez, directora de mercadeo de <strong>Caribbean Cinemas<\/strong>.<\/p>\n\n\n\n<p>La v\u00eddeo serie fue producida por Lucenti Strategy, otra empresa socia de AHPR. Lucienne Gigante, a cargo de la producci\u00f3n, a\u00f1adi\u00f3 que el proyecto logr\u00f3 posicionar a los empresarios locales como embajadores de Puerto Rico, al igual que lo son artistas y otras celebridades, documentar sus historias de crecimiento para darlos conocer, y que sirvan de inspiraci\u00f3n y motivaci\u00f3n a otros para dar el paso y buscar sus sue\u00f1os empresariales.&nbsp; Seg\u00fan dijo Gigante, cada una de estas historias demuestra los valores, el compromiso y la pasi\u00f3n de estas historias de \u00e9xito que representan la calidad mundial Hecho en Puerto Rico.<\/p>\n\n\n\n<p>La serie <strong>Detr\u00e1s del Sello <\/strong>es una de las muchas iniciativas que est\u00e1 lanzando AHPR como parte del Mes de la Industria Puertorrique\u00f1a. La serie <strong>Detr\u00e1s del Sello<\/strong> en nuestro canal de YouTube: <strong><a href=\"https:\/\/www.youtube.com\/@hechoenpuertorico1570\/video\" target=\"_blank\" rel=\"noreferrer noopener\">@hechoenpuertorico1570\/video<\/a><\/strong>. Para m\u00e1s informaci\u00f3n puede acceder al portal de la AHPR: <strong><a href=\"http:\/\/www.hechoen.pr\" target=\"_blank\" rel=\"noreferrer noopener\">www.hechoen.pr<\/a><\/strong> o seguir nuestras p\u00e1ginas en las redes sociales.<\/p>\n","protected":false},"excerpt":{"rendered":"<p>11 de abril de 2023, San Juan, P.R &#8212; La Asociaci\u00f3n Hecho en Puerto Rico (AHPR) junto al Departamento de Desarrollo Econ\u00f3mico (DDE) presentaron con gran<span class=\"excerpt-hellip\"> [\u2026]<\/span><\/p>\n","protected":false},"author":32,"featured_media":3035,"comment_status":"open","ping_status":"open","sticky":false,"template":"","format":"standard","meta":{"om_disable_all_campaigns":false,"_monsterinsights_skip_tracking":false,"_monsterinsights_sitenote_active":false,"_monsterinsights_sitenote_note":"","_monsterinsights_sitenote_category":0,"spay_email":"","jetpack_publicize_message":"","jetpack_is_tweetstorm":false,"jetpack_publicize_feature_enabled":true},"categories":[924],"tags":[1180,1182,1181,1179],"aioseo_notices":[],"yoast_head":"<!-- This site is optimized with the Yoast SEO plugin v17.7.1 - https:\/\/yoast.com\/wordpress\/plugins\/seo\/ -->\n<title>La Asociaci\u00f3n Hecho en Puerto Rico resalta empresarios locales en V\u00eddeo Serie \u201cDetr\u00e1s del Sello\u201d - James Lynn : Tecnolog\u00eda y vida digital<\/title>\n<meta name=\"robots\" content=\"index, follow, max-snippet:-1, max-image-preview:large, max-video-preview:-1\" \/>\n<link rel=\"canonical\" href=\"https:\/\/www.jameslynn.com\/blog\/2023\/04\/11\/asociacion-hecho-en-puerto-rico-detras-del-sello\/\" \/>\n<meta property=\"og:locale\" content=\"en_US\" \/>\n<meta property=\"og:type\" content=\"article\" \/>\n<meta property=\"og:title\" content=\"La Asociaci\u00f3n Hecho en Puerto Rico resalta empresarios locales en V\u00eddeo Serie \u201cDetr\u00e1s del Sello\u201d - James Lynn : Tecnolog\u00eda y vida digital\" \/>\n<meta property=\"og:description\" content=\"11 de abril de 2023, San Juan, P.R &#8212; La Asociaci\u00f3n Hecho en Puerto Rico (AHPR) junto al Departamento de Desarrollo Econ\u00f3mico (DDE) presentaron con gran [\u2026]\" \/>\n<meta property=\"og:url\" content=\"https:\/\/www.jameslynn.com\/blog\/2023\/04\/11\/asociacion-hecho-en-puerto-rico-detras-del-sello\/\" \/>\n<meta property=\"og:site_name\" content=\"James Lynn : Tecnolog\u00eda y vida digital\" \/>\n<meta property=\"article:published_time\" content=\"2023-04-11T23:18:35+00:00\" \/>\n<meta property=\"article:modified_time\" content=\"2023-04-11T23:18:37+00:00\" \/>\n<meta property=\"og:image\" content=\"https:\/\/www.jameslynn.com\/blog\/wp-content\/uploads\/2023\/04\/Asociacion-Hecho-en-Puerto-Rico-Detras-del-Sello.jpg\" \/>\n\t<meta property=\"og:image:width\" content=\"1500\" \/>\n\t<meta property=\"og:image:height\" content=\"1000\" \/>\n<meta name=\"twitter:label1\" content=\"Written by\" \/>\n\t<meta name=\"twitter:data1\" content=\"James Lynn\" \/>\n\t<meta name=\"twitter:label2\" content=\"Est. reading time\" \/>\n\t<meta name=\"twitter:data2\" content=\"4 minutes\" \/>\n<script type=\"application\/ld+json\" class=\"yoast-schema-graph\">{\"@context\":\"https:\/\/schema.org\",\"@graph\":[{\"@type\":\"WebSite\",\"@id\":\"https:\/\/www.jameslynn.com\/blog\/#website\",\"url\":\"https:\/\/www.jameslynn.com\/blog\/\",\"name\":\"James Lynn : Tecnolog\\u00eda y vida digital\",\"description\":\"Tecnolog\\u00eda y vida digital\",\"potentialAction\":[{\"@type\":\"SearchAction\",\"target\":{\"@type\":\"EntryPoint\",\"urlTemplate\":\"https:\/\/www.jameslynn.com\/blog\/?s={search_term_string}\"},\"query-input\":\"required name=search_term_string\"}],\"inLanguage\":\"en-US\"},{\"@type\":\"ImageObject\",\"@id\":\"https:\/\/www.jameslynn.com\/blog\/2023\/04\/11\/asociacion-hecho-en-puerto-rico-detras-del-sello\/#primaryimage\",\"inLanguage\":\"en-US\",\"url\":\"https:\/\/www.jameslynn.com\/blog\/wp-content\/uploads\/2023\/04\/Asociacion-Hecho-en-Puerto-Rico-Detras-del-Sello.jpg\",\"contentUrl\":\"https:\/\/www.jameslynn.com\/blog\/wp-content\/uploads\/2023\/04\/Asociacion-Hecho-en-Puerto-Rico-Detras-del-Sello.jpg\",\"width\":1500,\"height\":1000,\"caption\":\"Asociaci\\u00f3n Hecho en Puerto Rico resalta empresarios locales en V\\u00eddeo Serie \\u201cDetr\\u00e1s del Sello\\u201d\"},{\"@type\":\"WebPage\",\"@id\":\"https:\/\/www.jameslynn.com\/blog\/2023\/04\/11\/asociacion-hecho-en-puerto-rico-detras-del-sello\/#webpage\",\"url\":\"https:\/\/www.jameslynn.com\/blog\/2023\/04\/11\/asociacion-hecho-en-puerto-rico-detras-del-sello\/\",\"name\":\"La Asociaci\\u00f3n Hecho en Puerto Rico resalta empresarios locales en V\\u00eddeo Serie \\u201cDetr\\u00e1s del Sello\\u201d - James Lynn : Tecnolog\\u00eda y vida digital\",\"isPartOf\":{\"@id\":\"https:\/\/www.jameslynn.com\/blog\/#website\"},\"primaryImageOfPage\":{\"@id\":\"https:\/\/www.jameslynn.com\/blog\/2023\/04\/11\/asociacion-hecho-en-puerto-rico-detras-del-sello\/#primaryimage\"},\"datePublished\":\"2023-04-11T23:18:35+00:00\",\"dateModified\":\"2023-04-11T23:18:37+00:00\",\"author\":{\"@id\":\"https:\/\/www.jameslynn.com\/blog\/#\/schema\/person\/4439f3e96c27ac4b98b29b03848f8108\"},\"breadcrumb\":{\"@id\":\"https:\/\/www.jameslynn.com\/blog\/2023\/04\/11\/asociacion-hecho-en-puerto-rico-detras-del-sello\/#breadcrumb\"},\"inLanguage\":\"en-US\",\"potentialAction\":[{\"@type\":\"ReadAction\",\"target\":[\"https:\/\/www.jameslynn.com\/blog\/2023\/04\/11\/asociacion-hecho-en-puerto-rico-detras-del-sello\/\"]}]},{\"@type\":\"BreadcrumbList\",\"@id\":\"https:\/\/www.jameslynn.com\/blog\/2023\/04\/11\/asociacion-hecho-en-puerto-rico-detras-del-sello\/#breadcrumb\",\"itemListElement\":[{\"@type\":\"ListItem\",\"position\":1,\"name\":\"Home\",\"item\":\"https:\/\/www.jameslynn.com\/blog\/\"},{\"@type\":\"ListItem\",\"position\":2,\"name\":\"La Asociaci\\u00f3n Hecho en Puerto Rico resalta empresarios locales en V\\u00eddeo Serie \\u201cDetr\\u00e1s del Sello\\u201d\"}]},{\"@type\":\"Person\",\"@id\":\"https:\/\/www.jameslynn.com\/blog\/#\/schema\/person\/4439f3e96c27ac4b98b29b03848f8108\",\"name\":\"James Lynn\",\"image\":{\"@type\":\"ImageObject\",\"@id\":\"https:\/\/www.jameslynn.com\/blog\/#personlogo\",\"inLanguage\":\"en-US\",\"url\":\"https:\/\/secure.gravatar.com\/avatar\/2dcd2635cd0622bf457f25788f8c478b?s=96&d=mm&r=pg\",\"contentUrl\":\"https:\/\/secure.gravatar.com\/avatar\/2dcd2635cd0622bf457f25788f8c478b?s=96&d=mm&r=pg\",\"caption\":\"James Lynn\"},\"description\":\"Tech blogger, podcaster, live streamer, graphic designer, photographer, multimedia artist and university professor living in San Juan, Puerto Rico.\",\"sameAs\":[\"http:\/\/www.jameslynn.com\"],\"url\":\"https:\/\/www.jameslynn.com\/blog\/author\/jameslynn\/\"}]}<\/script>\n<!-- \/ Yoast SEO plugin. -->","yoast_head_json":{"title":"La Asociaci\u00f3n Hecho en Puerto Rico resalta empresarios locales en V\u00eddeo Serie \u201cDetr\u00e1s del Sello\u201d - James Lynn : Tecnolog\u00eda y vida digital","robots":{"index":"index","follow":"follow","max-snippet":"max-snippet:-1","max-image-preview":"max-image-preview:large","max-video-preview":"max-video-preview:-1"},"canonical":"https:\/\/www.jameslynn.com\/blog\/2023\/04\/11\/asociacion-hecho-en-puerto-rico-detras-del-sello\/","og_locale":"en_US","og_type":"article","og_title":"La Asociaci\u00f3n Hecho en Puerto Rico resalta empresarios locales en V\u00eddeo Serie \u201cDetr\u00e1s del Sello\u201d - James Lynn : Tecnolog\u00eda y vida digital","og_description":"11 de abril de 2023, San Juan, P.R &#8212; La Asociaci\u00f3n Hecho en Puerto Rico (AHPR) junto al Departamento de Desarrollo Econ\u00f3mico (DDE) presentaron con gran [\u2026]","og_url":"https:\/\/www.jameslynn.com\/blog\/2023\/04\/11\/asociacion-hecho-en-puerto-rico-detras-del-sello\/","og_site_name":"James Lynn : Tecnolog\u00eda y vida digital","article_published_time":"2023-04-11T23:18:35+00:00","article_modified_time":"2023-04-11T23:18:37+00:00","og_image":[{"width":1500,"height":1000,"url":"https:\/\/www.jameslynn.com\/blog\/wp-content\/uploads\/2023\/04\/Asociacion-Hecho-en-Puerto-Rico-Detras-del-Sello.jpg","type":"image\/jpeg"}],"twitter_misc":{"Written by":"James Lynn","Est. reading time":"4 minutes"},"schema":{"@context":"https:\/\/schema.org","@graph":[{"@type":"WebSite","@id":"https:\/\/www.jameslynn.com\/blog\/#website","url":"https:\/\/www.jameslynn.com\/blog\/","name":"James Lynn : Tecnolog\u00eda y vida digital","description":"Tecnolog\u00eda y vida digital","potentialAction":[{"@type":"SearchAction","target":{"@type":"EntryPoint","urlTemplate":"https:\/\/www.jameslynn.com\/blog\/?s={search_term_string}"},"query-input":"required name=search_term_string"}],"inLanguage":"en-US"},{"@type":"ImageObject","@id":"https:\/\/www.jameslynn.com\/blog\/2023\/04\/11\/asociacion-hecho-en-puerto-rico-detras-del-sello\/#primaryimage","inLanguage":"en-US","url":"https:\/\/www.jameslynn.com\/blog\/wp-content\/uploads\/2023\/04\/Asociacion-Hecho-en-Puerto-Rico-Detras-del-Sello.jpg","contentUrl":"https:\/\/www.jameslynn.com\/blog\/wp-content\/uploads\/2023\/04\/Asociacion-Hecho-en-Puerto-Rico-Detras-del-Sello.jpg","width":1500,"height":1000,"caption":"Asociaci\u00f3n Hecho en Puerto Rico resalta empresarios locales en V\u00eddeo Serie \u201cDetr\u00e1s del Sello\u201d"},{"@type":"WebPage","@id":"https:\/\/www.jameslynn.com\/blog\/2023\/04\/11\/asociacion-hecho-en-puerto-rico-detras-del-sello\/#webpage","url":"https:\/\/www.jameslynn.com\/blog\/2023\/04\/11\/asociacion-hecho-en-puerto-rico-detras-del-sello\/","name":"La Asociaci\u00f3n Hecho en Puerto Rico resalta empresarios locales en V\u00eddeo Serie \u201cDetr\u00e1s del Sello\u201d - James Lynn : Tecnolog\u00eda y vida digital","isPartOf":{"@id":"https:\/\/www.jameslynn.com\/blog\/#website"},"primaryImageOfPage":{"@id":"https:\/\/www.jameslynn.com\/blog\/2023\/04\/11\/asociacion-hecho-en-puerto-rico-detras-del-sello\/#primaryimage"},"datePublished":"2023-04-11T23:18:35+00:00","dateModified":"2023-04-11T23:18:37+00:00","author":{"@id":"https:\/\/www.jameslynn.com\/blog\/#\/schema\/person\/4439f3e96c27ac4b98b29b03848f8108"},"breadcrumb":{"@id":"https:\/\/www.jameslynn.com\/blog\/2023\/04\/11\/asociacion-hecho-en-puerto-rico-detras-del-sello\/#breadcrumb"},"inLanguage":"en-US","potentialAction":[{"@type":"ReadAction","target":["https:\/\/www.jameslynn.com\/blog\/2023\/04\/11\/asociacion-hecho-en-puerto-rico-detras-del-sello\/"]}]},{"@type":"BreadcrumbList","@id":"https:\/\/www.jameslynn.com\/blog\/2023\/04\/11\/asociacion-hecho-en-puerto-rico-detras-del-sello\/#breadcrumb","itemListElement":[{"@type":"ListItem","position":1,"name":"Home","item":"https:\/\/www.jameslynn.com\/blog\/"},{"@type":"ListItem","position":2,"name":"La Asociaci\u00f3n Hecho en Puerto Rico resalta empresarios locales en V\u00eddeo Serie \u201cDetr\u00e1s del Sello\u201d"}]},{"@type":"Person","@id":"https:\/\/www.jameslynn.com\/blog\/#\/schema\/person\/4439f3e96c27ac4b98b29b03848f8108","name":"James Lynn","image":{"@type":"ImageObject","@id":"https:\/\/www.jameslynn.com\/blog\/#personlogo","inLanguage":"en-US","url":"https:\/\/secure.gravatar.com\/avatar\/2dcd2635cd0622bf457f25788f8c478b?s=96&d=mm&r=pg","contentUrl":"https:\/\/secure.gravatar.com\/avatar\/2dcd2635cd0622bf457f25788f8c478b?s=96&d=mm&r=pg","caption":"James Lynn"},"description":"Tech blogger, podcaster, live streamer, graphic designer, photographer, multimedia artist and university professor living in San Juan, Puerto Rico.","sameAs":["http:\/\/www.jameslynn.com"],"url":"https:\/\/www.jameslynn.com\/blog\/author\/jameslynn\/"}]}},"jetpack_featured_media_url":"https:\/\/www.jameslynn.com\/blog\/wp-content\/uploads\/2023\/04\/Asociacion-Hecho-en-Puerto-Rico-Detras-del-Sello.jpg","jetpack_publicize_connections":[],"jetpack_shortlink":"https:\/\/wp.me\/p2kNF7-MV","_links":{"self":[{"href":"https:\/\/www.jameslynn.com\/blog\/wp-json\/wp\/v2\/posts\/3033"}],"collection":[{"href":"https:\/\/www.jameslynn.com\/blog\/wp-json\/wp\/v2\/posts"}],"about":[{"href":"https:\/\/www.jameslynn.com\/blog\/wp-json\/wp\/v2\/types\/post"}],"author":[{"embeddable":true,"href":"https:\/\/www.jameslynn.com\/blog\/wp-json\/wp\/v2\/users\/32"}],"replies":[{"embeddable":true,"href":"https:\/\/www.jameslynn.com\/blog\/wp-json\/wp\/v2\/comments?post=3033"}],"version-history":[{"count":1,"href":"https:\/\/www.jameslynn.com\/blog\/wp-json\/wp\/v2\/posts\/3033\/revisions"}],"predecessor-version":[{"id":3036,"href":"https:\/\/www.jameslynn.com\/blog\/wp-json\/wp\/v2\/posts\/3033\/revisions\/3036"}],"wp:featuredmedia":[{"embeddable":true,"href":"https:\/\/www.jameslynn.com\/blog\/wp-json\/wp\/v2\/media\/3035"}],"wp:attachment":[{"href":"https:\/\/www.jameslynn.com\/blog\/wp-json\/wp\/v2\/media?parent=3033"}],"wp:term":[{"taxonomy":"category","embeddable":true,"href":"https:\/\/www.jameslynn.com\/blog\/wp-json\/wp\/v2\/categories?post=3033"},{"taxonomy":"post_tag","embeddable":true,"href":"https:\/\/www.jameslynn.com\/blog\/wp-json\/wp\/v2\/tags?post=3033"}],"curies":[{"name":"wp","href":"https:\/\/api.w.org\/{rel}","templated":true}]}}