{"id":2966,"date":"2023-02-22T23:51:47","date_gmt":"2023-02-23T03:51:47","guid":{"rendered":"https:\/\/www.jameslynn.com\/blog\/?p=2966"},"modified":"2023-02-23T11:06:12","modified_gmt":"2023-02-23T15:06:12","slug":"nissan-ariya-2023-el-crossover-electrico-llego-a-puerto-rico","status":"publish","type":"post","link":"https:\/\/www.jameslynn.com\/blog\/2023\/02\/22\/nissan-ariya-2023-el-crossover-electrico-llego-a-puerto-rico\/","title":{"rendered":"Nissan Ariya 2023 el crossover el\u00e9ctrico lleg\u00f3 a Puerto Rico"},"content":{"rendered":"\n<p>Nissan Ariya 2023, el <em>crossover&nbsp; <\/em>el\u00e9ctrico que representa un nuevo cap\u00edtulo para los veh\u00edculos el\u00e9ctricos (EVs) de la marca, lleg\u00f3 a la isla para materializar la visi\u00f3n de la compa\u00f1\u00eda de enriquecer la vida de las personas.<\/p>\n\n\n\n<p>Con un tren motriz totalmente el\u00e9ctrico, Nissan Ariya promete una aceleraci\u00f3n potente y un funcionamiento suave y silencioso. Todos los pasajeros pueden relajarse y disfrutar del viaje gracias a la tecnolog\u00eda de conducci\u00f3n aut\u00f3noma, sistemas de asistencia y conectividad. Ariya es el compa\u00f1ero perfecto para los viajes del diario al igual que los viajes que se pueden hacer durante un fin de semana.<\/p>\n\n\n\n<p>El dise\u00f1o de Ariya representa una redefinici\u00f3n de la filosof\u00eda de dise\u00f1o de Nissan. Esta nueva filosof\u00eda se basa en lo que Nissan llama \u201cfuturismo japon\u00e9s atemporal\u201d, que se caracteriza por tener un enfoque japon\u00e9s distintivo reflejado de una manera moderna y simple, pero significativa. Para el dise\u00f1o exterior, Ariya adopta el termino japon\u00e9s <em>iki, <\/em>que se caracteriza por la naturaleza elegante y vanguardista; comenzando con la parte frontal donde se encuentra una parrilla reinventada para la era de EVs, seguido por los laterales del veh\u00edculo hasta llegar a la hoja de luz de freno.<em><\/em><\/p>\n\n\n\n<p>El <em>crossover<\/em> el\u00e9ctrico adopta una parrilla delantera con el dise\u00f1o del patr\u00f3n geom\u00e9trico <em>kumiko<\/em>, que se inspiran en la carpinter\u00eda artesanal japonesa, as\u00ed como el logotipo de la marca iluminado en el centro de la parrilla. De igual manera, Ariya 2023 cuenta con luces delanteras y traseras LED.<\/p>\n\n\n\n<h3>Desempe\u00f1o formidable para todas las necesidades<\/h3>\n\n\n\n<p>La transmisi\u00f3n totalmente el\u00e9ctrica de Ariya combina una entrega excelente de potencia y autonom\u00eda. Los clientes pueden elegir entre configuraciones con tracci\u00f3n delantera o e-4ORCE con tracci\u00f3n total en las cuatro ruedas. Los grados con tracci\u00f3n e-4ORCE, cuentan con dos motores, uno en la parte delantera y otro en la parte trasera del auto, para accionar todas las ruedas y equilibrar el potente desempe\u00f1o con la capacidad para cualquier tipo de clima.<\/p>\n\n\n\n<p>Todos los grados de Ariya se ofrecen con dos opciones de bater\u00eda. La bater\u00eda est\u00e1ndar con una capacidad \u00fatil de 63 kWh con un rendimiento hasta&nbsp; de 216 millas con una sola carga y la bater\u00eda de 87 kWh de largo alcance con capacidad de hasta 304 millas. Las clasificaciones de salida van desde 214 a 389 caballos de fuerza, ideal para conductores que transitan por la ciudad y propietarios primerizos de veh\u00edculos el\u00e9ctricos que buscan calidad y estilo en su veh\u00edculo el\u00e9ctrico de pr\u00f3xima generaci\u00f3n.<\/p>\n\n\n\n<p>Nissan Ariya est\u00e1 dise\u00f1ado considerando las aspiraciones y necesidades pr\u00e1cticas de los consumidores actuales. Los futuros conductores de Ariya 2023 pueden elegir entre 6 grados bien equipados: Venture+, Engage, Engage e-4ORCE, Engage+ e-4ORCE, Evolve+, Evolve+ e-4ORCE.<\/p>\n\n\n\n<p>Con 3 modelos principalmente ofrecidos, incluyendo las opciones de tracci\u00f3n delantera o tracci\u00f3n total, y las opciones en bater\u00edas de 63kWh y 87kWh, Nissan Ariya est\u00e1 dise\u00f1ado para satisfacer las necesidades de conducci\u00f3n de una amplia gama de clientes.<\/p>\n\n\n\n<h3>Dise\u00f1o interior centrado en el conductor<\/h3>\n\n\n\n<div class=\"wp-block-jetpack-slideshow aligncenter\" data-effect=\"slide\"><div class=\"wp-block-jetpack-slideshow_container swiper-container\"><ul class=\"wp-block-jetpack-slideshow_swiper-wrapper swiper-wrapper\"><li class=\"wp-block-jetpack-slideshow_slide swiper-slide\"><figure><img loading=\"lazy\" width=\"1500\" height=\"1001\" alt=\"\" class=\"wp-block-jetpack-slideshow_image wp-image-2971\" data-id=\"2971\" src=\"https:\/\/www.jameslynn.com\/blog\/wp-content\/uploads\/2023\/02\/IMG_7504-Ariya.jpg\" srcset=\"https:\/\/www.jameslynn.com\/blog\/wp-content\/uploads\/2023\/02\/IMG_7504-Ariya.jpg 1500w, https:\/\/www.jameslynn.com\/blog\/wp-content\/uploads\/2023\/02\/IMG_7504-Ariya-450x300.jpg 450w, https:\/\/www.jameslynn.com\/blog\/wp-content\/uploads\/2023\/02\/IMG_7504-Ariya-1280x854.jpg 1280w, https:\/\/www.jameslynn.com\/blog\/wp-content\/uploads\/2023\/02\/IMG_7504-Ariya-768x513.jpg 768w, https:\/\/www.jameslynn.com\/blog\/wp-content\/uploads\/2023\/02\/IMG_7504-Ariya-500x334.jpg 500w, https:\/\/www.jameslynn.com\/blog\/wp-content\/uploads\/2023\/02\/IMG_7504-Ariya-219x146.jpg 219w, https:\/\/www.jameslynn.com\/blog\/wp-content\/uploads\/2023\/02\/IMG_7504-Ariya-50x33.jpg 50w, https:\/\/www.jameslynn.com\/blog\/wp-content\/uploads\/2023\/02\/IMG_7504-Ariya-112x75.jpg 112w\" sizes=\"(max-width: 1500px) 100vw, 1500px\" \/><\/figure><\/li><li class=\"wp-block-jetpack-slideshow_slide swiper-slide\"><figure><img loading=\"lazy\" width=\"1500\" height=\"1001\" alt=\"\" class=\"wp-block-jetpack-slideshow_image wp-image-2970\" data-id=\"2970\" src=\"https:\/\/www.jameslynn.com\/blog\/wp-content\/uploads\/2023\/02\/IMG_7367-Ariya.jpg\" srcset=\"https:\/\/www.jameslynn.com\/blog\/wp-content\/uploads\/2023\/02\/IMG_7367-Ariya.jpg 1500w, https:\/\/www.jameslynn.com\/blog\/wp-content\/uploads\/2023\/02\/IMG_7367-Ariya-450x300.jpg 450w, https:\/\/www.jameslynn.com\/blog\/wp-content\/uploads\/2023\/02\/IMG_7367-Ariya-1280x854.jpg 1280w, https:\/\/www.jameslynn.com\/blog\/wp-content\/uploads\/2023\/02\/IMG_7367-Ariya-768x513.jpg 768w, https:\/\/www.jameslynn.com\/blog\/wp-content\/uploads\/2023\/02\/IMG_7367-Ariya-500x334.jpg 500w, https:\/\/www.jameslynn.com\/blog\/wp-content\/uploads\/2023\/02\/IMG_7367-Ariya-219x146.jpg 219w, https:\/\/www.jameslynn.com\/blog\/wp-content\/uploads\/2023\/02\/IMG_7367-Ariya-50x33.jpg 50w, https:\/\/www.jameslynn.com\/blog\/wp-content\/uploads\/2023\/02\/IMG_7367-Ariya-112x75.jpg 112w\" sizes=\"(max-width: 1500px) 100vw, 1500px\" \/><\/figure><\/li><li class=\"wp-block-jetpack-slideshow_slide swiper-slide\"><figure><img loading=\"lazy\" width=\"1500\" height=\"1001\" alt=\"\" class=\"wp-block-jetpack-slideshow_image wp-image-2969\" data-id=\"2969\" src=\"https:\/\/www.jameslynn.com\/blog\/wp-content\/uploads\/2023\/02\/IMG_7130-Ariya.jpg\" srcset=\"https:\/\/www.jameslynn.com\/blog\/wp-content\/uploads\/2023\/02\/IMG_7130-Ariya.jpg 1500w, https:\/\/www.jameslynn.com\/blog\/wp-content\/uploads\/2023\/02\/IMG_7130-Ariya-450x300.jpg 450w, https:\/\/www.jameslynn.com\/blog\/wp-content\/uploads\/2023\/02\/IMG_7130-Ariya-1280x854.jpg 1280w, https:\/\/www.jameslynn.com\/blog\/wp-content\/uploads\/2023\/02\/IMG_7130-Ariya-768x513.jpg 768w, https:\/\/www.jameslynn.com\/blog\/wp-content\/uploads\/2023\/02\/IMG_7130-Ariya-500x334.jpg 500w, https:\/\/www.jameslynn.com\/blog\/wp-content\/uploads\/2023\/02\/IMG_7130-Ariya-219x146.jpg 219w, https:\/\/www.jameslynn.com\/blog\/wp-content\/uploads\/2023\/02\/IMG_7130-Ariya-50x33.jpg 50w, https:\/\/www.jameslynn.com\/blog\/wp-content\/uploads\/2023\/02\/IMG_7130-Ariya-112x75.jpg 112w\" sizes=\"(max-width: 1500px) 100vw, 1500px\" \/><\/figure><\/li><li class=\"wp-block-jetpack-slideshow_slide swiper-slide\"><figure><img loading=\"lazy\" width=\"1500\" height=\"1001\" alt=\"\" class=\"wp-block-jetpack-slideshow_image wp-image-2968\" data-id=\"2968\" src=\"https:\/\/www.jameslynn.com\/blog\/wp-content\/uploads\/2023\/02\/IMG_7123-Ariya.jpg\" srcset=\"https:\/\/www.jameslynn.com\/blog\/wp-content\/uploads\/2023\/02\/IMG_7123-Ariya.jpg 1500w, https:\/\/www.jameslynn.com\/blog\/wp-content\/uploads\/2023\/02\/IMG_7123-Ariya-450x300.jpg 450w, https:\/\/www.jameslynn.com\/blog\/wp-content\/uploads\/2023\/02\/IMG_7123-Ariya-1280x854.jpg 1280w, https:\/\/www.jameslynn.com\/blog\/wp-content\/uploads\/2023\/02\/IMG_7123-Ariya-768x513.jpg 768w, https:\/\/www.jameslynn.com\/blog\/wp-content\/uploads\/2023\/02\/IMG_7123-Ariya-500x334.jpg 500w, https:\/\/www.jameslynn.com\/blog\/wp-content\/uploads\/2023\/02\/IMG_7123-Ariya-219x146.jpg 219w, https:\/\/www.jameslynn.com\/blog\/wp-content\/uploads\/2023\/02\/IMG_7123-Ariya-50x33.jpg 50w, https:\/\/www.jameslynn.com\/blog\/wp-content\/uploads\/2023\/02\/IMG_7123-Ariya-112x75.jpg 112w\" sizes=\"(max-width: 1500px) 100vw, 1500px\" \/><\/figure><\/li><\/ul><a class=\"wp-block-jetpack-slideshow_button-prev swiper-button-prev swiper-button-white\" role=\"button\"><\/a><a class=\"wp-block-jetpack-slideshow_button-next swiper-button-next swiper-button-white\" role=\"button\"><\/a><a aria-label=\"Pause Slideshow\" class=\"wp-block-jetpack-slideshow_button-pause\" role=\"button\"><\/a><div class=\"wp-block-jetpack-slideshow_pagination swiper-pagination swiper-pagination-white\"><\/div><\/div><\/div>\n\n\n\n<p>Ariya 2023, se ofrece con un dise\u00f1o interior minimalista <em>Premium<\/em>, <em>tipo lounge<\/em>. La cabina es amplia, cuenta con materiales que reducen el ruido y una iluminaci\u00f3n tenue que se aprecia en las puertas, entre los patrones geom\u00e9tricos <em>kumiko<\/em>. Adem\u00e1s, gracias a la ubicaci\u00f3n de la bater\u00eda en la base del chasis, resulta en m\u00e1s espacio para las piernas y una interacci\u00f3n f\u00e1cil entre los pasajeros de los asientos delanteros y traseros.<\/p>\n\n\n\n<p>Parte de la tecnolog\u00eda de Nissan Ariya se aprecia a trav\u00e9s de su panel de instrumentos. Este panel carece de los botones e interruptores que se encuentran en los veh\u00edculos convencionales. Las funciones principales de control de clima est\u00e1n integradas en el tablero central de madera en forma de botones h\u00e1pticos. Estos botones reaccionan al tacto y se comunican a trav\u00e9s de vibraciones de los dedos y un sonido \u00fanico. Ariya, tambi\u00e9n, cuenta con una consola central de operaci\u00f3n el\u00e9ctrica para que los usuarios puedan adaptar el espacio del interior a su gusto.<\/p>\n\n\n\n<p>En cuanto a conectividad, Ariya 2023 se ofrece con una unidad de entretenimiento de dos pantallas de 12.3 pulgadas a todo color.&nbsp; Esta pantalla panor\u00e1mica en forma de onda permite al conductor acceder a la informaci\u00f3n importante del veh\u00edculo, como la informaci\u00f3n de la bater\u00eda, el alcance y la navegaci\u00f3n, de una manera f\u00e1cil y desplazarse con un simple deslizamiento.<\/p>\n\n\n\n<p>Nissan Ariya 2023 adquiere la tecnolog\u00eda inteligente de asistencia personal de Nissan, que ayuda al conductor a mantenerse informado, conectado y seguro. Esto gracias al sistema de reconocimiento de voz que permitir\u00e1 realizar diferentes comandos como configurar la temperatura del auto o encontrar una estaci\u00f3n de radio. De igual manera se incluye Android Auto&#x2122; y Apple CarPlay\u00ae inal\u00e1mbrico.<\/p>\n\n\n\n<h3>Dise\u00f1o avanzado y tecnolog\u00eda para conducir sin estr\u00e9s<\/h3>\n\n\n\n<p>Nissan Ariya est\u00e1 equipado con la tecnolog\u00eda <em>Nissan Safety Shield\u00ae 360<\/em>, de manera est\u00e1ndar. Este conjunto de sistemas incluye seis funciones de seguridad activa tales como frenado autom\u00e1tico de emergencia con detecci\u00f3n de peatones, advertencia de punto ciego, alerta de tr\u00e1fico cruzado trasero, advertencia de cambio de carril, asistente de luces altas y frenado autom\u00e1tico trasero. A su vez se incorpora el sistema e-pedal, que permite al conductor arrancar, acelerar y desacelerar, utilizando solo el pedal de aceleraci\u00f3n del auto.<\/p>\n\n\n\n<figure class=\"wp-block-embed is-type-video is-provider-youtube wp-block-embed-youtube wp-embed-aspect-16-9 wp-has-aspect-ratio\"><div class=\"wp-block-embed__wrapper\">\n<span class=\"embed-youtube\" style=\"text-align:center; display: block;\"><iframe loading=\"lazy\" class=\"youtube-player\" width=\"1200\" height=\"675\" src=\"https:\/\/www.youtube.com\/embed\/7nwkNQSPY5w?version=3&#038;rel=1&#038;showsearch=0&#038;showinfo=1&#038;iv_load_policy=1&#038;fs=1&#038;hl=en-US&#038;autohide=2&#038;wmode=transparent\" allowfullscreen=\"true\" style=\"border:0;\" sandbox=\"allow-scripts allow-same-origin allow-popups allow-presentation\"><\/iframe><\/span>\n<\/div><\/figure>\n\n\n\n<p>Por tal raz\u00f3n, Nissan Ariya 2023, es el \u00edcono de la visi\u00f3n de marca <em>Nissan Intelligent Mobility<\/em>. A trav\u00e9s del conglomerado de sistemas de asistencia y conectividad, al igual que las diferentes opciones de motor y bater\u00edas, los conductores se sentir\u00e1n m\u00e1s seguros y menos estresados para as\u00ed poder tener un <em>Manejo Inteligente<\/em>, una<em> Potencia Inteligente<\/em> y una <em>Integraci\u00f3n Inteligente<\/em>.  Para obtener m\u00e1s informaci\u00f3n sobre Ariya y conocer sobre la l\u00ednea completa de veh\u00edculos Nissan visite la p\u00e1gina<a href=\"https:\/\/es.nissan.pr\/\"> https:\/\/es.nissan.pr\/.<\/a> Tambi\u00e9n puede seguir a la marca a trav\u00e9s de las plataformas sociales en<a href=\"https:\/\/www.facebook.com\/nissanpr\/\" target=\"_blank\" rel=\"noreferrer noopener\"> Facebook<\/a> e<a href=\"https:\/\/www.instagram.com\/nissanpuertorico\/\" target=\"_blank\" rel=\"noreferrer noopener\"><em> <\/em>Instagram<\/a> como @nissanpuertorico.<br><\/p>\n","protected":false},"excerpt":{"rendered":"<p>Nissan Ariya 2023, el crossover&nbsp; el\u00e9ctrico que representa un nuevo cap\u00edtulo para los veh\u00edculos el\u00e9ctricos (EVs) de la marca, lleg\u00f3 a la isla para materializar la<span class=\"excerpt-hellip\"> [\u2026]<\/span><\/p>\n","protected":false},"author":32,"featured_media":2972,"comment_status":"open","ping_status":"open","sticky":false,"template":"","format":"standard","meta":{"om_disable_all_campaigns":false,"_monsterinsights_skip_tracking":false,"_monsterinsights_sitenote_active":false,"_monsterinsights_sitenote_note":"","_monsterinsights_sitenote_category":0,"spay_email":"","jetpack_publicize_message":"","jetpack_is_tweetstorm":false,"jetpack_publicize_feature_enabled":true},"categories":[634],"tags":[639,736,1047],"aioseo_notices":[],"yoast_head":"<!-- This site is optimized with the Yoast SEO plugin v17.7.1 - https:\/\/yoast.com\/wordpress\/plugins\/seo\/ -->\n<title>Nissan Ariya 2023 el crossover el\u00e9ctrico lleg\u00f3 a Puerto Rico - James Lynn : Tecnolog\u00eda y vida digital<\/title>\n<meta name=\"robots\" content=\"index, follow, max-snippet:-1, max-image-preview:large, max-video-preview:-1\" \/>\n<link rel=\"canonical\" href=\"https:\/\/www.jameslynn.com\/blog\/2023\/02\/22\/nissan-ariya-2023-el-crossover-electrico-llego-a-puerto-rico\/\" \/>\n<meta property=\"og:locale\" content=\"en_US\" \/>\n<meta property=\"og:type\" content=\"article\" \/>\n<meta property=\"og:title\" content=\"Nissan Ariya 2023 el crossover el\u00e9ctrico lleg\u00f3 a Puerto Rico - James Lynn : Tecnolog\u00eda y vida digital\" \/>\n<meta property=\"og:description\" content=\"Nissan Ariya 2023, el crossover&nbsp; el\u00e9ctrico que representa un nuevo cap\u00edtulo para los veh\u00edculos el\u00e9ctricos (EVs) de la marca, lleg\u00f3 a la isla para materializar la [\u2026]\" \/>\n<meta property=\"og:url\" content=\"https:\/\/www.jameslynn.com\/blog\/2023\/02\/22\/nissan-ariya-2023-el-crossover-electrico-llego-a-puerto-rico\/\" \/>\n<meta property=\"og:site_name\" content=\"James Lynn : Tecnolog\u00eda y vida digital\" \/>\n<meta property=\"article:published_time\" content=\"2023-02-23T03:51:47+00:00\" \/>\n<meta property=\"article:modified_time\" content=\"2023-02-23T15:06:12+00:00\" \/>\n<meta property=\"og:image\" content=\"https:\/\/www.jameslynn.com\/blog\/wp-content\/uploads\/2023\/02\/Nissan-Ariya-Puerto-Rico.jpg\" \/>\n\t<meta property=\"og:image:width\" content=\"1500\" \/>\n\t<meta property=\"og:image:height\" content=\"1000\" \/>\n<meta name=\"twitter:label1\" content=\"Written by\" \/>\n\t<meta name=\"twitter:data1\" content=\"James Lynn\" \/>\n\t<meta name=\"twitter:label2\" content=\"Est. reading time\" \/>\n\t<meta name=\"twitter:data2\" content=\"5 minutes\" \/>\n<script type=\"application\/ld+json\" class=\"yoast-schema-graph\">{\"@context\":\"https:\/\/schema.org\",\"@graph\":[{\"@type\":\"WebSite\",\"@id\":\"https:\/\/www.jameslynn.com\/blog\/#website\",\"url\":\"https:\/\/www.jameslynn.com\/blog\/\",\"name\":\"James Lynn : Tecnolog\\u00eda y vida digital\",\"description\":\"Tecnolog\\u00eda y vida digital\",\"potentialAction\":[{\"@type\":\"SearchAction\",\"target\":{\"@type\":\"EntryPoint\",\"urlTemplate\":\"https:\/\/www.jameslynn.com\/blog\/?s={search_term_string}\"},\"query-input\":\"required name=search_term_string\"}],\"inLanguage\":\"en-US\"},{\"@type\":\"ImageObject\",\"@id\":\"https:\/\/www.jameslynn.com\/blog\/2023\/02\/22\/nissan-ariya-2023-el-crossover-electrico-llego-a-puerto-rico\/#primaryimage\",\"inLanguage\":\"en-US\",\"url\":\"https:\/\/www.jameslynn.com\/blog\/wp-content\/uploads\/2023\/02\/Nissan-Ariya-Puerto-Rico.jpg\",\"contentUrl\":\"https:\/\/www.jameslynn.com\/blog\/wp-content\/uploads\/2023\/02\/Nissan-Ariya-Puerto-Rico.jpg\",\"width\":1500,\"height\":1000,\"caption\":\"Nissan Ariya 2023\"},{\"@type\":\"WebPage\",\"@id\":\"https:\/\/www.jameslynn.com\/blog\/2023\/02\/22\/nissan-ariya-2023-el-crossover-electrico-llego-a-puerto-rico\/#webpage\",\"url\":\"https:\/\/www.jameslynn.com\/blog\/2023\/02\/22\/nissan-ariya-2023-el-crossover-electrico-llego-a-puerto-rico\/\",\"name\":\"Nissan Ariya 2023 el crossover el\\u00e9ctrico lleg\\u00f3 a Puerto Rico - James Lynn : Tecnolog\\u00eda y vida digital\",\"isPartOf\":{\"@id\":\"https:\/\/www.jameslynn.com\/blog\/#website\"},\"primaryImageOfPage\":{\"@id\":\"https:\/\/www.jameslynn.com\/blog\/2023\/02\/22\/nissan-ariya-2023-el-crossover-electrico-llego-a-puerto-rico\/#primaryimage\"},\"datePublished\":\"2023-02-23T03:51:47+00:00\",\"dateModified\":\"2023-02-23T15:06:12+00:00\",\"author\":{\"@id\":\"https:\/\/www.jameslynn.com\/blog\/#\/schema\/person\/4439f3e96c27ac4b98b29b03848f8108\"},\"breadcrumb\":{\"@id\":\"https:\/\/www.jameslynn.com\/blog\/2023\/02\/22\/nissan-ariya-2023-el-crossover-electrico-llego-a-puerto-rico\/#breadcrumb\"},\"inLanguage\":\"en-US\",\"potentialAction\":[{\"@type\":\"ReadAction\",\"target\":[\"https:\/\/www.jameslynn.com\/blog\/2023\/02\/22\/nissan-ariya-2023-el-crossover-electrico-llego-a-puerto-rico\/\"]}]},{\"@type\":\"BreadcrumbList\",\"@id\":\"https:\/\/www.jameslynn.com\/blog\/2023\/02\/22\/nissan-ariya-2023-el-crossover-electrico-llego-a-puerto-rico\/#breadcrumb\",\"itemListElement\":[{\"@type\":\"ListItem\",\"position\":1,\"name\":\"Home\",\"item\":\"https:\/\/www.jameslynn.com\/blog\/\"},{\"@type\":\"ListItem\",\"position\":2,\"name\":\"Nissan Ariya 2023 el crossover el\\u00e9ctrico lleg\\u00f3 a Puerto Rico\"}]},{\"@type\":\"Person\",\"@id\":\"https:\/\/www.jameslynn.com\/blog\/#\/schema\/person\/4439f3e96c27ac4b98b29b03848f8108\",\"name\":\"James Lynn\",\"image\":{\"@type\":\"ImageObject\",\"@id\":\"https:\/\/www.jameslynn.com\/blog\/#personlogo\",\"inLanguage\":\"en-US\",\"url\":\"https:\/\/secure.gravatar.com\/avatar\/2dcd2635cd0622bf457f25788f8c478b?s=96&d=mm&r=pg\",\"contentUrl\":\"https:\/\/secure.gravatar.com\/avatar\/2dcd2635cd0622bf457f25788f8c478b?s=96&d=mm&r=pg\",\"caption\":\"James Lynn\"},\"description\":\"Tech blogger, podcaster, live streamer, graphic designer, photographer, multimedia artist and university professor living in San Juan, Puerto Rico.\",\"sameAs\":[\"http:\/\/www.jameslynn.com\"],\"url\":\"https:\/\/www.jameslynn.com\/blog\/author\/jameslynn\/\"}]}<\/script>\n<!-- \/ Yoast SEO plugin. -->","yoast_head_json":{"title":"Nissan Ariya 2023 el crossover el\u00e9ctrico lleg\u00f3 a Puerto Rico - James Lynn : Tecnolog\u00eda y vida digital","robots":{"index":"index","follow":"follow","max-snippet":"max-snippet:-1","max-image-preview":"max-image-preview:large","max-video-preview":"max-video-preview:-1"},"canonical":"https:\/\/www.jameslynn.com\/blog\/2023\/02\/22\/nissan-ariya-2023-el-crossover-electrico-llego-a-puerto-rico\/","og_locale":"en_US","og_type":"article","og_title":"Nissan Ariya 2023 el crossover el\u00e9ctrico lleg\u00f3 a Puerto Rico - James Lynn : Tecnolog\u00eda y vida digital","og_description":"Nissan Ariya 2023, el crossover&nbsp; el\u00e9ctrico que representa un nuevo cap\u00edtulo para los veh\u00edculos el\u00e9ctricos (EVs) de la marca, lleg\u00f3 a la isla para materializar la [\u2026]","og_url":"https:\/\/www.jameslynn.com\/blog\/2023\/02\/22\/nissan-ariya-2023-el-crossover-electrico-llego-a-puerto-rico\/","og_site_name":"James Lynn : Tecnolog\u00eda y vida digital","article_published_time":"2023-02-23T03:51:47+00:00","article_modified_time":"2023-02-23T15:06:12+00:00","og_image":[{"width":1500,"height":1000,"url":"https:\/\/www.jameslynn.com\/blog\/wp-content\/uploads\/2023\/02\/Nissan-Ariya-Puerto-Rico.jpg","type":"image\/jpeg"}],"twitter_misc":{"Written by":"James Lynn","Est. reading time":"5 minutes"},"schema":{"@context":"https:\/\/schema.org","@graph":[{"@type":"WebSite","@id":"https:\/\/www.jameslynn.com\/blog\/#website","url":"https:\/\/www.jameslynn.com\/blog\/","name":"James Lynn : Tecnolog\u00eda y vida digital","description":"Tecnolog\u00eda y vida digital","potentialAction":[{"@type":"SearchAction","target":{"@type":"EntryPoint","urlTemplate":"https:\/\/www.jameslynn.com\/blog\/?s={search_term_string}"},"query-input":"required name=search_term_string"}],"inLanguage":"en-US"},{"@type":"ImageObject","@id":"https:\/\/www.jameslynn.com\/blog\/2023\/02\/22\/nissan-ariya-2023-el-crossover-electrico-llego-a-puerto-rico\/#primaryimage","inLanguage":"en-US","url":"https:\/\/www.jameslynn.com\/blog\/wp-content\/uploads\/2023\/02\/Nissan-Ariya-Puerto-Rico.jpg","contentUrl":"https:\/\/www.jameslynn.com\/blog\/wp-content\/uploads\/2023\/02\/Nissan-Ariya-Puerto-Rico.jpg","width":1500,"height":1000,"caption":"Nissan Ariya 2023"},{"@type":"WebPage","@id":"https:\/\/www.jameslynn.com\/blog\/2023\/02\/22\/nissan-ariya-2023-el-crossover-electrico-llego-a-puerto-rico\/#webpage","url":"https:\/\/www.jameslynn.com\/blog\/2023\/02\/22\/nissan-ariya-2023-el-crossover-electrico-llego-a-puerto-rico\/","name":"Nissan Ariya 2023 el crossover el\u00e9ctrico lleg\u00f3 a Puerto Rico - James Lynn : Tecnolog\u00eda y vida digital","isPartOf":{"@id":"https:\/\/www.jameslynn.com\/blog\/#website"},"primaryImageOfPage":{"@id":"https:\/\/www.jameslynn.com\/blog\/2023\/02\/22\/nissan-ariya-2023-el-crossover-electrico-llego-a-puerto-rico\/#primaryimage"},"datePublished":"2023-02-23T03:51:47+00:00","dateModified":"2023-02-23T15:06:12+00:00","author":{"@id":"https:\/\/www.jameslynn.com\/blog\/#\/schema\/person\/4439f3e96c27ac4b98b29b03848f8108"},"breadcrumb":{"@id":"https:\/\/www.jameslynn.com\/blog\/2023\/02\/22\/nissan-ariya-2023-el-crossover-electrico-llego-a-puerto-rico\/#breadcrumb"},"inLanguage":"en-US","potentialAction":[{"@type":"ReadAction","target":["https:\/\/www.jameslynn.com\/blog\/2023\/02\/22\/nissan-ariya-2023-el-crossover-electrico-llego-a-puerto-rico\/"]}]},{"@type":"BreadcrumbList","@id":"https:\/\/www.jameslynn.com\/blog\/2023\/02\/22\/nissan-ariya-2023-el-crossover-electrico-llego-a-puerto-rico\/#breadcrumb","itemListElement":[{"@type":"ListItem","position":1,"name":"Home","item":"https:\/\/www.jameslynn.com\/blog\/"},{"@type":"ListItem","position":2,"name":"Nissan Ariya 2023 el crossover el\u00e9ctrico lleg\u00f3 a Puerto Rico"}]},{"@type":"Person","@id":"https:\/\/www.jameslynn.com\/blog\/#\/schema\/person\/4439f3e96c27ac4b98b29b03848f8108","name":"James Lynn","image":{"@type":"ImageObject","@id":"https:\/\/www.jameslynn.com\/blog\/#personlogo","inLanguage":"en-US","url":"https:\/\/secure.gravatar.com\/avatar\/2dcd2635cd0622bf457f25788f8c478b?s=96&d=mm&r=pg","contentUrl":"https:\/\/secure.gravatar.com\/avatar\/2dcd2635cd0622bf457f25788f8c478b?s=96&d=mm&r=pg","caption":"James Lynn"},"description":"Tech blogger, podcaster, live streamer, graphic designer, photographer, multimedia artist and university professor living in San Juan, Puerto Rico.","sameAs":["http:\/\/www.jameslynn.com"],"url":"https:\/\/www.jameslynn.com\/blog\/author\/jameslynn\/"}]}},"jetpack_featured_media_url":"https:\/\/www.jameslynn.com\/blog\/wp-content\/uploads\/2023\/02\/Nissan-Ariya-Puerto-Rico.jpg","jetpack_publicize_connections":[],"jetpack_shortlink":"https:\/\/wp.me\/p2kNF7-LQ","_links":{"self":[{"href":"https:\/\/www.jameslynn.com\/blog\/wp-json\/wp\/v2\/posts\/2966"}],"collection":[{"href":"https:\/\/www.jameslynn.com\/blog\/wp-json\/wp\/v2\/posts"}],"about":[{"href":"https:\/\/www.jameslynn.com\/blog\/wp-json\/wp\/v2\/types\/post"}],"author":[{"embeddable":true,"href":"https:\/\/www.jameslynn.com\/blog\/wp-json\/wp\/v2\/users\/32"}],"replies":[{"embeddable":true,"href":"https:\/\/www.jameslynn.com\/blog\/wp-json\/wp\/v2\/comments?post=2966"}],"version-history":[{"count":4,"href":"https:\/\/www.jameslynn.com\/blog\/wp-json\/wp\/v2\/posts\/2966\/revisions"}],"predecessor-version":[{"id":2976,"href":"https:\/\/www.jameslynn.com\/blog\/wp-json\/wp\/v2\/posts\/2966\/revisions\/2976"}],"wp:featuredmedia":[{"embeddable":true,"href":"https:\/\/www.jameslynn.com\/blog\/wp-json\/wp\/v2\/media\/2972"}],"wp:attachment":[{"href":"https:\/\/www.jameslynn.com\/blog\/wp-json\/wp\/v2\/media?parent=2966"}],"wp:term":[{"taxonomy":"category","embeddable":true,"href":"https:\/\/www.jameslynn.com\/blog\/wp-json\/wp\/v2\/categories?post=2966"},{"taxonomy":"post_tag","embeddable":true,"href":"https:\/\/www.jameslynn.com\/blog\/wp-json\/wp\/v2\/tags?post=2966"}],"curies":[{"name":"wp","href":"https:\/\/api.w.org\/{rel}","templated":true}]}}