{"id":2960,"date":"2023-02-20T12:52:15","date_gmt":"2023-02-20T16:52:15","guid":{"rendered":"https:\/\/www.jameslynn.com\/blog\/?p=2960"},"modified":"2023-02-20T12:52:56","modified_gmt":"2023-02-20T16:52:56","slug":"llega-a-puerto-rico-corona-en-latas-de-12-onzas","status":"publish","type":"post","link":"https:\/\/www.jameslynn.com\/blog\/2023\/02\/20\/llega-a-puerto-rico-corona-en-latas-de-12-onzas\/","title":{"rendered":"Llega a Puerto Rico Corona en latas de 12 onzas"},"content":{"rendered":"\n<p>Corona, una de las cervezas m\u00e1s conocidas y emblem\u00e1ticas del mundo, trae al mercado su nuevo empaque conveniente y vers\u00e1til, en presentaci\u00f3n de latas delgadas de 12 oz (onzas). Esta nueva presentaci\u00f3n llega a Puerto Rico a formar parte de la familia de Corona como parte de la expansi\u00f3n de la marca.<\/p>\n\n\n\n<p>Este producto llega porque es muy conveniente para disfrutar en lugares como pasad\u00edas en playas municipales, actividades en piscinas, eventos en las marinas y en aquellos negocios de venta en lata. Tambi\u00e9n los consumidores podr\u00e1n disfrutar de su sabor en los festivales musicales y por supuesto en los eventos de \u201csurfing\u201d.<\/p>\n\n\n\n<p>\u201cCorona tiene una relaci\u00f3n estrecha con sus fan\u00e1ticos y nos hab\u00edan comentado que cu\u00e1ndo tendr\u00edamos la cerveza en presentaci\u00f3n en lata. Pues aqu\u00ed est\u00e1, adem\u00e1s de seguir con la versi\u00f3n en botella. Este nuevo empaque de 6 latas de 12 onzas, ofrece su exquisito sabor y a un precio competitivo para continuar y expandir la gran experiencia Corona. Ya est\u00e1 disponible en supermercados, gasolineras y otros comercios alrededor de la isla, explic\u00f3 Joseph Magruder, director de Corona para Puerto Rico.<\/p>\n\n\n\n<figure class=\"wp-block-image size-large\"><img loading=\"lazy\" width=\"1280\" height=\"853\" src=\"https:\/\/www.jameslynn.com\/blog\/wp-content\/uploads\/2023\/02\/Corona-lata-six-pack-1280x853.jpg\" alt=\"\" class=\"wp-image-2963\" srcset=\"https:\/\/www.jameslynn.com\/blog\/wp-content\/uploads\/2023\/02\/Corona-lata-six-pack-1280x853.jpg 1280w, https:\/\/www.jameslynn.com\/blog\/wp-content\/uploads\/2023\/02\/Corona-lata-six-pack-450x300.jpg 450w, https:\/\/www.jameslynn.com\/blog\/wp-content\/uploads\/2023\/02\/Corona-lata-six-pack-768x512.jpg 768w, https:\/\/www.jameslynn.com\/blog\/wp-content\/uploads\/2023\/02\/Corona-lata-six-pack-500x333.jpg 500w, https:\/\/www.jameslynn.com\/blog\/wp-content\/uploads\/2023\/02\/Corona-lata-six-pack-219x146.jpg 219w, https:\/\/www.jameslynn.com\/blog\/wp-content\/uploads\/2023\/02\/Corona-lata-six-pack-50x33.jpg 50w, https:\/\/www.jameslynn.com\/blog\/wp-content\/uploads\/2023\/02\/Corona-lata-six-pack-113x75.jpg 113w, https:\/\/www.jameslynn.com\/blog\/wp-content\/uploads\/2023\/02\/Corona-lata-six-pack.jpg 1500w\" sizes=\"(max-width: 1280px) 100vw, 1280px\" \/><\/figure>\n\n\n\n<p>Corona en Puerto Rico comenz\u00f3 en las bases militares en el a\u00f1o 1992 y en poco tiempo, ya el consumidor la pod\u00eda encontrar en las g\u00f3ndolas de supermercados. No tard\u00f3 mucho en ser una de las cervezas favoritas de los puertorrique\u00f1os. Su presencia limpia y fina impresion\u00f3 a todos porque su brilloso y claro l\u00edquido se apreciaba a trav\u00e9s del cristal.<\/p>\n\n\n\n<p>Las campa\u00f1as publicitarias no tardaron en desarrollar mensajes alineados al deporte de \u201csurfing\u201d como estilo de vida y la relaci\u00f3n con el lim\u00f3n. Es as\u00ed como Corona hace su conexi\u00f3n con el consumidor local. Campa\u00f1as como \u201cVerla es Quererla\u201d que a\u00fan sigue siendo fuerte en la industria, \u201cTransforma tus Momentos\u201d y ahora \u201cThis is Living\u201d brindan un mensaje conciso, transmitiendo la calidez y conexi\u00f3n humana.<\/p>\n\n\n\n<p>Corona Puerto Rico en su af\u00e1n por cuidar y proteger el medio ambiente contin\u00faa fuertemente en sus esfuerzos de limpieza, recogido de basura, reforestaci\u00f3n y educaci\u00f3n sobre el tema alineado junto a varias organizaciones y el fideicomiso Save the Beach Puerto Rico.<\/p>\n\n\n\n<p>Esto demuestra que no es una marca callada. Sin embargo, act\u00faa de manera natural y genuina que la hacen ser qui\u00e9n es. No se esfuerza por ser perfecta, no se conforma con lo que se espera y no imita a otras marcas.<\/p>\n\n\n\n<p>Se exhorta a los consumidores a buscarla y subir una foto con su Corona en lata en la plataforma de <strong><a href=\"https:\/\/www.instagram.com\/corona.puertorico\/\" target=\"_blank\" rel=\"noreferrer noopener\">Instagram<\/a><\/strong>.<\/p>\n","protected":false},"excerpt":{"rendered":"<p>Corona, una de las cervezas m\u00e1s conocidas y emblem\u00e1ticas del mundo, trae al mercado su nuevo empaque conveniente y vers\u00e1til, en presentaci\u00f3n de latas delgadas de<span class=\"excerpt-hellip\"> [\u2026]<\/span><\/p>\n","protected":false},"author":32,"featured_media":2961,"comment_status":"open","ping_status":"open","sticky":false,"template":"","format":"standard","meta":{"om_disable_all_campaigns":false,"_monsterinsights_skip_tracking":false,"_monsterinsights_sitenote_active":false,"_monsterinsights_sitenote_note":"","_monsterinsights_sitenote_category":0,"spay_email":"","jetpack_publicize_message":"","jetpack_is_tweetstorm":false,"jetpack_publicize_feature_enabled":true},"categories":[924],"tags":[1166,1167,34],"aioseo_notices":[],"yoast_head":"<!-- This site is optimized with the Yoast SEO plugin v17.7.1 - https:\/\/yoast.com\/wordpress\/plugins\/seo\/ -->\n<title>Llega a Puerto Rico Corona en latas de 12 onzas - James Lynn : Tecnolog\u00eda y vida digital<\/title>\n<meta name=\"robots\" content=\"index, follow, max-snippet:-1, max-image-preview:large, max-video-preview:-1\" \/>\n<link rel=\"canonical\" href=\"https:\/\/www.jameslynn.com\/blog\/2023\/02\/20\/llega-a-puerto-rico-corona-en-latas-de-12-onzas\/\" \/>\n<meta property=\"og:locale\" content=\"en_US\" \/>\n<meta property=\"og:type\" content=\"article\" \/>\n<meta property=\"og:title\" content=\"Llega a Puerto Rico Corona en latas de 12 onzas - James Lynn : Tecnolog\u00eda y vida digital\" \/>\n<meta property=\"og:description\" content=\"Corona, una de las cervezas m\u00e1s conocidas y emblem\u00e1ticas del mundo, trae al mercado su nuevo empaque conveniente y vers\u00e1til, en presentaci\u00f3n de latas delgadas de [\u2026]\" \/>\n<meta property=\"og:url\" content=\"https:\/\/www.jameslynn.com\/blog\/2023\/02\/20\/llega-a-puerto-rico-corona-en-latas-de-12-onzas\/\" \/>\n<meta property=\"og:site_name\" content=\"James Lynn : Tecnolog\u00eda y vida digital\" \/>\n<meta property=\"article:published_time\" content=\"2023-02-20T16:52:15+00:00\" \/>\n<meta property=\"article:modified_time\" content=\"2023-02-20T16:52:56+00:00\" \/>\n<meta property=\"og:image\" content=\"https:\/\/www.jameslynn.com\/blog\/wp-content\/uploads\/2023\/02\/corona-extra-en-lata-2023.jpg\" \/>\n\t<meta property=\"og:image:width\" content=\"1500\" \/>\n\t<meta property=\"og:image:height\" content=\"1000\" \/>\n<meta name=\"twitter:label1\" content=\"Written by\" \/>\n\t<meta name=\"twitter:data1\" content=\"James Lynn\" \/>\n\t<meta name=\"twitter:label2\" content=\"Est. reading time\" \/>\n\t<meta name=\"twitter:data2\" content=\"3 minutes\" \/>\n<script type=\"application\/ld+json\" class=\"yoast-schema-graph\">{\"@context\":\"https:\/\/schema.org\",\"@graph\":[{\"@type\":\"WebSite\",\"@id\":\"https:\/\/www.jameslynn.com\/blog\/#website\",\"url\":\"https:\/\/www.jameslynn.com\/blog\/\",\"name\":\"James Lynn : Tecnolog\\u00eda y vida digital\",\"description\":\"Tecnolog\\u00eda y vida digital\",\"potentialAction\":[{\"@type\":\"SearchAction\",\"target\":{\"@type\":\"EntryPoint\",\"urlTemplate\":\"https:\/\/www.jameslynn.com\/blog\/?s={search_term_string}\"},\"query-input\":\"required name=search_term_string\"}],\"inLanguage\":\"en-US\"},{\"@type\":\"ImageObject\",\"@id\":\"https:\/\/www.jameslynn.com\/blog\/2023\/02\/20\/llega-a-puerto-rico-corona-en-latas-de-12-onzas\/#primaryimage\",\"inLanguage\":\"en-US\",\"url\":\"https:\/\/www.jameslynn.com\/blog\/wp-content\/uploads\/2023\/02\/corona-extra-en-lata-2023.jpg\",\"contentUrl\":\"https:\/\/www.jameslynn.com\/blog\/wp-content\/uploads\/2023\/02\/corona-extra-en-lata-2023.jpg\",\"width\":1500,\"height\":1000,\"caption\":\"Corona en latas de 12 onzas\"},{\"@type\":\"WebPage\",\"@id\":\"https:\/\/www.jameslynn.com\/blog\/2023\/02\/20\/llega-a-puerto-rico-corona-en-latas-de-12-onzas\/#webpage\",\"url\":\"https:\/\/www.jameslynn.com\/blog\/2023\/02\/20\/llega-a-puerto-rico-corona-en-latas-de-12-onzas\/\",\"name\":\"Llega a Puerto Rico Corona en latas de 12 onzas - James Lynn : Tecnolog\\u00eda y vida digital\",\"isPartOf\":{\"@id\":\"https:\/\/www.jameslynn.com\/blog\/#website\"},\"primaryImageOfPage\":{\"@id\":\"https:\/\/www.jameslynn.com\/blog\/2023\/02\/20\/llega-a-puerto-rico-corona-en-latas-de-12-onzas\/#primaryimage\"},\"datePublished\":\"2023-02-20T16:52:15+00:00\",\"dateModified\":\"2023-02-20T16:52:56+00:00\",\"author\":{\"@id\":\"https:\/\/www.jameslynn.com\/blog\/#\/schema\/person\/4439f3e96c27ac4b98b29b03848f8108\"},\"breadcrumb\":{\"@id\":\"https:\/\/www.jameslynn.com\/blog\/2023\/02\/20\/llega-a-puerto-rico-corona-en-latas-de-12-onzas\/#breadcrumb\"},\"inLanguage\":\"en-US\",\"potentialAction\":[{\"@type\":\"ReadAction\",\"target\":[\"https:\/\/www.jameslynn.com\/blog\/2023\/02\/20\/llega-a-puerto-rico-corona-en-latas-de-12-onzas\/\"]}]},{\"@type\":\"BreadcrumbList\",\"@id\":\"https:\/\/www.jameslynn.com\/blog\/2023\/02\/20\/llega-a-puerto-rico-corona-en-latas-de-12-onzas\/#breadcrumb\",\"itemListElement\":[{\"@type\":\"ListItem\",\"position\":1,\"name\":\"Home\",\"item\":\"https:\/\/www.jameslynn.com\/blog\/\"},{\"@type\":\"ListItem\",\"position\":2,\"name\":\"Llega a Puerto Rico Corona en latas de 12 onzas\"}]},{\"@type\":\"Person\",\"@id\":\"https:\/\/www.jameslynn.com\/blog\/#\/schema\/person\/4439f3e96c27ac4b98b29b03848f8108\",\"name\":\"James Lynn\",\"image\":{\"@type\":\"ImageObject\",\"@id\":\"https:\/\/www.jameslynn.com\/blog\/#personlogo\",\"inLanguage\":\"en-US\",\"url\":\"https:\/\/secure.gravatar.com\/avatar\/2dcd2635cd0622bf457f25788f8c478b?s=96&d=mm&r=pg\",\"contentUrl\":\"https:\/\/secure.gravatar.com\/avatar\/2dcd2635cd0622bf457f25788f8c478b?s=96&d=mm&r=pg\",\"caption\":\"James Lynn\"},\"description\":\"Tech blogger, podcaster, live streamer, graphic designer, photographer, multimedia artist and university professor living in San Juan, Puerto Rico.\",\"sameAs\":[\"http:\/\/www.jameslynn.com\"],\"url\":\"https:\/\/www.jameslynn.com\/blog\/author\/jameslynn\/\"}]}<\/script>\n<!-- \/ Yoast SEO plugin. -->","yoast_head_json":{"title":"Llega a Puerto Rico Corona en latas de 12 onzas - James Lynn : Tecnolog\u00eda y vida digital","robots":{"index":"index","follow":"follow","max-snippet":"max-snippet:-1","max-image-preview":"max-image-preview:large","max-video-preview":"max-video-preview:-1"},"canonical":"https:\/\/www.jameslynn.com\/blog\/2023\/02\/20\/llega-a-puerto-rico-corona-en-latas-de-12-onzas\/","og_locale":"en_US","og_type":"article","og_title":"Llega a Puerto Rico Corona en latas de 12 onzas - James Lynn : Tecnolog\u00eda y vida digital","og_description":"Corona, una de las cervezas m\u00e1s conocidas y emblem\u00e1ticas del mundo, trae al mercado su nuevo empaque conveniente y vers\u00e1til, en presentaci\u00f3n de latas delgadas de [\u2026]","og_url":"https:\/\/www.jameslynn.com\/blog\/2023\/02\/20\/llega-a-puerto-rico-corona-en-latas-de-12-onzas\/","og_site_name":"James Lynn : Tecnolog\u00eda y vida digital","article_published_time":"2023-02-20T16:52:15+00:00","article_modified_time":"2023-02-20T16:52:56+00:00","og_image":[{"width":1500,"height":1000,"url":"https:\/\/www.jameslynn.com\/blog\/wp-content\/uploads\/2023\/02\/corona-extra-en-lata-2023.jpg","type":"image\/jpeg"}],"twitter_misc":{"Written by":"James Lynn","Est. reading time":"3 minutes"},"schema":{"@context":"https:\/\/schema.org","@graph":[{"@type":"WebSite","@id":"https:\/\/www.jameslynn.com\/blog\/#website","url":"https:\/\/www.jameslynn.com\/blog\/","name":"James Lynn : Tecnolog\u00eda y vida digital","description":"Tecnolog\u00eda y vida digital","potentialAction":[{"@type":"SearchAction","target":{"@type":"EntryPoint","urlTemplate":"https:\/\/www.jameslynn.com\/blog\/?s={search_term_string}"},"query-input":"required name=search_term_string"}],"inLanguage":"en-US"},{"@type":"ImageObject","@id":"https:\/\/www.jameslynn.com\/blog\/2023\/02\/20\/llega-a-puerto-rico-corona-en-latas-de-12-onzas\/#primaryimage","inLanguage":"en-US","url":"https:\/\/www.jameslynn.com\/blog\/wp-content\/uploads\/2023\/02\/corona-extra-en-lata-2023.jpg","contentUrl":"https:\/\/www.jameslynn.com\/blog\/wp-content\/uploads\/2023\/02\/corona-extra-en-lata-2023.jpg","width":1500,"height":1000,"caption":"Corona en latas de 12 onzas"},{"@type":"WebPage","@id":"https:\/\/www.jameslynn.com\/blog\/2023\/02\/20\/llega-a-puerto-rico-corona-en-latas-de-12-onzas\/#webpage","url":"https:\/\/www.jameslynn.com\/blog\/2023\/02\/20\/llega-a-puerto-rico-corona-en-latas-de-12-onzas\/","name":"Llega a Puerto Rico Corona en latas de 12 onzas - James Lynn : Tecnolog\u00eda y vida digital","isPartOf":{"@id":"https:\/\/www.jameslynn.com\/blog\/#website"},"primaryImageOfPage":{"@id":"https:\/\/www.jameslynn.com\/blog\/2023\/02\/20\/llega-a-puerto-rico-corona-en-latas-de-12-onzas\/#primaryimage"},"datePublished":"2023-02-20T16:52:15+00:00","dateModified":"2023-02-20T16:52:56+00:00","author":{"@id":"https:\/\/www.jameslynn.com\/blog\/#\/schema\/person\/4439f3e96c27ac4b98b29b03848f8108"},"breadcrumb":{"@id":"https:\/\/www.jameslynn.com\/blog\/2023\/02\/20\/llega-a-puerto-rico-corona-en-latas-de-12-onzas\/#breadcrumb"},"inLanguage":"en-US","potentialAction":[{"@type":"ReadAction","target":["https:\/\/www.jameslynn.com\/blog\/2023\/02\/20\/llega-a-puerto-rico-corona-en-latas-de-12-onzas\/"]}]},{"@type":"BreadcrumbList","@id":"https:\/\/www.jameslynn.com\/blog\/2023\/02\/20\/llega-a-puerto-rico-corona-en-latas-de-12-onzas\/#breadcrumb","itemListElement":[{"@type":"ListItem","position":1,"name":"Home","item":"https:\/\/www.jameslynn.com\/blog\/"},{"@type":"ListItem","position":2,"name":"Llega a Puerto Rico Corona en latas de 12 onzas"}]},{"@type":"Person","@id":"https:\/\/www.jameslynn.com\/blog\/#\/schema\/person\/4439f3e96c27ac4b98b29b03848f8108","name":"James Lynn","image":{"@type":"ImageObject","@id":"https:\/\/www.jameslynn.com\/blog\/#personlogo","inLanguage":"en-US","url":"https:\/\/secure.gravatar.com\/avatar\/2dcd2635cd0622bf457f25788f8c478b?s=96&d=mm&r=pg","contentUrl":"https:\/\/secure.gravatar.com\/avatar\/2dcd2635cd0622bf457f25788f8c478b?s=96&d=mm&r=pg","caption":"James Lynn"},"description":"Tech blogger, podcaster, live streamer, graphic designer, photographer, multimedia artist and university professor living in San Juan, Puerto Rico.","sameAs":["http:\/\/www.jameslynn.com"],"url":"https:\/\/www.jameslynn.com\/blog\/author\/jameslynn\/"}]}},"jetpack_featured_media_url":"https:\/\/www.jameslynn.com\/blog\/wp-content\/uploads\/2023\/02\/corona-extra-en-lata-2023.jpg","jetpack_publicize_connections":[],"jetpack_shortlink":"https:\/\/wp.me\/p2kNF7-LK","_links":{"self":[{"href":"https:\/\/www.jameslynn.com\/blog\/wp-json\/wp\/v2\/posts\/2960"}],"collection":[{"href":"https:\/\/www.jameslynn.com\/blog\/wp-json\/wp\/v2\/posts"}],"about":[{"href":"https:\/\/www.jameslynn.com\/blog\/wp-json\/wp\/v2\/types\/post"}],"author":[{"embeddable":true,"href":"https:\/\/www.jameslynn.com\/blog\/wp-json\/wp\/v2\/users\/32"}],"replies":[{"embeddable":true,"href":"https:\/\/www.jameslynn.com\/blog\/wp-json\/wp\/v2\/comments?post=2960"}],"version-history":[{"count":3,"href":"https:\/\/www.jameslynn.com\/blog\/wp-json\/wp\/v2\/posts\/2960\/revisions"}],"predecessor-version":[{"id":2965,"href":"https:\/\/www.jameslynn.com\/blog\/wp-json\/wp\/v2\/posts\/2960\/revisions\/2965"}],"wp:featuredmedia":[{"embeddable":true,"href":"https:\/\/www.jameslynn.com\/blog\/wp-json\/wp\/v2\/media\/2961"}],"wp:attachment":[{"href":"https:\/\/www.jameslynn.com\/blog\/wp-json\/wp\/v2\/media?parent=2960"}],"wp:term":[{"taxonomy":"category","embeddable":true,"href":"https:\/\/www.jameslynn.com\/blog\/wp-json\/wp\/v2\/categories?post=2960"},{"taxonomy":"post_tag","embeddable":true,"href":"https:\/\/www.jameslynn.com\/blog\/wp-json\/wp\/v2\/tags?post=2960"}],"curies":[{"name":"wp","href":"https:\/\/api.w.org\/{rel}","templated":true}]}}