{"id":2954,"date":"2023-02-19T14:16:17","date_gmt":"2023-02-19T18:16:17","guid":{"rendered":"https:\/\/www.jameslynn.com\/blog\/?p=2954"},"modified":"2023-02-19T14:16:19","modified_gmt":"2023-02-19T18:16:19","slug":"regresa-el-cud-techxpo-evento-de-tecnologia-para-el-mundo-empresarial","status":"publish","type":"post","link":"https:\/\/www.jameslynn.com\/blog\/2023\/02\/19\/regresa-el-cud-techxpo-evento-de-tecnologia-para-el-mundo-empresarial\/","title":{"rendered":"Regresa el CUD TechXpo evento de tecnolog\u00eda para el mundo empresarial"},"content":{"rendered":"\n<p>Por primera vez desde el comienzo de la pandemia, el Centro Unido de Detallistas de Puerto Rico (CUD), celebrar\u00e1 su convenci\u00f3n de tecnolog\u00eda <strong><a href=\"https:\/\/www.eventbrite.com\/e\/cud-tech-expo-2023-tickets-536035034217\" target=\"_blank\" rel=\"noreferrer noopener\">CUD TechXpo 2023<\/a><\/strong> el pr\u00f3ximo 24 de febrero. En esta segunda edici\u00f3n destacar\u00e1n lo m\u00e1s reciente en programas, iniciativas y esfuerzos tecnol\u00f3gicos que impactan la seguridad,\u00a0la promoci\u00f3n y el desarrollo de los negocios. \u201cEs vital que el sector de las peque\u00f1as y medianas empresas se capaciten y conozcan los \u00faltimos avances en la tecnolog\u00eda y puedan implementarlos a su favor. Desde la maximizaci\u00f3n de tiendas online hasta la gesti\u00f3n de fincas, la tecnolog\u00eda est\u00e1 ah\u00ed para facilitar y fortalecer el desarrollo de las empresas locales\u201d, mencion\u00f3 Lourdes M. Aponte Rodr\u00edguez presidenta del CUD.<\/p>\n\n\n\n<p>Dirigido a comerciantes y empresarios, el evento est\u00e1 enfocado en tres \u00e1reas principales: el impacto de la tecnolog\u00eda en la seguridad, la promoci\u00f3n y el desarrollo de sus negocios. Al igual que en la pasada ocasi\u00f3n, el CUD TechXpo 2023 contar\u00e1 con la participaci\u00f3n de empresas y organizaciones como Liberty Business, Brands of Americas, Puerto Rico Innovation and Technology Service, Homeland Security, el Fideicomiso de Ciencias y Tecnolog\u00eda, Libros787, Abracrop, Causa Local, Foundation for Puerto Rico, entre otros.<\/p>\n\n\n\n<figure class=\"wp-block-image size-large\"><a href=\"https:\/\/www.eventbrite.com\/e\/cud-t\" target=\"_blank\" rel=\"noopener\"><img loading=\"lazy\" width=\"1280\" height=\"1280\" src=\"https:\/\/www.jameslynn.com\/blog\/wp-content\/uploads\/2023\/02\/este-tecxpo-2023-1280x1280.jpg\" alt=\"\" class=\"wp-image-2957\" title=\"CUD TechXpo 2023 conferencistas\" srcset=\"https:\/\/www.jameslynn.com\/blog\/wp-content\/uploads\/2023\/02\/este-tecxpo-2023-1280x1280.jpg 1280w, https:\/\/www.jameslynn.com\/blog\/wp-content\/uploads\/2023\/02\/este-tecxpo-2023-450x450.jpg 450w, https:\/\/www.jameslynn.com\/blog\/wp-content\/uploads\/2023\/02\/este-tecxpo-2023-150x150.jpg 150w, https:\/\/www.jameslynn.com\/blog\/wp-content\/uploads\/2023\/02\/este-tecxpo-2023-768x768.jpg 768w, https:\/\/www.jameslynn.com\/blog\/wp-content\/uploads\/2023\/02\/este-tecxpo-2023-500x500.jpg 500w, https:\/\/www.jameslynn.com\/blog\/wp-content\/uploads\/2023\/02\/este-tecxpo-2023-1000x1000.jpg 1000w, https:\/\/www.jameslynn.com\/blog\/wp-content\/uploads\/2023\/02\/este-tecxpo-2023-146x146.jpg 146w, https:\/\/www.jameslynn.com\/blog\/wp-content\/uploads\/2023\/02\/este-tecxpo-2023-50x50.jpg 50w, https:\/\/www.jameslynn.com\/blog\/wp-content\/uploads\/2023\/02\/este-tecxpo-2023-75x75.jpg 75w, https:\/\/www.jameslynn.com\/blog\/wp-content\/uploads\/2023\/02\/este-tecxpo-2023-85x85.jpg 85w, https:\/\/www.jameslynn.com\/blog\/wp-content\/uploads\/2023\/02\/este-tecxpo-2023-80x80.jpg 80w, https:\/\/www.jameslynn.com\/blog\/wp-content\/uploads\/2023\/02\/este-tecxpo-2023.jpg 1485w\" sizes=\"(max-width: 1280px) 100vw, 1280px\" \/><\/a><\/figure>\n\n\n\n<p>Algunos de los temas a presentarse son Automatiza tu e-commerce: C\u00f3mo ahorrar tiempo y dinero en los procesos manuales de tu negocio online, La clave para mantener a tus clientes: estrategias de retenci\u00f3n con email marketing, La tecnolog\u00eda como tu aliado para crecer tu negocio, Alternativas de financiamiento no tradicional y La seguridad cibern\u00e9tica en las operaciones de negocio, entre otros.<\/p>\n\n\n\n<p>\u201cEsta es una actividad \u00fanica para conectar con los l\u00edderes de la industria y ponernos al d\u00eda en \u00e1reas cruciales para todas las empresas. En el CUD queremos acercar a nuestros socios con todo lo que la tecnolog\u00eda abarca y su impacto real en las operaciones diarias del comercio local\u201d, a\u00f1ad\u00edo Aponte Rodr\u00edguez. La entrada a la actividad es gratuita y estar\u00e1 abierta al p\u00fablico. El TechXpo 2023&nbsp; se realizar\u00e1 en el Sheraton del Distrito de Convenciones en San Juan.&nbsp;&nbsp; Como parte de las actividades tambi\u00e9n tendr\u00e1n boletos a la venta para la conferencia de almuerzo y c\u00f3ctel de <em>networking<\/em>.<\/p>\n\n\n\n<p>Para m\u00e1s informaci\u00f3n y boletos visita <strong><a href=\"https:\/\/www.eventbrite.com\/e\/cud-tech-expo-2023-tickets-536035034217\" target=\"_blank\" rel=\"noreferrer noopener\">https:\/\/www.eventbrite.com\/e\/cud-tech-expo-2023-tickets-536035034217<\/a><\/strong>.<\/p>\n","protected":false},"excerpt":{"rendered":"<p>Por primera vez desde el comienzo de la pandemia, el Centro Unido de Detallistas de Puerto Rico (CUD), celebrar\u00e1 su convenci\u00f3n de tecnolog\u00eda CUD TechXpo 2023<span class=\"excerpt-hellip\"> [\u2026]<\/span><\/p>\n","protected":false},"author":32,"featured_media":2956,"comment_status":"open","ping_status":"open","sticky":false,"template":"","format":"standard","meta":{"om_disable_all_campaigns":false,"_monsterinsights_skip_tracking":false,"_monsterinsights_sitenote_active":false,"_monsterinsights_sitenote_note":"","_monsterinsights_sitenote_category":0,"spay_email":"","jetpack_publicize_message":"","jetpack_is_tweetstorm":false,"jetpack_publicize_feature_enabled":true},"categories":[17],"tags":[1165,497,1163],"aioseo_notices":[],"yoast_head":"<!-- This site is optimized with the Yoast SEO plugin v17.7.1 - https:\/\/yoast.com\/wordpress\/plugins\/seo\/ -->\n<title>Regresa el CUD TechXpo evento de tecnolog\u00eda para el mundo empresarial - James Lynn : Tecnolog\u00eda y vida digital<\/title>\n<meta name=\"robots\" content=\"index, follow, max-snippet:-1, max-image-preview:large, max-video-preview:-1\" \/>\n<link rel=\"canonical\" href=\"https:\/\/www.jameslynn.com\/blog\/2023\/02\/19\/regresa-el-cud-techxpo-evento-de-tecnologia-para-el-mundo-empresarial\/\" \/>\n<meta property=\"og:locale\" content=\"en_US\" \/>\n<meta property=\"og:type\" content=\"article\" \/>\n<meta property=\"og:title\" content=\"Regresa el CUD TechXpo evento de tecnolog\u00eda para el mundo empresarial - James Lynn : Tecnolog\u00eda y vida digital\" \/>\n<meta property=\"og:description\" content=\"Por primera vez desde el comienzo de la pandemia, el Centro Unido de Detallistas de Puerto Rico (CUD), celebrar\u00e1 su convenci\u00f3n de tecnolog\u00eda CUD TechXpo 2023 [\u2026]\" \/>\n<meta property=\"og:url\" content=\"https:\/\/www.jameslynn.com\/blog\/2023\/02\/19\/regresa-el-cud-techxpo-evento-de-tecnologia-para-el-mundo-empresarial\/\" \/>\n<meta property=\"og:site_name\" content=\"James Lynn : Tecnolog\u00eda y vida digital\" \/>\n<meta property=\"article:published_time\" content=\"2023-02-19T18:16:17+00:00\" \/>\n<meta property=\"article:modified_time\" content=\"2023-02-19T18:16:19+00:00\" \/>\n<meta property=\"og:image\" content=\"https:\/\/www.jameslynn.com\/blog\/wp-content\/uploads\/2023\/02\/CUD-TechXpo-logo.jpg\" \/>\n\t<meta property=\"og:image:width\" content=\"1500\" \/>\n\t<meta property=\"og:image:height\" content=\"1000\" \/>\n<meta name=\"twitter:label1\" content=\"Written by\" \/>\n\t<meta name=\"twitter:data1\" content=\"James Lynn\" \/>\n\t<meta name=\"twitter:label2\" content=\"Est. reading time\" \/>\n\t<meta name=\"twitter:data2\" content=\"2 minutes\" \/>\n<script type=\"application\/ld+json\" class=\"yoast-schema-graph\">{\"@context\":\"https:\/\/schema.org\",\"@graph\":[{\"@type\":\"WebSite\",\"@id\":\"https:\/\/www.jameslynn.com\/blog\/#website\",\"url\":\"https:\/\/www.jameslynn.com\/blog\/\",\"name\":\"James Lynn : Tecnolog\\u00eda y vida digital\",\"description\":\"Tecnolog\\u00eda y vida digital\",\"potentialAction\":[{\"@type\":\"SearchAction\",\"target\":{\"@type\":\"EntryPoint\",\"urlTemplate\":\"https:\/\/www.jameslynn.com\/blog\/?s={search_term_string}\"},\"query-input\":\"required name=search_term_string\"}],\"inLanguage\":\"en-US\"},{\"@type\":\"ImageObject\",\"@id\":\"https:\/\/www.jameslynn.com\/blog\/2023\/02\/19\/regresa-el-cud-techxpo-evento-de-tecnologia-para-el-mundo-empresarial\/#primaryimage\",\"inLanguage\":\"en-US\",\"url\":\"https:\/\/www.jameslynn.com\/blog\/wp-content\/uploads\/2023\/02\/CUD-TechXpo-logo.jpg\",\"contentUrl\":\"https:\/\/www.jameslynn.com\/blog\/wp-content\/uploads\/2023\/02\/CUD-TechXpo-logo.jpg\",\"width\":1500,\"height\":1000,\"caption\":\"CUD TechXpo Logo\"},{\"@type\":\"WebPage\",\"@id\":\"https:\/\/www.jameslynn.com\/blog\/2023\/02\/19\/regresa-el-cud-techxpo-evento-de-tecnologia-para-el-mundo-empresarial\/#webpage\",\"url\":\"https:\/\/www.jameslynn.com\/blog\/2023\/02\/19\/regresa-el-cud-techxpo-evento-de-tecnologia-para-el-mundo-empresarial\/\",\"name\":\"Regresa el CUD TechXpo evento de tecnolog\\u00eda para el mundo empresarial - James Lynn : Tecnolog\\u00eda y vida digital\",\"isPartOf\":{\"@id\":\"https:\/\/www.jameslynn.com\/blog\/#website\"},\"primaryImageOfPage\":{\"@id\":\"https:\/\/www.jameslynn.com\/blog\/2023\/02\/19\/regresa-el-cud-techxpo-evento-de-tecnologia-para-el-mundo-empresarial\/#primaryimage\"},\"datePublished\":\"2023-02-19T18:16:17+00:00\",\"dateModified\":\"2023-02-19T18:16:19+00:00\",\"author\":{\"@id\":\"https:\/\/www.jameslynn.com\/blog\/#\/schema\/person\/4439f3e96c27ac4b98b29b03848f8108\"},\"breadcrumb\":{\"@id\":\"https:\/\/www.jameslynn.com\/blog\/2023\/02\/19\/regresa-el-cud-techxpo-evento-de-tecnologia-para-el-mundo-empresarial\/#breadcrumb\"},\"inLanguage\":\"en-US\",\"potentialAction\":[{\"@type\":\"ReadAction\",\"target\":[\"https:\/\/www.jameslynn.com\/blog\/2023\/02\/19\/regresa-el-cud-techxpo-evento-de-tecnologia-para-el-mundo-empresarial\/\"]}]},{\"@type\":\"BreadcrumbList\",\"@id\":\"https:\/\/www.jameslynn.com\/blog\/2023\/02\/19\/regresa-el-cud-techxpo-evento-de-tecnologia-para-el-mundo-empresarial\/#breadcrumb\",\"itemListElement\":[{\"@type\":\"ListItem\",\"position\":1,\"name\":\"Home\",\"item\":\"https:\/\/www.jameslynn.com\/blog\/\"},{\"@type\":\"ListItem\",\"position\":2,\"name\":\"Regresa el CUD TechXpo evento de tecnolog\\u00eda para el mundo empresarial\"}]},{\"@type\":\"Person\",\"@id\":\"https:\/\/www.jameslynn.com\/blog\/#\/schema\/person\/4439f3e96c27ac4b98b29b03848f8108\",\"name\":\"James Lynn\",\"image\":{\"@type\":\"ImageObject\",\"@id\":\"https:\/\/www.jameslynn.com\/blog\/#personlogo\",\"inLanguage\":\"en-US\",\"url\":\"https:\/\/secure.gravatar.com\/avatar\/2dcd2635cd0622bf457f25788f8c478b?s=96&d=mm&r=pg\",\"contentUrl\":\"https:\/\/secure.gravatar.com\/avatar\/2dcd2635cd0622bf457f25788f8c478b?s=96&d=mm&r=pg\",\"caption\":\"James Lynn\"},\"description\":\"Tech blogger, podcaster, live streamer, graphic designer, photographer, multimedia artist and university professor living in San Juan, Puerto Rico.\",\"sameAs\":[\"http:\/\/www.jameslynn.com\"],\"url\":\"https:\/\/www.jameslynn.com\/blog\/author\/jameslynn\/\"}]}<\/script>\n<!-- \/ Yoast SEO plugin. -->","yoast_head_json":{"title":"Regresa el CUD TechXpo evento de tecnolog\u00eda para el mundo empresarial - James Lynn : Tecnolog\u00eda y vida digital","robots":{"index":"index","follow":"follow","max-snippet":"max-snippet:-1","max-image-preview":"max-image-preview:large","max-video-preview":"max-video-preview:-1"},"canonical":"https:\/\/www.jameslynn.com\/blog\/2023\/02\/19\/regresa-el-cud-techxpo-evento-de-tecnologia-para-el-mundo-empresarial\/","og_locale":"en_US","og_type":"article","og_title":"Regresa el CUD TechXpo evento de tecnolog\u00eda para el mundo empresarial - James Lynn : Tecnolog\u00eda y vida digital","og_description":"Por primera vez desde el comienzo de la pandemia, el Centro Unido de Detallistas de Puerto Rico (CUD), celebrar\u00e1 su convenci\u00f3n de tecnolog\u00eda CUD TechXpo 2023 [\u2026]","og_url":"https:\/\/www.jameslynn.com\/blog\/2023\/02\/19\/regresa-el-cud-techxpo-evento-de-tecnologia-para-el-mundo-empresarial\/","og_site_name":"James Lynn : Tecnolog\u00eda y vida digital","article_published_time":"2023-02-19T18:16:17+00:00","article_modified_time":"2023-02-19T18:16:19+00:00","og_image":[{"width":1500,"height":1000,"url":"https:\/\/www.jameslynn.com\/blog\/wp-content\/uploads\/2023\/02\/CUD-TechXpo-logo.jpg","type":"image\/jpeg"}],"twitter_misc":{"Written by":"James Lynn","Est. reading time":"2 minutes"},"schema":{"@context":"https:\/\/schema.org","@graph":[{"@type":"WebSite","@id":"https:\/\/www.jameslynn.com\/blog\/#website","url":"https:\/\/www.jameslynn.com\/blog\/","name":"James Lynn : Tecnolog\u00eda y vida digital","description":"Tecnolog\u00eda y vida digital","potentialAction":[{"@type":"SearchAction","target":{"@type":"EntryPoint","urlTemplate":"https:\/\/www.jameslynn.com\/blog\/?s={search_term_string}"},"query-input":"required name=search_term_string"}],"inLanguage":"en-US"},{"@type":"ImageObject","@id":"https:\/\/www.jameslynn.com\/blog\/2023\/02\/19\/regresa-el-cud-techxpo-evento-de-tecnologia-para-el-mundo-empresarial\/#primaryimage","inLanguage":"en-US","url":"https:\/\/www.jameslynn.com\/blog\/wp-content\/uploads\/2023\/02\/CUD-TechXpo-logo.jpg","contentUrl":"https:\/\/www.jameslynn.com\/blog\/wp-content\/uploads\/2023\/02\/CUD-TechXpo-logo.jpg","width":1500,"height":1000,"caption":"CUD TechXpo Logo"},{"@type":"WebPage","@id":"https:\/\/www.jameslynn.com\/blog\/2023\/02\/19\/regresa-el-cud-techxpo-evento-de-tecnologia-para-el-mundo-empresarial\/#webpage","url":"https:\/\/www.jameslynn.com\/blog\/2023\/02\/19\/regresa-el-cud-techxpo-evento-de-tecnologia-para-el-mundo-empresarial\/","name":"Regresa el CUD TechXpo evento de tecnolog\u00eda para el mundo empresarial - James Lynn : Tecnolog\u00eda y vida digital","isPartOf":{"@id":"https:\/\/www.jameslynn.com\/blog\/#website"},"primaryImageOfPage":{"@id":"https:\/\/www.jameslynn.com\/blog\/2023\/02\/19\/regresa-el-cud-techxpo-evento-de-tecnologia-para-el-mundo-empresarial\/#primaryimage"},"datePublished":"2023-02-19T18:16:17+00:00","dateModified":"2023-02-19T18:16:19+00:00","author":{"@id":"https:\/\/www.jameslynn.com\/blog\/#\/schema\/person\/4439f3e96c27ac4b98b29b03848f8108"},"breadcrumb":{"@id":"https:\/\/www.jameslynn.com\/blog\/2023\/02\/19\/regresa-el-cud-techxpo-evento-de-tecnologia-para-el-mundo-empresarial\/#breadcrumb"},"inLanguage":"en-US","potentialAction":[{"@type":"ReadAction","target":["https:\/\/www.jameslynn.com\/blog\/2023\/02\/19\/regresa-el-cud-techxpo-evento-de-tecnologia-para-el-mundo-empresarial\/"]}]},{"@type":"BreadcrumbList","@id":"https:\/\/www.jameslynn.com\/blog\/2023\/02\/19\/regresa-el-cud-techxpo-evento-de-tecnologia-para-el-mundo-empresarial\/#breadcrumb","itemListElement":[{"@type":"ListItem","position":1,"name":"Home","item":"https:\/\/www.jameslynn.com\/blog\/"},{"@type":"ListItem","position":2,"name":"Regresa el CUD TechXpo evento de tecnolog\u00eda para el mundo empresarial"}]},{"@type":"Person","@id":"https:\/\/www.jameslynn.com\/blog\/#\/schema\/person\/4439f3e96c27ac4b98b29b03848f8108","name":"James Lynn","image":{"@type":"ImageObject","@id":"https:\/\/www.jameslynn.com\/blog\/#personlogo","inLanguage":"en-US","url":"https:\/\/secure.gravatar.com\/avatar\/2dcd2635cd0622bf457f25788f8c478b?s=96&d=mm&r=pg","contentUrl":"https:\/\/secure.gravatar.com\/avatar\/2dcd2635cd0622bf457f25788f8c478b?s=96&d=mm&r=pg","caption":"James Lynn"},"description":"Tech blogger, podcaster, live streamer, graphic designer, photographer, multimedia artist and university professor living in San Juan, Puerto Rico.","sameAs":["http:\/\/www.jameslynn.com"],"url":"https:\/\/www.jameslynn.com\/blog\/author\/jameslynn\/"}]}},"jetpack_featured_media_url":"https:\/\/www.jameslynn.com\/blog\/wp-content\/uploads\/2023\/02\/CUD-TechXpo-logo.jpg","jetpack_publicize_connections":[],"jetpack_shortlink":"https:\/\/wp.me\/p2kNF7-LE","_links":{"self":[{"href":"https:\/\/www.jameslynn.com\/blog\/wp-json\/wp\/v2\/posts\/2954"}],"collection":[{"href":"https:\/\/www.jameslynn.com\/blog\/wp-json\/wp\/v2\/posts"}],"about":[{"href":"https:\/\/www.jameslynn.com\/blog\/wp-json\/wp\/v2\/types\/post"}],"author":[{"embeddable":true,"href":"https:\/\/www.jameslynn.com\/blog\/wp-json\/wp\/v2\/users\/32"}],"replies":[{"embeddable":true,"href":"https:\/\/www.jameslynn.com\/blog\/wp-json\/wp\/v2\/comments?post=2954"}],"version-history":[{"count":3,"href":"https:\/\/www.jameslynn.com\/blog\/wp-json\/wp\/v2\/posts\/2954\/revisions"}],"predecessor-version":[{"id":2959,"href":"https:\/\/www.jameslynn.com\/blog\/wp-json\/wp\/v2\/posts\/2954\/revisions\/2959"}],"wp:featuredmedia":[{"embeddable":true,"href":"https:\/\/www.jameslynn.com\/blog\/wp-json\/wp\/v2\/media\/2956"}],"wp:attachment":[{"href":"https:\/\/www.jameslynn.com\/blog\/wp-json\/wp\/v2\/media?parent=2954"}],"wp:term":[{"taxonomy":"category","embeddable":true,"href":"https:\/\/www.jameslynn.com\/blog\/wp-json\/wp\/v2\/categories?post=2954"},{"taxonomy":"post_tag","embeddable":true,"href":"https:\/\/www.jameslynn.com\/blog\/wp-json\/wp\/v2\/tags?post=2954"}],"curies":[{"name":"wp","href":"https:\/\/api.w.org\/{rel}","templated":true}]}}