{"id":2890,"date":"2023-01-11T16:18:45","date_gmt":"2023-01-11T20:18:45","guid":{"rendered":"https:\/\/www.jameslynn.com\/blog\/?p=2890"},"modified":"2023-01-11T16:18:48","modified_gmt":"2023-01-11T20:18:48","slug":"samsung-presenta-campana-inedita-de-bixby-su-asistente-de-voz","status":"publish","type":"post","link":"https:\/\/www.jameslynn.com\/blog\/2023\/01\/11\/samsung-presenta-campana-inedita-de-bixby-su-asistente-de-voz\/","title":{"rendered":"Samsung presenta campa\u00f1a in\u00e9dita de Bixby, su asistente de voz"},"content":{"rendered":"\n<p>San Juan, Puerto Rico, enero de 2023 &#8211; Despu\u00e9s del estreno de la asistente de voz, <strong><a href=\"https:\/\/www.samsung.com\/us\/apps\/bixby\/\" target=\"_blank\" rel=\"noreferrer noopener\">Bixby<\/a><\/strong>, interactuando en espa\u00f1ol latinoamericano, en noviembre, Samsung Electronics lanza ahora una campa\u00f1a digital para presentar las principales <em>features<\/em> de Bixby en Am\u00e9rica Latina. Con peque\u00f1as p\u00edldoras de contenido orientadas a las redes sociales, la compa\u00f1\u00eda trae a su influencer virtual, SAM, para explicar de forma simple c\u00f3mo configurar y activar los principales comandos de la asistente de voz, considerando la jornada digital de los consumidores.<\/p>\n\n\n\n<p>En la campa\u00f1a, SAM, avatar y especialista virtual que viene conquistando el coraz\u00f3n de las generaciones Millennials y Z, demuestra en Instagram, tanto en portugu\u00e9s brasile\u00f1o, como en <a href=\"https:\/\/news.samsung.com\/latin\/ahora-bixby-tambien-entiende-y-responde-en-espanol-latino-a-millones-de-usuarios-de-todo-el-mundo\" target=\"_blank\" rel=\"noreferrer noopener\">espa\u00f1ol latinoamericano<\/a>, lo simple e incre\u00edble que es tener la experiencia conectada de Samsung en su vida, al presentar de manera divertida comandos de voz que procuran simplificar la rutina de los usuarios, haciendo uso de referencias musicales, chistes e incluso palabras de jergas.<\/p>\n\n\n\n<p>En breves videos, SAM presenta funciones como ajustes de idiomas, activaciones en casas inteligentes por medio de dispositivos conectados, control del smartwatch o auriculares, recordatorios de compromisos o reuniones, adem\u00e1s de ense\u00f1ar a comunicarse con otras personas, atender llamadas, escribir mensajes y otras actividades adicionales, permitiendo que los usuarios tengan soporte en la mayor\u00eda de sus actividades asociadas al smartphone.<\/p>\n\n\n\n<p>\u201cEn los \u00faltimos a\u00f1os, hemos notado el considerable aumento en el inter\u00e9s por el ecosistema conectado a partir de la realidad virtual, teniendo como ejemplo el metaverso y el uso de inteligencia virtual, como es el caso de Bixby, que viene conquistando m\u00e1s y m\u00e1s adeptos de los recursos de voz. As\u00ed, la campa\u00f1a surge para explicar de forma objetiva y divertida c\u00f3mo los usuarios de los smartphones Galaxy que todav\u00eda no se aventuraron con Bixby, pueden obtener lo mejor de este servicio de forma simplificada\u201d, se\u00f1ala Arthur Wong, director de Marketing de Samsung Electronics en Am\u00e9rica Latina.<\/p>\n\n\n\n<p><br>A lo largo del a\u00f1o, la campa\u00f1a adem\u00e1s contar\u00e1 con activaci\u00f3n en la <strong><a href=\"https:\/\/news.samsung.com\/latin\/samsung-america-latina-inaugura-la-house-of-sam-en-decentraland-un-ambiente-virtual-inmersivo-de-experiencia-de-marca\" target=\"_blank\" rel=\"noreferrer noopener\">House of SAM<\/a><\/strong>, un ambiente virtual inmersivo de experiencia de la marca en el universo Decentraland del Metaverso, y acci\u00f3n con influenciadores.<\/p>\n\n\n\n<p>Acompa\u00f1e las redes sociales de Samsung para estar al tanto de las novedades de la campa\u00f1a sobre Bixby:\u00a0 Twitter\u00a0<a href=\"https:\/\/twitter.com\/samsunglatin\" target=\"_blank\" rel=\"noreferrer noopener\">@SamsungLatin<\/a><em> ,\u00a0<\/em>IG: <a href=\"https:\/\/www.instagram.com\/samsunglatin\/?hl=es\" target=\"_blank\" rel=\"noreferrer noopener\">@samsunglatin,<\/a>\u00a0Youtube:\u00a0<a href=\"https:\/\/www.youtube.com\/@SamsungLatin\/featured\" target=\"_blank\" rel=\"noreferrer noopener\">@SamsungLatin<\/a>.<\/p>\n","protected":false},"excerpt":{"rendered":"<p>San Juan, Puerto Rico, enero de 2023 &#8211; Despu\u00e9s del estreno de la asistente de voz, Bixby, interactuando en espa\u00f1ol latinoamericano, en noviembre, Samsung Electronics lanza<span class=\"excerpt-hellip\"> [\u2026]<\/span><\/p>\n","protected":false},"author":32,"featured_media":2893,"comment_status":"open","ping_status":"open","sticky":false,"template":"","format":"standard","meta":{"om_disable_all_campaigns":false,"_monsterinsights_skip_tracking":false,"_monsterinsights_sitenote_active":false,"_monsterinsights_sitenote_note":"","_monsterinsights_sitenote_category":0,"spay_email":"","jetpack_publicize_message":"","jetpack_is_tweetstorm":false,"jetpack_publicize_feature_enabled":true},"categories":[17],"tags":[1144,1145,361],"aioseo_notices":[],"yoast_head":"<!-- This site is optimized with the Yoast SEO plugin v17.7.1 - https:\/\/yoast.com\/wordpress\/plugins\/seo\/ -->\n<title>Samsung presenta campa\u00f1a in\u00e9dita de Bixby, su asistente de voz - James Lynn : Tecnolog\u00eda y vida digital<\/title>\n<meta name=\"robots\" content=\"index, follow, max-snippet:-1, max-image-preview:large, max-video-preview:-1\" \/>\n<link rel=\"canonical\" href=\"https:\/\/www.jameslynn.com\/blog\/2023\/01\/11\/samsung-presenta-campana-inedita-de-bixby-su-asistente-de-voz\/\" \/>\n<meta property=\"og:locale\" content=\"en_US\" \/>\n<meta property=\"og:type\" content=\"article\" \/>\n<meta property=\"og:title\" content=\"Samsung presenta campa\u00f1a in\u00e9dita de Bixby, su asistente de voz - James Lynn : Tecnolog\u00eda y vida digital\" \/>\n<meta property=\"og:description\" content=\"San Juan, Puerto Rico, enero de 2023 &#8211; Despu\u00e9s del estreno de la asistente de voz, Bixby, interactuando en espa\u00f1ol latinoamericano, en noviembre, Samsung Electronics lanza [\u2026]\" \/>\n<meta property=\"og:url\" content=\"https:\/\/www.jameslynn.com\/blog\/2023\/01\/11\/samsung-presenta-campana-inedita-de-bixby-su-asistente-de-voz\/\" \/>\n<meta property=\"og:site_name\" content=\"James Lynn : Tecnolog\u00eda y vida digital\" \/>\n<meta property=\"article:published_time\" content=\"2023-01-11T20:18:45+00:00\" \/>\n<meta property=\"article:modified_time\" content=\"2023-01-11T20:18:48+00:00\" \/>\n<meta property=\"og:image\" content=\"https:\/\/www.jameslynn.com\/blog\/wp-content\/uploads\/2023\/01\/samsung-bixby-sam.jpg\" \/>\n\t<meta property=\"og:image:width\" content=\"1500\" \/>\n\t<meta property=\"og:image:height\" content=\"1000\" \/>\n<meta name=\"twitter:label1\" content=\"Written by\" \/>\n\t<meta name=\"twitter:data1\" content=\"James Lynn\" \/>\n\t<meta name=\"twitter:label2\" content=\"Est. reading time\" \/>\n\t<meta name=\"twitter:data2\" content=\"2 minutes\" \/>\n<script type=\"application\/ld+json\" class=\"yoast-schema-graph\">{\"@context\":\"https:\/\/schema.org\",\"@graph\":[{\"@type\":\"WebSite\",\"@id\":\"https:\/\/www.jameslynn.com\/blog\/#website\",\"url\":\"https:\/\/www.jameslynn.com\/blog\/\",\"name\":\"James Lynn : Tecnolog\\u00eda y vida digital\",\"description\":\"Tecnolog\\u00eda y vida digital\",\"potentialAction\":[{\"@type\":\"SearchAction\",\"target\":{\"@type\":\"EntryPoint\",\"urlTemplate\":\"https:\/\/www.jameslynn.com\/blog\/?s={search_term_string}\"},\"query-input\":\"required name=search_term_string\"}],\"inLanguage\":\"en-US\"},{\"@type\":\"ImageObject\",\"@id\":\"https:\/\/www.jameslynn.com\/blog\/2023\/01\/11\/samsung-presenta-campana-inedita-de-bixby-su-asistente-de-voz\/#primaryimage\",\"inLanguage\":\"en-US\",\"url\":\"https:\/\/www.jameslynn.com\/blog\/wp-content\/uploads\/2023\/01\/samsung-bixby-sam.jpg\",\"contentUrl\":\"https:\/\/www.jameslynn.com\/blog\/wp-content\/uploads\/2023\/01\/samsung-bixby-sam.jpg\",\"width\":1500,\"height\":1000,\"caption\":\"Samsung Bixby SAM\"},{\"@type\":\"WebPage\",\"@id\":\"https:\/\/www.jameslynn.com\/blog\/2023\/01\/11\/samsung-presenta-campana-inedita-de-bixby-su-asistente-de-voz\/#webpage\",\"url\":\"https:\/\/www.jameslynn.com\/blog\/2023\/01\/11\/samsung-presenta-campana-inedita-de-bixby-su-asistente-de-voz\/\",\"name\":\"Samsung presenta campa\\u00f1a in\\u00e9dita de Bixby, su asistente de voz - James Lynn : Tecnolog\\u00eda y vida digital\",\"isPartOf\":{\"@id\":\"https:\/\/www.jameslynn.com\/blog\/#website\"},\"primaryImageOfPage\":{\"@id\":\"https:\/\/www.jameslynn.com\/blog\/2023\/01\/11\/samsung-presenta-campana-inedita-de-bixby-su-asistente-de-voz\/#primaryimage\"},\"datePublished\":\"2023-01-11T20:18:45+00:00\",\"dateModified\":\"2023-01-11T20:18:48+00:00\",\"author\":{\"@id\":\"https:\/\/www.jameslynn.com\/blog\/#\/schema\/person\/4439f3e96c27ac4b98b29b03848f8108\"},\"breadcrumb\":{\"@id\":\"https:\/\/www.jameslynn.com\/blog\/2023\/01\/11\/samsung-presenta-campana-inedita-de-bixby-su-asistente-de-voz\/#breadcrumb\"},\"inLanguage\":\"en-US\",\"potentialAction\":[{\"@type\":\"ReadAction\",\"target\":[\"https:\/\/www.jameslynn.com\/blog\/2023\/01\/11\/samsung-presenta-campana-inedita-de-bixby-su-asistente-de-voz\/\"]}]},{\"@type\":\"BreadcrumbList\",\"@id\":\"https:\/\/www.jameslynn.com\/blog\/2023\/01\/11\/samsung-presenta-campana-inedita-de-bixby-su-asistente-de-voz\/#breadcrumb\",\"itemListElement\":[{\"@type\":\"ListItem\",\"position\":1,\"name\":\"Home\",\"item\":\"https:\/\/www.jameslynn.com\/blog\/\"},{\"@type\":\"ListItem\",\"position\":2,\"name\":\"Samsung presenta campa\\u00f1a in\\u00e9dita de Bixby, su asistente de voz\"}]},{\"@type\":\"Person\",\"@id\":\"https:\/\/www.jameslynn.com\/blog\/#\/schema\/person\/4439f3e96c27ac4b98b29b03848f8108\",\"name\":\"James Lynn\",\"image\":{\"@type\":\"ImageObject\",\"@id\":\"https:\/\/www.jameslynn.com\/blog\/#personlogo\",\"inLanguage\":\"en-US\",\"url\":\"https:\/\/secure.gravatar.com\/avatar\/2dcd2635cd0622bf457f25788f8c478b?s=96&d=mm&r=pg\",\"contentUrl\":\"https:\/\/secure.gravatar.com\/avatar\/2dcd2635cd0622bf457f25788f8c478b?s=96&d=mm&r=pg\",\"caption\":\"James Lynn\"},\"description\":\"Tech blogger, podcaster, live streamer, graphic designer, photographer, multimedia artist and university professor living in San Juan, Puerto Rico.\",\"sameAs\":[\"http:\/\/www.jameslynn.com\"],\"url\":\"https:\/\/www.jameslynn.com\/blog\/author\/jameslynn\/\"}]}<\/script>\n<!-- \/ Yoast SEO plugin. -->","yoast_head_json":{"title":"Samsung presenta campa\u00f1a in\u00e9dita de Bixby, su asistente de voz - James Lynn : Tecnolog\u00eda y vida digital","robots":{"index":"index","follow":"follow","max-snippet":"max-snippet:-1","max-image-preview":"max-image-preview:large","max-video-preview":"max-video-preview:-1"},"canonical":"https:\/\/www.jameslynn.com\/blog\/2023\/01\/11\/samsung-presenta-campana-inedita-de-bixby-su-asistente-de-voz\/","og_locale":"en_US","og_type":"article","og_title":"Samsung presenta campa\u00f1a in\u00e9dita de Bixby, su asistente de voz - James Lynn : Tecnolog\u00eda y vida digital","og_description":"San Juan, Puerto Rico, enero de 2023 &#8211; Despu\u00e9s del estreno de la asistente de voz, Bixby, interactuando en espa\u00f1ol latinoamericano, en noviembre, Samsung Electronics lanza [\u2026]","og_url":"https:\/\/www.jameslynn.com\/blog\/2023\/01\/11\/samsung-presenta-campana-inedita-de-bixby-su-asistente-de-voz\/","og_site_name":"James Lynn : Tecnolog\u00eda y vida digital","article_published_time":"2023-01-11T20:18:45+00:00","article_modified_time":"2023-01-11T20:18:48+00:00","og_image":[{"width":1500,"height":1000,"url":"https:\/\/www.jameslynn.com\/blog\/wp-content\/uploads\/2023\/01\/samsung-bixby-sam.jpg","type":"image\/jpeg"}],"twitter_misc":{"Written by":"James Lynn","Est. reading time":"2 minutes"},"schema":{"@context":"https:\/\/schema.org","@graph":[{"@type":"WebSite","@id":"https:\/\/www.jameslynn.com\/blog\/#website","url":"https:\/\/www.jameslynn.com\/blog\/","name":"James Lynn : Tecnolog\u00eda y vida digital","description":"Tecnolog\u00eda y vida digital","potentialAction":[{"@type":"SearchAction","target":{"@type":"EntryPoint","urlTemplate":"https:\/\/www.jameslynn.com\/blog\/?s={search_term_string}"},"query-input":"required name=search_term_string"}],"inLanguage":"en-US"},{"@type":"ImageObject","@id":"https:\/\/www.jameslynn.com\/blog\/2023\/01\/11\/samsung-presenta-campana-inedita-de-bixby-su-asistente-de-voz\/#primaryimage","inLanguage":"en-US","url":"https:\/\/www.jameslynn.com\/blog\/wp-content\/uploads\/2023\/01\/samsung-bixby-sam.jpg","contentUrl":"https:\/\/www.jameslynn.com\/blog\/wp-content\/uploads\/2023\/01\/samsung-bixby-sam.jpg","width":1500,"height":1000,"caption":"Samsung Bixby SAM"},{"@type":"WebPage","@id":"https:\/\/www.jameslynn.com\/blog\/2023\/01\/11\/samsung-presenta-campana-inedita-de-bixby-su-asistente-de-voz\/#webpage","url":"https:\/\/www.jameslynn.com\/blog\/2023\/01\/11\/samsung-presenta-campana-inedita-de-bixby-su-asistente-de-voz\/","name":"Samsung presenta campa\u00f1a in\u00e9dita de Bixby, su asistente de voz - James Lynn : Tecnolog\u00eda y vida digital","isPartOf":{"@id":"https:\/\/www.jameslynn.com\/blog\/#website"},"primaryImageOfPage":{"@id":"https:\/\/www.jameslynn.com\/blog\/2023\/01\/11\/samsung-presenta-campana-inedita-de-bixby-su-asistente-de-voz\/#primaryimage"},"datePublished":"2023-01-11T20:18:45+00:00","dateModified":"2023-01-11T20:18:48+00:00","author":{"@id":"https:\/\/www.jameslynn.com\/blog\/#\/schema\/person\/4439f3e96c27ac4b98b29b03848f8108"},"breadcrumb":{"@id":"https:\/\/www.jameslynn.com\/blog\/2023\/01\/11\/samsung-presenta-campana-inedita-de-bixby-su-asistente-de-voz\/#breadcrumb"},"inLanguage":"en-US","potentialAction":[{"@type":"ReadAction","target":["https:\/\/www.jameslynn.com\/blog\/2023\/01\/11\/samsung-presenta-campana-inedita-de-bixby-su-asistente-de-voz\/"]}]},{"@type":"BreadcrumbList","@id":"https:\/\/www.jameslynn.com\/blog\/2023\/01\/11\/samsung-presenta-campana-inedita-de-bixby-su-asistente-de-voz\/#breadcrumb","itemListElement":[{"@type":"ListItem","position":1,"name":"Home","item":"https:\/\/www.jameslynn.com\/blog\/"},{"@type":"ListItem","position":2,"name":"Samsung presenta campa\u00f1a in\u00e9dita de Bixby, su asistente de voz"}]},{"@type":"Person","@id":"https:\/\/www.jameslynn.com\/blog\/#\/schema\/person\/4439f3e96c27ac4b98b29b03848f8108","name":"James Lynn","image":{"@type":"ImageObject","@id":"https:\/\/www.jameslynn.com\/blog\/#personlogo","inLanguage":"en-US","url":"https:\/\/secure.gravatar.com\/avatar\/2dcd2635cd0622bf457f25788f8c478b?s=96&d=mm&r=pg","contentUrl":"https:\/\/secure.gravatar.com\/avatar\/2dcd2635cd0622bf457f25788f8c478b?s=96&d=mm&r=pg","caption":"James Lynn"},"description":"Tech blogger, podcaster, live streamer, graphic designer, photographer, multimedia artist and university professor living in San Juan, Puerto Rico.","sameAs":["http:\/\/www.jameslynn.com"],"url":"https:\/\/www.jameslynn.com\/blog\/author\/jameslynn\/"}]}},"jetpack_featured_media_url":"https:\/\/www.jameslynn.com\/blog\/wp-content\/uploads\/2023\/01\/samsung-bixby-sam.jpg","jetpack_publicize_connections":[],"jetpack_shortlink":"https:\/\/wp.me\/p2kNF7-KC","_links":{"self":[{"href":"https:\/\/www.jameslynn.com\/blog\/wp-json\/wp\/v2\/posts\/2890"}],"collection":[{"href":"https:\/\/www.jameslynn.com\/blog\/wp-json\/wp\/v2\/posts"}],"about":[{"href":"https:\/\/www.jameslynn.com\/blog\/wp-json\/wp\/v2\/types\/post"}],"author":[{"embeddable":true,"href":"https:\/\/www.jameslynn.com\/blog\/wp-json\/wp\/v2\/users\/32"}],"replies":[{"embeddable":true,"href":"https:\/\/www.jameslynn.com\/blog\/wp-json\/wp\/v2\/comments?post=2890"}],"version-history":[{"count":2,"href":"https:\/\/www.jameslynn.com\/blog\/wp-json\/wp\/v2\/posts\/2890\/revisions"}],"predecessor-version":[{"id":2892,"href":"https:\/\/www.jameslynn.com\/blog\/wp-json\/wp\/v2\/posts\/2890\/revisions\/2892"}],"wp:featuredmedia":[{"embeddable":true,"href":"https:\/\/www.jameslynn.com\/blog\/wp-json\/wp\/v2\/media\/2893"}],"wp:attachment":[{"href":"https:\/\/www.jameslynn.com\/blog\/wp-json\/wp\/v2\/media?parent=2890"}],"wp:term":[{"taxonomy":"category","embeddable":true,"href":"https:\/\/www.jameslynn.com\/blog\/wp-json\/wp\/v2\/categories?post=2890"},{"taxonomy":"post_tag","embeddable":true,"href":"https:\/\/www.jameslynn.com\/blog\/wp-json\/wp\/v2\/tags?post=2890"}],"curies":[{"name":"wp","href":"https:\/\/api.w.org\/{rel}","templated":true}]}}