{"id":2806,"date":"2022-11-16T09:59:21","date_gmt":"2022-11-16T13:59:21","guid":{"rendered":"https:\/\/www.jameslynn.com\/blog\/?p=2806"},"modified":"2022-11-16T09:59:23","modified_gmt":"2022-11-16T13:59:23","slug":"turbolab-centro-aeroespacial-de-pratt-and-whitney-puerto-rico-y-caribe","status":"publish","type":"post","link":"https:\/\/www.jameslynn.com\/blog\/2022\/11\/16\/turbolab-centro-aeroespacial-de-pratt-and-whitney-puerto-rico-y-caribe\/","title":{"rendered":"Inauguran el 1er centro de excelencia aeroespacial de Pratt &#038; Whitney de Puerto Rico y el Caribe en el RUM"},"content":{"rendered":"\n<p><strong>15 de noviembre de 2022, San Juan, Puerto Rico<\/strong> \u2013 <strong><a href=\"https:\/\/prattwhitney.com\/\" target=\"_blank\" rel=\"noreferrer noopener\">Pratt &amp; Whitney<\/a><\/strong>, la compa\u00f1\u00eda l\u00edder en dise\u00f1o y fabricaci\u00f3n de motores de avi\u00f3n, inaugur\u00f3 durante la ma\u00f1ana de hoy y despu\u00e9s de casi 3 a\u00f1os de planificaci\u00f3n y desarrollo: <strong>TurboLab<\/strong>, el primer centro de excelencia en aeroespacial de <a href=\"https:\/\/pwpuertorico.com\/\" target=\"_blank\" rel=\"noreferrer noopener\"><strong>Pratt &amp; Whitney<\/strong><\/a> en Puerto Rico y el Caribe.<\/p>\n\n\n\n<p>El laboratorio, est\u00e1 ubicado en el edificio Antonio Lucchetti dentro del Departamento de Ingenier\u00eda Mec\u00e1nica del Recinto Universitario de Mayag\u00fcez de la Universidad de Puerto Rico. Esta iniciativa busca adiestrar al estudiantado y facultad en conceptos pertinentes a la industria aeroespacial, en el \u00e1rea de ingenier\u00eda aeroespacial (turbinas de gas, controles y \u2018embedded systems\u2019, y dise\u00f1o asistido por computadoras).<\/p>\n\n\n\n<figure class=\"wp-block-image size-large\"><img loading=\"lazy\" width=\"1280\" height=\"820\" src=\"https:\/\/www.jameslynn.com\/blog\/wp-content\/uploads\/2022\/11\/Luis-Fuentes-1280x820.jpg\" alt=\"\" class=\"wp-image-2811\" srcset=\"https:\/\/www.jameslynn.com\/blog\/wp-content\/uploads\/2022\/11\/Luis-Fuentes-1280x820.jpg 1280w, https:\/\/www.jameslynn.com\/blog\/wp-content\/uploads\/2022\/11\/Luis-Fuentes-450x288.jpg 450w, https:\/\/www.jameslynn.com\/blog\/wp-content\/uploads\/2022\/11\/Luis-Fuentes-768x492.jpg 768w, https:\/\/www.jameslynn.com\/blog\/wp-content\/uploads\/2022\/11\/Luis-Fuentes-500x320.jpg 500w, https:\/\/www.jameslynn.com\/blog\/wp-content\/uploads\/2022\/11\/Luis-Fuentes-228x146.jpg 228w, https:\/\/www.jameslynn.com\/blog\/wp-content\/uploads\/2022\/11\/Luis-Fuentes-50x32.jpg 50w, https:\/\/www.jameslynn.com\/blog\/wp-content\/uploads\/2022\/11\/Luis-Fuentes-117x75.jpg 117w, https:\/\/www.jameslynn.com\/blog\/wp-content\/uploads\/2022\/11\/Luis-Fuentes.jpg 1500w\" sizes=\"(max-width: 1280px) 100vw, 1280px\" \/><\/figure>\n\n\n\n<p>El evento cont\u00f3 con mensajes de bienvenida de representantes de la Universidad de Puerto Rico, ejecutivos de Pratt &amp; Whitney y una enriquecedora intervenci\u00f3n de estudiantes. La estudiante Juliany Morciglio de cuarto a\u00f1o de la escuela superior Benito Cerezo en Aguadilla, quien particip\u00f3 en el primer internado para estudiantes de escuela superior de Pratt &amp; Whitney y de la primera academia NAF en la isla, comparti\u00f3 su experiencia en los programas. Por su parte, Xaymara Median Garc\u00eda, estudiante senior del departamento de ingenier\u00eda mec\u00e1nica del RUM, cont\u00f3 c\u00f3mo ser parte del programa Co-op que ofrece Pratt &amp; Whitney ha impactado su desarrollo. Antes de inaugurar oficialmente el espacio y ofrecer recorridos a trav\u00e9s del TurboLab, los asistentes tuvieron la oportunidad de ser testigos de c\u00f3mo se encend\u00eda una turbina aeroespacial, un motor turbojet a escala ante sus ojos (y o\u00eddos protegidos por tapones de o\u00eddos provistos por los organizadores).<\/p>\n\n\n\n<p>Josy Acosta, presidenta y gerente general de Pratt &amp; Whitney Puerto Rico y tambi\u00e9n egresada del RUM resalt\u00f3 la importancia del proyecto: \u201cesta iniciativa es important\u00edsima para poder trazar un camino real para que j\u00f3venes puedan dedicarse a lo que les apasiona. TurboLab abre la puerta al estudiantado para que puedan experimentar de primera mano la innovaci\u00f3n en la industria aeroespacial. Combinado con las secuencias curriculares, las colaboraciones profesionales, los internados, los co-op y las oportunidades para estudiantes que est\u00e9n curiosos e interesados en el \u00e1rea espacial, TurboLab se convierte en una incubadora pr\u00e1ctica y efectiva de talento local de alto calibre.\u201d<\/p>\n\n\n\n<figure class=\"wp-block-image size-large\"><img loading=\"lazy\" width=\"1280\" height=\"853\" src=\"https:\/\/www.jameslynn.com\/blog\/wp-content\/uploads\/2022\/11\/Dra-Sheilla-Torres-Nieves-y-Josy-Acosta-TurboLab-RUM-1280x853.jpg\" alt=\"\" class=\"wp-image-2813\" srcset=\"https:\/\/www.jameslynn.com\/blog\/wp-content\/uploads\/2022\/11\/Dra-Sheilla-Torres-Nieves-y-Josy-Acosta-TurboLab-RUM-1280x853.jpg 1280w, https:\/\/www.jameslynn.com\/blog\/wp-content\/uploads\/2022\/11\/Dra-Sheilla-Torres-Nieves-y-Josy-Acosta-TurboLab-RUM-450x300.jpg 450w, https:\/\/www.jameslynn.com\/blog\/wp-content\/uploads\/2022\/11\/Dra-Sheilla-Torres-Nieves-y-Josy-Acosta-TurboLab-RUM-768x512.jpg 768w, https:\/\/www.jameslynn.com\/blog\/wp-content\/uploads\/2022\/11\/Dra-Sheilla-Torres-Nieves-y-Josy-Acosta-TurboLab-RUM-500x333.jpg 500w, https:\/\/www.jameslynn.com\/blog\/wp-content\/uploads\/2022\/11\/Dra-Sheilla-Torres-Nieves-y-Josy-Acosta-TurboLab-RUM-219x146.jpg 219w, https:\/\/www.jameslynn.com\/blog\/wp-content\/uploads\/2022\/11\/Dra-Sheilla-Torres-Nieves-y-Josy-Acosta-TurboLab-RUM-50x33.jpg 50w, https:\/\/www.jameslynn.com\/blog\/wp-content\/uploads\/2022\/11\/Dra-Sheilla-Torres-Nieves-y-Josy-Acosta-TurboLab-RUM-113x75.jpg 113w, https:\/\/www.jameslynn.com\/blog\/wp-content\/uploads\/2022\/11\/Dra-Sheilla-Torres-Nieves-y-Josy-Acosta-TurboLab-RUM.jpg 1500w\" sizes=\"(max-width: 1280px) 100vw, 1280px\" \/><\/figure>\n\n\n\n<p>La Dra. Sheilla Torres Nieves, catedr\u00e1tica asociada en el Departamento de Ingenier\u00eda Mec\u00e1nica en el RUM, fue nombrada directora de Centro de Ingenier\u00eda Aeroespacial y Sistemas No Tripulados (CAUSE por sus sigls en ingl\u00e9s) en el 2017. CAUSE se funda en el 2013 en lo que podr\u00edamos llamar el boom de la actividad aeroespacial de la isla. El tema se convierte en un punto focal para la UPR y se designa a nivel central que Mayag\u00fcez es el campus central por su especialidad ingenier\u00eda y se convierte en la punta de lanza para todas las actividades de aeroespacial, con un enfoque interdisciplinario entre todas las ingenier\u00edas. La UPR hist\u00f3ricamente ha tenido colaboraciones con Pratt &amp; Whitney, y en la b\u00fasqueda de c\u00f3mo fortalecer y amplificar colaboraciones, la Dra. Torres, junto a Emmanuel Arzuaga, Jos\u00e9 Colom y otros profesores presentan una propuesta a Pratt &amp; Whitney en el 2018-2019.<\/p>\n\n\n\n<p>Luego de m\u00e1s de una veintena de visitas de expertos de Pratt &amp; Whitney y reuniones para entender las necesidades actuales de la industria y las del futuro, pudieron dise\u00f1ar una soluci\u00f3n tanto en t\u00e9rminos de planta f\u00edsica, lo que hoy d\u00eda es el laboratorio, como en curr\u00edculo con las secuencias curriculares enfocadas en ingenier\u00eda aeroespacial.<\/p>\n\n\n\n<p>\u201cCuando los graduados comenzaban en la fuerza laboral ten\u00edan mucho conocimiento de la ingenier\u00eda espec\u00edfica en la que se especializaron, sin embargo, no pose\u00edan el bagaje en otras \u00e1reas. Por ejemplo, sab\u00edan mucho de mec\u00e1nica, pero no de ingenier\u00eda de software, o mucho de el\u00e9ctrica, pero no de mec\u00e1nica. Entonces la soluci\u00f3n era dise\u00f1ar algo que pudiese producir estudiantes altamente entrenados y crear un pipeline para la industria aeroespacial. Un espacio para el cross training en donde los estudiantes puedan exponerse a otras \u00e1reas de especialidad y lograr competencia multidisciplinaria. Hemos creado concentraciones menores o secuencias curriculares de 15-18 cr\u00e9ditos, donde los estudiantes pueden tener un enfoque en disciplinas conducentes a una especialidad aeroespacial. El TurboLab puede utilizarse tanto para el ofrecimiento de estos cursos como laboratorio de investigaci\u00f3n ya que como mejor aprenden los estudiantes es con experiencias \u2018hands on\u2019, resolviendo problemas y desarrollando planes concretos\u201d, expres\u00f3 la Dra. Torres.<\/p>\n\n\n\n<figure class=\"wp-block-image size-large\"><img loading=\"lazy\" width=\"1280\" height=\"853\" src=\"https:\/\/www.jameslynn.com\/blog\/wp-content\/uploads\/2022\/11\/Estudiantes-TurboLab-RUM-1280x853.jpg\" alt=\"\" class=\"wp-image-2815\" srcset=\"https:\/\/www.jameslynn.com\/blog\/wp-content\/uploads\/2022\/11\/Estudiantes-TurboLab-RUM-1280x853.jpg 1280w, https:\/\/www.jameslynn.com\/blog\/wp-content\/uploads\/2022\/11\/Estudiantes-TurboLab-RUM-450x300.jpg 450w, https:\/\/www.jameslynn.com\/blog\/wp-content\/uploads\/2022\/11\/Estudiantes-TurboLab-RUM-768x512.jpg 768w, https:\/\/www.jameslynn.com\/blog\/wp-content\/uploads\/2022\/11\/Estudiantes-TurboLab-RUM-500x333.jpg 500w, https:\/\/www.jameslynn.com\/blog\/wp-content\/uploads\/2022\/11\/Estudiantes-TurboLab-RUM-219x146.jpg 219w, https:\/\/www.jameslynn.com\/blog\/wp-content\/uploads\/2022\/11\/Estudiantes-TurboLab-RUM-50x33.jpg 50w, https:\/\/www.jameslynn.com\/blog\/wp-content\/uploads\/2022\/11\/Estudiantes-TurboLab-RUM-113x75.jpg 113w, https:\/\/www.jameslynn.com\/blog\/wp-content\/uploads\/2022\/11\/Estudiantes-TurboLab-RUM.jpg 1500w\" sizes=\"(max-width: 1280px) 100vw, 1280px\" \/><\/figure>\n\n\n\n<p>El espacio que hoy d\u00eda es el Turbo Lab fue una covacha, un lugar que serv\u00eda de almac\u00e9n de cosas que no ten\u00edan prop\u00f3sito en el momento por casi 30 a\u00f1os. Con la ayuda de un arquitecto del recinto, la Dra. Torres pudo proyectar en las paredes del espacio vac\u00edo lo que ser\u00eda su visi\u00f3n del lugar, d\u00f3nde ir\u00edan las mesas, d\u00f3nde se ubicar\u00edan las turbinas, y as\u00ed convenci\u00f3 a los ejecutivos de Pratt &amp; Whitney de que convertir una covacha en un laboratorio aeroespacial era posible.<\/p>\n\n\n\n<p>\u201cComo Rector y como egresado del RUM, me llena de profundo orgullo este esfuerzo que va de la mano con la revisi\u00f3n continua de nuestros cursos y nuestro enfoque en identificar las necesidades actuales de la industria. Esto, con el objetivo de continuar el desarrollo de ofertas acad\u00e9micas interdisciplinarias, como lo son las secuencias curriculares para fomentar la formaci\u00f3n cruzada que redunda en un resultado pr\u00e1ctico de acelerar la curva de aprendizaje de nuestros graduados\u201d, estableci\u00f3 el Dr. Agust\u00edn Rull\u00e1n Toro- Rector del Recinto Universitario de Mayag\u00fcez de la UPR.<\/p>\n\n\n\n<p>El Dr. Luis A. Ferrao, presidente de la Universidad de Puerto Rico por su parte manifest\u00f3 que: \u201cTurboLab es un esfuerzo preciso para cerrar la brecha entre lo acad\u00e9mico y lo pr\u00e1ctico. Este proyecto es un producto de esa necesidad de que la academia prepare a los estudiantes para la industria pr\u00e1ctica y que puedan hablar el idioma aeroespacial y se puedan mover a la velocidad del mercado. Necesitamos m\u00e1s iniciativas como esta que maximizan el uso de nuestro mayor recurso que es el talento de nuestros estudiantes y nuestros profesores. El objetivo es que la oferta acad\u00e9mica cada vez sea m\u00e1s pertinente y competitiva y que podamos seguir allegando inversiones externas que apoyen nuestro desarrollo econ\u00f3mico y social\u201d.<\/p>\n","protected":false},"excerpt":{"rendered":"<p>15 de noviembre de 2022, San Juan, Puerto Rico \u2013 Pratt &amp; Whitney, la compa\u00f1\u00eda l\u00edder en dise\u00f1o y fabricaci\u00f3n de motores de avi\u00f3n, inaugur\u00f3 durante<span class=\"excerpt-hellip\"> [\u2026]<\/span><\/p>\n","protected":false},"author":32,"featured_media":2807,"comment_status":"open","ping_status":"open","sticky":false,"template":"","format":"standard","meta":{"om_disable_all_campaigns":false,"_monsterinsights_skip_tracking":false,"_monsterinsights_sitenote_active":false,"_monsterinsights_sitenote_note":"","_monsterinsights_sitenote_category":0,"spay_email":"","jetpack_publicize_message":"","jetpack_is_tweetstorm":false,"jetpack_publicize_feature_enabled":true},"categories":[17],"tags":[1125,1123,1126,1124],"aioseo_notices":[],"yoast_head":"<!-- This site is optimized with the Yoast SEO plugin v17.7.1 - https:\/\/yoast.com\/wordpress\/plugins\/seo\/ -->\n<title>Inauguran el 1er centro de excelencia aeroespacial de Pratt &amp; Whitney de Puerto Rico y el Caribe en el RUM - James Lynn : Tecnolog\u00eda y vida digital<\/title>\n<meta name=\"robots\" content=\"index, follow, max-snippet:-1, max-image-preview:large, max-video-preview:-1\" \/>\n<link rel=\"canonical\" href=\"https:\/\/www.jameslynn.com\/blog\/2022\/11\/16\/turbolab-centro-aeroespacial-de-pratt-and-whitney-puerto-rico-y-caribe\/\" \/>\n<meta property=\"og:locale\" content=\"en_US\" \/>\n<meta property=\"og:type\" content=\"article\" \/>\n<meta property=\"og:title\" content=\"Inauguran el 1er centro de excelencia aeroespacial de Pratt &amp; Whitney de Puerto Rico y el Caribe en el RUM - James Lynn : Tecnolog\u00eda y vida digital\" \/>\n<meta property=\"og:description\" content=\"15 de noviembre de 2022, San Juan, Puerto Rico \u2013 Pratt &amp; Whitney, la compa\u00f1\u00eda l\u00edder en dise\u00f1o y fabricaci\u00f3n de motores de avi\u00f3n, inaugur\u00f3 durante [\u2026]\" \/>\n<meta property=\"og:url\" content=\"https:\/\/www.jameslynn.com\/blog\/2022\/11\/16\/turbolab-centro-aeroespacial-de-pratt-and-whitney-puerto-rico-y-caribe\/\" \/>\n<meta property=\"og:site_name\" content=\"James Lynn : Tecnolog\u00eda y vida digital\" \/>\n<meta property=\"article:published_time\" content=\"2022-11-16T13:59:21+00:00\" \/>\n<meta property=\"article:modified_time\" content=\"2022-11-16T13:59:23+00:00\" \/>\n<meta property=\"og:image\" content=\"https:\/\/www.jameslynn.com\/blog\/wp-content\/uploads\/2022\/11\/TurboLab-UPR-RUM.jpg\" \/>\n\t<meta property=\"og:image:width\" content=\"1500\" \/>\n\t<meta property=\"og:image:height\" content=\"1000\" \/>\n<meta name=\"twitter:label1\" content=\"Written by\" \/>\n\t<meta name=\"twitter:data1\" content=\"James Lynn\" \/>\n\t<meta name=\"twitter:label2\" content=\"Est. reading time\" \/>\n\t<meta name=\"twitter:data2\" content=\"6 minutes\" \/>\n<script type=\"application\/ld+json\" class=\"yoast-schema-graph\">{\"@context\":\"https:\/\/schema.org\",\"@graph\":[{\"@type\":\"WebSite\",\"@id\":\"https:\/\/www.jameslynn.com\/blog\/#website\",\"url\":\"https:\/\/www.jameslynn.com\/blog\/\",\"name\":\"James Lynn : Tecnolog\\u00eda y vida digital\",\"description\":\"Tecnolog\\u00eda y vida digital\",\"potentialAction\":[{\"@type\":\"SearchAction\",\"target\":{\"@type\":\"EntryPoint\",\"urlTemplate\":\"https:\/\/www.jameslynn.com\/blog\/?s={search_term_string}\"},\"query-input\":\"required name=search_term_string\"}],\"inLanguage\":\"en-US\"},{\"@type\":\"ImageObject\",\"@id\":\"https:\/\/www.jameslynn.com\/blog\/2022\/11\/16\/turbolab-centro-aeroespacial-de-pratt-and-whitney-puerto-rico-y-caribe\/#primaryimage\",\"inLanguage\":\"en-US\",\"url\":\"https:\/\/www.jameslynn.com\/blog\/wp-content\/uploads\/2022\/11\/TurboLab-UPR-RUM.jpg\",\"contentUrl\":\"https:\/\/www.jameslynn.com\/blog\/wp-content\/uploads\/2022\/11\/TurboLab-UPR-RUM.jpg\",\"width\":1500,\"height\":1000},{\"@type\":\"WebPage\",\"@id\":\"https:\/\/www.jameslynn.com\/blog\/2022\/11\/16\/turbolab-centro-aeroespacial-de-pratt-and-whitney-puerto-rico-y-caribe\/#webpage\",\"url\":\"https:\/\/www.jameslynn.com\/blog\/2022\/11\/16\/turbolab-centro-aeroespacial-de-pratt-and-whitney-puerto-rico-y-caribe\/\",\"name\":\"Inauguran el 1er centro de excelencia aeroespacial de Pratt & Whitney de Puerto Rico y el Caribe en el RUM - James Lynn : Tecnolog\\u00eda y vida digital\",\"isPartOf\":{\"@id\":\"https:\/\/www.jameslynn.com\/blog\/#website\"},\"primaryImageOfPage\":{\"@id\":\"https:\/\/www.jameslynn.com\/blog\/2022\/11\/16\/turbolab-centro-aeroespacial-de-pratt-and-whitney-puerto-rico-y-caribe\/#primaryimage\"},\"datePublished\":\"2022-11-16T13:59:21+00:00\",\"dateModified\":\"2022-11-16T13:59:23+00:00\",\"author\":{\"@id\":\"https:\/\/www.jameslynn.com\/blog\/#\/schema\/person\/4439f3e96c27ac4b98b29b03848f8108\"},\"breadcrumb\":{\"@id\":\"https:\/\/www.jameslynn.com\/blog\/2022\/11\/16\/turbolab-centro-aeroespacial-de-pratt-and-whitney-puerto-rico-y-caribe\/#breadcrumb\"},\"inLanguage\":\"en-US\",\"potentialAction\":[{\"@type\":\"ReadAction\",\"target\":[\"https:\/\/www.jameslynn.com\/blog\/2022\/11\/16\/turbolab-centro-aeroespacial-de-pratt-and-whitney-puerto-rico-y-caribe\/\"]}]},{\"@type\":\"BreadcrumbList\",\"@id\":\"https:\/\/www.jameslynn.com\/blog\/2022\/11\/16\/turbolab-centro-aeroespacial-de-pratt-and-whitney-puerto-rico-y-caribe\/#breadcrumb\",\"itemListElement\":[{\"@type\":\"ListItem\",\"position\":1,\"name\":\"Home\",\"item\":\"https:\/\/www.jameslynn.com\/blog\/\"},{\"@type\":\"ListItem\",\"position\":2,\"name\":\"Inauguran el 1er centro de excelencia aeroespacial de Pratt &#038; Whitney de Puerto Rico y el Caribe en el RUM\"}]},{\"@type\":\"Person\",\"@id\":\"https:\/\/www.jameslynn.com\/blog\/#\/schema\/person\/4439f3e96c27ac4b98b29b03848f8108\",\"name\":\"James Lynn\",\"image\":{\"@type\":\"ImageObject\",\"@id\":\"https:\/\/www.jameslynn.com\/blog\/#personlogo\",\"inLanguage\":\"en-US\",\"url\":\"https:\/\/secure.gravatar.com\/avatar\/2dcd2635cd0622bf457f25788f8c478b?s=96&d=mm&r=pg\",\"contentUrl\":\"https:\/\/secure.gravatar.com\/avatar\/2dcd2635cd0622bf457f25788f8c478b?s=96&d=mm&r=pg\",\"caption\":\"James Lynn\"},\"description\":\"Tech blogger, podcaster, live streamer, graphic designer, photographer, multimedia artist and university professor living in San Juan, Puerto Rico.\",\"sameAs\":[\"http:\/\/www.jameslynn.com\"],\"url\":\"https:\/\/www.jameslynn.com\/blog\/author\/jameslynn\/\"}]}<\/script>\n<!-- \/ Yoast SEO plugin. -->","yoast_head_json":{"title":"Inauguran el 1er centro de excelencia aeroespacial de Pratt & Whitney de Puerto Rico y el Caribe en el RUM - James Lynn : Tecnolog\u00eda y vida digital","robots":{"index":"index","follow":"follow","max-snippet":"max-snippet:-1","max-image-preview":"max-image-preview:large","max-video-preview":"max-video-preview:-1"},"canonical":"https:\/\/www.jameslynn.com\/blog\/2022\/11\/16\/turbolab-centro-aeroespacial-de-pratt-and-whitney-puerto-rico-y-caribe\/","og_locale":"en_US","og_type":"article","og_title":"Inauguran el 1er centro de excelencia aeroespacial de Pratt & Whitney de Puerto Rico y el Caribe en el RUM - James Lynn : Tecnolog\u00eda y vida digital","og_description":"15 de noviembre de 2022, San Juan, Puerto Rico \u2013 Pratt &amp; Whitney, la compa\u00f1\u00eda l\u00edder en dise\u00f1o y fabricaci\u00f3n de motores de avi\u00f3n, inaugur\u00f3 durante [\u2026]","og_url":"https:\/\/www.jameslynn.com\/blog\/2022\/11\/16\/turbolab-centro-aeroespacial-de-pratt-and-whitney-puerto-rico-y-caribe\/","og_site_name":"James Lynn : Tecnolog\u00eda y vida digital","article_published_time":"2022-11-16T13:59:21+00:00","article_modified_time":"2022-11-16T13:59:23+00:00","og_image":[{"width":1500,"height":1000,"url":"https:\/\/www.jameslynn.com\/blog\/wp-content\/uploads\/2022\/11\/TurboLab-UPR-RUM.jpg","type":"image\/jpeg"}],"twitter_misc":{"Written by":"James Lynn","Est. reading time":"6 minutes"},"schema":{"@context":"https:\/\/schema.org","@graph":[{"@type":"WebSite","@id":"https:\/\/www.jameslynn.com\/blog\/#website","url":"https:\/\/www.jameslynn.com\/blog\/","name":"James Lynn : Tecnolog\u00eda y vida digital","description":"Tecnolog\u00eda y vida digital","potentialAction":[{"@type":"SearchAction","target":{"@type":"EntryPoint","urlTemplate":"https:\/\/www.jameslynn.com\/blog\/?s={search_term_string}"},"query-input":"required name=search_term_string"}],"inLanguage":"en-US"},{"@type":"ImageObject","@id":"https:\/\/www.jameslynn.com\/blog\/2022\/11\/16\/turbolab-centro-aeroespacial-de-pratt-and-whitney-puerto-rico-y-caribe\/#primaryimage","inLanguage":"en-US","url":"https:\/\/www.jameslynn.com\/blog\/wp-content\/uploads\/2022\/11\/TurboLab-UPR-RUM.jpg","contentUrl":"https:\/\/www.jameslynn.com\/blog\/wp-content\/uploads\/2022\/11\/TurboLab-UPR-RUM.jpg","width":1500,"height":1000},{"@type":"WebPage","@id":"https:\/\/www.jameslynn.com\/blog\/2022\/11\/16\/turbolab-centro-aeroespacial-de-pratt-and-whitney-puerto-rico-y-caribe\/#webpage","url":"https:\/\/www.jameslynn.com\/blog\/2022\/11\/16\/turbolab-centro-aeroespacial-de-pratt-and-whitney-puerto-rico-y-caribe\/","name":"Inauguran el 1er centro de excelencia aeroespacial de Pratt & Whitney de Puerto Rico y el Caribe en el RUM - James Lynn : Tecnolog\u00eda y vida digital","isPartOf":{"@id":"https:\/\/www.jameslynn.com\/blog\/#website"},"primaryImageOfPage":{"@id":"https:\/\/www.jameslynn.com\/blog\/2022\/11\/16\/turbolab-centro-aeroespacial-de-pratt-and-whitney-puerto-rico-y-caribe\/#primaryimage"},"datePublished":"2022-11-16T13:59:21+00:00","dateModified":"2022-11-16T13:59:23+00:00","author":{"@id":"https:\/\/www.jameslynn.com\/blog\/#\/schema\/person\/4439f3e96c27ac4b98b29b03848f8108"},"breadcrumb":{"@id":"https:\/\/www.jameslynn.com\/blog\/2022\/11\/16\/turbolab-centro-aeroespacial-de-pratt-and-whitney-puerto-rico-y-caribe\/#breadcrumb"},"inLanguage":"en-US","potentialAction":[{"@type":"ReadAction","target":["https:\/\/www.jameslynn.com\/blog\/2022\/11\/16\/turbolab-centro-aeroespacial-de-pratt-and-whitney-puerto-rico-y-caribe\/"]}]},{"@type":"BreadcrumbList","@id":"https:\/\/www.jameslynn.com\/blog\/2022\/11\/16\/turbolab-centro-aeroespacial-de-pratt-and-whitney-puerto-rico-y-caribe\/#breadcrumb","itemListElement":[{"@type":"ListItem","position":1,"name":"Home","item":"https:\/\/www.jameslynn.com\/blog\/"},{"@type":"ListItem","position":2,"name":"Inauguran el 1er centro de excelencia aeroespacial de Pratt &#038; Whitney de Puerto Rico y el Caribe en el RUM"}]},{"@type":"Person","@id":"https:\/\/www.jameslynn.com\/blog\/#\/schema\/person\/4439f3e96c27ac4b98b29b03848f8108","name":"James Lynn","image":{"@type":"ImageObject","@id":"https:\/\/www.jameslynn.com\/blog\/#personlogo","inLanguage":"en-US","url":"https:\/\/secure.gravatar.com\/avatar\/2dcd2635cd0622bf457f25788f8c478b?s=96&d=mm&r=pg","contentUrl":"https:\/\/secure.gravatar.com\/avatar\/2dcd2635cd0622bf457f25788f8c478b?s=96&d=mm&r=pg","caption":"James Lynn"},"description":"Tech blogger, podcaster, live streamer, graphic designer, photographer, multimedia artist and university professor living in San Juan, Puerto Rico.","sameAs":["http:\/\/www.jameslynn.com"],"url":"https:\/\/www.jameslynn.com\/blog\/author\/jameslynn\/"}]}},"jetpack_featured_media_url":"https:\/\/www.jameslynn.com\/blog\/wp-content\/uploads\/2022\/11\/TurboLab-UPR-RUM.jpg","jetpack_publicize_connections":[],"jetpack_shortlink":"https:\/\/wp.me\/p2kNF7-Jg","_links":{"self":[{"href":"https:\/\/www.jameslynn.com\/blog\/wp-json\/wp\/v2\/posts\/2806"}],"collection":[{"href":"https:\/\/www.jameslynn.com\/blog\/wp-json\/wp\/v2\/posts"}],"about":[{"href":"https:\/\/www.jameslynn.com\/blog\/wp-json\/wp\/v2\/types\/post"}],"author":[{"embeddable":true,"href":"https:\/\/www.jameslynn.com\/blog\/wp-json\/wp\/v2\/users\/32"}],"replies":[{"embeddable":true,"href":"https:\/\/www.jameslynn.com\/blog\/wp-json\/wp\/v2\/comments?post=2806"}],"version-history":[{"count":5,"href":"https:\/\/www.jameslynn.com\/blog\/wp-json\/wp\/v2\/posts\/2806\/revisions"}],"predecessor-version":[{"id":2816,"href":"https:\/\/www.jameslynn.com\/blog\/wp-json\/wp\/v2\/posts\/2806\/revisions\/2816"}],"wp:featuredmedia":[{"embeddable":true,"href":"https:\/\/www.jameslynn.com\/blog\/wp-json\/wp\/v2\/media\/2807"}],"wp:attachment":[{"href":"https:\/\/www.jameslynn.com\/blog\/wp-json\/wp\/v2\/media?parent=2806"}],"wp:term":[{"taxonomy":"category","embeddable":true,"href":"https:\/\/www.jameslynn.com\/blog\/wp-json\/wp\/v2\/categories?post=2806"},{"taxonomy":"post_tag","embeddable":true,"href":"https:\/\/www.jameslynn.com\/blog\/wp-json\/wp\/v2\/tags?post=2806"}],"curies":[{"name":"wp","href":"https:\/\/api.w.org\/{rel}","templated":true}]}}