{"id":2790,"date":"2022-11-12T01:52:24","date_gmt":"2022-11-12T05:52:24","guid":{"rendered":"https:\/\/www.jameslynn.com\/blog\/?p=2790"},"modified":"2022-11-12T01:52:26","modified_gmt":"2022-11-12T05:52:26","slug":"museo-de-los-santos-fusion-de-arte-y-tradicion-en-santurce","status":"publish","type":"post","link":"https:\/\/www.jameslynn.com\/blog\/2022\/11\/12\/museo-de-los-santos-fusion-de-arte-y-tradicion-en-santurce\/","title":{"rendered":"Museo de los Santos, fusi\u00f3n de arte y tradici\u00f3n en Santurce"},"content":{"rendered":"\n<p>San Juan, Puerto Rico, 9 de noviembre de 2022 &#8211; Para continuar abonando al desarrollo del distrito de las artes en Santurce, el <strong><a href=\"https:\/\/musan.org\/es\/\" target=\"_blank\" rel=\"noreferrer noopener\">Museo de los Santos y Arte Nacional<\/a><\/strong>, abrir\u00e1 formalmente sus puertas el s\u00e1bado, 12 de noviembre con una serie de actividades dirigidas al p\u00fablico en general.<\/p>\n\n\n\n<p>Dedicado a la preservaci\u00f3n, investigaci\u00f3n y exhibici\u00f3n de los santos puertorrique\u00f1os y el arte popular tradicional, el Museo alberga, en un solo lugar, la colecci\u00f3n m\u00e1s grande accesible al p\u00fablico de talla de santos puertorrique\u00f1os.<\/p>\n\n\n\n<p>La colecci\u00f3n es propiedad del doctor Jos\u00e9 Guillermo Torres Mel\u00e9ndez, quien es a su vez el director ejecutivo del Museo, instituci\u00f3n que brindar\u00e1 servicios a algunas comunidades marginadas de San Juan desde su sede en Santurce.<\/p>\n\n\n\n<p>El edificio del Museo, enclavado en el 1673 de la Avenida Ponce de Le\u00f3n, se conocer\u00e1 como <strong>MUSAN &#8211; Museo de los Santos y Arte Nacional<\/strong> &#8211; y combina el Museo de los Santos con la Colecci\u00f3n Ellie Press de maestros puertorrique\u00f1os de la d\u00e9cada de los 50 en los que se incluyen: Manuel Hern\u00e1ndez Acevedo, Julio Rosado del Valle, Epifanio Irrizary, Santos Ren\u00e9 y Mar\u00eda Rodr\u00edguez Se\u00f1eriz. &#8220;Queremos ser un espacio interactivo para la comunidad. MUSAN ofrece galer\u00edas multifuncionales y espacio para eventos de manera que se pueda honrar la misi\u00f3n mientras se brinda un escaparate para artists emergents&#8221; acot\u00f3 Torres Mel\u00e9ndez.<\/p>\n\n\n\n<figure class=\"wp-block-embed is-type-video is-provider-youtube wp-block-embed-youtube wp-embed-aspect-16-9 wp-has-aspect-ratio\"><div class=\"wp-block-embed__wrapper\">\n<span class=\"embed-youtube\" style=\"text-align:center; display: block;\"><iframe loading=\"lazy\" class=\"youtube-player\" width=\"1200\" height=\"675\" src=\"https:\/\/www.youtube.com\/embed\/XHGCf5J2lZY?version=3&#038;rel=1&#038;showsearch=0&#038;showinfo=1&#038;iv_load_policy=1&#038;fs=1&#038;hl=en-US&#038;autohide=2&#038;wmode=transparent\" allowfullscreen=\"true\" style=\"border:0;\" sandbox=\"allow-scripts allow-same-origin allow-popups allow-presentation\"><\/iframe><\/span>\n<\/div><\/figure>\n\n\n\n<p>La colecci\u00f3n que alberga MUSAN consta de 400 piezas de santos antiguos que data desde el Siglo 18 hasta los santeros contempor\u00e1neos.<\/p>\n\n\n\n<h3>Actividades de inauguraci\u00f3n<\/h3>\n\n\n\n<p>La inauguraci\u00f3n oficial de <strong><a href=\"https:\/\/musan.org\/es\/\" target=\"_blank\" rel=\"noreferrer noopener\">MUSAN<\/a><\/strong> est\u00e1 prevista para el s\u00e1bado, 12 de noviembre, a partir de las 2 PM, cuando comenzar\u00e1n los actos protocolares. Luego del tradicional corte de cinta habr\u00e1 recorridos guiados por la colecci\u00f3n, la exhibici\u00f3n itinerante del artista Kiv\u00e1n Qui\u00f1ones. La celebraci\u00f3n estar\u00e1 enmarcada por el grupo de tambores Yba Ire.<\/p>\n\n\n\n<p>MUSAN ofrecer\u00e1 el siguiente horario para el p\u00fablico en general: viernes de 6 a 9 PM; s\u00e1bados y domingos de 2 a 6 PM. Para visitas en grupos de 10 o m\u00e1s, comun\u00edquese a trav\u00e9s del 787-455-4217 (espa\u00f1ol) y el 787-455-4216 (ingl\u00e9s) o a trav\u00e9s de nuestra p\u00e1gina <strong><a href=\"https:\/\/www.musan.org\" target=\"_blank\" rel=\"noreferrer noopener\">www.musan.org<\/a><\/strong>.<\/p>\n\n\n\n<h3>Acerca de MUSAN<\/h3>\n\n\n\n<p>El <strong><a href=\"https:\/\/musan.org\/es\/\" target=\"_blank\" rel=\"noreferrer noopener\">Museo de Santos y Arte Nacional<\/a><\/strong> (MUSAN) es una organizaci\u00f3n sin fines de lucro dedicada a la preservaci\u00f3n, investigaci\u00f3n y exhibici\u00f3n de los santos puertorrique\u00f1os y el arte popular tradicional de santos tallados a mano. El Museo de los Santos es la colecci\u00f3n m\u00e1s grande de santos puertorrique\u00f1os disponible para la vista del p\u00fablico. La colecci\u00f3n cuenta con 400 piezas que datan de principios del Siglo 18. El Museo de los Santos y Arte Nacional, mejor conocido por sus siglas como MUSAN, est\u00e1 ubicado en la <strong><a href=\"https:\/\/g.page\/SantosPR?share\" target=\"_blank\" rel=\"noreferrer noopener\">parada 24, Avenida Ponce de Le\u00f3n 1673 en San Juan<\/a><\/strong>.<\/p>\n","protected":false},"excerpt":{"rendered":"<p>San Juan, Puerto Rico, 9 de noviembre de 2022 &#8211; Para continuar abonando al desarrollo del distrito de las artes en Santurce, el Museo de los<span class=\"excerpt-hellip\"> [\u2026]<\/span><\/p>\n","protected":false},"author":32,"featured_media":2798,"comment_status":"open","ping_status":"open","sticky":false,"template":"","format":"standard","meta":{"om_disable_all_campaigns":false,"_monsterinsights_skip_tracking":false,"_monsterinsights_sitenote_active":false,"_monsterinsights_sitenote_note":"","_monsterinsights_sitenote_category":0,"spay_email":"","jetpack_publicize_message":"","jetpack_is_tweetstorm":false,"jetpack_publicize_feature_enabled":true},"categories":[924],"tags":[1118,1117,1119,34,1011],"aioseo_notices":[],"yoast_head":"<!-- This site is optimized with the Yoast SEO plugin v17.7.1 - https:\/\/yoast.com\/wordpress\/plugins\/seo\/ -->\n<title>Museo de los Santos, fusi\u00f3n de arte y tradici\u00f3n en Santurce - James Lynn : Tecnolog\u00eda y vida digital<\/title>\n<meta name=\"robots\" content=\"index, follow, max-snippet:-1, max-image-preview:large, max-video-preview:-1\" \/>\n<link rel=\"canonical\" href=\"https:\/\/www.jameslynn.com\/blog\/2022\/11\/12\/museo-de-los-santos-fusion-de-arte-y-tradicion-en-santurce\/\" \/>\n<meta property=\"og:locale\" content=\"en_US\" \/>\n<meta property=\"og:type\" content=\"article\" \/>\n<meta property=\"og:title\" content=\"Museo de los Santos, fusi\u00f3n de arte y tradici\u00f3n en Santurce - James Lynn : Tecnolog\u00eda y vida digital\" \/>\n<meta property=\"og:description\" content=\"San Juan, Puerto Rico, 9 de noviembre de 2022 &#8211; Para continuar abonando al desarrollo del distrito de las artes en Santurce, el Museo de los [\u2026]\" \/>\n<meta property=\"og:url\" content=\"https:\/\/www.jameslynn.com\/blog\/2022\/11\/12\/museo-de-los-santos-fusion-de-arte-y-tradicion-en-santurce\/\" \/>\n<meta property=\"og:site_name\" content=\"James Lynn : Tecnolog\u00eda y vida digital\" \/>\n<meta property=\"article:published_time\" content=\"2022-11-12T05:52:24+00:00\" \/>\n<meta property=\"article:modified_time\" content=\"2022-11-12T05:52:26+00:00\" \/>\n<meta property=\"og:image\" content=\"https:\/\/www.jameslynn.com\/blog\/wp-content\/uploads\/2022\/11\/reyes-a-caballo-MUSAN.jpg\" \/>\n\t<meta property=\"og:image:width\" content=\"1500\" \/>\n\t<meta property=\"og:image:height\" content=\"1000\" \/>\n<meta name=\"twitter:label1\" content=\"Written by\" \/>\n\t<meta name=\"twitter:data1\" content=\"James Lynn\" \/>\n\t<meta name=\"twitter:label2\" content=\"Est. reading time\" \/>\n\t<meta name=\"twitter:data2\" content=\"2 minutes\" \/>\n<script type=\"application\/ld+json\" class=\"yoast-schema-graph\">{\"@context\":\"https:\/\/schema.org\",\"@graph\":[{\"@type\":\"WebSite\",\"@id\":\"https:\/\/www.jameslynn.com\/blog\/#website\",\"url\":\"https:\/\/www.jameslynn.com\/blog\/\",\"name\":\"James Lynn : Tecnolog\\u00eda y vida digital\",\"description\":\"Tecnolog\\u00eda y vida digital\",\"potentialAction\":[{\"@type\":\"SearchAction\",\"target\":{\"@type\":\"EntryPoint\",\"urlTemplate\":\"https:\/\/www.jameslynn.com\/blog\/?s={search_term_string}\"},\"query-input\":\"required name=search_term_string\"}],\"inLanguage\":\"en-US\"},{\"@type\":\"ImageObject\",\"@id\":\"https:\/\/www.jameslynn.com\/blog\/2022\/11\/12\/museo-de-los-santos-fusion-de-arte-y-tradicion-en-santurce\/#primaryimage\",\"inLanguage\":\"en-US\",\"url\":\"https:\/\/www.jameslynn.com\/blog\/wp-content\/uploads\/2022\/11\/reyes-a-caballo-MUSAN.jpg\",\"contentUrl\":\"https:\/\/www.jameslynn.com\/blog\/wp-content\/uploads\/2022\/11\/reyes-a-caballo-MUSAN.jpg\",\"width\":1500,\"height\":1000},{\"@type\":\"WebPage\",\"@id\":\"https:\/\/www.jameslynn.com\/blog\/2022\/11\/12\/museo-de-los-santos-fusion-de-arte-y-tradicion-en-santurce\/#webpage\",\"url\":\"https:\/\/www.jameslynn.com\/blog\/2022\/11\/12\/museo-de-los-santos-fusion-de-arte-y-tradicion-en-santurce\/\",\"name\":\"Museo de los Santos, fusi\\u00f3n de arte y tradici\\u00f3n en Santurce - James Lynn : Tecnolog\\u00eda y vida digital\",\"isPartOf\":{\"@id\":\"https:\/\/www.jameslynn.com\/blog\/#website\"},\"primaryImageOfPage\":{\"@id\":\"https:\/\/www.jameslynn.com\/blog\/2022\/11\/12\/museo-de-los-santos-fusion-de-arte-y-tradicion-en-santurce\/#primaryimage\"},\"datePublished\":\"2022-11-12T05:52:24+00:00\",\"dateModified\":\"2022-11-12T05:52:26+00:00\",\"author\":{\"@id\":\"https:\/\/www.jameslynn.com\/blog\/#\/schema\/person\/4439f3e96c27ac4b98b29b03848f8108\"},\"breadcrumb\":{\"@id\":\"https:\/\/www.jameslynn.com\/blog\/2022\/11\/12\/museo-de-los-santos-fusion-de-arte-y-tradicion-en-santurce\/#breadcrumb\"},\"inLanguage\":\"en-US\",\"potentialAction\":[{\"@type\":\"ReadAction\",\"target\":[\"https:\/\/www.jameslynn.com\/blog\/2022\/11\/12\/museo-de-los-santos-fusion-de-arte-y-tradicion-en-santurce\/\"]}]},{\"@type\":\"BreadcrumbList\",\"@id\":\"https:\/\/www.jameslynn.com\/blog\/2022\/11\/12\/museo-de-los-santos-fusion-de-arte-y-tradicion-en-santurce\/#breadcrumb\",\"itemListElement\":[{\"@type\":\"ListItem\",\"position\":1,\"name\":\"Home\",\"item\":\"https:\/\/www.jameslynn.com\/blog\/\"},{\"@type\":\"ListItem\",\"position\":2,\"name\":\"Museo de los Santos, fusi\\u00f3n de arte y tradici\\u00f3n en Santurce\"}]},{\"@type\":\"Person\",\"@id\":\"https:\/\/www.jameslynn.com\/blog\/#\/schema\/person\/4439f3e96c27ac4b98b29b03848f8108\",\"name\":\"James Lynn\",\"image\":{\"@type\":\"ImageObject\",\"@id\":\"https:\/\/www.jameslynn.com\/blog\/#personlogo\",\"inLanguage\":\"en-US\",\"url\":\"https:\/\/secure.gravatar.com\/avatar\/2dcd2635cd0622bf457f25788f8c478b?s=96&d=mm&r=pg\",\"contentUrl\":\"https:\/\/secure.gravatar.com\/avatar\/2dcd2635cd0622bf457f25788f8c478b?s=96&d=mm&r=pg\",\"caption\":\"James Lynn\"},\"description\":\"Tech blogger, podcaster, live streamer, graphic designer, photographer, multimedia artist and university professor living in San Juan, Puerto Rico.\",\"sameAs\":[\"http:\/\/www.jameslynn.com\"],\"url\":\"https:\/\/www.jameslynn.com\/blog\/author\/jameslynn\/\"}]}<\/script>\n<!-- \/ Yoast SEO plugin. -->","yoast_head_json":{"title":"Museo de los Santos, fusi\u00f3n de arte y tradici\u00f3n en Santurce - James Lynn : Tecnolog\u00eda y vida digital","robots":{"index":"index","follow":"follow","max-snippet":"max-snippet:-1","max-image-preview":"max-image-preview:large","max-video-preview":"max-video-preview:-1"},"canonical":"https:\/\/www.jameslynn.com\/blog\/2022\/11\/12\/museo-de-los-santos-fusion-de-arte-y-tradicion-en-santurce\/","og_locale":"en_US","og_type":"article","og_title":"Museo de los Santos, fusi\u00f3n de arte y tradici\u00f3n en Santurce - James Lynn : Tecnolog\u00eda y vida digital","og_description":"San Juan, Puerto Rico, 9 de noviembre de 2022 &#8211; Para continuar abonando al desarrollo del distrito de las artes en Santurce, el Museo de los [\u2026]","og_url":"https:\/\/www.jameslynn.com\/blog\/2022\/11\/12\/museo-de-los-santos-fusion-de-arte-y-tradicion-en-santurce\/","og_site_name":"James Lynn : Tecnolog\u00eda y vida digital","article_published_time":"2022-11-12T05:52:24+00:00","article_modified_time":"2022-11-12T05:52:26+00:00","og_image":[{"width":1500,"height":1000,"url":"https:\/\/www.jameslynn.com\/blog\/wp-content\/uploads\/2022\/11\/reyes-a-caballo-MUSAN.jpg","type":"image\/jpeg"}],"twitter_misc":{"Written by":"James Lynn","Est. reading time":"2 minutes"},"schema":{"@context":"https:\/\/schema.org","@graph":[{"@type":"WebSite","@id":"https:\/\/www.jameslynn.com\/blog\/#website","url":"https:\/\/www.jameslynn.com\/blog\/","name":"James Lynn : Tecnolog\u00eda y vida digital","description":"Tecnolog\u00eda y vida digital","potentialAction":[{"@type":"SearchAction","target":{"@type":"EntryPoint","urlTemplate":"https:\/\/www.jameslynn.com\/blog\/?s={search_term_string}"},"query-input":"required name=search_term_string"}],"inLanguage":"en-US"},{"@type":"ImageObject","@id":"https:\/\/www.jameslynn.com\/blog\/2022\/11\/12\/museo-de-los-santos-fusion-de-arte-y-tradicion-en-santurce\/#primaryimage","inLanguage":"en-US","url":"https:\/\/www.jameslynn.com\/blog\/wp-content\/uploads\/2022\/11\/reyes-a-caballo-MUSAN.jpg","contentUrl":"https:\/\/www.jameslynn.com\/blog\/wp-content\/uploads\/2022\/11\/reyes-a-caballo-MUSAN.jpg","width":1500,"height":1000},{"@type":"WebPage","@id":"https:\/\/www.jameslynn.com\/blog\/2022\/11\/12\/museo-de-los-santos-fusion-de-arte-y-tradicion-en-santurce\/#webpage","url":"https:\/\/www.jameslynn.com\/blog\/2022\/11\/12\/museo-de-los-santos-fusion-de-arte-y-tradicion-en-santurce\/","name":"Museo de los Santos, fusi\u00f3n de arte y tradici\u00f3n en Santurce - James Lynn : Tecnolog\u00eda y vida digital","isPartOf":{"@id":"https:\/\/www.jameslynn.com\/blog\/#website"},"primaryImageOfPage":{"@id":"https:\/\/www.jameslynn.com\/blog\/2022\/11\/12\/museo-de-los-santos-fusion-de-arte-y-tradicion-en-santurce\/#primaryimage"},"datePublished":"2022-11-12T05:52:24+00:00","dateModified":"2022-11-12T05:52:26+00:00","author":{"@id":"https:\/\/www.jameslynn.com\/blog\/#\/schema\/person\/4439f3e96c27ac4b98b29b03848f8108"},"breadcrumb":{"@id":"https:\/\/www.jameslynn.com\/blog\/2022\/11\/12\/museo-de-los-santos-fusion-de-arte-y-tradicion-en-santurce\/#breadcrumb"},"inLanguage":"en-US","potentialAction":[{"@type":"ReadAction","target":["https:\/\/www.jameslynn.com\/blog\/2022\/11\/12\/museo-de-los-santos-fusion-de-arte-y-tradicion-en-santurce\/"]}]},{"@type":"BreadcrumbList","@id":"https:\/\/www.jameslynn.com\/blog\/2022\/11\/12\/museo-de-los-santos-fusion-de-arte-y-tradicion-en-santurce\/#breadcrumb","itemListElement":[{"@type":"ListItem","position":1,"name":"Home","item":"https:\/\/www.jameslynn.com\/blog\/"},{"@type":"ListItem","position":2,"name":"Museo de los Santos, fusi\u00f3n de arte y tradici\u00f3n en Santurce"}]},{"@type":"Person","@id":"https:\/\/www.jameslynn.com\/blog\/#\/schema\/person\/4439f3e96c27ac4b98b29b03848f8108","name":"James Lynn","image":{"@type":"ImageObject","@id":"https:\/\/www.jameslynn.com\/blog\/#personlogo","inLanguage":"en-US","url":"https:\/\/secure.gravatar.com\/avatar\/2dcd2635cd0622bf457f25788f8c478b?s=96&d=mm&r=pg","contentUrl":"https:\/\/secure.gravatar.com\/avatar\/2dcd2635cd0622bf457f25788f8c478b?s=96&d=mm&r=pg","caption":"James Lynn"},"description":"Tech blogger, podcaster, live streamer, graphic designer, photographer, multimedia artist and university professor living in San Juan, Puerto Rico.","sameAs":["http:\/\/www.jameslynn.com"],"url":"https:\/\/www.jameslynn.com\/blog\/author\/jameslynn\/"}]}},"jetpack_featured_media_url":"https:\/\/www.jameslynn.com\/blog\/wp-content\/uploads\/2022\/11\/reyes-a-caballo-MUSAN.jpg","jetpack_publicize_connections":[],"jetpack_shortlink":"https:\/\/wp.me\/p2kNF7-J0","_links":{"self":[{"href":"https:\/\/www.jameslynn.com\/blog\/wp-json\/wp\/v2\/posts\/2790"}],"collection":[{"href":"https:\/\/www.jameslynn.com\/blog\/wp-json\/wp\/v2\/posts"}],"about":[{"href":"https:\/\/www.jameslynn.com\/blog\/wp-json\/wp\/v2\/types\/post"}],"author":[{"embeddable":true,"href":"https:\/\/www.jameslynn.com\/blog\/wp-json\/wp\/v2\/users\/32"}],"replies":[{"embeddable":true,"href":"https:\/\/www.jameslynn.com\/blog\/wp-json\/wp\/v2\/comments?post=2790"}],"version-history":[{"count":5,"href":"https:\/\/www.jameslynn.com\/blog\/wp-json\/wp\/v2\/posts\/2790\/revisions"}],"predecessor-version":[{"id":2796,"href":"https:\/\/www.jameslynn.com\/blog\/wp-json\/wp\/v2\/posts\/2790\/revisions\/2796"}],"wp:featuredmedia":[{"embeddable":true,"href":"https:\/\/www.jameslynn.com\/blog\/wp-json\/wp\/v2\/media\/2798"}],"wp:attachment":[{"href":"https:\/\/www.jameslynn.com\/blog\/wp-json\/wp\/v2\/media?parent=2790"}],"wp:term":[{"taxonomy":"category","embeddable":true,"href":"https:\/\/www.jameslynn.com\/blog\/wp-json\/wp\/v2\/categories?post=2790"},{"taxonomy":"post_tag","embeddable":true,"href":"https:\/\/www.jameslynn.com\/blog\/wp-json\/wp\/v2\/tags?post=2790"}],"curies":[{"name":"wp","href":"https:\/\/api.w.org\/{rel}","templated":true}]}}