{"id":2652,"date":"2022-09-26T11:58:26","date_gmt":"2022-09-26T15:58:26","guid":{"rendered":"https:\/\/www.jameslynn.com\/blog\/?p=2652"},"modified":"2022-09-26T11:58:29","modified_gmt":"2022-09-26T15:58:29","slug":"donativos-ambientales-ford-2022","status":"publish","type":"post","link":"https:\/\/www.jameslynn.com\/blog\/2022\/09\/26\/donativos-ambientales-ford-2022\/","title":{"rendered":"Ford contin\u00faa propulsando la sostenibilidad en Puerto Rico al distribuir $40 mil entre ganadores de Donativos Ambientales Ford 2022"},"content":{"rendered":"\n<p><strong>16 de septiembre de 2022. San Juan, Puerto Rico<\/strong> \u2013 Con el objetivo de continuar propulsando la sustentabilidad y acelerando la conservaci\u00f3n de los recursos naturales en la Isla, Ford Puerto Rico distribuy\u00f3 $40 mil entre cuatro proyectos comunitarios que impactan positivamente el medioambiente que resultaron ganadores en la edici\u00f3n 2022 de su programa Donativos Ambientales Ford.<\/p>\n\n\n\n<p>Este a\u00f1o, los proyectos ganadores \u2013 que tambi\u00e9n contribuyen a lograr Objetivos de Desarrollo Sostenible identificados por la ONU para mejorar la vida de todos en el mundo\u2013 se concentraron en las categor\u00edas de <strong>Seguridad Alimentaria<\/strong>: <em>Las Mujeres Sembramos<\/em>, presentado por la Coordinadora Paz para las Mujeres y <em>Huerto Riachuelo<\/em>, de la Cooperativa de Trabajo Cabachuelas; y <strong>Conservaci\u00f3n y Recuperaci\u00f3n de la &nbsp;Biodiversidad<\/strong>: <em>Rehabilitaci\u00f3n comunitaria de los arrecifes urbanos de San Juan,<\/em> de la Sociedad Ambiente Marino, y <em>Ra\u00edces Urbanas, <\/em>de Caras of the Americas<em>.<\/em><\/p>\n\n\n\n<p>\u201cCon cada edici\u00f3n de Donativos Ambientales Ford reafirmamos nuestro compromiso con la sustentabilidad, ya que al apoyar iniciativas comunitarias que favorecen el ambiente, estamos fomentando la multiplicaci\u00f3n de esfuerzos colectivos que sirven como catalizadores de cambios para alcanzar un mejor planeta. Nos satisface grandemente que estos proyectos tambi\u00e9n contribuyen al desarrollo econ\u00f3mico y social de las comunidades. Felicitamos a los proyectos ganadores y a todas las organizaciones que contin\u00faan haciendo la diferencia con su compromiso y esfuerzo\u201d, expres\u00f3 Vivian T. D\u00e1vila, gerente de asuntos p\u00fablicos y comunicaciones para Ford en Centroam\u00e9rica y Caribe, quien indic\u00f3 que la cifra de donativos repartidos este a\u00f1o se suma a los m\u00e1s de $1.8 millones que la compa\u00f1\u00eda automotriz ha aportado a iniciativas ambientales en esta regi\u00f3n durante las dos d\u00e9cadas en las que el programa se ha llevado a cabo.<\/p>\n\n\n\n<div class=\"wp-block-jetpack-slideshow aligncenter\" data-effect=\"slide\"><div class=\"wp-block-jetpack-slideshow_container swiper-container\"><ul class=\"wp-block-jetpack-slideshow_swiper-wrapper swiper-wrapper\"><li class=\"wp-block-jetpack-slideshow_slide swiper-slide\"><figure><img loading=\"lazy\" width=\"1773\" height=\"1182\" alt=\"\" class=\"wp-block-jetpack-slideshow_image wp-image-2655\" data-id=\"2655\" src=\"https:\/\/www.jameslynn.com\/blog\/wp-content\/uploads\/2022\/09\/Proteccion-de-la-Biodiversidad.jpg\" srcset=\"https:\/\/www.jameslynn.com\/blog\/wp-content\/uploads\/2022\/09\/Proteccion-de-la-Biodiversidad.jpg 1773w, https:\/\/www.jameslynn.com\/blog\/wp-content\/uploads\/2022\/09\/Proteccion-de-la-Biodiversidad-450x300.jpg 450w, https:\/\/www.jameslynn.com\/blog\/wp-content\/uploads\/2022\/09\/Proteccion-de-la-Biodiversidad-1280x853.jpg 1280w, https:\/\/www.jameslynn.com\/blog\/wp-content\/uploads\/2022\/09\/Proteccion-de-la-Biodiversidad-768x512.jpg 768w, https:\/\/www.jameslynn.com\/blog\/wp-content\/uploads\/2022\/09\/Proteccion-de-la-Biodiversidad-1536x1024.jpg 1536w, https:\/\/www.jameslynn.com\/blog\/wp-content\/uploads\/2022\/09\/Proteccion-de-la-Biodiversidad-500x333.jpg 500w, https:\/\/www.jameslynn.com\/blog\/wp-content\/uploads\/2022\/09\/Proteccion-de-la-Biodiversidad-219x146.jpg 219w, https:\/\/www.jameslynn.com\/blog\/wp-content\/uploads\/2022\/09\/Proteccion-de-la-Biodiversidad-50x33.jpg 50w, https:\/\/www.jameslynn.com\/blog\/wp-content\/uploads\/2022\/09\/Proteccion-de-la-Biodiversidad-113x75.jpg 113w\" sizes=\"(max-width: 1773px) 100vw, 1773px\" \/><\/figure><\/li><li class=\"wp-block-jetpack-slideshow_slide swiper-slide\"><figure><img loading=\"lazy\" width=\"2048\" height=\"1365\" alt=\"\" class=\"wp-block-jetpack-slideshow_image wp-image-2656\" data-id=\"2656\" src=\"https:\/\/www.jameslynn.com\/blog\/wp-content\/uploads\/2022\/09\/Seguridad-Alimentaria-2.jpg\" srcset=\"https:\/\/www.jameslynn.com\/blog\/wp-content\/uploads\/2022\/09\/Seguridad-Alimentaria-2.jpg 2048w, https:\/\/www.jameslynn.com\/blog\/wp-content\/uploads\/2022\/09\/Seguridad-Alimentaria-2-450x300.jpg 450w, https:\/\/www.jameslynn.com\/blog\/wp-content\/uploads\/2022\/09\/Seguridad-Alimentaria-2-1280x853.jpg 1280w, https:\/\/www.jameslynn.com\/blog\/wp-content\/uploads\/2022\/09\/Seguridad-Alimentaria-2-768x512.jpg 768w, https:\/\/www.jameslynn.com\/blog\/wp-content\/uploads\/2022\/09\/Seguridad-Alimentaria-2-1536x1024.jpg 1536w, https:\/\/www.jameslynn.com\/blog\/wp-content\/uploads\/2022\/09\/Seguridad-Alimentaria-2-500x333.jpg 500w, https:\/\/www.jameslynn.com\/blog\/wp-content\/uploads\/2022\/09\/Seguridad-Alimentaria-2-219x146.jpg 219w, https:\/\/www.jameslynn.com\/blog\/wp-content\/uploads\/2022\/09\/Seguridad-Alimentaria-2-50x33.jpg 50w, https:\/\/www.jameslynn.com\/blog\/wp-content\/uploads\/2022\/09\/Seguridad-Alimentaria-2-113x75.jpg 113w\" sizes=\"(max-width: 2048px) 100vw, 2048px\" \/><\/figure><\/li><li class=\"wp-block-jetpack-slideshow_slide swiper-slide\"><figure><img loading=\"lazy\" width=\"2048\" height=\"1365\" alt=\"\" class=\"wp-block-jetpack-slideshow_image wp-image-2658\" data-id=\"2658\" src=\"https:\/\/www.jameslynn.com\/blog\/wp-content\/uploads\/2022\/09\/Seguridad-Alimentaria-1.jpg\" srcset=\"https:\/\/www.jameslynn.com\/blog\/wp-content\/uploads\/2022\/09\/Seguridad-Alimentaria-1.jpg 2048w, https:\/\/www.jameslynn.com\/blog\/wp-content\/uploads\/2022\/09\/Seguridad-Alimentaria-1-450x300.jpg 450w, https:\/\/www.jameslynn.com\/blog\/wp-content\/uploads\/2022\/09\/Seguridad-Alimentaria-1-1280x853.jpg 1280w, https:\/\/www.jameslynn.com\/blog\/wp-content\/uploads\/2022\/09\/Seguridad-Alimentaria-1-768x512.jpg 768w, https:\/\/www.jameslynn.com\/blog\/wp-content\/uploads\/2022\/09\/Seguridad-Alimentaria-1-1536x1024.jpg 1536w, https:\/\/www.jameslynn.com\/blog\/wp-content\/uploads\/2022\/09\/Seguridad-Alimentaria-1-500x333.jpg 500w, https:\/\/www.jameslynn.com\/blog\/wp-content\/uploads\/2022\/09\/Seguridad-Alimentaria-1-219x146.jpg 219w, https:\/\/www.jameslynn.com\/blog\/wp-content\/uploads\/2022\/09\/Seguridad-Alimentaria-1-50x33.jpg 50w, https:\/\/www.jameslynn.com\/blog\/wp-content\/uploads\/2022\/09\/Seguridad-Alimentaria-1-113x75.jpg 113w\" sizes=\"(max-width: 2048px) 100vw, 2048px\" \/><\/figure><\/li><\/ul><a class=\"wp-block-jetpack-slideshow_button-prev swiper-button-prev swiper-button-white\" role=\"button\"><\/a><a class=\"wp-block-jetpack-slideshow_button-next swiper-button-next swiper-button-white\" role=\"button\"><\/a><a aria-label=\"Pause Slideshow\" class=\"wp-block-jetpack-slideshow_button-pause\" role=\"button\"><\/a><div class=\"wp-block-jetpack-slideshow_pagination swiper-pagination swiper-pagination-white\"><\/div><\/div><\/div>\n\n\n\n<p>Los expertos en temas ambientales que evaluaron las propuestas y seleccionaron los proyectos ganadores a base a su contribuci\u00f3n al desarrollo sostenible, impacto comunitario, alianzas multisectoriales y efecto multiplicador fueron: la Dra. Yogani Govender, decana de Ciencias y Tecnolog\u00eda del Laboratorio de Estudios Clim\u00e1ticos y Ecol\u00f3gicos de la Universidad Interamericana de Puerto Rico, Recinto Metro; el Dr. Jorge Bauz\u00e1-Ortega, director cient\u00edfico del Programa del Estuario de la Bah\u00eda de San Juan; Glorimar Toledo, coordinadora de Proyectos de Conservaci\u00f3n y Biodiversidad de Para la Naturaleza; Perla Sof\u00eda Curbelo, fundadora y directora de Agrochic; y Ruz Deliz Cruz, gerente ambiental de Horne Puerto Rico.<\/p>\n\n\n\n<p>A trav\u00e9s de los a\u00f1os, el Programa Donativos Ambientales Ford ha apoyado proyectos ambientales que han contribuido a los 17 Objetivos de Desarrollo Sostenible (ODS) de la ONU al estar relacionados con la conservaci\u00f3n y recuperaci\u00f3n de la biodiversidad, educaci\u00f3n ambiental, gesti\u00f3n de residuos, eficiencia energ\u00e9tica, energ\u00edas renovables y seguridad alimentaria. Entre otros, el impacto de los donativos de Ford a pasados proyectos ganadores incluye construcci\u00f3n y rehabilitaci\u00f3n de infraestructura comunitaria; apoyo a la econom\u00eda local; nuevas tecnolog\u00edas en procesos productivos; fortalecimiento de capacidades; mayor integraci\u00f3n y organizaci\u00f3n de la comunidad y generaci\u00f3n de nuevo conocimiento. Adem\u00e1s de aprovechar sus recursos, mucho de estos proyectos lograron aumentar su impacto a trav\u00e9s de alianzas p\u00fablico-privadas con el apoyo principalmente de otras organizaciones sin fines de lucro, empresas y el gobierno.<\/p>\n\n\n\n<p>La convocatoria para la pr\u00f3xima edici\u00f3n del programa Donativos Ambientales Ford comenzar\u00e1 en abril de 2023. M\u00e1s informaci\u00f3n sobre el programa est\u00e1 disponible en<strong> <a href=\"http:\/\/www.DonativosAmbientalesFord.com\" target=\"_blank\" rel=\"noreferrer noopener\">DonativosAmbientalesFord.com<\/a><\/strong>.<\/p>\n","protected":false},"excerpt":{"rendered":"<p>16 de septiembre de 2022. San Juan, Puerto Rico \u2013 Con el objetivo de continuar propulsando la sustentabilidad y acelerando la conservaci\u00f3n de los recursos naturales<span class=\"excerpt-hellip\"> [\u2026]<\/span><\/p>\n","protected":false},"author":32,"featured_media":2654,"comment_status":"open","ping_status":"open","sticky":false,"template":"","format":"standard","meta":{"om_disable_all_campaigns":false,"_monsterinsights_skip_tracking":false,"_monsterinsights_sitenote_active":false,"_monsterinsights_sitenote_note":"","_monsterinsights_sitenote_category":0,"spay_email":"","jetpack_publicize_message":"","jetpack_is_tweetstorm":false,"jetpack_publicize_feature_enabled":true},"categories":[924],"tags":[824,1033,34],"aioseo_notices":[],"yoast_head":"<!-- This site is optimized with the Yoast SEO plugin v17.7.1 - https:\/\/yoast.com\/wordpress\/plugins\/seo\/ -->\n<title>Ford contin\u00faa propulsando la sostenibilidad en Puerto Rico al distribuir $40 mil entre ganadores de Donativos Ambientales Ford 2022 - James Lynn : Tecnolog\u00eda y vida digital<\/title>\n<meta name=\"robots\" content=\"index, follow, max-snippet:-1, max-image-preview:large, max-video-preview:-1\" \/>\n<link rel=\"canonical\" href=\"https:\/\/www.jameslynn.com\/blog\/2022\/09\/26\/donativos-ambientales-ford-2022\/\" \/>\n<meta property=\"og:locale\" content=\"en_US\" \/>\n<meta property=\"og:type\" content=\"article\" \/>\n<meta property=\"og:title\" content=\"Ford contin\u00faa propulsando la sostenibilidad en Puerto Rico al distribuir $40 mil entre ganadores de Donativos Ambientales Ford 2022 - James Lynn : Tecnolog\u00eda y vida digital\" \/>\n<meta property=\"og:description\" content=\"16 de septiembre de 2022. San Juan, Puerto Rico \u2013 Con el objetivo de continuar propulsando la sustentabilidad y acelerando la conservaci\u00f3n de los recursos naturales [\u2026]\" \/>\n<meta property=\"og:url\" content=\"https:\/\/www.jameslynn.com\/blog\/2022\/09\/26\/donativos-ambientales-ford-2022\/\" \/>\n<meta property=\"og:site_name\" content=\"James Lynn : Tecnolog\u00eda y vida digital\" \/>\n<meta property=\"article:published_time\" content=\"2022-09-26T15:58:26+00:00\" \/>\n<meta property=\"article:modified_time\" content=\"2022-09-26T15:58:29+00:00\" \/>\n<meta property=\"og:image\" content=\"https:\/\/www.jameslynn.com\/blog\/wp-content\/uploads\/2022\/09\/Donativos-Amientales-Ford-Puerto-Rico-2022-1280x853.jpg\" \/>\n\t<meta property=\"og:image:width\" content=\"1280\" \/>\n\t<meta property=\"og:image:height\" content=\"853\" \/>\n<meta name=\"twitter:label1\" content=\"Written by\" \/>\n\t<meta name=\"twitter:data1\" content=\"James Lynn\" \/>\n\t<meta name=\"twitter:label2\" content=\"Est. reading time\" \/>\n\t<meta name=\"twitter:data2\" content=\"3 minutes\" \/>\n<script type=\"application\/ld+json\" class=\"yoast-schema-graph\">{\"@context\":\"https:\/\/schema.org\",\"@graph\":[{\"@type\":\"WebSite\",\"@id\":\"https:\/\/www.jameslynn.com\/blog\/#website\",\"url\":\"https:\/\/www.jameslynn.com\/blog\/\",\"name\":\"James Lynn : Tecnolog\\u00eda y vida digital\",\"description\":\"Tecnolog\\u00eda y vida digital\",\"potentialAction\":[{\"@type\":\"SearchAction\",\"target\":{\"@type\":\"EntryPoint\",\"urlTemplate\":\"https:\/\/www.jameslynn.com\/blog\/?s={search_term_string}\"},\"query-input\":\"required name=search_term_string\"}],\"inLanguage\":\"en-US\"},{\"@type\":\"ImageObject\",\"@id\":\"https:\/\/www.jameslynn.com\/blog\/2022\/09\/26\/donativos-ambientales-ford-2022\/#primaryimage\",\"inLanguage\":\"en-US\",\"url\":\"https:\/\/www.jameslynn.com\/blog\/wp-content\/uploads\/2022\/09\/Donativos-Amientales-Ford-Puerto-Rico-2022.jpg\",\"contentUrl\":\"https:\/\/www.jameslynn.com\/blog\/wp-content\/uploads\/2022\/09\/Donativos-Amientales-Ford-Puerto-Rico-2022.jpg\",\"width\":2048,\"height\":1365,\"caption\":\"Donativos Amientales Ford\"},{\"@type\":\"WebPage\",\"@id\":\"https:\/\/www.jameslynn.com\/blog\/2022\/09\/26\/donativos-ambientales-ford-2022\/#webpage\",\"url\":\"https:\/\/www.jameslynn.com\/blog\/2022\/09\/26\/donativos-ambientales-ford-2022\/\",\"name\":\"Ford contin\\u00faa propulsando la sostenibilidad en Puerto Rico al distribuir $40 mil entre ganadores de Donativos Ambientales Ford 2022 - James Lynn : Tecnolog\\u00eda y vida digital\",\"isPartOf\":{\"@id\":\"https:\/\/www.jameslynn.com\/blog\/#website\"},\"primaryImageOfPage\":{\"@id\":\"https:\/\/www.jameslynn.com\/blog\/2022\/09\/26\/donativos-ambientales-ford-2022\/#primaryimage\"},\"datePublished\":\"2022-09-26T15:58:26+00:00\",\"dateModified\":\"2022-09-26T15:58:29+00:00\",\"author\":{\"@id\":\"https:\/\/www.jameslynn.com\/blog\/#\/schema\/person\/4439f3e96c27ac4b98b29b03848f8108\"},\"breadcrumb\":{\"@id\":\"https:\/\/www.jameslynn.com\/blog\/2022\/09\/26\/donativos-ambientales-ford-2022\/#breadcrumb\"},\"inLanguage\":\"en-US\",\"potentialAction\":[{\"@type\":\"ReadAction\",\"target\":[\"https:\/\/www.jameslynn.com\/blog\/2022\/09\/26\/donativos-ambientales-ford-2022\/\"]}]},{\"@type\":\"BreadcrumbList\",\"@id\":\"https:\/\/www.jameslynn.com\/blog\/2022\/09\/26\/donativos-ambientales-ford-2022\/#breadcrumb\",\"itemListElement\":[{\"@type\":\"ListItem\",\"position\":1,\"name\":\"Home\",\"item\":\"https:\/\/www.jameslynn.com\/blog\/\"},{\"@type\":\"ListItem\",\"position\":2,\"name\":\"Ford contin\\u00faa propulsando la sostenibilidad en Puerto Rico al distribuir $40 mil entre ganadores de Donativos Ambientales Ford 2022\"}]},{\"@type\":\"Person\",\"@id\":\"https:\/\/www.jameslynn.com\/blog\/#\/schema\/person\/4439f3e96c27ac4b98b29b03848f8108\",\"name\":\"James Lynn\",\"image\":{\"@type\":\"ImageObject\",\"@id\":\"https:\/\/www.jameslynn.com\/blog\/#personlogo\",\"inLanguage\":\"en-US\",\"url\":\"https:\/\/secure.gravatar.com\/avatar\/2dcd2635cd0622bf457f25788f8c478b?s=96&d=mm&r=pg\",\"contentUrl\":\"https:\/\/secure.gravatar.com\/avatar\/2dcd2635cd0622bf457f25788f8c478b?s=96&d=mm&r=pg\",\"caption\":\"James Lynn\"},\"description\":\"Tech blogger, podcaster, live streamer, graphic designer, photographer, multimedia artist and university professor living in San Juan, Puerto Rico.\",\"sameAs\":[\"http:\/\/www.jameslynn.com\"],\"url\":\"https:\/\/www.jameslynn.com\/blog\/author\/jameslynn\/\"}]}<\/script>\n<!-- \/ Yoast SEO plugin. -->","yoast_head_json":{"title":"Ford contin\u00faa propulsando la sostenibilidad en Puerto Rico al distribuir $40 mil entre ganadores de Donativos Ambientales Ford 2022 - James Lynn : Tecnolog\u00eda y vida digital","robots":{"index":"index","follow":"follow","max-snippet":"max-snippet:-1","max-image-preview":"max-image-preview:large","max-video-preview":"max-video-preview:-1"},"canonical":"https:\/\/www.jameslynn.com\/blog\/2022\/09\/26\/donativos-ambientales-ford-2022\/","og_locale":"en_US","og_type":"article","og_title":"Ford contin\u00faa propulsando la sostenibilidad en Puerto Rico al distribuir $40 mil entre ganadores de Donativos Ambientales Ford 2022 - James Lynn : Tecnolog\u00eda y vida digital","og_description":"16 de septiembre de 2022. San Juan, Puerto Rico \u2013 Con el objetivo de continuar propulsando la sustentabilidad y acelerando la conservaci\u00f3n de los recursos naturales [\u2026]","og_url":"https:\/\/www.jameslynn.com\/blog\/2022\/09\/26\/donativos-ambientales-ford-2022\/","og_site_name":"James Lynn : Tecnolog\u00eda y vida digital","article_published_time":"2022-09-26T15:58:26+00:00","article_modified_time":"2022-09-26T15:58:29+00:00","og_image":[{"width":1280,"height":853,"url":"https:\/\/www.jameslynn.com\/blog\/wp-content\/uploads\/2022\/09\/Donativos-Amientales-Ford-Puerto-Rico-2022-1280x853.jpg","type":"image\/jpeg"}],"twitter_misc":{"Written by":"James Lynn","Est. reading time":"3 minutes"},"schema":{"@context":"https:\/\/schema.org","@graph":[{"@type":"WebSite","@id":"https:\/\/www.jameslynn.com\/blog\/#website","url":"https:\/\/www.jameslynn.com\/blog\/","name":"James Lynn : Tecnolog\u00eda y vida digital","description":"Tecnolog\u00eda y vida digital","potentialAction":[{"@type":"SearchAction","target":{"@type":"EntryPoint","urlTemplate":"https:\/\/www.jameslynn.com\/blog\/?s={search_term_string}"},"query-input":"required name=search_term_string"}],"inLanguage":"en-US"},{"@type":"ImageObject","@id":"https:\/\/www.jameslynn.com\/blog\/2022\/09\/26\/donativos-ambientales-ford-2022\/#primaryimage","inLanguage":"en-US","url":"https:\/\/www.jameslynn.com\/blog\/wp-content\/uploads\/2022\/09\/Donativos-Amientales-Ford-Puerto-Rico-2022.jpg","contentUrl":"https:\/\/www.jameslynn.com\/blog\/wp-content\/uploads\/2022\/09\/Donativos-Amientales-Ford-Puerto-Rico-2022.jpg","width":2048,"height":1365,"caption":"Donativos Amientales Ford"},{"@type":"WebPage","@id":"https:\/\/www.jameslynn.com\/blog\/2022\/09\/26\/donativos-ambientales-ford-2022\/#webpage","url":"https:\/\/www.jameslynn.com\/blog\/2022\/09\/26\/donativos-ambientales-ford-2022\/","name":"Ford contin\u00faa propulsando la sostenibilidad en Puerto Rico al distribuir $40 mil entre ganadores de Donativos Ambientales Ford 2022 - James Lynn : Tecnolog\u00eda y vida digital","isPartOf":{"@id":"https:\/\/www.jameslynn.com\/blog\/#website"},"primaryImageOfPage":{"@id":"https:\/\/www.jameslynn.com\/blog\/2022\/09\/26\/donativos-ambientales-ford-2022\/#primaryimage"},"datePublished":"2022-09-26T15:58:26+00:00","dateModified":"2022-09-26T15:58:29+00:00","author":{"@id":"https:\/\/www.jameslynn.com\/blog\/#\/schema\/person\/4439f3e96c27ac4b98b29b03848f8108"},"breadcrumb":{"@id":"https:\/\/www.jameslynn.com\/blog\/2022\/09\/26\/donativos-ambientales-ford-2022\/#breadcrumb"},"inLanguage":"en-US","potentialAction":[{"@type":"ReadAction","target":["https:\/\/www.jameslynn.com\/blog\/2022\/09\/26\/donativos-ambientales-ford-2022\/"]}]},{"@type":"BreadcrumbList","@id":"https:\/\/www.jameslynn.com\/blog\/2022\/09\/26\/donativos-ambientales-ford-2022\/#breadcrumb","itemListElement":[{"@type":"ListItem","position":1,"name":"Home","item":"https:\/\/www.jameslynn.com\/blog\/"},{"@type":"ListItem","position":2,"name":"Ford contin\u00faa propulsando la sostenibilidad en Puerto Rico al distribuir $40 mil entre ganadores de Donativos Ambientales Ford 2022"}]},{"@type":"Person","@id":"https:\/\/www.jameslynn.com\/blog\/#\/schema\/person\/4439f3e96c27ac4b98b29b03848f8108","name":"James Lynn","image":{"@type":"ImageObject","@id":"https:\/\/www.jameslynn.com\/blog\/#personlogo","inLanguage":"en-US","url":"https:\/\/secure.gravatar.com\/avatar\/2dcd2635cd0622bf457f25788f8c478b?s=96&d=mm&r=pg","contentUrl":"https:\/\/secure.gravatar.com\/avatar\/2dcd2635cd0622bf457f25788f8c478b?s=96&d=mm&r=pg","caption":"James Lynn"},"description":"Tech blogger, podcaster, live streamer, graphic designer, photographer, multimedia artist and university professor living in San Juan, Puerto Rico.","sameAs":["http:\/\/www.jameslynn.com"],"url":"https:\/\/www.jameslynn.com\/blog\/author\/jameslynn\/"}]}},"jetpack_featured_media_url":"https:\/\/www.jameslynn.com\/blog\/wp-content\/uploads\/2022\/09\/Donativos-Amientales-Ford-Puerto-Rico-2022.jpg","jetpack_publicize_connections":[],"jetpack_shortlink":"https:\/\/wp.me\/p2kNF7-GM","_links":{"self":[{"href":"https:\/\/www.jameslynn.com\/blog\/wp-json\/wp\/v2\/posts\/2652"}],"collection":[{"href":"https:\/\/www.jameslynn.com\/blog\/wp-json\/wp\/v2\/posts"}],"about":[{"href":"https:\/\/www.jameslynn.com\/blog\/wp-json\/wp\/v2\/types\/post"}],"author":[{"embeddable":true,"href":"https:\/\/www.jameslynn.com\/blog\/wp-json\/wp\/v2\/users\/32"}],"replies":[{"embeddable":true,"href":"https:\/\/www.jameslynn.com\/blog\/wp-json\/wp\/v2\/comments?post=2652"}],"version-history":[{"count":3,"href":"https:\/\/www.jameslynn.com\/blog\/wp-json\/wp\/v2\/posts\/2652\/revisions"}],"predecessor-version":[{"id":2660,"href":"https:\/\/www.jameslynn.com\/blog\/wp-json\/wp\/v2\/posts\/2652\/revisions\/2660"}],"wp:featuredmedia":[{"embeddable":true,"href":"https:\/\/www.jameslynn.com\/blog\/wp-json\/wp\/v2\/media\/2654"}],"wp:attachment":[{"href":"https:\/\/www.jameslynn.com\/blog\/wp-json\/wp\/v2\/media?parent=2652"}],"wp:term":[{"taxonomy":"category","embeddable":true,"href":"https:\/\/www.jameslynn.com\/blog\/wp-json\/wp\/v2\/categories?post=2652"},{"taxonomy":"post_tag","embeddable":true,"href":"https:\/\/www.jameslynn.com\/blog\/wp-json\/wp\/v2\/tags?post=2652"}],"curies":[{"name":"wp","href":"https:\/\/api.w.org\/{rel}","templated":true}]}}