{"id":26,"date":"2008-05-12T10:50:34","date_gmt":"2008-05-12T17:50:34","guid":{"rendered":"http:\/\/www.jameslynn.com\/blog\/?p=26"},"modified":"2008-05-12T10:50:34","modified_gmt":"2008-05-12T17:50:34","slug":"claro-que-quiero-un-iphone","status":"publish","type":"post","link":"https:\/\/www.jameslynn.com\/blog\/2008\/05\/12\/claro-que-quiero-un-iphone\/","title":{"rendered":"Claro que quiero un iPhone!"},"content":{"rendered":"<p>Ahora&#8230; cu\u00e1ntos se cambiaron a AT&amp;T esperando por el iPhone? Pues brinquen de nuevo porque viene por Claro!<\/p>\n<p>Sigue la noticia en <a href=\"http:\/\/www.tecnetico.com\/content.asp?contentid=1579&amp;contenttypeid=11\" title=\"Confirmado: adquiere Claro\/Am\u00e9rica M\u00f3vil exclusividad de iPhone para Am\u00e9rica Latina\">Tecnetico.com <\/a>&lt;&lt;<\/p>\n","protected":false},"excerpt":{"rendered":"<p>Ahora&#8230; cu\u00e1ntos se cambiaron a AT&amp;T esperando por el iPhone? Pues brinquen de nuevo porque viene por Claro! Sigue la noticia en Tecnetico.com &lt;&lt;<\/p>\n","protected":false},"author":1,"featured_media":0,"comment_status":"open","ping_status":"open","sticky":false,"template":"","format":"standard","meta":{"om_disable_all_campaigns":false,"_monsterinsights_skip_tracking":false,"_monsterinsights_sitenote_active":false,"_monsterinsights_sitenote_note":"","_monsterinsights_sitenote_category":0,"spay_email":"","jetpack_publicize_message":"","jetpack_is_tweetstorm":false,"jetpack_publicize_feature_enabled":true},"categories":[17],"tags":[],"aioseo_notices":[],"yoast_head":"<!-- This site is optimized with the Yoast SEO plugin v17.7.1 - https:\/\/yoast.com\/wordpress\/plugins\/seo\/ -->\n<title>Claro que quiero un iPhone! - James Lynn : Tecnolog\u00eda y vida digital<\/title>\n<meta name=\"robots\" content=\"index, follow, max-snippet:-1, max-image-preview:large, max-video-preview:-1\" \/>\n<link rel=\"canonical\" href=\"https:\/\/www.jameslynn.com\/blog\/2008\/05\/12\/claro-que-quiero-un-iphone\/\" \/>\n<meta property=\"og:locale\" content=\"en_US\" \/>\n<meta property=\"og:type\" content=\"article\" \/>\n<meta property=\"og:title\" content=\"Claro que quiero un iPhone! - James Lynn : Tecnolog\u00eda y vida digital\" \/>\n<meta property=\"og:description\" content=\"Ahora&#8230; cu\u00e1ntos se cambiaron a AT&amp;T esperando por el iPhone? Pues brinquen de nuevo porque viene por Claro! Sigue la noticia en Tecnetico.com &lt;&lt;\" \/>\n<meta property=\"og:url\" content=\"https:\/\/www.jameslynn.com\/blog\/2008\/05\/12\/claro-que-quiero-un-iphone\/\" \/>\n<meta property=\"og:site_name\" content=\"James Lynn : Tecnolog\u00eda y vida digital\" \/>\n<meta property=\"article:published_time\" content=\"2008-05-12T17:50:34+00:00\" \/>\n<meta name=\"twitter:label1\" content=\"Written by\" \/>\n\t<meta name=\"twitter:data1\" content=\"James Lynn\" \/>\n<script type=\"application\/ld+json\" class=\"yoast-schema-graph\">{\"@context\":\"https:\/\/schema.org\",\"@graph\":[{\"@type\":\"WebSite\",\"@id\":\"https:\/\/www.jameslynn.com\/blog\/#website\",\"url\":\"https:\/\/www.jameslynn.com\/blog\/\",\"name\":\"James Lynn : Tecnolog\\u00eda y vida digital\",\"description\":\"Tecnolog\\u00eda y vida digital\",\"potentialAction\":[{\"@type\":\"SearchAction\",\"target\":{\"@type\":\"EntryPoint\",\"urlTemplate\":\"https:\/\/www.jameslynn.com\/blog\/?s={search_term_string}\"},\"query-input\":\"required name=search_term_string\"}],\"inLanguage\":\"en-US\"},{\"@type\":\"WebPage\",\"@id\":\"https:\/\/www.jameslynn.com\/blog\/2008\/05\/12\/claro-que-quiero-un-iphone\/#webpage\",\"url\":\"https:\/\/www.jameslynn.com\/blog\/2008\/05\/12\/claro-que-quiero-un-iphone\/\",\"name\":\"Claro que quiero un iPhone! - James Lynn : Tecnolog\\u00eda y vida digital\",\"isPartOf\":{\"@id\":\"https:\/\/www.jameslynn.com\/blog\/#website\"},\"datePublished\":\"2008-05-12T17:50:34+00:00\",\"dateModified\":\"2008-05-12T17:50:34+00:00\",\"author\":{\"@id\":\"https:\/\/www.jameslynn.com\/blog\/#\/schema\/person\/471a3a184d2210211b57765966cb1990\"},\"breadcrumb\":{\"@id\":\"https:\/\/www.jameslynn.com\/blog\/2008\/05\/12\/claro-que-quiero-un-iphone\/#breadcrumb\"},\"inLanguage\":\"en-US\",\"potentialAction\":[{\"@type\":\"ReadAction\",\"target\":[\"https:\/\/www.jameslynn.com\/blog\/2008\/05\/12\/claro-que-quiero-un-iphone\/\"]}]},{\"@type\":\"BreadcrumbList\",\"@id\":\"https:\/\/www.jameslynn.com\/blog\/2008\/05\/12\/claro-que-quiero-un-iphone\/#breadcrumb\",\"itemListElement\":[{\"@type\":\"ListItem\",\"position\":1,\"name\":\"Home\",\"item\":\"https:\/\/www.jameslynn.com\/blog\/\"},{\"@type\":\"ListItem\",\"position\":2,\"name\":\"Claro que quiero un iPhone!\"}]},{\"@type\":\"Person\",\"@id\":\"https:\/\/www.jameslynn.com\/blog\/#\/schema\/person\/471a3a184d2210211b57765966cb1990\",\"name\":\"James Lynn\",\"image\":{\"@type\":\"ImageObject\",\"@id\":\"https:\/\/www.jameslynn.com\/blog\/#personlogo\",\"inLanguage\":\"en-US\",\"url\":\"https:\/\/secure.gravatar.com\/avatar\/92923c3f015934ab7ee44072946c70fa?s=96&d=mm&r=pg\",\"contentUrl\":\"https:\/\/secure.gravatar.com\/avatar\/92923c3f015934ab7ee44072946c70fa?s=96&d=mm&r=pg\",\"caption\":\"James Lynn\"},\"description\":\"Graphic designer, photographer, multimedia artist and university professor living in San Juan, Puerto Rico.\",\"sameAs\":[\"http:\/\/www.jameslynn.com\"],\"url\":\"https:\/\/www.jameslynn.com\/blog\/author\/admin\/\"}]}<\/script>\n<!-- \/ Yoast SEO plugin. -->","yoast_head_json":{"title":"Claro que quiero un iPhone! - James Lynn : Tecnolog\u00eda y vida digital","robots":{"index":"index","follow":"follow","max-snippet":"max-snippet:-1","max-image-preview":"max-image-preview:large","max-video-preview":"max-video-preview:-1"},"canonical":"https:\/\/www.jameslynn.com\/blog\/2008\/05\/12\/claro-que-quiero-un-iphone\/","og_locale":"en_US","og_type":"article","og_title":"Claro que quiero un iPhone! - James Lynn : Tecnolog\u00eda y vida digital","og_description":"Ahora&#8230; cu\u00e1ntos se cambiaron a AT&amp;T esperando por el iPhone? Pues brinquen de nuevo porque viene por Claro! Sigue la noticia en Tecnetico.com &lt;&lt;","og_url":"https:\/\/www.jameslynn.com\/blog\/2008\/05\/12\/claro-que-quiero-un-iphone\/","og_site_name":"James Lynn : Tecnolog\u00eda y vida digital","article_published_time":"2008-05-12T17:50:34+00:00","twitter_misc":{"Written by":"James Lynn"},"schema":{"@context":"https:\/\/schema.org","@graph":[{"@type":"WebSite","@id":"https:\/\/www.jameslynn.com\/blog\/#website","url":"https:\/\/www.jameslynn.com\/blog\/","name":"James Lynn : Tecnolog\u00eda y vida digital","description":"Tecnolog\u00eda y vida digital","potentialAction":[{"@type":"SearchAction","target":{"@type":"EntryPoint","urlTemplate":"https:\/\/www.jameslynn.com\/blog\/?s={search_term_string}"},"query-input":"required name=search_term_string"}],"inLanguage":"en-US"},{"@type":"WebPage","@id":"https:\/\/www.jameslynn.com\/blog\/2008\/05\/12\/claro-que-quiero-un-iphone\/#webpage","url":"https:\/\/www.jameslynn.com\/blog\/2008\/05\/12\/claro-que-quiero-un-iphone\/","name":"Claro que quiero un iPhone! - James Lynn : Tecnolog\u00eda y vida digital","isPartOf":{"@id":"https:\/\/www.jameslynn.com\/blog\/#website"},"datePublished":"2008-05-12T17:50:34+00:00","dateModified":"2008-05-12T17:50:34+00:00","author":{"@id":"https:\/\/www.jameslynn.com\/blog\/#\/schema\/person\/471a3a184d2210211b57765966cb1990"},"breadcrumb":{"@id":"https:\/\/www.jameslynn.com\/blog\/2008\/05\/12\/claro-que-quiero-un-iphone\/#breadcrumb"},"inLanguage":"en-US","potentialAction":[{"@type":"ReadAction","target":["https:\/\/www.jameslynn.com\/blog\/2008\/05\/12\/claro-que-quiero-un-iphone\/"]}]},{"@type":"BreadcrumbList","@id":"https:\/\/www.jameslynn.com\/blog\/2008\/05\/12\/claro-que-quiero-un-iphone\/#breadcrumb","itemListElement":[{"@type":"ListItem","position":1,"name":"Home","item":"https:\/\/www.jameslynn.com\/blog\/"},{"@type":"ListItem","position":2,"name":"Claro que quiero un iPhone!"}]},{"@type":"Person","@id":"https:\/\/www.jameslynn.com\/blog\/#\/schema\/person\/471a3a184d2210211b57765966cb1990","name":"James Lynn","image":{"@type":"ImageObject","@id":"https:\/\/www.jameslynn.com\/blog\/#personlogo","inLanguage":"en-US","url":"https:\/\/secure.gravatar.com\/avatar\/92923c3f015934ab7ee44072946c70fa?s=96&d=mm&r=pg","contentUrl":"https:\/\/secure.gravatar.com\/avatar\/92923c3f015934ab7ee44072946c70fa?s=96&d=mm&r=pg","caption":"James Lynn"},"description":"Graphic designer, photographer, multimedia artist and university professor living in San Juan, Puerto Rico.","sameAs":["http:\/\/www.jameslynn.com"],"url":"https:\/\/www.jameslynn.com\/blog\/author\/admin\/"}]}},"jetpack_featured_media_url":"","jetpack_publicize_connections":[],"jetpack_shortlink":"https:\/\/wp.me\/p2kNF7-q","_links":{"self":[{"href":"https:\/\/www.jameslynn.com\/blog\/wp-json\/wp\/v2\/posts\/26"}],"collection":[{"href":"https:\/\/www.jameslynn.com\/blog\/wp-json\/wp\/v2\/posts"}],"about":[{"href":"https:\/\/www.jameslynn.com\/blog\/wp-json\/wp\/v2\/types\/post"}],"author":[{"embeddable":true,"href":"https:\/\/www.jameslynn.com\/blog\/wp-json\/wp\/v2\/users\/1"}],"replies":[{"embeddable":true,"href":"https:\/\/www.jameslynn.com\/blog\/wp-json\/wp\/v2\/comments?post=26"}],"version-history":[{"count":0,"href":"https:\/\/www.jameslynn.com\/blog\/wp-json\/wp\/v2\/posts\/26\/revisions"}],"wp:attachment":[{"href":"https:\/\/www.jameslynn.com\/blog\/wp-json\/wp\/v2\/media?parent=26"}],"wp:term":[{"taxonomy":"category","embeddable":true,"href":"https:\/\/www.jameslynn.com\/blog\/wp-json\/wp\/v2\/categories?post=26"},{"taxonomy":"post_tag","embeddable":true,"href":"https:\/\/www.jameslynn.com\/blog\/wp-json\/wp\/v2\/tags?post=26"}],"curies":[{"name":"wp","href":"https:\/\/api.w.org\/{rel}","templated":true}]}}