{"id":2415,"date":"2022-06-14T21:36:23","date_gmt":"2022-06-15T01:36:23","guid":{"rendered":"https:\/\/www.jameslynn.com\/blog\/?p=2415"},"modified":"2022-06-14T21:37:17","modified_gmt":"2022-06-15T01:37:17","slug":"corona-oceans-week-recoge-desperdicios-en-playas-de-puerto-rico","status":"publish","type":"post","link":"https:\/\/www.jameslynn.com\/blog\/2022\/06\/14\/corona-oceans-week-recoge-desperdicios-en-playas-de-puerto-rico\/","title":{"rendered":"Corona Ocean\u00b4s Week recoge m\u00e1s de 3,300 libras de desperdicios en varias playas de Puerto Rico"},"content":{"rendered":"\n<p><strong><a href=\"https:\/\/coronaextrapr.com\/\" target=\"_blank\" rel=\"noreferrer noopener\">Corona de Puerto Rico<\/a><\/strong>, celebr\u00f3 esta semana el <strong>Ocean\u00b4s Week<\/strong>, como parte del llamado mundial por la conservaci\u00f3n de nuestros oc\u00e9anos. Del 8 al 11 de junio se escogieron 4 playas de nuestra isla para realizar recogido de desperdicios con el prop\u00f3sito de concienciar sobre el cuidado de nuestro medioambiente. El esfuerzo logr\u00f3 recoger m\u00e1s de 3,300 libras de desperdicios.<\/p>\n\n\n\n<p>Corona Ocean\u00b4s Week cont\u00f3 con <strong><a href=\"https:\/\/www.instagram.com\/ecotitopr\/\" target=\"_blank\" rel=\"noreferrer noopener\">H\u00e9ctor \u201cTito\u201d Varela<\/a><\/strong>, embajador de <strong><a href=\"https:\/\/www.facebook.com\/savethebeachpr\" target=\"_blank\" rel=\"noreferrer noopener\">Save the Beach PR<\/a><\/strong>, como portavoz de todas las iniciativas ofreciendo una charla educativa a los presentes. En la Playa Vac\u00eda Talega, la Coalici\u00f3n Restauraci\u00f3n Ecosistemas Santurcinos Puerto Rico, voluntarios y el creador de contenido Omar Tirado de T\u00edrate PR, recogieron cerca de 500 libras de desperdicios.<\/p>\n\n\n\n<p>En la Playa Pozo de Teodoro en Isabela, estuvo <strong><a href=\"https:\/\/www.instagram.com\/cocopuertoricoinc\/\" target=\"_blank\" rel=\"noreferrer noopener\">Coco Conservaci\u00f3n Costera<\/a><\/strong>, voluntarios y el creador de contenido Abdiel Rodr\u00edguez de Enjoy Isabela y la activista Wilmar V\u00e1zquez, logrando recoger m\u00e1s de 1,000 libras de basura.<\/p>\n\n\n\n<p>Por su parte, en la Playa Buy\u00e9 de Cabo Rojo, la organizaci\u00f3n Mi Playa Limpia Inc., voluntarios y la locutora, actriz y creadora de contenido <strong><a href=\"https:\/\/www.instagram.com\/monicajudith_cg\/\" target=\"_blank\" rel=\"noreferrer noopener\">M\u00f3nica Judith<\/a><\/strong> lograron recoger m\u00e1s de 1,000 libras de desperdicios.<\/p>\n\n\n\n<figure class=\"wp-block-gallery columns-3 is-cropped\"><ul class=\"blocks-gallery-grid\"><li class=\"blocks-gallery-item\"><figure><img loading=\"lazy\" width=\"1200\" height=\"800\" src=\"https:\/\/www.jameslynn.com\/blog\/wp-content\/uploads\/2022\/06\/OW-Lorna-Imagina-un-mundo-sin-plastico-min.jpeg\" alt=\"\" data-id=\"2418\" data-full-url=\"https:\/\/www.jameslynn.com\/blog\/wp-content\/uploads\/2022\/06\/OW-Lorna-Imagina-un-mundo-sin-plastico-min.jpeg\" data-link=\"https:\/\/www.jameslynn.com\/blog\/?attachment_id=2418\" class=\"wp-image-2418\" srcset=\"https:\/\/www.jameslynn.com\/blog\/wp-content\/uploads\/2022\/06\/OW-Lorna-Imagina-un-mundo-sin-plastico-min.jpeg 1200w, https:\/\/www.jameslynn.com\/blog\/wp-content\/uploads\/2022\/06\/OW-Lorna-Imagina-un-mundo-sin-plastico-min-450x300.jpeg 450w, https:\/\/www.jameslynn.com\/blog\/wp-content\/uploads\/2022\/06\/OW-Lorna-Imagina-un-mundo-sin-plastico-min-768x512.jpeg 768w, https:\/\/www.jameslynn.com\/blog\/wp-content\/uploads\/2022\/06\/OW-Lorna-Imagina-un-mundo-sin-plastico-min-500x333.jpeg 500w, https:\/\/www.jameslynn.com\/blog\/wp-content\/uploads\/2022\/06\/OW-Lorna-Imagina-un-mundo-sin-plastico-min-219x146.jpeg 219w, https:\/\/www.jameslynn.com\/blog\/wp-content\/uploads\/2022\/06\/OW-Lorna-Imagina-un-mundo-sin-plastico-min-50x33.jpeg 50w, https:\/\/www.jameslynn.com\/blog\/wp-content\/uploads\/2022\/06\/OW-Lorna-Imagina-un-mundo-sin-plastico-min-113x75.jpeg 113w\" sizes=\"(max-width: 1200px) 100vw, 1200px\" \/><\/figure><\/li><li class=\"blocks-gallery-item\"><figure><img loading=\"lazy\" width=\"1200\" height=\"800\" src=\"https:\/\/www.jameslynn.com\/blog\/wp-content\/uploads\/2022\/06\/OW-Pesando-la-basura-Crash-Boat-min-min.jpeg\" alt=\"\" data-id=\"2419\" data-full-url=\"https:\/\/www.jameslynn.com\/blog\/wp-content\/uploads\/2022\/06\/OW-Pesando-la-basura-Crash-Boat-min-min.jpeg\" data-link=\"https:\/\/www.jameslynn.com\/blog\/?attachment_id=2419\" class=\"wp-image-2419\" srcset=\"https:\/\/www.jameslynn.com\/blog\/wp-content\/uploads\/2022\/06\/OW-Pesando-la-basura-Crash-Boat-min-min.jpeg 1200w, https:\/\/www.jameslynn.com\/blog\/wp-content\/uploads\/2022\/06\/OW-Pesando-la-basura-Crash-Boat-min-min-450x300.jpeg 450w, https:\/\/www.jameslynn.com\/blog\/wp-content\/uploads\/2022\/06\/OW-Pesando-la-basura-Crash-Boat-min-min-768x512.jpeg 768w, https:\/\/www.jameslynn.com\/blog\/wp-content\/uploads\/2022\/06\/OW-Pesando-la-basura-Crash-Boat-min-min-500x333.jpeg 500w, https:\/\/www.jameslynn.com\/blog\/wp-content\/uploads\/2022\/06\/OW-Pesando-la-basura-Crash-Boat-min-min-219x146.jpeg 219w, https:\/\/www.jameslynn.com\/blog\/wp-content\/uploads\/2022\/06\/OW-Pesando-la-basura-Crash-Boat-min-min-50x33.jpeg 50w, https:\/\/www.jameslynn.com\/blog\/wp-content\/uploads\/2022\/06\/OW-Pesando-la-basura-Crash-Boat-min-min-113x75.jpeg 113w\" sizes=\"(max-width: 1200px) 100vw, 1200px\" \/><\/figure><\/li><li class=\"blocks-gallery-item\"><figure><img loading=\"lazy\" width=\"1200\" height=\"807\" src=\"https:\/\/www.jameslynn.com\/blog\/wp-content\/uploads\/2022\/06\/OW-Reforestacion-en-Vacia-Talega-min.jpeg\" alt=\"\" data-id=\"2420\" data-full-url=\"https:\/\/www.jameslynn.com\/blog\/wp-content\/uploads\/2022\/06\/OW-Reforestacion-en-Vacia-Talega-min.jpeg\" data-link=\"https:\/\/www.jameslynn.com\/blog\/?attachment_id=2420\" class=\"wp-image-2420\" srcset=\"https:\/\/www.jameslynn.com\/blog\/wp-content\/uploads\/2022\/06\/OW-Reforestacion-en-Vacia-Talega-min.jpeg 1200w, https:\/\/www.jameslynn.com\/blog\/wp-content\/uploads\/2022\/06\/OW-Reforestacion-en-Vacia-Talega-min-450x303.jpeg 450w, https:\/\/www.jameslynn.com\/blog\/wp-content\/uploads\/2022\/06\/OW-Reforestacion-en-Vacia-Talega-min-768x516.jpeg 768w, https:\/\/www.jameslynn.com\/blog\/wp-content\/uploads\/2022\/06\/OW-Reforestacion-en-Vacia-Talega-min-500x336.jpeg 500w, https:\/\/www.jameslynn.com\/blog\/wp-content\/uploads\/2022\/06\/OW-Reforestacion-en-Vacia-Talega-min-217x146.jpeg 217w, https:\/\/www.jameslynn.com\/blog\/wp-content\/uploads\/2022\/06\/OW-Reforestacion-en-Vacia-Talega-min-50x34.jpeg 50w, https:\/\/www.jameslynn.com\/blog\/wp-content\/uploads\/2022\/06\/OW-Reforestacion-en-Vacia-Talega-min-112x75.jpeg 112w\" sizes=\"(max-width: 1200px) 100vw, 1200px\" \/><\/figure><\/li><li class=\"blocks-gallery-item\"><figure><img loading=\"lazy\" width=\"1200\" height=\"800\" src=\"https:\/\/www.jameslynn.com\/blog\/wp-content\/uploads\/2022\/06\/OW-Sacando-basura-en-Playa-Buye-min-min-2.jpeg\" alt=\"\" data-id=\"2421\" data-full-url=\"https:\/\/www.jameslynn.com\/blog\/wp-content\/uploads\/2022\/06\/OW-Sacando-basura-en-Playa-Buye-min-min-2.jpeg\" data-link=\"https:\/\/www.jameslynn.com\/blog\/?attachment_id=2421\" class=\"wp-image-2421\" srcset=\"https:\/\/www.jameslynn.com\/blog\/wp-content\/uploads\/2022\/06\/OW-Sacando-basura-en-Playa-Buye-min-min-2.jpeg 1200w, https:\/\/www.jameslynn.com\/blog\/wp-content\/uploads\/2022\/06\/OW-Sacando-basura-en-Playa-Buye-min-min-2-450x300.jpeg 450w, https:\/\/www.jameslynn.com\/blog\/wp-content\/uploads\/2022\/06\/OW-Sacando-basura-en-Playa-Buye-min-min-2-768x512.jpeg 768w, https:\/\/www.jameslynn.com\/blog\/wp-content\/uploads\/2022\/06\/OW-Sacando-basura-en-Playa-Buye-min-min-2-500x333.jpeg 500w, https:\/\/www.jameslynn.com\/blog\/wp-content\/uploads\/2022\/06\/OW-Sacando-basura-en-Playa-Buye-min-min-2-219x146.jpeg 219w, https:\/\/www.jameslynn.com\/blog\/wp-content\/uploads\/2022\/06\/OW-Sacando-basura-en-Playa-Buye-min-min-2-50x33.jpeg 50w, https:\/\/www.jameslynn.com\/blog\/wp-content\/uploads\/2022\/06\/OW-Sacando-basura-en-Playa-Buye-min-min-2-113x75.jpeg 113w\" sizes=\"(max-width: 1200px) 100vw, 1200px\" \/><\/figure><\/li><\/ul><\/figure>\n\n\n\n<p>Por \u00faltimo, en la Playa Crash Boat en Aguadilla, Surfrider Foundation de Puerto Rico, voluntarios y el creador de contenido Luis Sousa de <strong><a href=\"https:\/\/www.instagram.com\/puertoricogram\/\" target=\"_blank\" rel=\"noreferrer noopener\">Puerto Rico Gram<\/a><\/strong>, recogieron poco m\u00e1s de 800 libras de basura. En esta \u00faltima playa, tambi\u00e9n se hizo limpieza en las profundidades con buzos profesionales certificados.<\/p>\n\n\n\n<p>\u201cCorona de Puerto Rico y <strong><a href=\"https:\/\/www.facebook.com\/savethebeachpr\" target=\"_blank\" rel=\"noreferrer noopener\">Save the Beach PR<\/a><\/strong>, contin\u00faan con su compromiso por medio de la educaci\u00f3n y la acci\u00f3n para el medio ambiente. Agradecemos a los voluntarios, creadores de contenido y las organizaciones, por limpiar las playas e inclusive el fondo del mar. La exhortaci\u00f3n es clara y urgente, debemos cuidar nuestra casa, nuestro planeta, para las futuras generaciones, expres\u00f3 Joseph Magruder, director de Corona para Puerto Rico.<\/p>\n\n\n\n<p>La cerveza Corona mundialmente desarroll\u00f3 una campa\u00f1a de comunicaci\u00f3n para continuar los esfuerzos de concienciar sobre la contaminaci\u00f3n del pl\u00e1stico en el oc\u00e9ano. En Puerto Rico, Corona y <strong><a href=\"https:\/\/www.instagram.com\/lornahdez\/\" target=\"_blank\" rel=\"noreferrer noopener\">Lorna Hern\u00e1ndez<\/a><\/strong>, artista pl\u00e1stico, crearon una enorme estructura en la playa con el pl\u00e1stico recuperado del oc\u00e9ano llamada: \u201cImagina un Mundo Libre de Pl\u00e1stico\u201d. Esta escultura fue realizada utilizando 60 libras de pl\u00e1stico en la playa Tuna Beach de Maunabo.<\/p>\n\n\n\n<p>Agradecemos a todos los colaboradores, voluntarios y amantes de nuestras playas por esta gran labor y por dar el ejemplo de c\u00f3mo mantener nuestras costas, arena, mar y vegetaci\u00f3n libres de basura.<\/p>\n","protected":false},"excerpt":{"rendered":"<p>Corona de Puerto Rico, celebr\u00f3 esta semana el Ocean\u00b4s Week, como parte del llamado mundial por la conservaci\u00f3n de nuestros oc\u00e9anos. Del 8 al 11 de<span class=\"excerpt-hellip\"> [\u2026]<\/span><\/p>\n","protected":false},"author":32,"featured_media":2417,"comment_status":"open","ping_status":"open","sticky":false,"template":"","format":"standard","meta":{"om_disable_all_campaigns":false,"_monsterinsights_skip_tracking":false,"_monsterinsights_sitenote_active":false,"_monsterinsights_sitenote_note":"","_monsterinsights_sitenote_category":0,"spay_email":"","jetpack_publicize_message":"","jetpack_is_tweetstorm":false,"jetpack_publicize_feature_enabled":true},"categories":[883],"tags":[824,888,1040,34],"aioseo_notices":[],"yoast_head":"<!-- This site is optimized with the Yoast SEO plugin v17.7.1 - https:\/\/yoast.com\/wordpress\/plugins\/seo\/ -->\n<title>Corona Ocean\u00b4s Week recoge m\u00e1s de 3,300 libras de desperdicios en varias playas de Puerto Rico - James Lynn : Tecnolog\u00eda y vida digital<\/title>\n<meta name=\"robots\" content=\"index, follow, max-snippet:-1, max-image-preview:large, max-video-preview:-1\" \/>\n<link rel=\"canonical\" href=\"https:\/\/www.jameslynn.com\/blog\/2022\/06\/14\/corona-oceans-week-recoge-desperdicios-en-playas-de-puerto-rico\/\" \/>\n<meta property=\"og:locale\" content=\"en_US\" \/>\n<meta property=\"og:type\" content=\"article\" \/>\n<meta property=\"og:title\" content=\"Corona Ocean\u00b4s Week recoge m\u00e1s de 3,300 libras de desperdicios en varias playas de Puerto Rico - James Lynn : Tecnolog\u00eda y vida digital\" \/>\n<meta property=\"og:description\" content=\"Corona de Puerto Rico, celebr\u00f3 esta semana el Ocean\u00b4s Week, como parte del llamado mundial por la conservaci\u00f3n de nuestros oc\u00e9anos. Del 8 al 11 de [\u2026]\" \/>\n<meta property=\"og:url\" content=\"https:\/\/www.jameslynn.com\/blog\/2022\/06\/14\/corona-oceans-week-recoge-desperdicios-en-playas-de-puerto-rico\/\" \/>\n<meta property=\"og:site_name\" content=\"James Lynn : Tecnolog\u00eda y vida digital\" \/>\n<meta property=\"article:published_time\" content=\"2022-06-15T01:36:23+00:00\" \/>\n<meta property=\"article:modified_time\" content=\"2022-06-15T01:37:17+00:00\" \/>\n<meta property=\"og:image\" content=\"https:\/\/www.jameslynn.com\/blog\/wp-content\/uploads\/2022\/06\/Corona-Oceans-Week-playas-Puerto-Rico.jpg\" \/>\n\t<meta property=\"og:image:width\" content=\"1500\" \/>\n\t<meta property=\"og:image:height\" content=\"1000\" \/>\n<meta name=\"twitter:label1\" content=\"Written by\" \/>\n\t<meta name=\"twitter:data1\" content=\"James Lynn\" \/>\n\t<meta name=\"twitter:label2\" content=\"Est. reading time\" \/>\n\t<meta name=\"twitter:data2\" content=\"3 minutes\" \/>\n<script type=\"application\/ld+json\" class=\"yoast-schema-graph\">{\"@context\":\"https:\/\/schema.org\",\"@graph\":[{\"@type\":\"WebSite\",\"@id\":\"https:\/\/www.jameslynn.com\/blog\/#website\",\"url\":\"https:\/\/www.jameslynn.com\/blog\/\",\"name\":\"James Lynn : Tecnolog\\u00eda y vida digital\",\"description\":\"Tecnolog\\u00eda y vida digital\",\"potentialAction\":[{\"@type\":\"SearchAction\",\"target\":{\"@type\":\"EntryPoint\",\"urlTemplate\":\"https:\/\/www.jameslynn.com\/blog\/?s={search_term_string}\"},\"query-input\":\"required name=search_term_string\"}],\"inLanguage\":\"en-US\"},{\"@type\":\"ImageObject\",\"@id\":\"https:\/\/www.jameslynn.com\/blog\/2022\/06\/14\/corona-oceans-week-recoge-desperdicios-en-playas-de-puerto-rico\/#primaryimage\",\"inLanguage\":\"en-US\",\"url\":\"https:\/\/www.jameslynn.com\/blog\/wp-content\/uploads\/2022\/06\/Corona-Oceans-Week-playas-Puerto-Rico.jpg\",\"contentUrl\":\"https:\/\/www.jameslynn.com\/blog\/wp-content\/uploads\/2022\/06\/Corona-Oceans-Week-playas-Puerto-Rico.jpg\",\"width\":1500,\"height\":1000,\"caption\":\"Bandera de Puerto Rico debajo del agua en la playa Crash Boat en Aguadilla\"},{\"@type\":\"WebPage\",\"@id\":\"https:\/\/www.jameslynn.com\/blog\/2022\/06\/14\/corona-oceans-week-recoge-desperdicios-en-playas-de-puerto-rico\/#webpage\",\"url\":\"https:\/\/www.jameslynn.com\/blog\/2022\/06\/14\/corona-oceans-week-recoge-desperdicios-en-playas-de-puerto-rico\/\",\"name\":\"Corona Ocean\\u00b4s Week recoge m\\u00e1s de 3,300 libras de desperdicios en varias playas de Puerto Rico - James Lynn : Tecnolog\\u00eda y vida digital\",\"isPartOf\":{\"@id\":\"https:\/\/www.jameslynn.com\/blog\/#website\"},\"primaryImageOfPage\":{\"@id\":\"https:\/\/www.jameslynn.com\/blog\/2022\/06\/14\/corona-oceans-week-recoge-desperdicios-en-playas-de-puerto-rico\/#primaryimage\"},\"datePublished\":\"2022-06-15T01:36:23+00:00\",\"dateModified\":\"2022-06-15T01:37:17+00:00\",\"author\":{\"@id\":\"https:\/\/www.jameslynn.com\/blog\/#\/schema\/person\/4439f3e96c27ac4b98b29b03848f8108\"},\"breadcrumb\":{\"@id\":\"https:\/\/www.jameslynn.com\/blog\/2022\/06\/14\/corona-oceans-week-recoge-desperdicios-en-playas-de-puerto-rico\/#breadcrumb\"},\"inLanguage\":\"en-US\",\"potentialAction\":[{\"@type\":\"ReadAction\",\"target\":[\"https:\/\/www.jameslynn.com\/blog\/2022\/06\/14\/corona-oceans-week-recoge-desperdicios-en-playas-de-puerto-rico\/\"]}]},{\"@type\":\"BreadcrumbList\",\"@id\":\"https:\/\/www.jameslynn.com\/blog\/2022\/06\/14\/corona-oceans-week-recoge-desperdicios-en-playas-de-puerto-rico\/#breadcrumb\",\"itemListElement\":[{\"@type\":\"ListItem\",\"position\":1,\"name\":\"Home\",\"item\":\"https:\/\/www.jameslynn.com\/blog\/\"},{\"@type\":\"ListItem\",\"position\":2,\"name\":\"Corona Ocean\\u00b4s Week recoge m\\u00e1s de 3,300 libras de desperdicios en varias playas de Puerto Rico\"}]},{\"@type\":\"Person\",\"@id\":\"https:\/\/www.jameslynn.com\/blog\/#\/schema\/person\/4439f3e96c27ac4b98b29b03848f8108\",\"name\":\"James Lynn\",\"image\":{\"@type\":\"ImageObject\",\"@id\":\"https:\/\/www.jameslynn.com\/blog\/#personlogo\",\"inLanguage\":\"en-US\",\"url\":\"https:\/\/secure.gravatar.com\/avatar\/2dcd2635cd0622bf457f25788f8c478b?s=96&d=mm&r=pg\",\"contentUrl\":\"https:\/\/secure.gravatar.com\/avatar\/2dcd2635cd0622bf457f25788f8c478b?s=96&d=mm&r=pg\",\"caption\":\"James Lynn\"},\"description\":\"Tech blogger, podcaster, live streamer, graphic designer, photographer, multimedia artist and university professor living in San Juan, Puerto Rico.\",\"sameAs\":[\"http:\/\/www.jameslynn.com\"],\"url\":\"https:\/\/www.jameslynn.com\/blog\/author\/jameslynn\/\"}]}<\/script>\n<!-- \/ Yoast SEO plugin. -->","yoast_head_json":{"title":"Corona Ocean\u00b4s Week recoge m\u00e1s de 3,300 libras de desperdicios en varias playas de Puerto Rico - James Lynn : Tecnolog\u00eda y vida digital","robots":{"index":"index","follow":"follow","max-snippet":"max-snippet:-1","max-image-preview":"max-image-preview:large","max-video-preview":"max-video-preview:-1"},"canonical":"https:\/\/www.jameslynn.com\/blog\/2022\/06\/14\/corona-oceans-week-recoge-desperdicios-en-playas-de-puerto-rico\/","og_locale":"en_US","og_type":"article","og_title":"Corona Ocean\u00b4s Week recoge m\u00e1s de 3,300 libras de desperdicios en varias playas de Puerto Rico - James Lynn : Tecnolog\u00eda y vida digital","og_description":"Corona de Puerto Rico, celebr\u00f3 esta semana el Ocean\u00b4s Week, como parte del llamado mundial por la conservaci\u00f3n de nuestros oc\u00e9anos. Del 8 al 11 de [\u2026]","og_url":"https:\/\/www.jameslynn.com\/blog\/2022\/06\/14\/corona-oceans-week-recoge-desperdicios-en-playas-de-puerto-rico\/","og_site_name":"James Lynn : Tecnolog\u00eda y vida digital","article_published_time":"2022-06-15T01:36:23+00:00","article_modified_time":"2022-06-15T01:37:17+00:00","og_image":[{"width":1500,"height":1000,"url":"https:\/\/www.jameslynn.com\/blog\/wp-content\/uploads\/2022\/06\/Corona-Oceans-Week-playas-Puerto-Rico.jpg","type":"image\/jpeg"}],"twitter_misc":{"Written by":"James Lynn","Est. reading time":"3 minutes"},"schema":{"@context":"https:\/\/schema.org","@graph":[{"@type":"WebSite","@id":"https:\/\/www.jameslynn.com\/blog\/#website","url":"https:\/\/www.jameslynn.com\/blog\/","name":"James Lynn : Tecnolog\u00eda y vida digital","description":"Tecnolog\u00eda y vida digital","potentialAction":[{"@type":"SearchAction","target":{"@type":"EntryPoint","urlTemplate":"https:\/\/www.jameslynn.com\/blog\/?s={search_term_string}"},"query-input":"required name=search_term_string"}],"inLanguage":"en-US"},{"@type":"ImageObject","@id":"https:\/\/www.jameslynn.com\/blog\/2022\/06\/14\/corona-oceans-week-recoge-desperdicios-en-playas-de-puerto-rico\/#primaryimage","inLanguage":"en-US","url":"https:\/\/www.jameslynn.com\/blog\/wp-content\/uploads\/2022\/06\/Corona-Oceans-Week-playas-Puerto-Rico.jpg","contentUrl":"https:\/\/www.jameslynn.com\/blog\/wp-content\/uploads\/2022\/06\/Corona-Oceans-Week-playas-Puerto-Rico.jpg","width":1500,"height":1000,"caption":"Bandera de Puerto Rico debajo del agua en la playa Crash Boat en Aguadilla"},{"@type":"WebPage","@id":"https:\/\/www.jameslynn.com\/blog\/2022\/06\/14\/corona-oceans-week-recoge-desperdicios-en-playas-de-puerto-rico\/#webpage","url":"https:\/\/www.jameslynn.com\/blog\/2022\/06\/14\/corona-oceans-week-recoge-desperdicios-en-playas-de-puerto-rico\/","name":"Corona Ocean\u00b4s Week recoge m\u00e1s de 3,300 libras de desperdicios en varias playas de Puerto Rico - James Lynn : Tecnolog\u00eda y vida digital","isPartOf":{"@id":"https:\/\/www.jameslynn.com\/blog\/#website"},"primaryImageOfPage":{"@id":"https:\/\/www.jameslynn.com\/blog\/2022\/06\/14\/corona-oceans-week-recoge-desperdicios-en-playas-de-puerto-rico\/#primaryimage"},"datePublished":"2022-06-15T01:36:23+00:00","dateModified":"2022-06-15T01:37:17+00:00","author":{"@id":"https:\/\/www.jameslynn.com\/blog\/#\/schema\/person\/4439f3e96c27ac4b98b29b03848f8108"},"breadcrumb":{"@id":"https:\/\/www.jameslynn.com\/blog\/2022\/06\/14\/corona-oceans-week-recoge-desperdicios-en-playas-de-puerto-rico\/#breadcrumb"},"inLanguage":"en-US","potentialAction":[{"@type":"ReadAction","target":["https:\/\/www.jameslynn.com\/blog\/2022\/06\/14\/corona-oceans-week-recoge-desperdicios-en-playas-de-puerto-rico\/"]}]},{"@type":"BreadcrumbList","@id":"https:\/\/www.jameslynn.com\/blog\/2022\/06\/14\/corona-oceans-week-recoge-desperdicios-en-playas-de-puerto-rico\/#breadcrumb","itemListElement":[{"@type":"ListItem","position":1,"name":"Home","item":"https:\/\/www.jameslynn.com\/blog\/"},{"@type":"ListItem","position":2,"name":"Corona Ocean\u00b4s Week recoge m\u00e1s de 3,300 libras de desperdicios en varias playas de Puerto Rico"}]},{"@type":"Person","@id":"https:\/\/www.jameslynn.com\/blog\/#\/schema\/person\/4439f3e96c27ac4b98b29b03848f8108","name":"James Lynn","image":{"@type":"ImageObject","@id":"https:\/\/www.jameslynn.com\/blog\/#personlogo","inLanguage":"en-US","url":"https:\/\/secure.gravatar.com\/avatar\/2dcd2635cd0622bf457f25788f8c478b?s=96&d=mm&r=pg","contentUrl":"https:\/\/secure.gravatar.com\/avatar\/2dcd2635cd0622bf457f25788f8c478b?s=96&d=mm&r=pg","caption":"James Lynn"},"description":"Tech blogger, podcaster, live streamer, graphic designer, photographer, multimedia artist and university professor living in San Juan, Puerto Rico.","sameAs":["http:\/\/www.jameslynn.com"],"url":"https:\/\/www.jameslynn.com\/blog\/author\/jameslynn\/"}]}},"jetpack_featured_media_url":"https:\/\/www.jameslynn.com\/blog\/wp-content\/uploads\/2022\/06\/Corona-Oceans-Week-playas-Puerto-Rico.jpg","jetpack_publicize_connections":[],"jetpack_shortlink":"https:\/\/wp.me\/p2kNF7-CX","_links":{"self":[{"href":"https:\/\/www.jameslynn.com\/blog\/wp-json\/wp\/v2\/posts\/2415"}],"collection":[{"href":"https:\/\/www.jameslynn.com\/blog\/wp-json\/wp\/v2\/posts"}],"about":[{"href":"https:\/\/www.jameslynn.com\/blog\/wp-json\/wp\/v2\/types\/post"}],"author":[{"embeddable":true,"href":"https:\/\/www.jameslynn.com\/blog\/wp-json\/wp\/v2\/users\/32"}],"replies":[{"embeddable":true,"href":"https:\/\/www.jameslynn.com\/blog\/wp-json\/wp\/v2\/comments?post=2415"}],"version-history":[{"count":6,"href":"https:\/\/www.jameslynn.com\/blog\/wp-json\/wp\/v2\/posts\/2415\/revisions"}],"predecessor-version":[{"id":2426,"href":"https:\/\/www.jameslynn.com\/blog\/wp-json\/wp\/v2\/posts\/2415\/revisions\/2426"}],"wp:featuredmedia":[{"embeddable":true,"href":"https:\/\/www.jameslynn.com\/blog\/wp-json\/wp\/v2\/media\/2417"}],"wp:attachment":[{"href":"https:\/\/www.jameslynn.com\/blog\/wp-json\/wp\/v2\/media?parent=2415"}],"wp:term":[{"taxonomy":"category","embeddable":true,"href":"https:\/\/www.jameslynn.com\/blog\/wp-json\/wp\/v2\/categories?post=2415"},{"taxonomy":"post_tag","embeddable":true,"href":"https:\/\/www.jameslynn.com\/blog\/wp-json\/wp\/v2\/tags?post=2415"}],"curies":[{"name":"wp","href":"https:\/\/api.w.org\/{rel}","templated":true}]}}