{"id":2406,"date":"2022-06-13T10:39:45","date_gmt":"2022-06-13T14:39:45","guid":{"rendered":"https:\/\/www.jameslynn.com\/blog\/?p=2406"},"modified":"2022-06-13T10:40:44","modified_gmt":"2022-06-13T14:40:44","slug":"nuevo-modelo-electrico-volvo-c40-recharge-llega-a-puerto-rico","status":"publish","type":"post","link":"https:\/\/www.jameslynn.com\/blog\/2022\/06\/13\/nuevo-modelo-electrico-volvo-c40-recharge-llega-a-puerto-rico\/","title":{"rendered":"El nuevo modelo 100% el\u00e9ctrico de Volvo Cars, el C40 Recharge, llega a Puerto Rico"},"content":{"rendered":"\n<p>El Volvo C40 Recharge Pure Electric llega para revolucionar, no solo por su innovador dise\u00f1o, sino tambi\u00e9n por ser el primer veh\u00edculo Volvo que naci\u00f3 para ser puramente el\u00e9ctrico, la mirada de una marca al presente, apuntando al futuro.<\/p>\n\n\n\n<p>\u201cNuestra trayectoria hacia la movilidad sostenible inicia hace unos a\u00f1os con la introducci\u00f3n de versiones h\u00edbridas, m\u00e1s amigables con el medio ambiente. Hoy, con la llegada del nuevo C40 totalmente el\u00e9ctrico, impulsamos la posici\u00f3n de Volvo en el mercado de Puerto Rico con una propuesta de conducci\u00f3n tecnol\u00f3gica, responsable y manteniendo el sello de seguridad que nos caracteriza\u201d, nos comenta Christian Alvarado, gerente de ventas de Volvo Car Puerto Rico.<\/p>\n\n\n\n<p>\u201cEl C40 llega para revolucionar. Aporta toda la comodidad de un SUV con el dise\u00f1o de un coup\u00e9 y a\u00f1adir\u00e1 a\u00fan m\u00e1s a nuestra gama el\u00e9ctrica, que es cada vez m\u00e1s nuestro objetivo y compromiso. Es otro hito para Volvo Cars aqu\u00ed en Puerto Rico, gracias a sus atributos innovadores y de respeto por el medio ambiente\u201d, garantiza Tarc\u00edsio Trivi\u00f1o, Managing Director para importadores de Volvo Cars Latam Hub.<\/p>\n\n\n\n<p>Con rasgos \u00fanicos y lleno de personalidad, el C40 se inspir\u00f3 en la arquitectura escandinava con la influencia de la luz y la naturaleza. Todo comienza con las l\u00edneas laterales, con un dise\u00f1o hecho para preservar la caracter\u00edstica llamativa y el espacio interior. El perfil lateral estrecho entrecruzado aporta una nueva silueta a la gama de autom\u00f3viles Volvo, la promesa de un autom\u00f3vil impulsado por la pasi\u00f3n.<\/p>\n\n\n\n<p>Los perfiles aerodin\u00e1micos y los alerones traseros muy evidentes aportan l\u00edneas audaces y futuristas al dise\u00f1o del autom\u00f3vil, que brindan mayor aerodin\u00e1mica y autonom\u00eda a trav\u00e9s de una menor resistencia del aire. El techo negro tambi\u00e9n es un elemento de dise\u00f1o con la firma en contraste, que realza a\u00fan m\u00e1s el aspecto din\u00e1mico y audaz del autom\u00f3vil.<\/p>\n\n\n\n<p>\u201cCada mil\u00edmetro de este auto tiene una historia, la gente debe sentirse especial dentro de este coup\u00e9\u201d, explica Robin Page, jefe de dise\u00f1o de Volvo Cars. &#8220;La filosof\u00eda de dise\u00f1o de Volvo consiste en crear dise\u00f1os que sean relevantes y tengan un prop\u00f3sito&#8221;.<\/p>\n\n\n\n<p>Completan el aspecto las grandes llantas de aleaci\u00f3n de cinco radios con corte de diamante y superficies contrastantes de aluminio pulido en bruto y pintura negra brillante, que complementan a la perfecci\u00f3n el car\u00e1cter audaz del C40 Recharge Pure Electric.<\/p>\n\n\n\n<p>En el interior presenta un sofisticado tablero, llamado <strong>Topography<\/strong>, con detalles transl\u00facidos en formas de mapas topogr\u00e1ficos, inspirados en el Parque Nacional Abisko en el norte de Suecia. Retroiluminado y tridimensional crea una experiencia sensorial \u00fanica para los ocupantes. Y est\u00e1 en perfecta armon\u00eda con el exclusivo color <strong>Fjord Blue<\/strong>, que a\u00f1ade un dise\u00f1o distintivo al interior y se inspira en los glaciares escandinavos.<\/p>\n\n\n\n<p>Otro punto para destacar del C40 Recharge, es el<strong> techo panor\u00e1mico<\/strong>, que se extiende desde los asientos traseros hasta los delanteros. Con un cristal oscuro fijo laminado de alta tecnolog\u00eda y revestimiento IR, optimiza la comodidad en todas las condiciones clim\u00e1ticas, ayudando a reducir el ruido externo, minimiza la entrada de luz hasta en un 95%, ofrece una protecci\u00f3n UV del 99.5% y bloquea alrededor del 80% de la radiaci\u00f3n y calor del sol.<\/p>\n\n\n\n<h3>Interior sin piel<\/h3>\n\n\n\n<figure class=\"wp-block-image size-full\"><img loading=\"lazy\" width=\"1200\" height=\"808\" src=\"https:\/\/www.jameslynn.com\/blog\/wp-content\/uploads\/2022\/06\/interior-Volvo-C40-Recharge.jpg\" alt=\"\" class=\"wp-image-2413\" srcset=\"https:\/\/www.jameslynn.com\/blog\/wp-content\/uploads\/2022\/06\/interior-Volvo-C40-Recharge.jpg 1200w, https:\/\/www.jameslynn.com\/blog\/wp-content\/uploads\/2022\/06\/interior-Volvo-C40-Recharge-450x303.jpg 450w, https:\/\/www.jameslynn.com\/blog\/wp-content\/uploads\/2022\/06\/interior-Volvo-C40-Recharge-768x517.jpg 768w, https:\/\/www.jameslynn.com\/blog\/wp-content\/uploads\/2022\/06\/interior-Volvo-C40-Recharge-500x337.jpg 500w, https:\/\/www.jameslynn.com\/blog\/wp-content\/uploads\/2022\/06\/interior-Volvo-C40-Recharge-217x146.jpg 217w, https:\/\/www.jameslynn.com\/blog\/wp-content\/uploads\/2022\/06\/interior-Volvo-C40-Recharge-50x34.jpg 50w, https:\/\/www.jameslynn.com\/blog\/wp-content\/uploads\/2022\/06\/interior-Volvo-C40-Recharge-111x75.jpg 111w\" sizes=\"(max-width: 1200px) 100vw, 1200px\" \/><\/figure>\n\n\n\n<p>Volvo Cars est\u00e1 a la vanguardia ofreciendo a los consumidores materiales de interiores sostenibles y de alta calidad. Las nuevas molduras interiores sin piel est\u00e1n dise\u00f1adas con los m\u00e1s altos est\u00e1ndares y ofrecen un rendimiento excepcional.<\/p>\n\n\n\n<p>La marca sueca est\u00e1 adoptando una postura \u00e9tica a favor del bienestar animal con el objetivo de hacer que todos sus futuros autos totalmente el\u00e9ctricos est\u00e9n libres de piel, utilizando en su lugar materiales de alta calidad hechos de fuentes sostenibles.<\/p>\n\n\n\n<p>Al igual que los asientos, el volante, la tapicer\u00eda y la palanca de cambios son 100% libres de piel. Las superficies de las alfombras est\u00e1n hechas de botellas PET recicladas y la decoraci\u00f3n Topography est\u00e1 hecha de pl\u00e1sticos reciclados.<\/p>\n\n\n\n<p>El nuevo revestimiento de Microtech es un tejido de pl\u00e1stico, un material a base de PVC con un soporte textil fabricado 100 % con poli\u00e9ster reciclado.<\/p>\n\n\n\n<h3>Powertrain 100% el\u00e9ctrico<\/h3>\n\n\n\n<p>El Volvo C40 Recharge trae lo \u00faltimo en motores el\u00e9ctricos. Con dos motores el\u00e9ctricos P8 AWD (All Wheel Drive), generan unos impresionantes 408 hp de potencia y 487 libras de torque.<\/p>\n\n\n\n<p>Con la incorporaci\u00f3n del sistema de propulsi\u00f3n totalmente el\u00e9ctrico con tracci\u00f3n en las cuatro ruedas y la bater\u00eda de alta tecnolog\u00eda de 78 kWh, el autom\u00f3vil ofrece una autonom\u00eda de sobre 225 mi (WLTP, Procedimiento de prueba de veh\u00edculos ligeros armonizados en todo el mundo) con una sola carga. Y con un sistema de carga r\u00e1pida, la bater\u00eda carga hasta el 80% de su capacidad en 40 minutos.<\/p>\n\n\n\n<p>Uno de los aspectos m\u00e1s destacados es el <strong>One Pedal Drive,<\/strong> una funci\u00f3n que se puede activar en el interior del veh\u00edculo y hace que la aceleraci\u00f3n y el frenado sean mucho m\u00e1s pr\u00e1cticos a trav\u00e9s de un solo pedal. Es decir, para acelerar basta pisar el pedal y, para frenar, basta con ir relevando el pie y el auto se detendr\u00e1 seg\u00fan la fuerza que se ejerza. Una vez que se utiliza esta funcionalidad, la regeneraci\u00f3n de energ\u00eda se vuelve a\u00fan m\u00e1s eficiente e incluso ampl\u00eda la autonom\u00eda.<\/p>\n\n\n\n<h3>Sistema Google Automotive Services<\/h3>\n\n\n\n<p>El C40 Recharge est\u00e1 equipado con el moderno sistema multimedia Google Automotive Services, que integra el auto con las funciones m\u00e1s avanzadas de Google.<\/p>\n\n\n\n<p>El sistema replantea la naturaleza del infoentretenimiento en el autom\u00f3vil y tiene una interfaz f\u00e1cil de usar con una conectividad sin precedentes.<\/p>\n\n\n\n<p>\u201cNuestro objetivo es brindar a los clientes la misma experiencia a la que est\u00e1n acostumbrados en sus tel\u00e9fonos, pero adaptada para la interacci\u00f3n de manos libres mientras conducen. Entre las funciones est\u00e1 el comando de voz, adem\u00e1s del acceso a un ecosistema de aplicaciones nativas en el autom\u00f3vil a trav\u00e9s de Google Play\u201d, destaca Andr\u00e9 Bassetto, director de producto y posventa.<\/p>\n\n\n\n<p>El asistente tambi\u00e9n puede controlar la temperatura, establecer un destino, reproducir m\u00fasica y podcasts y enviar mensajes, todo con solo un comando de voz, sin quitar las manos del volante. Adem\u00e1s, cuenta con actualizaciones over-the-air (OTA), dejando el sistema siempre actualizado con la \u00faltima versi\u00f3n.<\/p>\n\n\n\n<p>Est\u00e1 completamente integrado con los altavoces premium de Harman Kardon, con una calidad de sonido incre\u00edble en todo el interior.<\/p>\n\n\n\n<h3>Versatilidad y practicidad<\/h3>\n\n\n\n<p>El Volvo C40 Recharge est\u00e1 dise\u00f1ado para las personas en todos los sentidos. Sin el motor de combusti\u00f3n en la parte delantera, ofrece la creaci\u00f3n de un maletero delantero, adem\u00e1s del maletero trasero de 413 litros, que tambi\u00e9n tiene apertura y cierre el\u00e9ctrico con funci\u00f3n manos libres.<\/p>\n\n\n\n<p>En el interior, soluciones de almacenamiento inteligente para botellas de agua, smartphones, aparatos port\u00e1tiles, alimentos y m\u00e1s, as\u00ed como un compartimento frontal con carga por inducci\u00f3n para tel\u00e9fonos celulares.<\/p>\n\n\n\n<p>Para arrancar el veh\u00edculo, otra buena noticia: el C40 no tiene bot\u00f3n de arranque. El auto arranca en el momento en que el conductor entra con la llave en el bolsillo, se abrocha los cinturones de seguridad y selecciona la marcha en la posici\u00f3n D. Para apagarlo basta con ponerlo en P y salir del veh\u00edculo.<\/p>\n\n\n\n<h3>Tecnolog\u00eda de seguridad de \u00faltima generaci\u00f3n<\/h3>\n\n\n\n<p>El Volvo C40 Recharge ofrece las asistencias a la conducci\u00f3n m\u00e1s avanzadas, como la moderna <strong>c\u00e1mara de 360 \u200b\u200bgrados<\/strong>, que junto con <strong>Cross Traffic Alert<\/strong> (CTA), con frenada autom\u00e1tica, asiste y evita colisiones al salir y entrar en plazas de aparcamiento. El Volvo C40 Pure Electric tambi\u00e9n cuenta con el <strong>sistema de alerta de cambio de carril<\/strong> (LKA) y el <strong>sistema de alerta de punto ciego<\/strong> (BLIS).<\/p>\n\n\n\n<p>Otra tecnolog\u00eda es <strong>City Safety<\/strong>, que reconoce a peatones, ciclistas y animales grandes y puede frenar e incluso girar el volante para evitar o minimizar una colisi\u00f3n. El veh\u00edculo est\u00e1 equipado con <strong>Pilot Assist y Adaptive Cruise Control<\/strong> (ACC), que cuenta con sensores y c\u00e1maras que monitorean los carriles de las carreteras y un sistema que controla la aceleraci\u00f3n y el frenado, ayudando a mover el veh\u00edculo, por ejemplo, al dar la vuelta. curvas en autopistas, adem\u00e1s de controlar la distancia del auto de delante.<\/p>\n\n\n\n<p>No es de extra\u00f1ar que el C40 Recharge haya ganado el codiciado premio Top Safety Pick+ (TSP+) 2022 del Highway Safety Institute (IIHS). El certificado m\u00e1ximo solo se otorga a los veh\u00edculos que brindan el m\u00e1s alto nivel de seguridad. Volvo contin\u00faa estableciendo el punto de referencia para los sistemas de seguridad, incorporando frenado autom\u00e1tico de emergencia, advertencia de colisi\u00f3n frontal y detecci\u00f3n de peatones y ciclistas como est\u00e1ndar en todos los veh\u00edculos.<\/p>\n\n\n\n<p>Pensando tambi\u00e9n en la seguridad, el C40 Recharge cuenta con <strong>Care Key<\/strong>, que permite la regulaci\u00f3n del l\u00edmite de velocidad mediante la programaci\u00f3n con la llave principal y la Care Key. As\u00ed, al utilizarlo en el auto, se marca la velocidad m\u00e1xima establecida y el veh\u00edculo funciona seg\u00fan lo programado.<\/p>\n\n\n\n<p>Adem\u00e1s, la marca ofrece Volvo On Call, un servicio de seguridad, protecci\u00f3n y comodidad que ofrece asistencia las 24 horas y asistencia de emergencia. Extremadamente \u00fatil, permite al conductor, a trav\u00e9s de su aplicaci\u00f3n para smartphone, verificar el nivel de la bater\u00eda, bloquear y abrir las puertas, climatizar la cabina de forma remota, entre otros.<\/p>\n","protected":false},"excerpt":{"rendered":"<p>El Volvo C40 Recharge Pure Electric llega para revolucionar, no solo por su innovador dise\u00f1o, sino tambi\u00e9n por ser el primer veh\u00edculo Volvo que naci\u00f3 para<span class=\"excerpt-hellip\"> [\u2026]<\/span><\/p>\n","protected":false},"author":32,"featured_media":2412,"comment_status":"open","ping_status":"open","sticky":false,"template":"","format":"standard","meta":{"om_disable_all_campaigns":false,"_monsterinsights_skip_tracking":false,"_monsterinsights_sitenote_active":false,"_monsterinsights_sitenote_note":"","_monsterinsights_sitenote_category":0,"spay_email":"","jetpack_publicize_message":"","jetpack_is_tweetstorm":false,"jetpack_publicize_feature_enabled":true},"categories":[634],"tags":[1039,34,1037,1038],"aioseo_notices":[],"yoast_head":"<!-- This site is optimized with the Yoast SEO plugin v17.7.1 - https:\/\/yoast.com\/wordpress\/plugins\/seo\/ -->\n<title>El nuevo modelo 100% el\u00e9ctrico de Volvo Cars, el C40 Recharge, llega a Puerto Rico - James Lynn : Tecnolog\u00eda y vida digital<\/title>\n<meta name=\"robots\" content=\"index, follow, max-snippet:-1, max-image-preview:large, max-video-preview:-1\" \/>\n<link rel=\"canonical\" href=\"https:\/\/www.jameslynn.com\/blog\/2022\/06\/13\/nuevo-modelo-electrico-volvo-c40-recharge-llega-a-puerto-rico\/\" \/>\n<meta property=\"og:locale\" content=\"en_US\" \/>\n<meta property=\"og:type\" content=\"article\" \/>\n<meta property=\"og:title\" content=\"El nuevo modelo 100% el\u00e9ctrico de Volvo Cars, el C40 Recharge, llega a Puerto Rico - James Lynn : Tecnolog\u00eda y vida digital\" \/>\n<meta property=\"og:description\" content=\"El Volvo C40 Recharge Pure Electric llega para revolucionar, no solo por su innovador dise\u00f1o, sino tambi\u00e9n por ser el primer veh\u00edculo Volvo que naci\u00f3 para [\u2026]\" \/>\n<meta property=\"og:url\" content=\"https:\/\/www.jameslynn.com\/blog\/2022\/06\/13\/nuevo-modelo-electrico-volvo-c40-recharge-llega-a-puerto-rico\/\" \/>\n<meta property=\"og:site_name\" content=\"James Lynn : Tecnolog\u00eda y vida digital\" \/>\n<meta property=\"article:published_time\" content=\"2022-06-13T14:39:45+00:00\" \/>\n<meta property=\"article:modified_time\" content=\"2022-06-13T14:40:44+00:00\" \/>\n<meta property=\"og:image\" content=\"https:\/\/www.jameslynn.com\/blog\/wp-content\/uploads\/2022\/06\/volvo-C40-Recharge.jpg\" \/>\n\t<meta property=\"og:image:width\" content=\"1500\" \/>\n\t<meta property=\"og:image:height\" content=\"1000\" \/>\n<meta name=\"twitter:label1\" content=\"Written by\" \/>\n\t<meta name=\"twitter:data1\" content=\"James Lynn\" \/>\n\t<meta name=\"twitter:label2\" content=\"Est. reading time\" \/>\n\t<meta name=\"twitter:data2\" content=\"7 minutes\" \/>\n<script type=\"application\/ld+json\" class=\"yoast-schema-graph\">{\"@context\":\"https:\/\/schema.org\",\"@graph\":[{\"@type\":\"WebSite\",\"@id\":\"https:\/\/www.jameslynn.com\/blog\/#website\",\"url\":\"https:\/\/www.jameslynn.com\/blog\/\",\"name\":\"James Lynn : Tecnolog\\u00eda y vida digital\",\"description\":\"Tecnolog\\u00eda y vida digital\",\"potentialAction\":[{\"@type\":\"SearchAction\",\"target\":{\"@type\":\"EntryPoint\",\"urlTemplate\":\"https:\/\/www.jameslynn.com\/blog\/?s={search_term_string}\"},\"query-input\":\"required name=search_term_string\"}],\"inLanguage\":\"en-US\"},{\"@type\":\"ImageObject\",\"@id\":\"https:\/\/www.jameslynn.com\/blog\/2022\/06\/13\/nuevo-modelo-electrico-volvo-c40-recharge-llega-a-puerto-rico\/#primaryimage\",\"inLanguage\":\"en-US\",\"url\":\"https:\/\/www.jameslynn.com\/blog\/wp-content\/uploads\/2022\/06\/volvo-C40-Recharge.jpg\",\"contentUrl\":\"https:\/\/www.jameslynn.com\/blog\/wp-content\/uploads\/2022\/06\/volvo-C40-Recharge.jpg\",\"width\":1500,\"height\":1000,\"caption\":\"Volvo C40 Recharge\"},{\"@type\":\"WebPage\",\"@id\":\"https:\/\/www.jameslynn.com\/blog\/2022\/06\/13\/nuevo-modelo-electrico-volvo-c40-recharge-llega-a-puerto-rico\/#webpage\",\"url\":\"https:\/\/www.jameslynn.com\/blog\/2022\/06\/13\/nuevo-modelo-electrico-volvo-c40-recharge-llega-a-puerto-rico\/\",\"name\":\"El nuevo modelo 100% el\\u00e9ctrico de Volvo Cars, el C40 Recharge, llega a Puerto Rico - James Lynn : Tecnolog\\u00eda y vida digital\",\"isPartOf\":{\"@id\":\"https:\/\/www.jameslynn.com\/blog\/#website\"},\"primaryImageOfPage\":{\"@id\":\"https:\/\/www.jameslynn.com\/blog\/2022\/06\/13\/nuevo-modelo-electrico-volvo-c40-recharge-llega-a-puerto-rico\/#primaryimage\"},\"datePublished\":\"2022-06-13T14:39:45+00:00\",\"dateModified\":\"2022-06-13T14:40:44+00:00\",\"author\":{\"@id\":\"https:\/\/www.jameslynn.com\/blog\/#\/schema\/person\/4439f3e96c27ac4b98b29b03848f8108\"},\"breadcrumb\":{\"@id\":\"https:\/\/www.jameslynn.com\/blog\/2022\/06\/13\/nuevo-modelo-electrico-volvo-c40-recharge-llega-a-puerto-rico\/#breadcrumb\"},\"inLanguage\":\"en-US\",\"potentialAction\":[{\"@type\":\"ReadAction\",\"target\":[\"https:\/\/www.jameslynn.com\/blog\/2022\/06\/13\/nuevo-modelo-electrico-volvo-c40-recharge-llega-a-puerto-rico\/\"]}]},{\"@type\":\"BreadcrumbList\",\"@id\":\"https:\/\/www.jameslynn.com\/blog\/2022\/06\/13\/nuevo-modelo-electrico-volvo-c40-recharge-llega-a-puerto-rico\/#breadcrumb\",\"itemListElement\":[{\"@type\":\"ListItem\",\"position\":1,\"name\":\"Home\",\"item\":\"https:\/\/www.jameslynn.com\/blog\/\"},{\"@type\":\"ListItem\",\"position\":2,\"name\":\"El nuevo modelo 100% el\\u00e9ctrico de Volvo Cars, el C40 Recharge, llega a Puerto Rico\"}]},{\"@type\":\"Person\",\"@id\":\"https:\/\/www.jameslynn.com\/blog\/#\/schema\/person\/4439f3e96c27ac4b98b29b03848f8108\",\"name\":\"James Lynn\",\"image\":{\"@type\":\"ImageObject\",\"@id\":\"https:\/\/www.jameslynn.com\/blog\/#personlogo\",\"inLanguage\":\"en-US\",\"url\":\"https:\/\/secure.gravatar.com\/avatar\/2dcd2635cd0622bf457f25788f8c478b?s=96&d=mm&r=pg\",\"contentUrl\":\"https:\/\/secure.gravatar.com\/avatar\/2dcd2635cd0622bf457f25788f8c478b?s=96&d=mm&r=pg\",\"caption\":\"James Lynn\"},\"description\":\"Tech blogger, podcaster, live streamer, graphic designer, photographer, multimedia artist and university professor living in San Juan, Puerto Rico.\",\"sameAs\":[\"http:\/\/www.jameslynn.com\"],\"url\":\"https:\/\/www.jameslynn.com\/blog\/author\/jameslynn\/\"}]}<\/script>\n<!-- \/ Yoast SEO plugin. -->","yoast_head_json":{"title":"El nuevo modelo 100% el\u00e9ctrico de Volvo Cars, el C40 Recharge, llega a Puerto Rico - James Lynn : Tecnolog\u00eda y vida digital","robots":{"index":"index","follow":"follow","max-snippet":"max-snippet:-1","max-image-preview":"max-image-preview:large","max-video-preview":"max-video-preview:-1"},"canonical":"https:\/\/www.jameslynn.com\/blog\/2022\/06\/13\/nuevo-modelo-electrico-volvo-c40-recharge-llega-a-puerto-rico\/","og_locale":"en_US","og_type":"article","og_title":"El nuevo modelo 100% el\u00e9ctrico de Volvo Cars, el C40 Recharge, llega a Puerto Rico - James Lynn : Tecnolog\u00eda y vida digital","og_description":"El Volvo C40 Recharge Pure Electric llega para revolucionar, no solo por su innovador dise\u00f1o, sino tambi\u00e9n por ser el primer veh\u00edculo Volvo que naci\u00f3 para [\u2026]","og_url":"https:\/\/www.jameslynn.com\/blog\/2022\/06\/13\/nuevo-modelo-electrico-volvo-c40-recharge-llega-a-puerto-rico\/","og_site_name":"James Lynn : Tecnolog\u00eda y vida digital","article_published_time":"2022-06-13T14:39:45+00:00","article_modified_time":"2022-06-13T14:40:44+00:00","og_image":[{"width":1500,"height":1000,"url":"https:\/\/www.jameslynn.com\/blog\/wp-content\/uploads\/2022\/06\/volvo-C40-Recharge.jpg","type":"image\/jpeg"}],"twitter_misc":{"Written by":"James Lynn","Est. reading time":"7 minutes"},"schema":{"@context":"https:\/\/schema.org","@graph":[{"@type":"WebSite","@id":"https:\/\/www.jameslynn.com\/blog\/#website","url":"https:\/\/www.jameslynn.com\/blog\/","name":"James Lynn : Tecnolog\u00eda y vida digital","description":"Tecnolog\u00eda y vida digital","potentialAction":[{"@type":"SearchAction","target":{"@type":"EntryPoint","urlTemplate":"https:\/\/www.jameslynn.com\/blog\/?s={search_term_string}"},"query-input":"required name=search_term_string"}],"inLanguage":"en-US"},{"@type":"ImageObject","@id":"https:\/\/www.jameslynn.com\/blog\/2022\/06\/13\/nuevo-modelo-electrico-volvo-c40-recharge-llega-a-puerto-rico\/#primaryimage","inLanguage":"en-US","url":"https:\/\/www.jameslynn.com\/blog\/wp-content\/uploads\/2022\/06\/volvo-C40-Recharge.jpg","contentUrl":"https:\/\/www.jameslynn.com\/blog\/wp-content\/uploads\/2022\/06\/volvo-C40-Recharge.jpg","width":1500,"height":1000,"caption":"Volvo C40 Recharge"},{"@type":"WebPage","@id":"https:\/\/www.jameslynn.com\/blog\/2022\/06\/13\/nuevo-modelo-electrico-volvo-c40-recharge-llega-a-puerto-rico\/#webpage","url":"https:\/\/www.jameslynn.com\/blog\/2022\/06\/13\/nuevo-modelo-electrico-volvo-c40-recharge-llega-a-puerto-rico\/","name":"El nuevo modelo 100% el\u00e9ctrico de Volvo Cars, el C40 Recharge, llega a Puerto Rico - James Lynn : Tecnolog\u00eda y vida digital","isPartOf":{"@id":"https:\/\/www.jameslynn.com\/blog\/#website"},"primaryImageOfPage":{"@id":"https:\/\/www.jameslynn.com\/blog\/2022\/06\/13\/nuevo-modelo-electrico-volvo-c40-recharge-llega-a-puerto-rico\/#primaryimage"},"datePublished":"2022-06-13T14:39:45+00:00","dateModified":"2022-06-13T14:40:44+00:00","author":{"@id":"https:\/\/www.jameslynn.com\/blog\/#\/schema\/person\/4439f3e96c27ac4b98b29b03848f8108"},"breadcrumb":{"@id":"https:\/\/www.jameslynn.com\/blog\/2022\/06\/13\/nuevo-modelo-electrico-volvo-c40-recharge-llega-a-puerto-rico\/#breadcrumb"},"inLanguage":"en-US","potentialAction":[{"@type":"ReadAction","target":["https:\/\/www.jameslynn.com\/blog\/2022\/06\/13\/nuevo-modelo-electrico-volvo-c40-recharge-llega-a-puerto-rico\/"]}]},{"@type":"BreadcrumbList","@id":"https:\/\/www.jameslynn.com\/blog\/2022\/06\/13\/nuevo-modelo-electrico-volvo-c40-recharge-llega-a-puerto-rico\/#breadcrumb","itemListElement":[{"@type":"ListItem","position":1,"name":"Home","item":"https:\/\/www.jameslynn.com\/blog\/"},{"@type":"ListItem","position":2,"name":"El nuevo modelo 100% el\u00e9ctrico de Volvo Cars, el C40 Recharge, llega a Puerto Rico"}]},{"@type":"Person","@id":"https:\/\/www.jameslynn.com\/blog\/#\/schema\/person\/4439f3e96c27ac4b98b29b03848f8108","name":"James Lynn","image":{"@type":"ImageObject","@id":"https:\/\/www.jameslynn.com\/blog\/#personlogo","inLanguage":"en-US","url":"https:\/\/secure.gravatar.com\/avatar\/2dcd2635cd0622bf457f25788f8c478b?s=96&d=mm&r=pg","contentUrl":"https:\/\/secure.gravatar.com\/avatar\/2dcd2635cd0622bf457f25788f8c478b?s=96&d=mm&r=pg","caption":"James Lynn"},"description":"Tech blogger, podcaster, live streamer, graphic designer, photographer, multimedia artist and university professor living in San Juan, Puerto Rico.","sameAs":["http:\/\/www.jameslynn.com"],"url":"https:\/\/www.jameslynn.com\/blog\/author\/jameslynn\/"}]}},"jetpack_featured_media_url":"https:\/\/www.jameslynn.com\/blog\/wp-content\/uploads\/2022\/06\/volvo-C40-Recharge.jpg","jetpack_publicize_connections":[],"jetpack_shortlink":"https:\/\/wp.me\/p2kNF7-CO","_links":{"self":[{"href":"https:\/\/www.jameslynn.com\/blog\/wp-json\/wp\/v2\/posts\/2406"}],"collection":[{"href":"https:\/\/www.jameslynn.com\/blog\/wp-json\/wp\/v2\/posts"}],"about":[{"href":"https:\/\/www.jameslynn.com\/blog\/wp-json\/wp\/v2\/types\/post"}],"author":[{"embeddable":true,"href":"https:\/\/www.jameslynn.com\/blog\/wp-json\/wp\/v2\/users\/32"}],"replies":[{"embeddable":true,"href":"https:\/\/www.jameslynn.com\/blog\/wp-json\/wp\/v2\/comments?post=2406"}],"version-history":[{"count":6,"href":"https:\/\/www.jameslynn.com\/blog\/wp-json\/wp\/v2\/posts\/2406\/revisions"}],"predecessor-version":[{"id":2414,"href":"https:\/\/www.jameslynn.com\/blog\/wp-json\/wp\/v2\/posts\/2406\/revisions\/2414"}],"wp:featuredmedia":[{"embeddable":true,"href":"https:\/\/www.jameslynn.com\/blog\/wp-json\/wp\/v2\/media\/2412"}],"wp:attachment":[{"href":"https:\/\/www.jameslynn.com\/blog\/wp-json\/wp\/v2\/media?parent=2406"}],"wp:term":[{"taxonomy":"category","embeddable":true,"href":"https:\/\/www.jameslynn.com\/blog\/wp-json\/wp\/v2\/categories?post=2406"},{"taxonomy":"post_tag","embeddable":true,"href":"https:\/\/www.jameslynn.com\/blog\/wp-json\/wp\/v2\/tags?post=2406"}],"curies":[{"name":"wp","href":"https:\/\/api.w.org\/{rel}","templated":true}]}}