{"id":2400,"date":"2022-06-10T12:05:23","date_gmt":"2022-06-10T16:05:23","guid":{"rendered":"https:\/\/www.jameslynn.com\/blog\/?p=2400"},"modified":"2022-06-10T12:06:44","modified_gmt":"2022-06-10T16:06:44","slug":"claro-y-motorola-lanzan-moto-g-stylus-2022","status":"publish","type":"post","link":"https:\/\/www.jameslynn.com\/blog\/2022\/06\/10\/claro-y-motorola-lanzan-moto-g-stylus-2022\/","title":{"rendered":"Claro y Motorola lanzan en el Moto G Stylus 2022"},"content":{"rendered":"\n<p><strong><a href=\"https:\/\/www2.claropr.com\/personas\/\" target=\"_blank\" rel=\"noreferrer noopener\">Claro<\/a><\/strong> lanz\u00f3 hoy junto a Motorola la nueva versi\u00f3n 2022 del <strong>Moto G Stylus 2022<\/strong>, un smartphone m\u00e1s r\u00e1pido y vers\u00e1til con un sistema de c\u00e1mara de 50 MP, pantalla de gran tama\u00f1o y una bater\u00eda de dos d\u00edas de duraci\u00f3n que permite a los usuarios tener mayor utilidad en la palma de sus manos.<\/p>\n\n\n\n<p>\u201cNos complace poder ofrecerles el innovador Moto G Stylus en <strong><a href=\"https:\/\/www2.claropr.com\/personas\/\" target=\"_blank\" rel=\"noreferrer noopener\">Claro<\/a><\/strong> que incorpora funciones de alta velocidad, fluidez y precisi\u00f3n. Pueden adquirir su equipo gratis en planes desde solo $29 al mes en cualquiera de nuestras localidades.\u201d, expres\u00f3 Enrique Ortiz de Montellano, presidente y principal oficial ejecutivo de Claro.<\/p>\n\n\n\n<figure class=\"wp-block-image size-full\"><img loading=\"lazy\" width=\"1200\" height=\"864\" src=\"https:\/\/www.jameslynn.com\/blog\/wp-content\/uploads\/2022\/06\/MOTO-G-STYLUS-2022.png\" alt=\"\" class=\"wp-image-2403\" srcset=\"https:\/\/www.jameslynn.com\/blog\/wp-content\/uploads\/2022\/06\/MOTO-G-STYLUS-2022.png 1200w, https:\/\/www.jameslynn.com\/blog\/wp-content\/uploads\/2022\/06\/MOTO-G-STYLUS-2022-450x324.png 450w, https:\/\/www.jameslynn.com\/blog\/wp-content\/uploads\/2022\/06\/MOTO-G-STYLUS-2022-768x553.png 768w, https:\/\/www.jameslynn.com\/blog\/wp-content\/uploads\/2022\/06\/MOTO-G-STYLUS-2022-500x360.png 500w, https:\/\/www.jameslynn.com\/blog\/wp-content\/uploads\/2022\/06\/MOTO-G-STYLUS-2022-203x146.png 203w, https:\/\/www.jameslynn.com\/blog\/wp-content\/uploads\/2022\/06\/MOTO-G-STYLUS-2022-50x36.png 50w, https:\/\/www.jameslynn.com\/blog\/wp-content\/uploads\/2022\/06\/MOTO-G-STYLUS-2022-104x75.png 104w\" sizes=\"(max-width: 1200px) 100vw, 1200px\" \/><\/figure>\n\n\n\n<p>El nuevo Moto G Stylus ofrece un control preciso con el l\u00e1piz \u00f3ptico integrado que permite apuntar notas, editar fotos, dibujar ilustraciones, copiar y pegar texto, marcar capturas de pantalla y mucho m\u00e1s. Las aplicaciones favoritas del usuario aparecen en el momento en que se saca el l\u00e1piz \u00f3ptico, ofreciendo as\u00ed mayor agilidad de uso. El l\u00e1piz \u00f3ptico tambi\u00e9n se integra perfectamente con la aplicaci\u00f3n Moto Note, para que puedas empezar a escribir sin necesidad de desbloquear el tel\u00e9fono.<\/p>\n\n\n\n<p>Su enorme bater\u00eda de 5,000 mAh est\u00e1 dise\u00f1ada para durar hasta dos d\u00edas con una sola carga.Asimismo, permite mostrar su creatividad desde cualquier perspectiva con el vers\u00e1til sistema de c\u00e1mara de 50 MP y su sensor de 50 MP<sup>2<\/sup> y tecnolog\u00eda Quad Pixel permite ser 4 veces m\u00e1s sensible en tomas con poca luz, obteniendo im\u00e1genes incre\u00edblemente n\u00edtidas y brillantes. En el segundo sensor se alojan dos perspectivas sorprendentes: El lente ultra gran angular de 118\u00ba captura lo que ven tus ojos, adapt\u00e1ndose 4 veces m\u00e1s a la escena en el encuadre que una lente est\u00e1ndar,<sup>3<\/sup> y el lente Visi\u00f3n Macro te permite capturar los detalles m\u00e1s peque\u00f1os. El sensor de profundidad difumina el fondo de las fotograf\u00edas para convertir las fotograf\u00edas cotidianas en retratos de aspecto profesional.<\/p>\n\n\n\n<p>La pantalla Max Vision FHD+ de 6.8 pulgadas se extiende de un extremo a otro para ofrecer una visi\u00f3n ultra amplia, y con la frecuencia de actualizaci\u00f3n de 90 Hz, pr\u00e1cticamente no hay retraso en la visualizaci\u00f3n y te permite una experiencia notablemente m\u00e1s fluida. El equipo cuenta con un potente procesador octa-core respaldado por 6 GB de RAM, el cual ofrece mayor velocidad para juegos y transmisiones de gran cantidad de gr\u00e1ficos. A tono con esto, brinda 128 GB de almacenamiento integrado, ampliable a 512 GB con una tarjeta microSD.<\/p>\n\n\n\n<p>Motorola contin\u00faa con su compromiso constante de ofrecer a los consumidores una versi\u00f3n pura de Android OS, a la vez que se esfuerzan por encontrar nuevas formas de simplificar las interacciones con el tel\u00e9fono y hacer que nuestra tecnolog\u00eda sea m\u00e1s f\u00e1cil de usar para todos. El <strong>Moto G Stylus<\/strong> est\u00e1 disponible en color <em>twilight blue, <\/em>gratis en Update Plus y financiamiento en planes desde $29 al mes.<\/p>\n\n\n\n<p><\/p>\n","protected":false},"excerpt":{"rendered":"<p>Claro lanz\u00f3 hoy junto a Motorola la nueva versi\u00f3n 2022 del Moto G Stylus 2022, un smartphone m\u00e1s r\u00e1pido y vers\u00e1til con un sistema de c\u00e1mara<span class=\"excerpt-hellip\"> [\u2026]<\/span><\/p>\n","protected":false},"author":32,"featured_media":2402,"comment_status":"open","ping_status":"open","sticky":false,"template":"","format":"standard","meta":{"om_disable_all_campaigns":false,"_monsterinsights_skip_tracking":false,"_monsterinsights_sitenote_active":false,"_monsterinsights_sitenote_note":"","_monsterinsights_sitenote_category":0,"spay_email":"","jetpack_publicize_message":"","jetpack_is_tweetstorm":false,"jetpack_publicize_feature_enabled":true},"categories":[213],"tags":[824,866,1036,1035,1034],"aioseo_notices":[],"yoast_head":"<!-- This site is optimized with the Yoast SEO plugin v17.7.1 - https:\/\/yoast.com\/wordpress\/plugins\/seo\/ -->\n<title>Claro y Motorola lanzan en el Moto G Stylus 2022 - James Lynn : Tecnolog\u00eda y vida digital<\/title>\n<meta name=\"robots\" content=\"index, follow, max-snippet:-1, max-image-preview:large, max-video-preview:-1\" \/>\n<link rel=\"canonical\" href=\"https:\/\/www.jameslynn.com\/blog\/2022\/06\/10\/claro-y-motorola-lanzan-moto-g-stylus-2022\/\" \/>\n<meta property=\"og:locale\" content=\"en_US\" \/>\n<meta property=\"og:type\" content=\"article\" \/>\n<meta property=\"og:title\" content=\"Claro y Motorola lanzan en el Moto G Stylus 2022 - James Lynn : Tecnolog\u00eda y vida digital\" \/>\n<meta property=\"og:description\" content=\"Claro lanz\u00f3 hoy junto a Motorola la nueva versi\u00f3n 2022 del Moto G Stylus 2022, un smartphone m\u00e1s r\u00e1pido y vers\u00e1til con un sistema de c\u00e1mara [\u2026]\" \/>\n<meta property=\"og:url\" content=\"https:\/\/www.jameslynn.com\/blog\/2022\/06\/10\/claro-y-motorola-lanzan-moto-g-stylus-2022\/\" \/>\n<meta property=\"og:site_name\" content=\"James Lynn : Tecnolog\u00eda y vida digital\" \/>\n<meta property=\"article:published_time\" content=\"2022-06-10T16:05:23+00:00\" \/>\n<meta property=\"article:modified_time\" content=\"2022-06-10T16:06:44+00:00\" \/>\n<meta property=\"og:image\" content=\"https:\/\/www.jameslynn.com\/blog\/wp-content\/uploads\/2022\/06\/Motorola-Moto-G-Stylus-2022-Claro-Puerto-Rico.jpg\" \/>\n\t<meta property=\"og:image:width\" content=\"1500\" \/>\n\t<meta property=\"og:image:height\" content=\"1000\" \/>\n<meta name=\"twitter:label1\" content=\"Written by\" \/>\n\t<meta name=\"twitter:data1\" content=\"James Lynn\" \/>\n\t<meta name=\"twitter:label2\" content=\"Est. reading time\" \/>\n\t<meta name=\"twitter:data2\" content=\"3 minutes\" \/>\n<script type=\"application\/ld+json\" class=\"yoast-schema-graph\">{\"@context\":\"https:\/\/schema.org\",\"@graph\":[{\"@type\":\"WebSite\",\"@id\":\"https:\/\/www.jameslynn.com\/blog\/#website\",\"url\":\"https:\/\/www.jameslynn.com\/blog\/\",\"name\":\"James Lynn : Tecnolog\\u00eda y vida digital\",\"description\":\"Tecnolog\\u00eda y vida digital\",\"potentialAction\":[{\"@type\":\"SearchAction\",\"target\":{\"@type\":\"EntryPoint\",\"urlTemplate\":\"https:\/\/www.jameslynn.com\/blog\/?s={search_term_string}\"},\"query-input\":\"required name=search_term_string\"}],\"inLanguage\":\"en-US\"},{\"@type\":\"ImageObject\",\"@id\":\"https:\/\/www.jameslynn.com\/blog\/2022\/06\/10\/claro-y-motorola-lanzan-moto-g-stylus-2022\/#primaryimage\",\"inLanguage\":\"en-US\",\"url\":\"https:\/\/www.jameslynn.com\/blog\/wp-content\/uploads\/2022\/06\/Motorola-Moto-G-Stylus-2022-Claro-Puerto-Rico.jpg\",\"contentUrl\":\"https:\/\/www.jameslynn.com\/blog\/wp-content\/uploads\/2022\/06\/Motorola-Moto-G-Stylus-2022-Claro-Puerto-Rico.jpg\",\"width\":1500,\"height\":1000,\"caption\":\"Motorola Moto G Stylus 2022\"},{\"@type\":\"WebPage\",\"@id\":\"https:\/\/www.jameslynn.com\/blog\/2022\/06\/10\/claro-y-motorola-lanzan-moto-g-stylus-2022\/#webpage\",\"url\":\"https:\/\/www.jameslynn.com\/blog\/2022\/06\/10\/claro-y-motorola-lanzan-moto-g-stylus-2022\/\",\"name\":\"Claro y Motorola lanzan en el Moto G Stylus 2022 - James Lynn : Tecnolog\\u00eda y vida digital\",\"isPartOf\":{\"@id\":\"https:\/\/www.jameslynn.com\/blog\/#website\"},\"primaryImageOfPage\":{\"@id\":\"https:\/\/www.jameslynn.com\/blog\/2022\/06\/10\/claro-y-motorola-lanzan-moto-g-stylus-2022\/#primaryimage\"},\"datePublished\":\"2022-06-10T16:05:23+00:00\",\"dateModified\":\"2022-06-10T16:06:44+00:00\",\"author\":{\"@id\":\"https:\/\/www.jameslynn.com\/blog\/#\/schema\/person\/4439f3e96c27ac4b98b29b03848f8108\"},\"breadcrumb\":{\"@id\":\"https:\/\/www.jameslynn.com\/blog\/2022\/06\/10\/claro-y-motorola-lanzan-moto-g-stylus-2022\/#breadcrumb\"},\"inLanguage\":\"en-US\",\"potentialAction\":[{\"@type\":\"ReadAction\",\"target\":[\"https:\/\/www.jameslynn.com\/blog\/2022\/06\/10\/claro-y-motorola-lanzan-moto-g-stylus-2022\/\"]}]},{\"@type\":\"BreadcrumbList\",\"@id\":\"https:\/\/www.jameslynn.com\/blog\/2022\/06\/10\/claro-y-motorola-lanzan-moto-g-stylus-2022\/#breadcrumb\",\"itemListElement\":[{\"@type\":\"ListItem\",\"position\":1,\"name\":\"Home\",\"item\":\"https:\/\/www.jameslynn.com\/blog\/\"},{\"@type\":\"ListItem\",\"position\":2,\"name\":\"Claro y Motorola lanzan en el Moto G Stylus 2022\"}]},{\"@type\":\"Person\",\"@id\":\"https:\/\/www.jameslynn.com\/blog\/#\/schema\/person\/4439f3e96c27ac4b98b29b03848f8108\",\"name\":\"James Lynn\",\"image\":{\"@type\":\"ImageObject\",\"@id\":\"https:\/\/www.jameslynn.com\/blog\/#personlogo\",\"inLanguage\":\"en-US\",\"url\":\"https:\/\/secure.gravatar.com\/avatar\/2dcd2635cd0622bf457f25788f8c478b?s=96&d=mm&r=pg\",\"contentUrl\":\"https:\/\/secure.gravatar.com\/avatar\/2dcd2635cd0622bf457f25788f8c478b?s=96&d=mm&r=pg\",\"caption\":\"James Lynn\"},\"description\":\"Tech blogger, podcaster, live streamer, graphic designer, photographer, multimedia artist and university professor living in San Juan, Puerto Rico.\",\"sameAs\":[\"http:\/\/www.jameslynn.com\"],\"url\":\"https:\/\/www.jameslynn.com\/blog\/author\/jameslynn\/\"}]}<\/script>\n<!-- \/ Yoast SEO plugin. -->","yoast_head_json":{"title":"Claro y Motorola lanzan en el Moto G Stylus 2022 - James Lynn : Tecnolog\u00eda y vida digital","robots":{"index":"index","follow":"follow","max-snippet":"max-snippet:-1","max-image-preview":"max-image-preview:large","max-video-preview":"max-video-preview:-1"},"canonical":"https:\/\/www.jameslynn.com\/blog\/2022\/06\/10\/claro-y-motorola-lanzan-moto-g-stylus-2022\/","og_locale":"en_US","og_type":"article","og_title":"Claro y Motorola lanzan en el Moto G Stylus 2022 - James Lynn : Tecnolog\u00eda y vida digital","og_description":"Claro lanz\u00f3 hoy junto a Motorola la nueva versi\u00f3n 2022 del Moto G Stylus 2022, un smartphone m\u00e1s r\u00e1pido y vers\u00e1til con un sistema de c\u00e1mara [\u2026]","og_url":"https:\/\/www.jameslynn.com\/blog\/2022\/06\/10\/claro-y-motorola-lanzan-moto-g-stylus-2022\/","og_site_name":"James Lynn : Tecnolog\u00eda y vida digital","article_published_time":"2022-06-10T16:05:23+00:00","article_modified_time":"2022-06-10T16:06:44+00:00","og_image":[{"width":1500,"height":1000,"url":"https:\/\/www.jameslynn.com\/blog\/wp-content\/uploads\/2022\/06\/Motorola-Moto-G-Stylus-2022-Claro-Puerto-Rico.jpg","type":"image\/jpeg"}],"twitter_misc":{"Written by":"James Lynn","Est. reading time":"3 minutes"},"schema":{"@context":"https:\/\/schema.org","@graph":[{"@type":"WebSite","@id":"https:\/\/www.jameslynn.com\/blog\/#website","url":"https:\/\/www.jameslynn.com\/blog\/","name":"James Lynn : Tecnolog\u00eda y vida digital","description":"Tecnolog\u00eda y vida digital","potentialAction":[{"@type":"SearchAction","target":{"@type":"EntryPoint","urlTemplate":"https:\/\/www.jameslynn.com\/blog\/?s={search_term_string}"},"query-input":"required name=search_term_string"}],"inLanguage":"en-US"},{"@type":"ImageObject","@id":"https:\/\/www.jameslynn.com\/blog\/2022\/06\/10\/claro-y-motorola-lanzan-moto-g-stylus-2022\/#primaryimage","inLanguage":"en-US","url":"https:\/\/www.jameslynn.com\/blog\/wp-content\/uploads\/2022\/06\/Motorola-Moto-G-Stylus-2022-Claro-Puerto-Rico.jpg","contentUrl":"https:\/\/www.jameslynn.com\/blog\/wp-content\/uploads\/2022\/06\/Motorola-Moto-G-Stylus-2022-Claro-Puerto-Rico.jpg","width":1500,"height":1000,"caption":"Motorola Moto G Stylus 2022"},{"@type":"WebPage","@id":"https:\/\/www.jameslynn.com\/blog\/2022\/06\/10\/claro-y-motorola-lanzan-moto-g-stylus-2022\/#webpage","url":"https:\/\/www.jameslynn.com\/blog\/2022\/06\/10\/claro-y-motorola-lanzan-moto-g-stylus-2022\/","name":"Claro y Motorola lanzan en el Moto G Stylus 2022 - James Lynn : Tecnolog\u00eda y vida digital","isPartOf":{"@id":"https:\/\/www.jameslynn.com\/blog\/#website"},"primaryImageOfPage":{"@id":"https:\/\/www.jameslynn.com\/blog\/2022\/06\/10\/claro-y-motorola-lanzan-moto-g-stylus-2022\/#primaryimage"},"datePublished":"2022-06-10T16:05:23+00:00","dateModified":"2022-06-10T16:06:44+00:00","author":{"@id":"https:\/\/www.jameslynn.com\/blog\/#\/schema\/person\/4439f3e96c27ac4b98b29b03848f8108"},"breadcrumb":{"@id":"https:\/\/www.jameslynn.com\/blog\/2022\/06\/10\/claro-y-motorola-lanzan-moto-g-stylus-2022\/#breadcrumb"},"inLanguage":"en-US","potentialAction":[{"@type":"ReadAction","target":["https:\/\/www.jameslynn.com\/blog\/2022\/06\/10\/claro-y-motorola-lanzan-moto-g-stylus-2022\/"]}]},{"@type":"BreadcrumbList","@id":"https:\/\/www.jameslynn.com\/blog\/2022\/06\/10\/claro-y-motorola-lanzan-moto-g-stylus-2022\/#breadcrumb","itemListElement":[{"@type":"ListItem","position":1,"name":"Home","item":"https:\/\/www.jameslynn.com\/blog\/"},{"@type":"ListItem","position":2,"name":"Claro y Motorola lanzan en el Moto G Stylus 2022"}]},{"@type":"Person","@id":"https:\/\/www.jameslynn.com\/blog\/#\/schema\/person\/4439f3e96c27ac4b98b29b03848f8108","name":"James Lynn","image":{"@type":"ImageObject","@id":"https:\/\/www.jameslynn.com\/blog\/#personlogo","inLanguage":"en-US","url":"https:\/\/secure.gravatar.com\/avatar\/2dcd2635cd0622bf457f25788f8c478b?s=96&d=mm&r=pg","contentUrl":"https:\/\/secure.gravatar.com\/avatar\/2dcd2635cd0622bf457f25788f8c478b?s=96&d=mm&r=pg","caption":"James Lynn"},"description":"Tech blogger, podcaster, live streamer, graphic designer, photographer, multimedia artist and university professor living in San Juan, Puerto Rico.","sameAs":["http:\/\/www.jameslynn.com"],"url":"https:\/\/www.jameslynn.com\/blog\/author\/jameslynn\/"}]}},"jetpack_featured_media_url":"https:\/\/www.jameslynn.com\/blog\/wp-content\/uploads\/2022\/06\/Motorola-Moto-G-Stylus-2022-Claro-Puerto-Rico.jpg","jetpack_publicize_connections":[],"jetpack_shortlink":"https:\/\/wp.me\/p2kNF7-CI","_links":{"self":[{"href":"https:\/\/www.jameslynn.com\/blog\/wp-json\/wp\/v2\/posts\/2400"}],"collection":[{"href":"https:\/\/www.jameslynn.com\/blog\/wp-json\/wp\/v2\/posts"}],"about":[{"href":"https:\/\/www.jameslynn.com\/blog\/wp-json\/wp\/v2\/types\/post"}],"author":[{"embeddable":true,"href":"https:\/\/www.jameslynn.com\/blog\/wp-json\/wp\/v2\/users\/32"}],"replies":[{"embeddable":true,"href":"https:\/\/www.jameslynn.com\/blog\/wp-json\/wp\/v2\/comments?post=2400"}],"version-history":[{"count":3,"href":"https:\/\/www.jameslynn.com\/blog\/wp-json\/wp\/v2\/posts\/2400\/revisions"}],"predecessor-version":[{"id":2405,"href":"https:\/\/www.jameslynn.com\/blog\/wp-json\/wp\/v2\/posts\/2400\/revisions\/2405"}],"wp:featuredmedia":[{"embeddable":true,"href":"https:\/\/www.jameslynn.com\/blog\/wp-json\/wp\/v2\/media\/2402"}],"wp:attachment":[{"href":"https:\/\/www.jameslynn.com\/blog\/wp-json\/wp\/v2\/media?parent=2400"}],"wp:term":[{"taxonomy":"category","embeddable":true,"href":"https:\/\/www.jameslynn.com\/blog\/wp-json\/wp\/v2\/categories?post=2400"},{"taxonomy":"post_tag","embeddable":true,"href":"https:\/\/www.jameslynn.com\/blog\/wp-json\/wp\/v2\/tags?post=2400"}],"curies":[{"name":"wp","href":"https:\/\/api.w.org\/{rel}","templated":true}]}}