{"id":2299,"date":"2022-04-20T23:23:16","date_gmt":"2022-04-21T03:23:16","guid":{"rendered":"https:\/\/www.jameslynn.com\/blog\/?p=2299"},"modified":"2022-04-20T23:23:19","modified_gmt":"2022-04-21T03:23:19","slug":"amazon-web-services-abre-oficina-en-puerto-rico","status":"publish","type":"post","link":"https:\/\/www.jameslynn.com\/blog\/2022\/04\/20\/amazon-web-services-abre-oficina-en-puerto-rico\/","title":{"rendered":"AWS respalda el crecimiento de la nube en Puerto Rico"},"content":{"rendered":"\n<p><strong>San Juan, Puerto Rico &#8211; 20 de abril de 2022 &#8211; <\/strong>&nbsp;Amazon Web Services, Inc.&nbsp;(AWS) anunci\u00f3 hoy la apertura de su oficina en San Juan, Puerto Rico, para apoyar la r\u00e1pida adopci\u00f3n de la computaci\u00f3n en la nube en el pa\u00eds y en el resto del Caribe. Los representantes locales de AWS van a trabajar para apoyar a organizaciones de todos los tama\u00f1os, desde <em>startups<\/em> hasta algunas de las empresas m\u00e1s antiguas y establecidas del pa\u00eds, incluyendo entidades del sector p\u00fablico, a medida que m\u00e1s empresas puertorrique\u00f1as hacen la transici\u00f3n a la nube de AWS. Como parte de esta expansi\u00f3n, AWS tambi\u00e9n planea contratar a profesionales altamente calificados para el departamento de ventas, sector p\u00fablico, mercadeo y roles de ingenier\u00eda y consultor\u00eda t\u00e9cnica que se basar\u00e1n en Puerto Rico.<\/p>\n\n\n\n<p>La nueva oficina establecer\u00e1 un grupo local de ejecutivos de cuentas, arquitectos de soluciones, gestores de socios, personal de soporte y otras funciones, para que los clientes se involucren directamente con AWS en su entorno e idioma local. Esta apertura es una evidencia adicional del crecimiento de AWS en todo el mundo y la continua inversi\u00f3n de la compa\u00f1\u00eda en ayudar a las organizaciones a migrar sus sistemas y actividades hacia la nube. Los clientes locales que deseen obtener m\u00e1s informaci\u00f3n sobre c\u00f3mo trabajar con AWS pueden visitar <strong><a href=\"https:\/\/aws.amazon.com\/es\/\" target=\"_blank\" rel=\"noreferrer noopener\">https:\/\/aws.amazon.com\/es\/<\/a><\/strong>.<\/p>\n\n\n<p><iframe loading=\"lazy\" src=\"https:\/\/www.facebook.com\/plugins\/video.php?height=314&amp;href=https%3A%2F%2Fwww.facebook.com%2Fjamesjlynn%2Fvideos%2F373913254647127%2F&amp;show_text=false&amp;width=560&amp;t=0\" width=\"560\" height=\"314\" style=\"border:none;overflow:hidden\" scrolling=\"no\" frameborder=\"0\" allowfullscreen=\"true\" allow=\"autoplay; clipboard-write; encrypted-media; picture-in-picture; web-share\"><\/iframe><\/p>\n\n\n<p>Las organizaciones puertorrique\u00f1as est\u00e1n avanzando en la adopci\u00f3n de los servicios en la nube y clientes establecidos en Puerto Rico pueden utilizar AWS para ejecutar todos sus ambientes de tecnolog\u00eda, desde entornos de desarrollo y prueba hasta anal\u00edticas de Big Data, desde aplicaciones m\u00f3viles, web y sociales hasta aplicaciones empresariales y cargas de trabajo de misi\u00f3n cr\u00edtica. AWS cuenta ahora con algunas de las empresas m\u00e1s conocidas y de m\u00e1s r\u00e1pido crecimiento de Puerto Rico entre sus clientes, como la Cooperativa de Seguros M\u00faltiples, <a href=\"https:\/\/telemedik.com\/tlmk\/\">Grupo Telemedik<\/a>, la Universidad del Sagrado Coraz\u00f3n, Vaquer\u00eda Tres Monjitas, Americas Leading Finance y GFR Media, entre muchas otras.<\/p>\n\n\n\n<p>\u201c<em>Puerto Rico es un mercado importante para AWS en el Caribe, donde las empresas han estado innovando y est\u00e1n utilizando la nube para acelerar el tiempo de salida al mercado y expandir sus negocios para llegar a clientes locales y alrededor del mundo<\/em>\u201d, dijo Marcos Grilanda, Director Regional del sector comercial de AWS. \u201c<em>La decisi\u00f3n de abrir una oficina de AWS en Puerto Rico habla de la creciente demanda de nuestros clientes, el amplio conjunto de talentos que tiene la Isla y la inversi\u00f3n que estamos haciendo para apoyar la adopci\u00f3n de la nube en el pa\u00eds. Estamos muy entusiasmados de trabajar con m\u00e1s empresas puertorrique\u00f1as para ayudarles a impulsar la innovaci\u00f3n dentro de sus organizaciones, manteniendo los altos niveles en la industria de confiabilidad, privacidad y seguridad<\/em>\u201d.<\/p>\n\n\n\n<figure class=\"wp-block-image size-large\"><img loading=\"lazy\" width=\"1280\" height=\"853\" src=\"https:\/\/www.jameslynn.com\/blog\/wp-content\/uploads\/2022\/04\/Gerardo-Martinez-gerente-general-centroamerica-caribe-AWS-Pedro-Pierluisi-y-Andres-Tahta-1280x853.jpg\" alt=\"\" class=\"wp-image-2303\" srcset=\"https:\/\/www.jameslynn.com\/blog\/wp-content\/uploads\/2022\/04\/Gerardo-Martinez-gerente-general-centroamerica-caribe-AWS-Pedro-Pierluisi-y-Andres-Tahta-1280x853.jpg 1280w, https:\/\/www.jameslynn.com\/blog\/wp-content\/uploads\/2022\/04\/Gerardo-Martinez-gerente-general-centroamerica-caribe-AWS-Pedro-Pierluisi-y-Andres-Tahta-450x300.jpg 450w, https:\/\/www.jameslynn.com\/blog\/wp-content\/uploads\/2022\/04\/Gerardo-Martinez-gerente-general-centroamerica-caribe-AWS-Pedro-Pierluisi-y-Andres-Tahta-768x512.jpg 768w, https:\/\/www.jameslynn.com\/blog\/wp-content\/uploads\/2022\/04\/Gerardo-Martinez-gerente-general-centroamerica-caribe-AWS-Pedro-Pierluisi-y-Andres-Tahta-500x333.jpg 500w, https:\/\/www.jameslynn.com\/blog\/wp-content\/uploads\/2022\/04\/Gerardo-Martinez-gerente-general-centroamerica-caribe-AWS-Pedro-Pierluisi-y-Andres-Tahta-219x146.jpg 219w, https:\/\/www.jameslynn.com\/blog\/wp-content\/uploads\/2022\/04\/Gerardo-Martinez-gerente-general-centroamerica-caribe-AWS-Pedro-Pierluisi-y-Andres-Tahta-50x33.jpg 50w, https:\/\/www.jameslynn.com\/blog\/wp-content\/uploads\/2022\/04\/Gerardo-Martinez-gerente-general-centroamerica-caribe-AWS-Pedro-Pierluisi-y-Andres-Tahta-113x75.jpg 113w, https:\/\/www.jameslynn.com\/blog\/wp-content\/uploads\/2022\/04\/Gerardo-Martinez-gerente-general-centroamerica-caribe-AWS-Pedro-Pierluisi-y-Andres-Tahta.jpg 1500w\" sizes=\"(max-width: 1280px) 100vw, 1280px\" \/><\/figure>\n\n\n\n<p><a><\/a>Seg\u00fan el gobernador de Puerto Rico, Pedro Pierluisi, \u201c<em>La innovaci\u00f3n y transformaci\u00f3n tecnol\u00f3gica lleg\u00f3 para quedarse. En mi administraci\u00f3n ha quedado m\u00e1s que demostrado que el uso de herramientas tecnol\u00f3gicas ha agilizado el d\u00eda a d\u00eda de nuestra gente con aplicaciones como el VacuID, CESCO Digital, el Sistema IDEAL, entre otros. Por eso, nos enorgullece que Amazon Web Services se traslade a Puerto Rico para desde aqu\u00ed, junto a personal capacitado de nuestra Isla continuar desarrollando la industria digital<\/em>\u201d.<\/p>\n\n\n\n<p>De igual forma, algunos clientes que han trabajado de la mano de AWS en programas de adopci\u00f3n a la nube AWS en el pa\u00eds destacaron la importancia de la llegada de la compa\u00f1\u00eda a Puerto Rico y aseguraron que ser\u00e1 de gran beneficio para las empresas puertorrique\u00f1as.&nbsp;<\/p>\n\n\n\n<p>El doctor Joaqu\u00edn Fern\u00e1ndez, presidente y fundador de TeleMedik, coment\u00f3: \u201c<em>bajo la misi\u00f3n de llevar grandes soluciones de innovaci\u00f3n en salud a nuestros clientes, la compa\u00f1\u00eda evidenci\u00f3 la necesidad de implementar herramientas tecnol\u00f3gicas que impactar\u00e1n la vida de todos los pacientes, de esta forma TeleMedik encontr\u00f3 en los servicios de AWS una soluci\u00f3n completa y segura para establecer la plataforma Telemedik Global Cloud Solution, con la cual la empresa logra desarrollar nuevos servicios de manera segura, r\u00e1pida y sencilla para sus clientes\u201d<\/em>.<\/p>\n\n\n\n<p>Esta noticia llega mientras AWS y Amazon contin\u00faan sus inversiones y procesos de expansi\u00f3n en Centroam\u00e9rica y Latinoam\u00e9rica. Las personas que est\u00e9n interesadas en un puesto en Puerto Rico, o cualquiera de las empresas de Amazon en todo el mundo, pueden hacerlo en l\u00ednea en <strong><a href=\"http:\/\/www.amazon.jobs\" target=\"_blank\" rel=\"noreferrer noopener\">www.amazon.jobs<\/a><\/strong>.<\/p>\n\n\n\n<figure class=\"wp-block-image size-large\"><img loading=\"lazy\" width=\"1280\" height=\"853\" src=\"https:\/\/www.jameslynn.com\/blog\/wp-content\/uploads\/2022\/04\/Grilanda-Abby-Daniel-Pedro-Pierluisi-Gerardo-Martinez-Andres-Tahta-1280x853.jpg\" alt=\"Grilanda, Abby Daniel, Pedro Pierluisi Gerardo Martinez Andr\u00e9s Tahta\" class=\"wp-image-2305\" srcset=\"https:\/\/www.jameslynn.com\/blog\/wp-content\/uploads\/2022\/04\/Grilanda-Abby-Daniel-Pedro-Pierluisi-Gerardo-Martinez-Andres-Tahta-1280x853.jpg 1280w, https:\/\/www.jameslynn.com\/blog\/wp-content\/uploads\/2022\/04\/Grilanda-Abby-Daniel-Pedro-Pierluisi-Gerardo-Martinez-Andres-Tahta-450x300.jpg 450w, https:\/\/www.jameslynn.com\/blog\/wp-content\/uploads\/2022\/04\/Grilanda-Abby-Daniel-Pedro-Pierluisi-Gerardo-Martinez-Andres-Tahta-768x512.jpg 768w, https:\/\/www.jameslynn.com\/blog\/wp-content\/uploads\/2022\/04\/Grilanda-Abby-Daniel-Pedro-Pierluisi-Gerardo-Martinez-Andres-Tahta-500x333.jpg 500w, https:\/\/www.jameslynn.com\/blog\/wp-content\/uploads\/2022\/04\/Grilanda-Abby-Daniel-Pedro-Pierluisi-Gerardo-Martinez-Andres-Tahta-219x146.jpg 219w, https:\/\/www.jameslynn.com\/blog\/wp-content\/uploads\/2022\/04\/Grilanda-Abby-Daniel-Pedro-Pierluisi-Gerardo-Martinez-Andres-Tahta-50x33.jpg 50w, https:\/\/www.jameslynn.com\/blog\/wp-content\/uploads\/2022\/04\/Grilanda-Abby-Daniel-Pedro-Pierluisi-Gerardo-Martinez-Andres-Tahta-113x75.jpg 113w, https:\/\/www.jameslynn.com\/blog\/wp-content\/uploads\/2022\/04\/Grilanda-Abby-Daniel-Pedro-Pierluisi-Gerardo-Martinez-Andres-Tahta.jpg 1500w\" sizes=\"(max-width: 1280px) 100vw, 1280px\" \/><\/figure>\n\n\n\n<p>Asimismo, junto con la nueva oficina, y como parte de su compromiso de responsabilidad social, AWS anunci\u00f3 el lanzamiento de su programa de educaci\u00f3n gratuita Re\/Start de la mano con el departamento de Desarrollo Econ\u00f3mico y la Universidad Ana G. Mendez. Las compa\u00f1\u00edas ofrecer\u00e1n a puertorrique\u00f1os desempleados o subempleados la posibilidad de prepararse para carreras en la nube. El curso incluye laboratorios pr\u00e1cticos, aprender sobre <em>Linux<\/em>, lenguajes de programaci\u00f3n como <em>Python<\/em>, redes, seguridad, bases de datos y ejercicios basados \u200b\u200ben situaciones reales.&nbsp; Adem\u00e1s, para validar sus habilidades en la nube, el programa dar\u00e1 acceso gratuito para que los estudiantes puedan obtener la certificaci\u00f3n <em>AWS Certified Cloud Practitioner<\/em> y as\u00ed estar preparados para ejercer roles en operaciones, confiabilidad del sitio y soporte de infraestructura.&nbsp;<\/p>\n\n\n\n<p>Adicionalmente, AWS ofrecer\u00e1 la asesor\u00eda de expertos para que las personas vinculadas puedan realizar entrevistas laborales y redactar sus curr\u00edculums de forma exitosa con el objetivo de apoyar su inserci\u00f3n laboral. Andr\u00e9s Tahta, Director Regional del sector p\u00fablico de AWS afirma, <em>\u201cla escasez de talento altamente experimentado en la nube, es una gran preocupaci\u00f3n para nuestros socios y clientes de AWS, por lo que la contrataci\u00f3n del talento necesario sigue representando un verdadero desaf\u00edo para la industria. A trav\u00e9s de nuestros programas de capacitaci\u00f3n y educaci\u00f3n en la nube, estamos preparando a diversos estudiantes para roles en la nube de nivel b\u00e1sico, bajo demanda en todo el mundo. Con AWS re\/Start, estamos reinventando la forma en que se cultiva, capacita y retiene el talento profesional temprano en la nube, y creamos una canalizaci\u00f3n para el futuro.<\/em><\/p>\n\n\n\n<h3>Acerca de Amazon Web Services<\/h3>\n\n\n\n<p>Durante m\u00e1s de 15 a\u00f1os, Amazon Web Services (AWS) ha sido la oferta de nube m\u00e1s completa y ampliamente adoptada del mundo. AWS ha ampliado continuamente sus servicios para manejar pr\u00e1cticamente cualquier carga de trabajo en la nube, y ahora cuenta con m\u00e1s de 200 servicios completos para computaci\u00f3n, almacenamiento, bases de datos, redes, an\u00e1lisis, \u201cmachine learning\u201d e inteligencia artificial (IA), Internet de las cosas (IoT), m\u00f3vil, seguridad, h\u00edbrido, virtual y desarrollo, implementaci\u00f3n y administraci\u00f3n de realidad aumentada (VR y AR), medios y aplicaciones desde 84 zonas de disponibilidad en 26 regiones geogr\u00e1ficas, con planes anunciados para 24 zonas de disponibilidad m\u00e1s y ocho regiones de AWS adicionales en Australia, Canad\u00e1, India, Israel, Nueva Zelanda, Espa\u00f1a, Suiza y los Emiratos \u00c1rabes Unidos. Millones de clientes, incluidas las empresas emergentes de m\u00e1s r\u00e1pido crecimiento, las empresas m\u00e1s grandes y las principales agencias gubernamentales, conf\u00edan en AWS para impulsar su infraestructura, ser m\u00e1s \u00e1gil y reducir los costos. Para obtener m\u00e1s informaci\u00f3n sobre AWS, visite <strong><a href=\"http:\/\/www.aws.amazon.com\/\" target=\"_blank\" rel=\"noreferrer noopener\">www.aws.amazon.com<\/a><\/strong>.<\/p>\n\n\n\n<h3>Acerca de Amazon<\/h3>\n\n\n\n<p>Amazon se gu\u00eda por cuatro principios: la obsesi\u00f3n del cliente en lugar de centrarse en la competencia, la pasi\u00f3n por la invenci\u00f3n, el compromiso con la excelencia operativa y el pensamiento a largo plazo. Comentarios de clientes, 1-Click de compras, recomendaciones personalizadas, Prime, Cumplimiento por Amazon, AWS, Kindle Direct Publishing, Kindle, Fire tablets, Fire TV, Amazon Echo y Alexa son algunos de los productos y servicios pioneros por Amazon. Para m\u00e1s informaci\u00f3n, visite <a href=\"http:\/\/amazon.com\/about\" target=\"_blank\" rel=\"noreferrer noopener\">amazon.com\/about<\/a> y siga a @AmazonNews.<\/p>\n","protected":false},"excerpt":{"rendered":"<p>San Juan, Puerto Rico &#8211; 20 de abril de 2022 &#8211; &nbsp;Amazon Web Services, Inc.&nbsp;(AWS) anunci\u00f3 hoy la apertura de su oficina en San Juan, Puerto<span class=\"excerpt-hellip\"> [\u2026]<\/span><\/p>\n","protected":false},"author":32,"featured_media":2301,"comment_status":"open","ping_status":"open","sticky":false,"template":"","format":"standard","meta":{"om_disable_all_campaigns":false,"_monsterinsights_skip_tracking":false,"_monsterinsights_sitenote_active":false,"_monsterinsights_sitenote_note":"","_monsterinsights_sitenote_category":0,"spay_email":"","jetpack_publicize_message":"","jetpack_is_tweetstorm":false,"jetpack_publicize_feature_enabled":true},"categories":[17],"tags":[987,988,986,34,985],"aioseo_notices":[],"yoast_head":"<!-- This site is optimized with the Yoast SEO plugin v17.7.1 - https:\/\/yoast.com\/wordpress\/plugins\/seo\/ -->\n<title>AWS respalda el crecimiento de la nube en Puerto Rico - James Lynn : Tecnolog\u00eda y vida digital<\/title>\n<meta name=\"robots\" content=\"index, follow, max-snippet:-1, max-image-preview:large, max-video-preview:-1\" \/>\n<link rel=\"canonical\" href=\"https:\/\/www.jameslynn.com\/blog\/2022\/04\/20\/amazon-web-services-abre-oficina-en-puerto-rico\/\" \/>\n<meta property=\"og:locale\" content=\"en_US\" \/>\n<meta property=\"og:type\" content=\"article\" \/>\n<meta property=\"og:title\" content=\"AWS respalda el crecimiento de la nube en Puerto Rico - James Lynn : Tecnolog\u00eda y vida digital\" \/>\n<meta property=\"og:description\" content=\"San Juan, Puerto Rico &#8211; 20 de abril de 2022 &#8211; &nbsp;Amazon Web Services, Inc.&nbsp;(AWS) anunci\u00f3 hoy la apertura de su oficina en San Juan, Puerto [\u2026]\" \/>\n<meta property=\"og:url\" content=\"https:\/\/www.jameslynn.com\/blog\/2022\/04\/20\/amazon-web-services-abre-oficina-en-puerto-rico\/\" \/>\n<meta property=\"og:site_name\" content=\"James Lynn : Tecnolog\u00eda y vida digital\" \/>\n<meta property=\"article:published_time\" content=\"2022-04-21T03:23:16+00:00\" \/>\n<meta property=\"article:modified_time\" content=\"2022-04-21T03:23:19+00:00\" \/>\n<meta property=\"og:image\" content=\"https:\/\/www.jameslynn.com\/blog\/wp-content\/uploads\/2022\/04\/amazon-web-services-puerto-rico-pedro-pierluisi.jpg\" \/>\n\t<meta property=\"og:image:width\" content=\"1500\" \/>\n\t<meta property=\"og:image:height\" content=\"1000\" \/>\n<meta name=\"twitter:label1\" content=\"Written by\" \/>\n\t<meta name=\"twitter:data1\" content=\"James Lynn\" \/>\n\t<meta name=\"twitter:label2\" content=\"Est. reading time\" \/>\n\t<meta name=\"twitter:data2\" content=\"6 minutes\" \/>\n<script type=\"application\/ld+json\" class=\"yoast-schema-graph\">{\"@context\":\"https:\/\/schema.org\",\"@graph\":[{\"@type\":\"WebSite\",\"@id\":\"https:\/\/www.jameslynn.com\/blog\/#website\",\"url\":\"https:\/\/www.jameslynn.com\/blog\/\",\"name\":\"James Lynn : Tecnolog\\u00eda y vida digital\",\"description\":\"Tecnolog\\u00eda y vida digital\",\"potentialAction\":[{\"@type\":\"SearchAction\",\"target\":{\"@type\":\"EntryPoint\",\"urlTemplate\":\"https:\/\/www.jameslynn.com\/blog\/?s={search_term_string}\"},\"query-input\":\"required name=search_term_string\"}],\"inLanguage\":\"en-US\"},{\"@type\":\"ImageObject\",\"@id\":\"https:\/\/www.jameslynn.com\/blog\/2022\/04\/20\/amazon-web-services-abre-oficina-en-puerto-rico\/#primaryimage\",\"inLanguage\":\"en-US\",\"url\":\"https:\/\/www.jameslynn.com\/blog\/wp-content\/uploads\/2022\/04\/amazon-web-services-puerto-rico-pedro-pierluisi.jpg\",\"contentUrl\":\"https:\/\/www.jameslynn.com\/blog\/wp-content\/uploads\/2022\/04\/amazon-web-services-puerto-rico-pedro-pierluisi.jpg\",\"width\":1500,\"height\":1000,\"caption\":\"Gobernador Pedro Pierluisi y Andr\\u00e9s Tahta Amazon web Services\"},{\"@type\":\"WebPage\",\"@id\":\"https:\/\/www.jameslynn.com\/blog\/2022\/04\/20\/amazon-web-services-abre-oficina-en-puerto-rico\/#webpage\",\"url\":\"https:\/\/www.jameslynn.com\/blog\/2022\/04\/20\/amazon-web-services-abre-oficina-en-puerto-rico\/\",\"name\":\"AWS respalda el crecimiento de la nube en Puerto Rico - James Lynn : Tecnolog\\u00eda y vida digital\",\"isPartOf\":{\"@id\":\"https:\/\/www.jameslynn.com\/blog\/#website\"},\"primaryImageOfPage\":{\"@id\":\"https:\/\/www.jameslynn.com\/blog\/2022\/04\/20\/amazon-web-services-abre-oficina-en-puerto-rico\/#primaryimage\"},\"datePublished\":\"2022-04-21T03:23:16+00:00\",\"dateModified\":\"2022-04-21T03:23:19+00:00\",\"author\":{\"@id\":\"https:\/\/www.jameslynn.com\/blog\/#\/schema\/person\/4439f3e96c27ac4b98b29b03848f8108\"},\"breadcrumb\":{\"@id\":\"https:\/\/www.jameslynn.com\/blog\/2022\/04\/20\/amazon-web-services-abre-oficina-en-puerto-rico\/#breadcrumb\"},\"inLanguage\":\"en-US\",\"potentialAction\":[{\"@type\":\"ReadAction\",\"target\":[\"https:\/\/www.jameslynn.com\/blog\/2022\/04\/20\/amazon-web-services-abre-oficina-en-puerto-rico\/\"]}]},{\"@type\":\"BreadcrumbList\",\"@id\":\"https:\/\/www.jameslynn.com\/blog\/2022\/04\/20\/amazon-web-services-abre-oficina-en-puerto-rico\/#breadcrumb\",\"itemListElement\":[{\"@type\":\"ListItem\",\"position\":1,\"name\":\"Home\",\"item\":\"https:\/\/www.jameslynn.com\/blog\/\"},{\"@type\":\"ListItem\",\"position\":2,\"name\":\"AWS respalda el crecimiento de la nube en Puerto Rico\"}]},{\"@type\":\"Person\",\"@id\":\"https:\/\/www.jameslynn.com\/blog\/#\/schema\/person\/4439f3e96c27ac4b98b29b03848f8108\",\"name\":\"James Lynn\",\"image\":{\"@type\":\"ImageObject\",\"@id\":\"https:\/\/www.jameslynn.com\/blog\/#personlogo\",\"inLanguage\":\"en-US\",\"url\":\"https:\/\/secure.gravatar.com\/avatar\/2dcd2635cd0622bf457f25788f8c478b?s=96&d=mm&r=pg\",\"contentUrl\":\"https:\/\/secure.gravatar.com\/avatar\/2dcd2635cd0622bf457f25788f8c478b?s=96&d=mm&r=pg\",\"caption\":\"James Lynn\"},\"description\":\"Tech blogger, podcaster, live streamer, graphic designer, photographer, multimedia artist and university professor living in San Juan, Puerto Rico.\",\"sameAs\":[\"http:\/\/www.jameslynn.com\"],\"url\":\"https:\/\/www.jameslynn.com\/blog\/author\/jameslynn\/\"}]}<\/script>\n<!-- \/ Yoast SEO plugin. -->","yoast_head_json":{"title":"AWS respalda el crecimiento de la nube en Puerto Rico - James Lynn : Tecnolog\u00eda y vida digital","robots":{"index":"index","follow":"follow","max-snippet":"max-snippet:-1","max-image-preview":"max-image-preview:large","max-video-preview":"max-video-preview:-1"},"canonical":"https:\/\/www.jameslynn.com\/blog\/2022\/04\/20\/amazon-web-services-abre-oficina-en-puerto-rico\/","og_locale":"en_US","og_type":"article","og_title":"AWS respalda el crecimiento de la nube en Puerto Rico - James Lynn : Tecnolog\u00eda y vida digital","og_description":"San Juan, Puerto Rico &#8211; 20 de abril de 2022 &#8211; &nbsp;Amazon Web Services, Inc.&nbsp;(AWS) anunci\u00f3 hoy la apertura de su oficina en San Juan, Puerto [\u2026]","og_url":"https:\/\/www.jameslynn.com\/blog\/2022\/04\/20\/amazon-web-services-abre-oficina-en-puerto-rico\/","og_site_name":"James Lynn : Tecnolog\u00eda y vida digital","article_published_time":"2022-04-21T03:23:16+00:00","article_modified_time":"2022-04-21T03:23:19+00:00","og_image":[{"width":1500,"height":1000,"url":"https:\/\/www.jameslynn.com\/blog\/wp-content\/uploads\/2022\/04\/amazon-web-services-puerto-rico-pedro-pierluisi.jpg","type":"image\/jpeg"}],"twitter_misc":{"Written by":"James Lynn","Est. reading time":"6 minutes"},"schema":{"@context":"https:\/\/schema.org","@graph":[{"@type":"WebSite","@id":"https:\/\/www.jameslynn.com\/blog\/#website","url":"https:\/\/www.jameslynn.com\/blog\/","name":"James Lynn : Tecnolog\u00eda y vida digital","description":"Tecnolog\u00eda y vida digital","potentialAction":[{"@type":"SearchAction","target":{"@type":"EntryPoint","urlTemplate":"https:\/\/www.jameslynn.com\/blog\/?s={search_term_string}"},"query-input":"required name=search_term_string"}],"inLanguage":"en-US"},{"@type":"ImageObject","@id":"https:\/\/www.jameslynn.com\/blog\/2022\/04\/20\/amazon-web-services-abre-oficina-en-puerto-rico\/#primaryimage","inLanguage":"en-US","url":"https:\/\/www.jameslynn.com\/blog\/wp-content\/uploads\/2022\/04\/amazon-web-services-puerto-rico-pedro-pierluisi.jpg","contentUrl":"https:\/\/www.jameslynn.com\/blog\/wp-content\/uploads\/2022\/04\/amazon-web-services-puerto-rico-pedro-pierluisi.jpg","width":1500,"height":1000,"caption":"Gobernador Pedro Pierluisi y Andr\u00e9s Tahta Amazon web Services"},{"@type":"WebPage","@id":"https:\/\/www.jameslynn.com\/blog\/2022\/04\/20\/amazon-web-services-abre-oficina-en-puerto-rico\/#webpage","url":"https:\/\/www.jameslynn.com\/blog\/2022\/04\/20\/amazon-web-services-abre-oficina-en-puerto-rico\/","name":"AWS respalda el crecimiento de la nube en Puerto Rico - James Lynn : Tecnolog\u00eda y vida digital","isPartOf":{"@id":"https:\/\/www.jameslynn.com\/blog\/#website"},"primaryImageOfPage":{"@id":"https:\/\/www.jameslynn.com\/blog\/2022\/04\/20\/amazon-web-services-abre-oficina-en-puerto-rico\/#primaryimage"},"datePublished":"2022-04-21T03:23:16+00:00","dateModified":"2022-04-21T03:23:19+00:00","author":{"@id":"https:\/\/www.jameslynn.com\/blog\/#\/schema\/person\/4439f3e96c27ac4b98b29b03848f8108"},"breadcrumb":{"@id":"https:\/\/www.jameslynn.com\/blog\/2022\/04\/20\/amazon-web-services-abre-oficina-en-puerto-rico\/#breadcrumb"},"inLanguage":"en-US","potentialAction":[{"@type":"ReadAction","target":["https:\/\/www.jameslynn.com\/blog\/2022\/04\/20\/amazon-web-services-abre-oficina-en-puerto-rico\/"]}]},{"@type":"BreadcrumbList","@id":"https:\/\/www.jameslynn.com\/blog\/2022\/04\/20\/amazon-web-services-abre-oficina-en-puerto-rico\/#breadcrumb","itemListElement":[{"@type":"ListItem","position":1,"name":"Home","item":"https:\/\/www.jameslynn.com\/blog\/"},{"@type":"ListItem","position":2,"name":"AWS respalda el crecimiento de la nube en Puerto Rico"}]},{"@type":"Person","@id":"https:\/\/www.jameslynn.com\/blog\/#\/schema\/person\/4439f3e96c27ac4b98b29b03848f8108","name":"James Lynn","image":{"@type":"ImageObject","@id":"https:\/\/www.jameslynn.com\/blog\/#personlogo","inLanguage":"en-US","url":"https:\/\/secure.gravatar.com\/avatar\/2dcd2635cd0622bf457f25788f8c478b?s=96&d=mm&r=pg","contentUrl":"https:\/\/secure.gravatar.com\/avatar\/2dcd2635cd0622bf457f25788f8c478b?s=96&d=mm&r=pg","caption":"James Lynn"},"description":"Tech blogger, podcaster, live streamer, graphic designer, photographer, multimedia artist and university professor living in San Juan, Puerto Rico.","sameAs":["http:\/\/www.jameslynn.com"],"url":"https:\/\/www.jameslynn.com\/blog\/author\/jameslynn\/"}]}},"jetpack_featured_media_url":"https:\/\/www.jameslynn.com\/blog\/wp-content\/uploads\/2022\/04\/amazon-web-services-puerto-rico-pedro-pierluisi.jpg","jetpack_publicize_connections":[],"jetpack_shortlink":"https:\/\/wp.me\/p2kNF7-B5","_links":{"self":[{"href":"https:\/\/www.jameslynn.com\/blog\/wp-json\/wp\/v2\/posts\/2299"}],"collection":[{"href":"https:\/\/www.jameslynn.com\/blog\/wp-json\/wp\/v2\/posts"}],"about":[{"href":"https:\/\/www.jameslynn.com\/blog\/wp-json\/wp\/v2\/types\/post"}],"author":[{"embeddable":true,"href":"https:\/\/www.jameslynn.com\/blog\/wp-json\/wp\/v2\/users\/32"}],"replies":[{"embeddable":true,"href":"https:\/\/www.jameslynn.com\/blog\/wp-json\/wp\/v2\/comments?post=2299"}],"version-history":[{"count":4,"href":"https:\/\/www.jameslynn.com\/blog\/wp-json\/wp\/v2\/posts\/2299\/revisions"}],"predecessor-version":[{"id":2307,"href":"https:\/\/www.jameslynn.com\/blog\/wp-json\/wp\/v2\/posts\/2299\/revisions\/2307"}],"wp:featuredmedia":[{"embeddable":true,"href":"https:\/\/www.jameslynn.com\/blog\/wp-json\/wp\/v2\/media\/2301"}],"wp:attachment":[{"href":"https:\/\/www.jameslynn.com\/blog\/wp-json\/wp\/v2\/media?parent=2299"}],"wp:term":[{"taxonomy":"category","embeddable":true,"href":"https:\/\/www.jameslynn.com\/blog\/wp-json\/wp\/v2\/categories?post=2299"},{"taxonomy":"post_tag","embeddable":true,"href":"https:\/\/www.jameslynn.com\/blog\/wp-json\/wp\/v2\/tags?post=2299"}],"curies":[{"name":"wp","href":"https:\/\/api.w.org\/{rel}","templated":true}]}}