{"id":2284,"date":"2022-04-20T20:50:38","date_gmt":"2022-04-21T00:50:38","guid":{"rendered":"https:\/\/www.jameslynn.com\/blog\/?p=2284"},"modified":"2022-04-20T20:50:41","modified_gmt":"2022-04-21T00:50:41","slug":"semana-mundial-de-la-vacunacion-del-24-al-30-de-abril","status":"publish","type":"post","link":"https:\/\/www.jameslynn.com\/blog\/2022\/04\/20\/semana-mundial-de-la-vacunacion-del-24-al-30-de-abril\/","title":{"rendered":"Semana Mundial de la Vacunaci\u00f3n del 24 al 30 de abril"},"content":{"rendered":"\n<p>(San Juan, Puerto Rico &#8211; abril 2022) En\u00a0<strong>20ma<\/strong>\u00a0<strong>Semana Mundial de la Inmunizaci\u00f3n,<\/strong>\u00a0<strong><a href=\"https:\/\/www.vocespr.org\/\" target=\"_blank\" rel=\"noreferrer noopener\">VOCES Coalici\u00f3n de Inmunizaci\u00f3n y Promoci\u00f3n de la Salud de Puerto Rico<\/a>,<\/strong>\u00a0junto a las principales organizaciones m\u00e9dicas del pa\u00eds, exhorta a cada familia a\u00a0no bajar la guardia y actuar a tiempo ahora m\u00e1s que nunca contra toda enfermedad prevenible por vacuna.<\/p>\n\n\n\n<p>A dos a\u00f1os del inicio de la pandemia y un a\u00f1o de la llegada de las vacunas contra el COVID-19,&nbsp;sabemos que las vacunas brindan la oportunidad y la esperanza de que todos disfrutemos de una vida m\u00e1s plena, protegidos&nbsp;para evitar complicaciones, hospitalizaciones y muertes.<\/p>\n\n\n\n<p>\u201cConfiamos en que las vacunas son nuestra primera l\u00ednea de defensa para muchas enfermedades.<strong><em>&nbsp;Celebremos la vida:<\/em><\/strong>&nbsp;<strong><em>Actuemos a tiempo<\/em>&nbsp;<\/strong>es nuestra consigna en esta&nbsp;<strong>Semana Mundial de la Inmunizaci\u00f3n<\/strong>&nbsp;y&nbsp;<strong>Semana Nacional de la Vacunaci\u00f3n Infantil.&nbsp;&nbsp;<\/strong>Es&nbsp;una celebraci\u00f3n de vida. Nuestro mensaje se enfoca en retomar nuestro compromiso colectivo de actuar a tiempo por la salud p\u00fablica de nuestro pa\u00eds y realzar la vacunaci\u00f3n como primera l\u00ednea de defensa en todas las etapas de nuestra vida frente a las enfermedades infecciosas\u201d,&nbsp;expres\u00f3 Lilliam Rodr\u00edguez Cap\u00f3, CEO y fundadora de VOCES.<\/p>\n\n\n<p><iframe loading=\"lazy\" src=\"https:\/\/www.facebook.com\/plugins\/video.php?height=314&amp;href=https%3A%2F%2Fwww.facebook.com%2FVocesPRorg%2Fvideos%2F478452090691621%2F&amp;show_text=true&amp;width=560&amp;t=0\" width=\"560\" height=\"429\" style=\"border:none;overflow:hidden\" scrolling=\"no\" frameborder=\"0\" allowfullscreen=\"true\" allow=\"autoplay; clipboard-write; encrypted-media; picture-in-picture; web-share\"><\/iframe><\/p>\n\n\n<p>Hoy las vacunas acaparan las conversaciones y nuevamente nos dan esperanza. Se unen a este mensaje de concienciaci\u00f3n el&nbsp;<strong>Departamento de Salud, la<\/strong>&nbsp;<strong>Sociedad Puertorrique\u00f1a de Pediatr\u00eda,&nbsp;<\/strong>el<strong>&nbsp;Colegio de Farmac\u00e9uticos de P.R.,&nbsp;<\/strong>la&nbsp;<strong>Asociaci\u00f3n de Salud Primaria de P.R., la Asociaci\u00f3n de Pediatras de la Regi\u00f3n Oeste (AMPRO),&nbsp;<\/strong>el&nbsp;<strong>Colegio de M\u00e9dicos Cirujanos de P. R y&nbsp;<\/strong>la<strong>&nbsp;Academia Americana de Pediatr\u00eda<\/strong>.&nbsp;<strong><em>Actuar a tiempo<\/em><\/strong>&nbsp;recuerda que todos tenemos una responsabilidad individual y colectiva por la salud de futuras generaciones.<\/p>\n\n\n\n<p>La&nbsp;<strong>20ma Semana de la inmunizaci\u00f3n,&nbsp;<\/strong>la&nbsp;<strong>Coalici\u00f3n&nbsp;<\/strong>la dedica este a\u00f1o al Dra. Iris Cardona, Principal Oficial M\u00e9dico del Departamento de Salud, por toda una vida profesional dedicada a estudiar, concienciar y educar sobre la importancia de las vacunas en todas las etapas de la vida. Por su desempe\u00f1o en el Programa de vacunaci\u00f3n del Departamento de Salud por los pasados 20 a\u00f1os y por su destacada labor ante la pandemia de COVID-19. &nbsp;<\/p>\n\n\n\n<p>Con encendidos de violeta (color de la inmunizaci\u00f3n), algunos edificios p\u00fablicos y privados, se unir\u00e1n a la concienciaci\u00f3n de la importancia de las vacunas.\u00a0\u00a0VOCES, continua activo en su programa de prevenci\u00f3n en sus plataformas y redes sociales, con temas de prevenci\u00f3n de enfermedades, y presentar\u00e1 dos conversatorios con l\u00edderes m\u00e9dicos del pa\u00eds, el martes 26 y jueves 28 de abril, a las 6:00 p.m. por <strong><a href=\"https:\/\/www.facebook.com\/VocesPRorg\/\" target=\"_blank\" rel=\"noreferrer noopener\">Facebook de VOCES<\/a><\/strong> y de Los Pacientes Primero. Tambi\u00e9n, el 29 de abril se llevar\u00e1 el 6to Taller de Periodismo de Salud junto al Overseas Press Club, dirigido a periodistas y estudiantes de periodismo enfocado en la importancia de los datos y la ciencia para el proceso de toma de decisiones.<\/p>\n\n\n\n<figure class=\"wp-block-image size-large\"><img loading=\"lazy\" width=\"1280\" height=\"853\" src=\"https:\/\/www.jameslynn.com\/blog\/wp-content\/uploads\/2022\/04\/Lilliam-Rodriguez-CEO-Voces-1280x853.jpg\" alt=\"\" class=\"wp-image-2292\" srcset=\"https:\/\/www.jameslynn.com\/blog\/wp-content\/uploads\/2022\/04\/Lilliam-Rodriguez-CEO-Voces-1280x853.jpg 1280w, https:\/\/www.jameslynn.com\/blog\/wp-content\/uploads\/2022\/04\/Lilliam-Rodriguez-CEO-Voces-450x300.jpg 450w, https:\/\/www.jameslynn.com\/blog\/wp-content\/uploads\/2022\/04\/Lilliam-Rodriguez-CEO-Voces-768x512.jpg 768w, https:\/\/www.jameslynn.com\/blog\/wp-content\/uploads\/2022\/04\/Lilliam-Rodriguez-CEO-Voces-500x333.jpg 500w, https:\/\/www.jameslynn.com\/blog\/wp-content\/uploads\/2022\/04\/Lilliam-Rodriguez-CEO-Voces-219x146.jpg 219w, https:\/\/www.jameslynn.com\/blog\/wp-content\/uploads\/2022\/04\/Lilliam-Rodriguez-CEO-Voces-50x33.jpg 50w, https:\/\/www.jameslynn.com\/blog\/wp-content\/uploads\/2022\/04\/Lilliam-Rodriguez-CEO-Voces-113x75.jpg 113w, https:\/\/www.jameslynn.com\/blog\/wp-content\/uploads\/2022\/04\/Lilliam-Rodriguez-CEO-Voces.jpg 1500w\" sizes=\"(max-width: 1280px) 100vw, 1280px\" \/><figcaption> <sub>\u201cLa inmunizaci\u00f3n es una historia de \u00e9xito para la salud y el desarrollo mundial, ya que salva millones de vidas cada a\u00f1o.\u00a0Nadie debe padecer una enfermedad que las vacunas puedan prevenir de forma segura, nadie.\u00a0Consulte y comparta fuentes confiables y actualizadas sobre las vacunas.\u00a0 No a la desinformaci\u00f3n. Las vacunas salvan vidas.\u00a0 <strong>Celebremos la vida: \u00a1Actuemos a Tiempo!<\/strong>, asegur\u00f3 Rodr\u00edguez de VOCES. <\/sub><\/figcaption><\/figure>\n\n\n\n<p>La inmunizaci\u00f3n previene enfermedades, discapacidades y defunciones por enfermedades prevenibles por&nbsp;vacunaci\u00f3n, tales como el c\u00e1ncer cervical, la influenza, la difteria, la hepatitis B, el sarampi\u00f3n, la tos ferina, la neumon\u00eda, la poliomielitis, meningitis, virus del papiloma humano, la varicela y el t\u00e9tanos, entre otras.<\/p>\n\n\n\n<p>Ni\u00f1os, j\u00f3venes y adultos deben tener sus vacunas al d\u00eda. VOCES ha creado el Pasaporte \u00a1<em>Celebremos la Vida!,<\/em>&nbsp;un folleto de informaci\u00f3n donde padres y adultos podr\u00e1n anotar todas sus vacunas y llevar un registro personal de las inmunizaciones recibidas para guardar en un lugar seguro y saber cu\u00e1ndo es necesario recibir refuerzos.&nbsp;Esto es posible gracias a un apoyo educativo de Merck y CDC Foundation.<\/p>\n\n\n\n<p>\u201cComo pediatra y presidente del Colegio de M\u00e9dicos\u2013 Cirujanos de PR (CMCPR) le aseguro que la vacuna es el mejor regalo de amor en la pandemia. Vac\u00fanate por ti, por tu familia, por el pa\u00eds y por mantener las escuelas abiertas\u201d, exhort\u00f3 el Dr. V\u00edctor M. Ramos Otero, presidente y director M\u00e9dico del CMCPR.<\/p>\n\n\n\n<p>La inmunizaci\u00f3n es el proceso por el que una persona se hace inmune o resistente a una enfermedad infecciosa, mediante la administraci\u00f3n de una vacuna. Las vacunas estimulan el propio sistema inmunitario del cuerpo para proteger a la persona contra infecciones o enfermedades posteriores.<\/p>\n\n\n\n<p>\u201cLos Centros 330 han ofrecido servicios de vacunaci\u00f3n pedi\u00e1trica por d\u00e9cadas. Decenas de miles de ni\u00f1os y adolescentes se han vacunado en nuestros centros de salud primaria 330 a trav\u00e9s de toda la Isla con el apoyo del programa federal &#8220;Vaccines for Children&#8221;.&nbsp;Creemos en la vacunaci\u00f3n como herramienta de prevenci\u00f3n. Las vacunas ayudan en la protecci\u00f3n contra enfermedades\u201d, coment\u00f3 Alicia Su\u00e1rez Fajardo, directora ejecutiva de la Asociaci\u00f3n de Salud Primaria de Puerto Rico.&nbsp;&nbsp;<\/p>\n\n\n\n<p>Seg\u00fan la Organizaci\u00f3n Mundial de la Salud (OMS), existen varias vacunas que son \u00fatiles para prevenir m\u00e1s de 20 enfermedades potencialmente mortales. Actualmente, la inmunizaci\u00f3n previene de 2 a 3 millones de muertes cada a\u00f1o por enfermedades como la difteria, el t\u00e9tanos, la tos ferina, la influenza y el sarampi\u00f3n. En 2020-2030, se estima que la inmunizaci\u00f3n salvar\u00e1 m\u00e1s de 32 millones de vidas, de las cuales 28 millones son ni\u00f1os menores de 5 a\u00f1os.<\/p>\n\n\n\n<p><br>\u201cLa mejor manera de celebrar cada momento especial en tu vida es junto a tu familia. Para que puedas celebrar cada etapa y cada ocasi\u00f3n especial protegido y sin miedo a un contagio, vac\u00fanate y vacuna a tus seres queridos. Las vacunas son efectivas y seguras. Ay\u00fadanos a protegerte a ti y a tu familia. Actuemos a tiempo\u201d, asegur\u00f3 la doctora Sylvia Arce, presidenta de Asociaci\u00f3n de\u00a0Pediatras de la Regi\u00f3n Oeste (AMPRO).<\/p>\n\n\n\n<figure class=\"wp-block-image size-large\"><img loading=\"lazy\" width=\"1280\" height=\"766\" src=\"https:\/\/www.jameslynn.com\/blog\/wp-content\/uploads\/2022\/04\/conferencia-de-prensa-Semana-Mundial-de-la-Vacunacion-1280x766.jpg\" alt=\"\" class=\"wp-image-2294\" srcset=\"https:\/\/www.jameslynn.com\/blog\/wp-content\/uploads\/2022\/04\/conferencia-de-prensa-Semana-Mundial-de-la-Vacunacion-1280x766.jpg 1280w, https:\/\/www.jameslynn.com\/blog\/wp-content\/uploads\/2022\/04\/conferencia-de-prensa-Semana-Mundial-de-la-Vacunacion-450x269.jpg 450w, https:\/\/www.jameslynn.com\/blog\/wp-content\/uploads\/2022\/04\/conferencia-de-prensa-Semana-Mundial-de-la-Vacunacion-768x460.jpg 768w, https:\/\/www.jameslynn.com\/blog\/wp-content\/uploads\/2022\/04\/conferencia-de-prensa-Semana-Mundial-de-la-Vacunacion-1536x919.jpg 1536w, https:\/\/www.jameslynn.com\/blog\/wp-content\/uploads\/2022\/04\/conferencia-de-prensa-Semana-Mundial-de-la-Vacunacion-500x299.jpg 500w, https:\/\/www.jameslynn.com\/blog\/wp-content\/uploads\/2022\/04\/conferencia-de-prensa-Semana-Mundial-de-la-Vacunacion-244x146.jpg 244w, https:\/\/www.jameslynn.com\/blog\/wp-content\/uploads\/2022\/04\/conferencia-de-prensa-Semana-Mundial-de-la-Vacunacion-50x30.jpg 50w, https:\/\/www.jameslynn.com\/blog\/wp-content\/uploads\/2022\/04\/conferencia-de-prensa-Semana-Mundial-de-la-Vacunacion-125x75.jpg 125w, https:\/\/www.jameslynn.com\/blog\/wp-content\/uploads\/2022\/04\/conferencia-de-prensa-Semana-Mundial-de-la-Vacunacion.jpg 1800w\" sizes=\"(max-width: 1280px) 100vw, 1280px\" \/><figcaption><sub>De izquierda a derecha, la Dra. Carmen Suarez, Dra. Sylvia Arce, Dr. Victor Ramos, Alicia Suarez, Caridad Pierluisi, Dra. Iris Cardona, Lcda. Idalia Bonilla, Dr. Angel Ramos, Lilliam Rodriguez, Dra. Lourdes Pedraza, Luis Francisco Cordero.<\/sub><\/figcaption><\/figure>\n\n\n\n<p>Todo profesional de la salud y especialmente personas de edad avanzada tambi\u00e9n deben estar protegidas, sobre todo contra la influenza de temporada y la pulmon\u00eda, enfermedades respiratorias que podr\u00edan complicarse con contagio del COVID19.<\/p>\n\n\n\n<p>\u201cHoy, m\u00e1s que nunca, la vacunaci\u00f3n es una de las herramientas de salud p\u00fablica m\u00e1s importante contra enfermedades. Los adultos deben asegurarse de tener todas sus vacunas a d\u00eda.&nbsp; Consulte su farmac\u00e9utico y revise que tenga todas las vacunas recomendadas seg\u00fan la edad, como es contra la culebrilla, pulmon\u00eda, refuerzos de t\u00e9tanos y anualmente recibir la vacuna de influenza, entre otras\u201d, exhort\u00f3 la licenciada Idalia Bonilla, presidenta del Colegio de Farmac\u00e9uticos de Puerto Rico.<\/p>\n\n\n\n<p>Cada a\u00f1o, la inmunizaci\u00f3n salva millones de vidas, por lo que est\u00e1 ampliamente reconocida como una de las intervenciones de salud m\u00e1s costo eficaces y de mejores resultados. Las vacunas funcionan para todos y trasciende de las personas que las desarrollan, administran o reciben, ya que trabajan para proteger la salud de todas las personas, en todo lugar.&nbsp;<\/p>\n\n\n\n<p>\u201cLa inmunizaci\u00f3n es una historia de \u00e9xito para la salud y el desarrollo mundial, ya que salva millones de vidas cada a\u00f1o.\u00a0Nadie debe padecer una enfermedad que las vacunas puedan prevenir de forma segura, nadie.\u00a0Consulte y comparta fuentes confiables y actualizadas sobre las vacunas.\u00a0 No a la desinformaci\u00f3n. Las vacunas salvan vidas.\u00a0 <strong>Celebremos la vida: \u00a1Actuemos a Tiempo!<\/strong>, asegur\u00f3 Rodr\u00edguez de VOCES.<\/p>\n","protected":false},"excerpt":{"rendered":"<p>(San Juan, Puerto Rico &#8211; abril 2022) En\u00a020ma\u00a0Semana Mundial de la Inmunizaci\u00f3n,\u00a0VOCES Coalici\u00f3n de Inmunizaci\u00f3n y Promoci\u00f3n de la Salud de Puerto Rico,\u00a0junto a las principales<span class=\"excerpt-hellip\"> [\u2026]<\/span><\/p>\n","protected":false},"author":32,"featured_media":2291,"comment_status":"open","ping_status":"open","sticky":false,"template":"","format":"standard","meta":{"om_disable_all_campaigns":false,"_monsterinsights_skip_tracking":false,"_monsterinsights_sitenote_active":false,"_monsterinsights_sitenote_note":"","_monsterinsights_sitenote_category":0,"spay_email":"","jetpack_publicize_message":"","jetpack_is_tweetstorm":false,"jetpack_publicize_feature_enabled":true},"categories":[979],"tags":[982,536,798,984,981,978,983,980],"aioseo_notices":[],"yoast_head":"<!-- This site is optimized with the Yoast SEO plugin v17.7.1 - https:\/\/yoast.com\/wordpress\/plugins\/seo\/ -->\n<title>Semana Mundial de la Vacunaci\u00f3n del 24 al 30 de abril - James Lynn : Tecnolog\u00eda y vida digital<\/title>\n<meta name=\"robots\" content=\"index, follow, max-snippet:-1, max-image-preview:large, max-video-preview:-1\" \/>\n<link rel=\"canonical\" href=\"https:\/\/www.jameslynn.com\/blog\/2022\/04\/20\/semana-mundial-de-la-vacunacion-del-24-al-30-de-abril\/\" \/>\n<meta property=\"og:locale\" content=\"en_US\" \/>\n<meta property=\"og:type\" content=\"article\" \/>\n<meta property=\"og:title\" content=\"Semana Mundial de la Vacunaci\u00f3n del 24 al 30 de abril - James Lynn : Tecnolog\u00eda y vida digital\" \/>\n<meta property=\"og:description\" content=\"(San Juan, Puerto Rico &#8211; abril 2022) En\u00a020ma\u00a0Semana Mundial de la Inmunizaci\u00f3n,\u00a0VOCES Coalici\u00f3n de Inmunizaci\u00f3n y Promoci\u00f3n de la Salud de Puerto Rico,\u00a0junto a las principales [\u2026]\" \/>\n<meta property=\"og:url\" content=\"https:\/\/www.jameslynn.com\/blog\/2022\/04\/20\/semana-mundial-de-la-vacunacion-del-24-al-30-de-abril\/\" \/>\n<meta property=\"og:site_name\" content=\"James Lynn : Tecnolog\u00eda y vida digital\" \/>\n<meta property=\"article:published_time\" content=\"2022-04-21T00:50:38+00:00\" \/>\n<meta property=\"article:modified_time\" content=\"2022-04-21T00:50:41+00:00\" \/>\n<meta property=\"og:image\" content=\"https:\/\/www.jameslynn.com\/blog\/wp-content\/uploads\/2022\/04\/pasaporte-salud-vacunacion.jpg\" \/>\n\t<meta property=\"og:image:width\" content=\"1500\" \/>\n\t<meta property=\"og:image:height\" content=\"1000\" \/>\n<meta name=\"twitter:label1\" content=\"Written by\" \/>\n\t<meta name=\"twitter:data1\" content=\"James Lynn\" \/>\n\t<meta name=\"twitter:label2\" content=\"Est. reading time\" \/>\n\t<meta name=\"twitter:data2\" content=\"6 minutes\" \/>\n<script type=\"application\/ld+json\" class=\"yoast-schema-graph\">{\"@context\":\"https:\/\/schema.org\",\"@graph\":[{\"@type\":\"WebSite\",\"@id\":\"https:\/\/www.jameslynn.com\/blog\/#website\",\"url\":\"https:\/\/www.jameslynn.com\/blog\/\",\"name\":\"James Lynn : Tecnolog\\u00eda y vida digital\",\"description\":\"Tecnolog\\u00eda y vida digital\",\"potentialAction\":[{\"@type\":\"SearchAction\",\"target\":{\"@type\":\"EntryPoint\",\"urlTemplate\":\"https:\/\/www.jameslynn.com\/blog\/?s={search_term_string}\"},\"query-input\":\"required name=search_term_string\"}],\"inLanguage\":\"en-US\"},{\"@type\":\"ImageObject\",\"@id\":\"https:\/\/www.jameslynn.com\/blog\/2022\/04\/20\/semana-mundial-de-la-vacunacion-del-24-al-30-de-abril\/#primaryimage\",\"inLanguage\":\"en-US\",\"url\":\"https:\/\/www.jameslynn.com\/blog\/wp-content\/uploads\/2022\/04\/pasaporte-salud-vacunacion.jpg\",\"contentUrl\":\"https:\/\/www.jameslynn.com\/blog\/wp-content\/uploads\/2022\/04\/pasaporte-salud-vacunacion.jpg\",\"width\":1500,\"height\":1000,\"caption\":\"pasaporte salud Semana Mundial de la Vacunaci\\u00f3n\"},{\"@type\":\"WebPage\",\"@id\":\"https:\/\/www.jameslynn.com\/blog\/2022\/04\/20\/semana-mundial-de-la-vacunacion-del-24-al-30-de-abril\/#webpage\",\"url\":\"https:\/\/www.jameslynn.com\/blog\/2022\/04\/20\/semana-mundial-de-la-vacunacion-del-24-al-30-de-abril\/\",\"name\":\"Semana Mundial de la Vacunaci\\u00f3n del 24 al 30 de abril - James Lynn : Tecnolog\\u00eda y vida digital\",\"isPartOf\":{\"@id\":\"https:\/\/www.jameslynn.com\/blog\/#website\"},\"primaryImageOfPage\":{\"@id\":\"https:\/\/www.jameslynn.com\/blog\/2022\/04\/20\/semana-mundial-de-la-vacunacion-del-24-al-30-de-abril\/#primaryimage\"},\"datePublished\":\"2022-04-21T00:50:38+00:00\",\"dateModified\":\"2022-04-21T00:50:41+00:00\",\"author\":{\"@id\":\"https:\/\/www.jameslynn.com\/blog\/#\/schema\/person\/4439f3e96c27ac4b98b29b03848f8108\"},\"breadcrumb\":{\"@id\":\"https:\/\/www.jameslynn.com\/blog\/2022\/04\/20\/semana-mundial-de-la-vacunacion-del-24-al-30-de-abril\/#breadcrumb\"},\"inLanguage\":\"en-US\",\"potentialAction\":[{\"@type\":\"ReadAction\",\"target\":[\"https:\/\/www.jameslynn.com\/blog\/2022\/04\/20\/semana-mundial-de-la-vacunacion-del-24-al-30-de-abril\/\"]}]},{\"@type\":\"BreadcrumbList\",\"@id\":\"https:\/\/www.jameslynn.com\/blog\/2022\/04\/20\/semana-mundial-de-la-vacunacion-del-24-al-30-de-abril\/#breadcrumb\",\"itemListElement\":[{\"@type\":\"ListItem\",\"position\":1,\"name\":\"Home\",\"item\":\"https:\/\/www.jameslynn.com\/blog\/\"},{\"@type\":\"ListItem\",\"position\":2,\"name\":\"Semana Mundial de la Vacunaci\\u00f3n del 24 al 30 de abril\"}]},{\"@type\":\"Person\",\"@id\":\"https:\/\/www.jameslynn.com\/blog\/#\/schema\/person\/4439f3e96c27ac4b98b29b03848f8108\",\"name\":\"James Lynn\",\"image\":{\"@type\":\"ImageObject\",\"@id\":\"https:\/\/www.jameslynn.com\/blog\/#personlogo\",\"inLanguage\":\"en-US\",\"url\":\"https:\/\/secure.gravatar.com\/avatar\/2dcd2635cd0622bf457f25788f8c478b?s=96&d=mm&r=pg\",\"contentUrl\":\"https:\/\/secure.gravatar.com\/avatar\/2dcd2635cd0622bf457f25788f8c478b?s=96&d=mm&r=pg\",\"caption\":\"James Lynn\"},\"description\":\"Tech blogger, podcaster, live streamer, graphic designer, photographer, multimedia artist and university professor living in San Juan, Puerto Rico.\",\"sameAs\":[\"http:\/\/www.jameslynn.com\"],\"url\":\"https:\/\/www.jameslynn.com\/blog\/author\/jameslynn\/\"}]}<\/script>\n<!-- \/ Yoast SEO plugin. -->","yoast_head_json":{"title":"Semana Mundial de la Vacunaci\u00f3n del 24 al 30 de abril - James Lynn : Tecnolog\u00eda y vida digital","robots":{"index":"index","follow":"follow","max-snippet":"max-snippet:-1","max-image-preview":"max-image-preview:large","max-video-preview":"max-video-preview:-1"},"canonical":"https:\/\/www.jameslynn.com\/blog\/2022\/04\/20\/semana-mundial-de-la-vacunacion-del-24-al-30-de-abril\/","og_locale":"en_US","og_type":"article","og_title":"Semana Mundial de la Vacunaci\u00f3n del 24 al 30 de abril - James Lynn : Tecnolog\u00eda y vida digital","og_description":"(San Juan, Puerto Rico &#8211; abril 2022) En\u00a020ma\u00a0Semana Mundial de la Inmunizaci\u00f3n,\u00a0VOCES Coalici\u00f3n de Inmunizaci\u00f3n y Promoci\u00f3n de la Salud de Puerto Rico,\u00a0junto a las principales [\u2026]","og_url":"https:\/\/www.jameslynn.com\/blog\/2022\/04\/20\/semana-mundial-de-la-vacunacion-del-24-al-30-de-abril\/","og_site_name":"James Lynn : Tecnolog\u00eda y vida digital","article_published_time":"2022-04-21T00:50:38+00:00","article_modified_time":"2022-04-21T00:50:41+00:00","og_image":[{"width":1500,"height":1000,"url":"https:\/\/www.jameslynn.com\/blog\/wp-content\/uploads\/2022\/04\/pasaporte-salud-vacunacion.jpg","type":"image\/jpeg"}],"twitter_misc":{"Written by":"James Lynn","Est. reading time":"6 minutes"},"schema":{"@context":"https:\/\/schema.org","@graph":[{"@type":"WebSite","@id":"https:\/\/www.jameslynn.com\/blog\/#website","url":"https:\/\/www.jameslynn.com\/blog\/","name":"James Lynn : Tecnolog\u00eda y vida digital","description":"Tecnolog\u00eda y vida digital","potentialAction":[{"@type":"SearchAction","target":{"@type":"EntryPoint","urlTemplate":"https:\/\/www.jameslynn.com\/blog\/?s={search_term_string}"},"query-input":"required name=search_term_string"}],"inLanguage":"en-US"},{"@type":"ImageObject","@id":"https:\/\/www.jameslynn.com\/blog\/2022\/04\/20\/semana-mundial-de-la-vacunacion-del-24-al-30-de-abril\/#primaryimage","inLanguage":"en-US","url":"https:\/\/www.jameslynn.com\/blog\/wp-content\/uploads\/2022\/04\/pasaporte-salud-vacunacion.jpg","contentUrl":"https:\/\/www.jameslynn.com\/blog\/wp-content\/uploads\/2022\/04\/pasaporte-salud-vacunacion.jpg","width":1500,"height":1000,"caption":"pasaporte salud Semana Mundial de la Vacunaci\u00f3n"},{"@type":"WebPage","@id":"https:\/\/www.jameslynn.com\/blog\/2022\/04\/20\/semana-mundial-de-la-vacunacion-del-24-al-30-de-abril\/#webpage","url":"https:\/\/www.jameslynn.com\/blog\/2022\/04\/20\/semana-mundial-de-la-vacunacion-del-24-al-30-de-abril\/","name":"Semana Mundial de la Vacunaci\u00f3n del 24 al 30 de abril - James Lynn : Tecnolog\u00eda y vida digital","isPartOf":{"@id":"https:\/\/www.jameslynn.com\/blog\/#website"},"primaryImageOfPage":{"@id":"https:\/\/www.jameslynn.com\/blog\/2022\/04\/20\/semana-mundial-de-la-vacunacion-del-24-al-30-de-abril\/#primaryimage"},"datePublished":"2022-04-21T00:50:38+00:00","dateModified":"2022-04-21T00:50:41+00:00","author":{"@id":"https:\/\/www.jameslynn.com\/blog\/#\/schema\/person\/4439f3e96c27ac4b98b29b03848f8108"},"breadcrumb":{"@id":"https:\/\/www.jameslynn.com\/blog\/2022\/04\/20\/semana-mundial-de-la-vacunacion-del-24-al-30-de-abril\/#breadcrumb"},"inLanguage":"en-US","potentialAction":[{"@type":"ReadAction","target":["https:\/\/www.jameslynn.com\/blog\/2022\/04\/20\/semana-mundial-de-la-vacunacion-del-24-al-30-de-abril\/"]}]},{"@type":"BreadcrumbList","@id":"https:\/\/www.jameslynn.com\/blog\/2022\/04\/20\/semana-mundial-de-la-vacunacion-del-24-al-30-de-abril\/#breadcrumb","itemListElement":[{"@type":"ListItem","position":1,"name":"Home","item":"https:\/\/www.jameslynn.com\/blog\/"},{"@type":"ListItem","position":2,"name":"Semana Mundial de la Vacunaci\u00f3n del 24 al 30 de abril"}]},{"@type":"Person","@id":"https:\/\/www.jameslynn.com\/blog\/#\/schema\/person\/4439f3e96c27ac4b98b29b03848f8108","name":"James Lynn","image":{"@type":"ImageObject","@id":"https:\/\/www.jameslynn.com\/blog\/#personlogo","inLanguage":"en-US","url":"https:\/\/secure.gravatar.com\/avatar\/2dcd2635cd0622bf457f25788f8c478b?s=96&d=mm&r=pg","contentUrl":"https:\/\/secure.gravatar.com\/avatar\/2dcd2635cd0622bf457f25788f8c478b?s=96&d=mm&r=pg","caption":"James Lynn"},"description":"Tech blogger, podcaster, live streamer, graphic designer, photographer, multimedia artist and university professor living in San Juan, Puerto Rico.","sameAs":["http:\/\/www.jameslynn.com"],"url":"https:\/\/www.jameslynn.com\/blog\/author\/jameslynn\/"}]}},"jetpack_featured_media_url":"https:\/\/www.jameslynn.com\/blog\/wp-content\/uploads\/2022\/04\/pasaporte-salud-vacunacion.jpg","jetpack_publicize_connections":[],"jetpack_shortlink":"https:\/\/wp.me\/p2kNF7-AQ","_links":{"self":[{"href":"https:\/\/www.jameslynn.com\/blog\/wp-json\/wp\/v2\/posts\/2284"}],"collection":[{"href":"https:\/\/www.jameslynn.com\/blog\/wp-json\/wp\/v2\/posts"}],"about":[{"href":"https:\/\/www.jameslynn.com\/blog\/wp-json\/wp\/v2\/types\/post"}],"author":[{"embeddable":true,"href":"https:\/\/www.jameslynn.com\/blog\/wp-json\/wp\/v2\/users\/32"}],"replies":[{"embeddable":true,"href":"https:\/\/www.jameslynn.com\/blog\/wp-json\/wp\/v2\/comments?post=2284"}],"version-history":[{"count":11,"href":"https:\/\/www.jameslynn.com\/blog\/wp-json\/wp\/v2\/posts\/2284\/revisions"}],"predecessor-version":[{"id":2298,"href":"https:\/\/www.jameslynn.com\/blog\/wp-json\/wp\/v2\/posts\/2284\/revisions\/2298"}],"wp:featuredmedia":[{"embeddable":true,"href":"https:\/\/www.jameslynn.com\/blog\/wp-json\/wp\/v2\/media\/2291"}],"wp:attachment":[{"href":"https:\/\/www.jameslynn.com\/blog\/wp-json\/wp\/v2\/media?parent=2284"}],"wp:term":[{"taxonomy":"category","embeddable":true,"href":"https:\/\/www.jameslynn.com\/blog\/wp-json\/wp\/v2\/categories?post=2284"},{"taxonomy":"post_tag","embeddable":true,"href":"https:\/\/www.jameslynn.com\/blog\/wp-json\/wp\/v2\/tags?post=2284"}],"curies":[{"name":"wp","href":"https:\/\/api.w.org\/{rel}","templated":true}]}}