{"id":2185,"date":"2022-03-02T20:26:37","date_gmt":"2022-03-03T00:26:37","guid":{"rendered":"https:\/\/www.jameslynn.com\/blog\/?p=2185"},"modified":"2022-03-02T20:27:32","modified_gmt":"2022-03-03T00:27:32","slug":"samsung-galaxy-book2-pro-galaxy-book2-pro-360-s-pen-galaxy-book2-pro-5g","status":"publish","type":"post","link":"https:\/\/www.jameslynn.com\/blog\/2022\/03\/02\/samsung-galaxy-book2-pro-galaxy-book2-pro-360-s-pen-galaxy-book2-pro-5g\/","title":{"rendered":"Samsung anunci\u00f3 la nueva Galaxy Book2 Pro, la Galaxy Book2 Pro 360 con S Pen y la Galaxy Book2 Pro con 5G"},"content":{"rendered":"\n<p>Samsung Electronics Co., Ltd. anunci\u00f3 la serie Galaxy Book2 Pro, una l\u00ednea de PCs insignia que presenta la Galaxy Book2 Pro 360 con funcionalidad S Pen y la Galaxy Book2 Pro con red 5G. Los factores de forma de ambas combinan la flexibilidad y la versatilidad necesarias para los estilos de vida de trabajo y aprendizaje en evoluci\u00f3n de hoy en d\u00eda y son proyectadas con el ADN m\u00f3vil de Samsung. El resultado es una experiencia de PC igualmente productiva y port\u00e1til.<\/p>\n\n\n\n<p>\u201cNuestro objetivo en Samsung no es solo crear tecnolog\u00eda m\u00f3vil, sino brindar a nuestros usuarios experiencias \u00fanicas que mejoren fundamentalmente su vida cotidiana\u201d, dijo Hark-sang Kim, Vicepresidente Ejecutivo y L\u00edder del Equipo de Investigaci\u00f3n y Desarrollo de Nueva Computaci\u00f3n de Mobile eXperience Business de Samsung. Electronics. \u201cComo parte de esta b\u00fasqueda, estamos reinventando la PC. Juntos, con una continuidad perfecta en nuestros dispositivos Galaxy y una movilidad segura, los usuarios pueden lograr una mayor eficiencia y habilitar las posibilidades de la oficina del ma\u00f1ana\u201d.<\/p>\n\n\n\n<figure class=\"wp-block-embed is-type-video is-provider-youtube wp-block-embed-youtube wp-embed-aspect-16-9 wp-has-aspect-ratio\"><div class=\"wp-block-embed__wrapper\">\n<span class=\"embed-youtube\" style=\"text-align:center; display: block;\"><iframe loading=\"lazy\" class=\"youtube-player\" width=\"1200\" height=\"675\" src=\"https:\/\/www.youtube.com\/embed\/bKCHWZhz4bM?version=3&#038;rel=1&#038;showsearch=0&#038;showinfo=1&#038;iv_load_policy=1&#038;fs=1&#038;hl=en-US&#038;autohide=2&#038;wmode=transparent\" allowfullscreen=\"true\" style=\"border:0;\" sandbox=\"allow-scripts allow-same-origin allow-popups allow-presentation\"><\/iframe><\/span>\n<\/div><figcaption><strong>Galaxy Book2 Pro: Official Unboxing<\/strong><\/figcaption><\/figure>\n\n\n\n<h3>La seguridad de nivel empresarial se expande a la libertad m\u00f3vil<\/h3>\n\n\n\n<p>A medida que m\u00e1s estudiantes y profesionales disfrutan de entornos laborales remotos o h\u00edbridos, la protecci\u00f3n de sus datos, identidad y privacidad sigue siendo una prioridad. Para proteger a\u00fan m\u00e1s a los usuarios, la serie Galaxy Book2 Pro es la primera l\u00ednea de PC de consumo que cumple con los requisitos de <strong>PC de n\u00facleo seguro <\/strong>de Microsoft. Dise\u00f1ada anteriormente para PCs empresariales en industrias de alta seguridad como finanzas, atenci\u00f3n m\u00e9dica y gobierno, secured-core PC designation de la serie Galaxy Book2 Pro ofrece un nivel perfeccionado de protecci\u00f3n en Windows 11 y cuenta con hardware, firmware y software profundamente integrados para aumentar la protecci\u00f3n contra posibles ciberataques. Ahora, todos pueden disfrutar de seguridad avanzada para una mayor tranquilidad. \u201cTrabajar con Samsung en la serie Galaxy Book2 Pro es el pr\u00f3ximo cap\u00edtulo de nuestra orgullosa colaboraci\u00f3n para eliminar las barreras entre los diferentes sistemas operativos y llevar lo mejor de las aplicaciones y servicios de Microsoft al ecosistema Galaxy\u201d, dijo David Weston, Director de Seguridad Empresarial y del SO de Microsoft. \u201cLa entrega de la primera PC de consumo con secured-core PC designation de Microsoft es un paso crucial en este esfuerzo, ya que los consumidores de hoy merecen las mismas protecciones de seguridad cuando trabajan de forma remota que obtienen en la oficina\u201d.<\/p>\n\n\n\n<figure class=\"wp-block-image size-large\"><img loading=\"lazy\" width=\"1280\" height=\"853\" src=\"https:\/\/www.jameslynn.com\/blog\/wp-content\/uploads\/2022\/03\/Galaxy-Book2-Pro-setup-2-1280x853.jpg\" alt=\"\" class=\"wp-image-2198\" srcset=\"https:\/\/www.jameslynn.com\/blog\/wp-content\/uploads\/2022\/03\/Galaxy-Book2-Pro-setup-2-1280x853.jpg 1280w, https:\/\/www.jameslynn.com\/blog\/wp-content\/uploads\/2022\/03\/Galaxy-Book2-Pro-setup-2-450x300.jpg 450w, https:\/\/www.jameslynn.com\/blog\/wp-content\/uploads\/2022\/03\/Galaxy-Book2-Pro-setup-2-768x512.jpg 768w, https:\/\/www.jameslynn.com\/blog\/wp-content\/uploads\/2022\/03\/Galaxy-Book2-Pro-setup-2-500x333.jpg 500w, https:\/\/www.jameslynn.com\/blog\/wp-content\/uploads\/2022\/03\/Galaxy-Book2-Pro-setup-2-219x146.jpg 219w, https:\/\/www.jameslynn.com\/blog\/wp-content\/uploads\/2022\/03\/Galaxy-Book2-Pro-setup-2-50x33.jpg 50w, https:\/\/www.jameslynn.com\/blog\/wp-content\/uploads\/2022\/03\/Galaxy-Book2-Pro-setup-2-113x75.jpg 113w, https:\/\/www.jameslynn.com\/blog\/wp-content\/uploads\/2022\/03\/Galaxy-Book2-Pro-setup-2.jpg 1500w\" sizes=\"(max-width: 1280px) 100vw, 1280px\" \/><\/figure>\n\n\n\n<p>La serie Galaxy Book2 Pro ofrece las ventajas de la seguridad empresarial dentro de una carcasa elegante y ultra port\u00e1til que acompa\u00f1a f\u00e1cilmente al usuario dondequiera que vaya. Le brindan movilidad con los <strong>mejores dise\u00f1os delgados y livianos en su clase<\/strong> en <strong>nuevos colores<\/strong> elegantes combinados con la libertad de la <strong>conectividad 5G y Wi-Fi 6E<\/strong>.<\/p>\n\n\n\n<p>Con la duraci\u00f3n de la bater\u00eda de hasta 21 horas, los consumidores pueden moverse durante el d\u00eda sin estar siempre enchufados. Adem\u00e1s, el <strong>cargador universal<\/strong> ultrarr\u00e1pido USB de Tipo C de la serie Galaxy Book2 Pro puede alimentar todos los dispositivos m\u00f3viles Galaxy, lo que le permite llevar solo un cargador mientras viaja.<\/p>\n\n\n\n<h3>El m\u00e1ximo poder para hacer m\u00e1s<\/h3>\n\n\n\n<p>La serie Galaxy Book2 Pro cuenta con los \u00faltimos <strong>procesadores Intel\u00ae Core&#x2122; de 12\u00aa generaci\u00f3n<\/strong> que permiten que los usuarios trabajen, hagan videollamadas y jueguen con un rendimiento fluido y fiable. Samsung sigue con su orgullosa asociaci\u00f3n con Intel, trabajando en estrecha colaboraci\u00f3n con el fabricante de chips para garantizar la optimizaci\u00f3n completa del procesador con el hardware y el software de la serie Galaxy Book2 Pro.<\/p>\n\n\n\n<p>\u201cSeguimos ampliando los l\u00edmites de lo que es posible en nuestra asociaci\u00f3n de larga data con Samsung a trav\u00e9s de mayores recursos, una mayor integraci\u00f3n de la plataforma y m\u00e1s optimizaci\u00f3n utilizando nuestros nuevos procesadores Intel\u00ae Core&#x2122; de 12\u00aa generaci\u00f3n\u201d, dijo Jim Johnson, Vicepresidente S\u00e9nior y Gerente General Interino del Grupo de Computaci\u00f3n del Cliente en Intel Corporation. \u201cCon la serie Galaxy Book2 Pro, los resultados hablan por s\u00ed solos. Estas son algunas de las PCs m\u00e1s livianas, delgadas y poderosas en las que hemos tenido la oportunidad de trabajar\u201d.<\/p>\n\n\n\n<p><strong>Suena tan bien como se ve<\/strong> Con las videollamadas ahora como parte de la vida cotidiana, la serie Galaxy Book2 Pro se actualiza para experiencias de llamadas de alta calidad cada vez que se conecta. Ahora con <strong>c\u00e1maras web FHD de 1080p<\/strong> y <strong>\u00e1ngulos de campo de visi\u00f3n m\u00e1s amplios<\/strong>, su transmisi\u00f3n de video se ver\u00e1 clara durante cada llamada. El <strong>Modo Studio<\/strong> tambi\u00e9n se ha actualizado con una <\/p>\n\n\n\n<p>variedad de funciones nuevas, incluido <strong>Auto Framing<\/strong>, que mantiene perfectamente centrado al usuario incluso cuando se mueve por el encuadre. Los <strong>nuevos efectos de fondo y Face Effect <\/strong>eliminan las distracciones visuales del fondo y mejoran su apariencia, para que se vea mejor sin importar d\u00f3nde chatee por video. Para completar la experiencia de video, las pantallas <strong>AMOLED<\/strong> con certificaci\u00f3n GREENGUARD ahora son <strong>m\u00e1s<\/strong> <strong>brillantes<\/strong> para una mayor claridad.<\/p>\n\n\n\n<p>El audio de la serie Galaxy Book2 Pro tambi\u00e9n se ha perfeccionado para que las llamadas suenen tan bien como se ven. La <strong>cancelaci\u00f3n de ruido por IA <\/strong>bidireccional bloquea los ruidos del fondo que distraen a ambas personas que se est\u00e1n comunicando, por lo que cada palabra se escucha con total claridad. Adem\u00e1s, el <strong>Smart Amp<\/strong> de salida M\u00e1x de 5W produce un sonido equilibrado a vol\u00famenes m\u00e1s altos. La serie Galaxy Book2 pro tambi\u00e9n es compatible con la tecnolog\u00eda de sonido <strong>AKG y Dolby Atmos<\/strong>.<\/p>\n\n\n\n<p>Adem\u00e1s, la aplicaci\u00f3n <strong>Samsung Device Care<\/strong> recientemente agregada, incluida en la serie Galaxy Book2 Pro, ahora permite que los usuarios verifiquen la eficiencia de su dispositivo y brinda formas de optimizar la energ\u00eda y el almacenamiento para garantizar un rendimiento constante a lo largo de la vida \u00fatil del dispositivo.<\/p>\n\n\n\n<figure class=\"wp-block-embed is-type-video is-provider-youtube wp-block-embed-youtube wp-embed-aspect-16-9 wp-has-aspect-ratio\"><div class=\"wp-block-embed__wrapper\">\n<span class=\"embed-youtube\" style=\"text-align:center; display: block;\"><iframe loading=\"lazy\" class=\"youtube-player\" width=\"1200\" height=\"675\" src=\"https:\/\/www.youtube.com\/embed\/0bR7PznQ15k?version=3&#038;rel=1&#038;showsearch=0&#038;showinfo=1&#038;iv_load_policy=1&#038;fs=1&#038;hl=en-US&#038;autohide=2&#038;wmode=transparent\" allowfullscreen=\"true\" style=\"border:0;\" sandbox=\"allow-scripts allow-same-origin allow-popups allow-presentation\"><\/iframe><\/span>\n<\/div><figcaption><strong>Galaxy Book2 Pro 360: Official Unboxing<\/strong>&nbsp;<\/figcaption><\/figure>\n\n\n\n<h3>Continuidad perfecta para el mundo conectado<\/h3>\n\n\n\n<p>La serie Galaxy Book2 Pro ofrece una variedad de experiencias conectadas dentro del Ecosistema Galaxy que eliminan la fricci\u00f3n en la vida diaria de los usuarios. El nuevo <strong>Galaxy Book Experience<\/strong> ayuda a los usuarios a familiarizarse con las funciones \u00fanicas de Galaxy y transfiere su contenido a su nuevo dispositivo. A trav\u00e9s del <strong>Single Sign-On <\/strong>con la <strong>Cuenta de Samsung<\/strong>, los usuarios solo necesitan ingresar sus nombres de usuario y contrase\u00f1as una vez y tener acceso instant\u00e1neo a las aplicaciones y el contenido del dispositivo Galaxy, incluidos Samsung Gallery y Samsung Notes, y tener sus Galaxy Buds listos para emparejarse.<\/p>\n\n\n\n<p>Esta nueva experiencia tambi\u00e9n los conduce al proceso <strong>Galaxy Book Smart Switch<\/strong>, ayud\u00e1ndoles a mover datos antiguos, fotos, configuraciones y m\u00e1s desde su PC anterior, independientemente del fabricante, a su nueva PC. Y una vez transferida, la nueva experiencia de la serie Galaxy Book2 Pro es m\u00e1s familiar que nunca con la UI intuitiva <strong>One UI Book 4.0.<\/strong> Los usuarios con otros dispositivos Galaxy se sentir\u00e1n como en casa en su nueva PC con la misma UI, aplicaciones y men\u00fas con los que ya est\u00e1n familiarizados.<\/p>\n\n\n\n<h3 class=\"has-text-align-left\">Actualizaciones para continuidad de las interacciones<\/h3>\n\n\n\n<p>La serie Galaxy Book2 Pro ofrece una variedad de actualizaciones que hacen que las interacciones diarias sean m\u00e1s continuas:<strong>Link to Windows\/Microsoft Your Phone,<\/strong> que empareja un smartphone Galaxy con otro dispositivo de la serie Galax Book2 Pro, ahora ofrece <strong>Recent Apps<\/strong>, lo que permite a los <\/p>\n\n\n\n<ul><li>usuarios deslizar hacia arriba en la barra de tareas de Windows 11 para verificar el estado de su smartphone e incluso seleccionar las aplicaciones del smartphone utilizadas m\u00e1s recientemente para emplear directamente en sus escritorios.<\/li><li>Con <strong>Samsung Multi Control<\/strong>, puede usar el teclado y el panel t\u00e1ctil de la serie Galaxy Book2 Pro mientras navega en la pantalla de su Galaxy Tab S8 para interacciones continuas entre dispositivos.<\/li><li><strong>Private Share<\/strong> hace que compartir documentos laborales confidenciales con colegas sea m\u00e1s f\u00e1cil que nunca. Crea enlaces cronometrados con mayores opciones de seguridad basadas en la tecnolog\u00eda <em>blockchain<\/em>, incluido el acceso de solo visualizaci\u00f3n, la desactivaci\u00f3n de las capacidades de captura de pantalla durante la visualizaci\u00f3n y la revocaci\u00f3n total del acceso, para que los usuarios mantengan el control total de sus archivos incluso despu\u00e9s de compartirlos.<\/li><li>Ahora, <strong>Quick Share<\/strong> puede usarse para enviar archivos grandes con la nueva opci\u00f3n <strong>Link Sharing<\/strong>, que genera un enlace f\u00e1cil de compartir al que los destinatarios pueden acceder para remitir &nbsp;contenido r\u00e1pidamente desde la PC a otros dispositivos.<\/li><li>La serie Galaxy Book2 Pro tambi\u00e9n sirve como el <em>hub<\/em> perfecto para sus dispositivos compatibles con <strong>SmartThings<\/strong>. Encienda las luces de su casa, configure la temperatura o verifique sus c\u00e1maras de seguridad, todo desde la comodidad del Panel SmartThings. Con la nueva funcionalidad de control de voz de <strong>Bixby<\/strong>, puede controlar sus dispositivos IoT con la comodidad de las indicaciones de voz. Adem\u00e1s, con SmartThings Find, si un usuario pierde su dispositivo de la serie Galaxy Book2 Pro, puede localizarlo r\u00e1pidamente incluso si est\u00e1 apagado en el momento.<\/li><\/ul>\n\n\n\n<h3>Galaxy for the Planet: aporte de gran valor<\/h3>\n\n\n\n<p>La empresa comprende la importancia de producir tecnolog\u00eda con m\u00e9todos responsables y sostenibles. La serie Galaxy Book2 Pro avanza en el compromiso continuo de Samsung de minimizar su huella ambiental y ayudar a los usuarios de Galaxy a adoptar estilos de vida m\u00e1s sostenibles. Se anunci\u00f3 recientemente un nuevo material ecol\u00f3gico de alto rendimiento en cuya fabricaci\u00f3n se emplean redes de pesca desechadas y vertidas en los oc\u00e9anos, y as\u00ed contribuir a la reducci\u00f3n de su acci\u00f3n nociva sobre la vida marina.&nbsp; Este material se emple\u00f3 para el soporte del panel t\u00e1ctil y el soporte interior de la serie Galaxy Book2 Pro. Al expandir la presencia de pl\u00e1sticos -que originalmente contaminan el planeta- en la tecnolog\u00eda Galaxy, marcamos un logro notable en la trayectoria de sustentabilidad de la compa\u00f1\u00eda. A trav\u00e9s de Galaxy for the Planet, la empresa est\u00e1 impulsando su escala, innovaciones y colaboraciones abiertas para ofrecer acciones ambientales tangibles en Negocios MX y toda su l\u00ednea de productos para preservar el planeta para las generaciones venideras.<\/p>\n\n\n\n<p>Adem\u00e1s, los nuevos algoritmos extienden los ciclos de vida de la bater\u00eda y la menor energ\u00eda de reserva reduce la necesidad de reemplazarla frecuentemente. Los paneles AMOLED recibieron la certificaci\u00f3n de oro GREENGUARD para productos ecol\u00f3gicos de Underwriters Laboratories por minimizar las emisiones de VOC para mejorar la calidad del aire interior. Finalmente, el empaque de la serie Galaxy Book2 Pro utiliza cajas de papel y bandejas de molde de origen sostenible.<\/p>\n\n\n\n<h3>Disponibilidad<\/h3>\n\n\n\n<p>Galaxy Book2 Pro estar\u00e1 disponible en las opciones de color Graphite y Silver. Galaxy Book2 Pro 360 estar\u00e1 disponible en Burgundy, Graphite y Silver. <\/p>\n\n\n\n<h3>Especificaciones<\/h3>\n\n\n\n<figure class=\"wp-block-image size-full\"><img loading=\"lazy\" width=\"1679\" height=\"2560\" src=\"https:\/\/www.jameslynn.com\/blog\/wp-content\/uploads\/2022\/03\/Galaxy_Book2_Pro_Spec_Infographic-2-scaled.jpg\" alt=\"Galaxy Book2 Pro specs\" class=\"wp-image-2195\" srcset=\"https:\/\/www.jameslynn.com\/blog\/wp-content\/uploads\/2022\/03\/Galaxy_Book2_Pro_Spec_Infographic-2-scaled.jpg 1679w, https:\/\/www.jameslynn.com\/blog\/wp-content\/uploads\/2022\/03\/Galaxy_Book2_Pro_Spec_Infographic-2-328x500.jpg 328w\" sizes=\"(max-width: 1679px) 100vw, 1679px\" \/><\/figure>\n\n\n\n<figure class=\"wp-block-image size-full\"><img loading=\"lazy\" width=\"1442\" height=\"2560\" src=\"https:\/\/www.jameslynn.com\/blog\/wp-content\/uploads\/2022\/03\/Galaxy-Book2-Pro-360_Spec-Infographic-1-scaled.jpg\" alt=\"Galaxy Book2 Pro 360 Specs\" class=\"wp-image-2196\" srcset=\"https:\/\/www.jameslynn.com\/blog\/wp-content\/uploads\/2022\/03\/Galaxy-Book2-Pro-360_Spec-Infographic-1-scaled.jpg 1442w, https:\/\/www.jameslynn.com\/blog\/wp-content\/uploads\/2022\/03\/Galaxy-Book2-Pro-360_Spec-Infographic-1-282x500.jpg 282w\" sizes=\"(max-width: 1442px) 100vw, 1442px\" \/><\/figure>\n\n\n\n<figure class=\"wp-block-embed is-type-video is-provider-youtube wp-block-embed-youtube wp-embed-aspect-16-9 wp-has-aspect-ratio\"><div class=\"wp-block-embed__wrapper\">\n<span class=\"embed-youtube\" style=\"text-align:center; display: block;\"><iframe loading=\"lazy\" class=\"youtube-player\" width=\"1200\" height=\"675\" src=\"https:\/\/www.youtube.com\/embed\/8XEMwpsFCyU?version=3&#038;rel=1&#038;showsearch=0&#038;showinfo=1&#038;iv_load_policy=1&#038;fs=1&#038;hl=en-US&#038;autohide=2&#038;start=15&#038;wmode=transparent\" allowfullscreen=\"true\" style=\"border:0;\" sandbox=\"allow-scripts allow-same-origin allow-popups allow-presentation\"><\/iframe><\/span>\n<\/div><figcaption><strong>Mira el lanzamiento de las Galaxy Book2 Pro<\/strong><\/figcaption><\/figure>\n","protected":false},"excerpt":{"rendered":"<p>Samsung Electronics Co., Ltd. anunci\u00f3 la serie Galaxy Book2 Pro, una l\u00ednea de PCs insignia que presenta la Galaxy Book2 Pro 360 con funcionalidad S Pen<span class=\"excerpt-hellip\"> [\u2026]<\/span><\/p>\n","protected":false},"author":32,"featured_media":2186,"comment_status":"open","ping_status":"open","sticky":false,"template":"","format":"standard","meta":{"om_disable_all_campaigns":false,"_monsterinsights_skip_tracking":false,"_monsterinsights_sitenote_active":false,"_monsterinsights_sitenote_note":"","_monsterinsights_sitenote_category":0,"spay_email":"","jetpack_publicize_message":"","jetpack_is_tweetstorm":false,"jetpack_publicize_feature_enabled":true},"categories":[17],"tags":[304,945,946,947,361],"aioseo_notices":[],"yoast_head":"<!-- This site is optimized with the Yoast SEO plugin v17.7.1 - https:\/\/yoast.com\/wordpress\/plugins\/seo\/ -->\n<title>Samsung anunci\u00f3 la nueva Galaxy Book2 Pro, la Galaxy Book2 Pro 360 con S Pen y la Galaxy Book2 Pro con 5G - James Lynn : Tecnolog\u00eda y vida digital<\/title>\n<meta name=\"robots\" content=\"index, follow, max-snippet:-1, max-image-preview:large, max-video-preview:-1\" \/>\n<link rel=\"canonical\" href=\"https:\/\/www.jameslynn.com\/blog\/2022\/03\/02\/samsung-galaxy-book2-pro-galaxy-book2-pro-360-s-pen-galaxy-book2-pro-5g\/\" \/>\n<meta property=\"og:locale\" content=\"en_US\" \/>\n<meta property=\"og:type\" content=\"article\" \/>\n<meta property=\"og:title\" content=\"Samsung anunci\u00f3 la nueva Galaxy Book2 Pro, la Galaxy Book2 Pro 360 con S Pen y la Galaxy Book2 Pro con 5G - James Lynn : Tecnolog\u00eda y vida digital\" \/>\n<meta property=\"og:description\" content=\"Samsung Electronics Co., Ltd. anunci\u00f3 la serie Galaxy Book2 Pro, una l\u00ednea de PCs insignia que presenta la Galaxy Book2 Pro 360 con funcionalidad S Pen [\u2026]\" \/>\n<meta property=\"og:url\" content=\"https:\/\/www.jameslynn.com\/blog\/2022\/03\/02\/samsung-galaxy-book2-pro-galaxy-book2-pro-360-s-pen-galaxy-book2-pro-5g\/\" \/>\n<meta property=\"og:site_name\" content=\"James Lynn : Tecnolog\u00eda y vida digital\" \/>\n<meta property=\"article:published_time\" content=\"2022-03-03T00:26:37+00:00\" \/>\n<meta property=\"article:modified_time\" content=\"2022-03-03T00:27:32+00:00\" \/>\n<meta property=\"og:image\" content=\"https:\/\/www.jameslynn.com\/blog\/wp-content\/uploads\/2022\/03\/Galaxy-Book2-Pro-setup.jpg\" \/>\n\t<meta property=\"og:image:width\" content=\"1500\" \/>\n\t<meta property=\"og:image:height\" content=\"1000\" \/>\n<meta name=\"twitter:label1\" content=\"Written by\" \/>\n\t<meta name=\"twitter:data1\" content=\"James Lynn\" \/>\n\t<meta name=\"twitter:label2\" content=\"Est. reading time\" \/>\n\t<meta name=\"twitter:data2\" content=\"9 minutes\" \/>\n<script type=\"application\/ld+json\" class=\"yoast-schema-graph\">{\"@context\":\"https:\/\/schema.org\",\"@graph\":[{\"@type\":\"WebSite\",\"@id\":\"https:\/\/www.jameslynn.com\/blog\/#website\",\"url\":\"https:\/\/www.jameslynn.com\/blog\/\",\"name\":\"James Lynn : Tecnolog\\u00eda y vida digital\",\"description\":\"Tecnolog\\u00eda y vida digital\",\"potentialAction\":[{\"@type\":\"SearchAction\",\"target\":{\"@type\":\"EntryPoint\",\"urlTemplate\":\"https:\/\/www.jameslynn.com\/blog\/?s={search_term_string}\"},\"query-input\":\"required name=search_term_string\"}],\"inLanguage\":\"en-US\"},{\"@type\":\"ImageObject\",\"@id\":\"https:\/\/www.jameslynn.com\/blog\/2022\/03\/02\/samsung-galaxy-book2-pro-galaxy-book2-pro-360-s-pen-galaxy-book2-pro-5g\/#primaryimage\",\"inLanguage\":\"en-US\",\"url\":\"https:\/\/www.jameslynn.com\/blog\/wp-content\/uploads\/2022\/03\/Galaxy-Book2-Pro-setup.jpg\",\"contentUrl\":\"https:\/\/www.jameslynn.com\/blog\/wp-content\/uploads\/2022\/03\/Galaxy-Book2-Pro-setup.jpg\",\"width\":1500,\"height\":1000,\"caption\":\"Galaxy Book2 pro\"},{\"@type\":\"WebPage\",\"@id\":\"https:\/\/www.jameslynn.com\/blog\/2022\/03\/02\/samsung-galaxy-book2-pro-galaxy-book2-pro-360-s-pen-galaxy-book2-pro-5g\/#webpage\",\"url\":\"https:\/\/www.jameslynn.com\/blog\/2022\/03\/02\/samsung-galaxy-book2-pro-galaxy-book2-pro-360-s-pen-galaxy-book2-pro-5g\/\",\"name\":\"Samsung anunci\\u00f3 la nueva Galaxy Book2 Pro, la Galaxy Book2 Pro 360 con S Pen y la Galaxy Book2 Pro con 5G - James Lynn : Tecnolog\\u00eda y vida digital\",\"isPartOf\":{\"@id\":\"https:\/\/www.jameslynn.com\/blog\/#website\"},\"primaryImageOfPage\":{\"@id\":\"https:\/\/www.jameslynn.com\/blog\/2022\/03\/02\/samsung-galaxy-book2-pro-galaxy-book2-pro-360-s-pen-galaxy-book2-pro-5g\/#primaryimage\"},\"datePublished\":\"2022-03-03T00:26:37+00:00\",\"dateModified\":\"2022-03-03T00:27:32+00:00\",\"author\":{\"@id\":\"https:\/\/www.jameslynn.com\/blog\/#\/schema\/person\/4439f3e96c27ac4b98b29b03848f8108\"},\"breadcrumb\":{\"@id\":\"https:\/\/www.jameslynn.com\/blog\/2022\/03\/02\/samsung-galaxy-book2-pro-galaxy-book2-pro-360-s-pen-galaxy-book2-pro-5g\/#breadcrumb\"},\"inLanguage\":\"en-US\",\"potentialAction\":[{\"@type\":\"ReadAction\",\"target\":[\"https:\/\/www.jameslynn.com\/blog\/2022\/03\/02\/samsung-galaxy-book2-pro-galaxy-book2-pro-360-s-pen-galaxy-book2-pro-5g\/\"]}]},{\"@type\":\"BreadcrumbList\",\"@id\":\"https:\/\/www.jameslynn.com\/blog\/2022\/03\/02\/samsung-galaxy-book2-pro-galaxy-book2-pro-360-s-pen-galaxy-book2-pro-5g\/#breadcrumb\",\"itemListElement\":[{\"@type\":\"ListItem\",\"position\":1,\"name\":\"Home\",\"item\":\"https:\/\/www.jameslynn.com\/blog\/\"},{\"@type\":\"ListItem\",\"position\":2,\"name\":\"Samsung anunci\\u00f3 la nueva Galaxy Book2 Pro, la Galaxy Book2 Pro 360 con S Pen y la Galaxy Book2 Pro con 5G\"}]},{\"@type\":\"Person\",\"@id\":\"https:\/\/www.jameslynn.com\/blog\/#\/schema\/person\/4439f3e96c27ac4b98b29b03848f8108\",\"name\":\"James Lynn\",\"image\":{\"@type\":\"ImageObject\",\"@id\":\"https:\/\/www.jameslynn.com\/blog\/#personlogo\",\"inLanguage\":\"en-US\",\"url\":\"https:\/\/secure.gravatar.com\/avatar\/2dcd2635cd0622bf457f25788f8c478b?s=96&d=mm&r=pg\",\"contentUrl\":\"https:\/\/secure.gravatar.com\/avatar\/2dcd2635cd0622bf457f25788f8c478b?s=96&d=mm&r=pg\",\"caption\":\"James Lynn\"},\"description\":\"Tech blogger, podcaster, live streamer, graphic designer, photographer, multimedia artist and university professor living in San Juan, Puerto Rico.\",\"sameAs\":[\"http:\/\/www.jameslynn.com\"],\"url\":\"https:\/\/www.jameslynn.com\/blog\/author\/jameslynn\/\"}]}<\/script>\n<!-- \/ Yoast SEO plugin. -->","yoast_head_json":{"title":"Samsung anunci\u00f3 la nueva Galaxy Book2 Pro, la Galaxy Book2 Pro 360 con S Pen y la Galaxy Book2 Pro con 5G - James Lynn : Tecnolog\u00eda y vida digital","robots":{"index":"index","follow":"follow","max-snippet":"max-snippet:-1","max-image-preview":"max-image-preview:large","max-video-preview":"max-video-preview:-1"},"canonical":"https:\/\/www.jameslynn.com\/blog\/2022\/03\/02\/samsung-galaxy-book2-pro-galaxy-book2-pro-360-s-pen-galaxy-book2-pro-5g\/","og_locale":"en_US","og_type":"article","og_title":"Samsung anunci\u00f3 la nueva Galaxy Book2 Pro, la Galaxy Book2 Pro 360 con S Pen y la Galaxy Book2 Pro con 5G - James Lynn : Tecnolog\u00eda y vida digital","og_description":"Samsung Electronics Co., Ltd. anunci\u00f3 la serie Galaxy Book2 Pro, una l\u00ednea de PCs insignia que presenta la Galaxy Book2 Pro 360 con funcionalidad S Pen [\u2026]","og_url":"https:\/\/www.jameslynn.com\/blog\/2022\/03\/02\/samsung-galaxy-book2-pro-galaxy-book2-pro-360-s-pen-galaxy-book2-pro-5g\/","og_site_name":"James Lynn : Tecnolog\u00eda y vida digital","article_published_time":"2022-03-03T00:26:37+00:00","article_modified_time":"2022-03-03T00:27:32+00:00","og_image":[{"width":1500,"height":1000,"url":"https:\/\/www.jameslynn.com\/blog\/wp-content\/uploads\/2022\/03\/Galaxy-Book2-Pro-setup.jpg","type":"image\/jpeg"}],"twitter_misc":{"Written by":"James Lynn","Est. reading time":"9 minutes"},"schema":{"@context":"https:\/\/schema.org","@graph":[{"@type":"WebSite","@id":"https:\/\/www.jameslynn.com\/blog\/#website","url":"https:\/\/www.jameslynn.com\/blog\/","name":"James Lynn : Tecnolog\u00eda y vida digital","description":"Tecnolog\u00eda y vida digital","potentialAction":[{"@type":"SearchAction","target":{"@type":"EntryPoint","urlTemplate":"https:\/\/www.jameslynn.com\/blog\/?s={search_term_string}"},"query-input":"required name=search_term_string"}],"inLanguage":"en-US"},{"@type":"ImageObject","@id":"https:\/\/www.jameslynn.com\/blog\/2022\/03\/02\/samsung-galaxy-book2-pro-galaxy-book2-pro-360-s-pen-galaxy-book2-pro-5g\/#primaryimage","inLanguage":"en-US","url":"https:\/\/www.jameslynn.com\/blog\/wp-content\/uploads\/2022\/03\/Galaxy-Book2-Pro-setup.jpg","contentUrl":"https:\/\/www.jameslynn.com\/blog\/wp-content\/uploads\/2022\/03\/Galaxy-Book2-Pro-setup.jpg","width":1500,"height":1000,"caption":"Galaxy Book2 pro"},{"@type":"WebPage","@id":"https:\/\/www.jameslynn.com\/blog\/2022\/03\/02\/samsung-galaxy-book2-pro-galaxy-book2-pro-360-s-pen-galaxy-book2-pro-5g\/#webpage","url":"https:\/\/www.jameslynn.com\/blog\/2022\/03\/02\/samsung-galaxy-book2-pro-galaxy-book2-pro-360-s-pen-galaxy-book2-pro-5g\/","name":"Samsung anunci\u00f3 la nueva Galaxy Book2 Pro, la Galaxy Book2 Pro 360 con S Pen y la Galaxy Book2 Pro con 5G - James Lynn : Tecnolog\u00eda y vida digital","isPartOf":{"@id":"https:\/\/www.jameslynn.com\/blog\/#website"},"primaryImageOfPage":{"@id":"https:\/\/www.jameslynn.com\/blog\/2022\/03\/02\/samsung-galaxy-book2-pro-galaxy-book2-pro-360-s-pen-galaxy-book2-pro-5g\/#primaryimage"},"datePublished":"2022-03-03T00:26:37+00:00","dateModified":"2022-03-03T00:27:32+00:00","author":{"@id":"https:\/\/www.jameslynn.com\/blog\/#\/schema\/person\/4439f3e96c27ac4b98b29b03848f8108"},"breadcrumb":{"@id":"https:\/\/www.jameslynn.com\/blog\/2022\/03\/02\/samsung-galaxy-book2-pro-galaxy-book2-pro-360-s-pen-galaxy-book2-pro-5g\/#breadcrumb"},"inLanguage":"en-US","potentialAction":[{"@type":"ReadAction","target":["https:\/\/www.jameslynn.com\/blog\/2022\/03\/02\/samsung-galaxy-book2-pro-galaxy-book2-pro-360-s-pen-galaxy-book2-pro-5g\/"]}]},{"@type":"BreadcrumbList","@id":"https:\/\/www.jameslynn.com\/blog\/2022\/03\/02\/samsung-galaxy-book2-pro-galaxy-book2-pro-360-s-pen-galaxy-book2-pro-5g\/#breadcrumb","itemListElement":[{"@type":"ListItem","position":1,"name":"Home","item":"https:\/\/www.jameslynn.com\/blog\/"},{"@type":"ListItem","position":2,"name":"Samsung anunci\u00f3 la nueva Galaxy Book2 Pro, la Galaxy Book2 Pro 360 con S Pen y la Galaxy Book2 Pro con 5G"}]},{"@type":"Person","@id":"https:\/\/www.jameslynn.com\/blog\/#\/schema\/person\/4439f3e96c27ac4b98b29b03848f8108","name":"James Lynn","image":{"@type":"ImageObject","@id":"https:\/\/www.jameslynn.com\/blog\/#personlogo","inLanguage":"en-US","url":"https:\/\/secure.gravatar.com\/avatar\/2dcd2635cd0622bf457f25788f8c478b?s=96&d=mm&r=pg","contentUrl":"https:\/\/secure.gravatar.com\/avatar\/2dcd2635cd0622bf457f25788f8c478b?s=96&d=mm&r=pg","caption":"James Lynn"},"description":"Tech blogger, podcaster, live streamer, graphic designer, photographer, multimedia artist and university professor living in San Juan, Puerto Rico.","sameAs":["http:\/\/www.jameslynn.com"],"url":"https:\/\/www.jameslynn.com\/blog\/author\/jameslynn\/"}]}},"jetpack_featured_media_url":"https:\/\/www.jameslynn.com\/blog\/wp-content\/uploads\/2022\/03\/Galaxy-Book2-Pro-setup.jpg","jetpack_publicize_connections":[],"jetpack_shortlink":"https:\/\/wp.me\/p2kNF7-zf","_links":{"self":[{"href":"https:\/\/www.jameslynn.com\/blog\/wp-json\/wp\/v2\/posts\/2185"}],"collection":[{"href":"https:\/\/www.jameslynn.com\/blog\/wp-json\/wp\/v2\/posts"}],"about":[{"href":"https:\/\/www.jameslynn.com\/blog\/wp-json\/wp\/v2\/types\/post"}],"author":[{"embeddable":true,"href":"https:\/\/www.jameslynn.com\/blog\/wp-json\/wp\/v2\/users\/32"}],"replies":[{"embeddable":true,"href":"https:\/\/www.jameslynn.com\/blog\/wp-json\/wp\/v2\/comments?post=2185"}],"version-history":[{"count":8,"href":"https:\/\/www.jameslynn.com\/blog\/wp-json\/wp\/v2\/posts\/2185\/revisions"}],"predecessor-version":[{"id":2200,"href":"https:\/\/www.jameslynn.com\/blog\/wp-json\/wp\/v2\/posts\/2185\/revisions\/2200"}],"wp:featuredmedia":[{"embeddable":true,"href":"https:\/\/www.jameslynn.com\/blog\/wp-json\/wp\/v2\/media\/2186"}],"wp:attachment":[{"href":"https:\/\/www.jameslynn.com\/blog\/wp-json\/wp\/v2\/media?parent=2185"}],"wp:term":[{"taxonomy":"category","embeddable":true,"href":"https:\/\/www.jameslynn.com\/blog\/wp-json\/wp\/v2\/categories?post=2185"},{"taxonomy":"post_tag","embeddable":true,"href":"https:\/\/www.jameslynn.com\/blog\/wp-json\/wp\/v2\/tags?post=2185"}],"curies":[{"name":"wp","href":"https:\/\/api.w.org\/{rel}","templated":true}]}}