{"id":210,"date":"2011-02-04T00:54:28","date_gmt":"2011-02-04T04:54:28","guid":{"rendered":"http:\/\/www.jameslynn.com\/blog\/?p=210"},"modified":"2011-02-17T17:57:32","modified_gmt":"2011-02-17T21:57:32","slug":"preparandome-para-2do-encuentro-red-educadores-puertorriquenos","status":"publish","type":"post","link":"https:\/\/www.jameslynn.com\/blog\/2011\/02\/04\/preparandome-para-2do-encuentro-red-educadores-puertorriquenos\/","title":{"rendered":"Prepar\u00e1ndome para el 2do Encuentro de la Red de Educadores Puertorrique\u00f1os"},"content":{"rendered":"<p><a href=\"http:\/\/www.jameslynn.com\/blog\/wp-content\/uploads\/2011\/02\/Flyer-2do-Encuentro-de-la-Red.jpeg\" target=\"_blank\"><img loading=\"lazy\" class=\"alignright size-medium wp-image-213\" title=\"Flyer del 2do Encuentro de la Red de Educadores Puertorrique\u00f1os\" src=\"http:\/\/www.jameslynn.com\/blog\/wp-content\/uploads\/2011\/02\/Flyer-2do-Encuentro-de-la-Red-231x300.jpg\" alt=\"Flyer del 2do Encuentro de la Red de Educadores Puertorrique\u00f1os\" width=\"231\" height=\"300\" srcset=\"https:\/\/www.jameslynn.com\/blog\/wp-content\/uploads\/2011\/02\/Flyer-2do-Encuentro-de-la-Red-231x300.jpg 231w, https:\/\/www.jameslynn.com\/blog\/wp-content\/uploads\/2011\/02\/Flyer-2do-Encuentro-de-la-Red.jpeg 612w\" sizes=\"(max-width: 231px) 100vw, 231px\" \/><\/a><br \/>\nEste pr\u00f3ximo s\u00e1bado 5 de febrero de 2011 en el recinto de Aguadilla de la Universidad de Puerto Rico\u00a0se llevar\u00e1 a cabo el 2do Encuentro de la <a href=\"http:\/\/www.educapr.org\" target=\"_blank\">Red de Educadores Puertorrique\u00f1os<\/a>. Este grupo, creado por Jeanette Delgado, tuvo su primer encuentro hace aproximadamente un a\u00f1o y desde entonces he tenido la oportunidad de participar en todas las actividades realizadas por la Red.<\/p>\n<p>Pertenecer a la Red me ha dado la oportunidad de conocer muchos educadores, que como yo, utilizamos los adelantos tecnol\u00f3gicos que est\u00e1n a nuestro alcance para crear nuevas experiencias educativas para nuestros estudiantes. Adem\u00e1s he podido compartir mis conocimientos a trav\u00e9s de mis conferencias en varios eventos y aprender mucho del trabajo que otros maestros realizan d\u00eda a d\u00eda con las herramientas que tienen a su disposici\u00f3n muy en especial las de la web 2.0.<\/p>\n<p>Hoy me encuentro organizando la informaci\u00f3n que presentar\u00e9 en mi taller este s\u00e1bado. Har\u00e9 un recorrido por las diversas opciones de software libre que podemos utilizar para dise\u00f1ar nuestros materiales de ense\u00f1anza. Adem\u00e1s los participantes podr\u00e1n trabajar con varios programas de dise\u00f1o realizando tareas cortas que har\u00e1n que sus proyectos se vean limpios y profesionales.<\/p>\n<p>El tema de este segundo encuentro es el <a href=\"http:\/\/en.wikipedia.org\/wiki\/Open_source\" target=\"_blank\"><em>Open Source<\/em><\/a> o<a href=\"http:\/\/es.wikipedia.org\/wiki\/C%C3%B3digo_abierto\" target=\"_blank\"> C\u00f3digo Abierto<\/a> y para profundizar y entrar en an\u00e1lisis habr\u00e1 un foro moderado por el <a href=\"http:\/\/myonepage.com\/acalderon\" target=\"_blank\">Profesor Alfredo Calder\u00f3n<\/a> donde participar\u00e1n el <a href=\"www.vidadigital.net\/blog\/\" target=\"_blank\">Dr. Mario N\u00fa\u00f1ez Molina<\/a>, Ricardo Alcocer de<a href=\"http:\/\/www.tecnologialibre.com\" target=\"_blank\"> Tecnolog\u00edalibre.com<\/a> y el Dr. Juan Tito Mel\u00e9ndez.<\/p>\n<p>Si te gusta el tema del dise\u00f1o, el uso de multimedios en la educaci\u00f3n y el<em> software open source<\/em> te invito a que me saludes para\u00a0poder compartir ideas contigo en este evento que reune los educadores m\u00e1s innovadores de Puerto Rico.<\/p>\n<p>M\u00e1s sobre la <a href=\"Red de Educadores Puertorrique\u00f1os \" target=\"_blank\">Red de Educadores Puertorrique\u00f1os <\/a>en mi blog:<\/p>\n<ul>\n<li><a href=\"http:\/\/www.jameslynn.com\/blog\/2010\/03\/07\/primer-encuentro-de-educadores-puertorriquenos\/\" target=\"_blank\">Primer Encuentro de Educadores Puertorrique\u00f1os<\/a><\/li>\n<li><a href=\"http:\/\/www.jameslynn.com\/blog\/2010\/06\/10\/comunicacion-2-0-en-casa-pueblo\/\" target=\"_blank\">Comunicaci\u00f3n 2.0 en Casa Pueblo<\/a><\/li>\n<\/ul>\n<p>&#8212;<br \/>\nJames<\/p>\n<p><input id=\"gwProxy\" type=\"hidden\" \/><input id=\"jsProxy\" onclick=\"jsCall();\" type=\"hidden\" \/><\/p>\n","protected":false},"excerpt":{"rendered":"<p>Este pr\u00f3ximo s\u00e1bado 5 de febrero de 2011 en el recinto de Aguadilla de la Universidad de Puerto Rico celebraremos el 2do Encuentro de la Red Educadores Puertorrique\u00f1os. Este grupo, creado por Jeanette Delgado, tuvo su primer encuentro hace aproximadamente un a\u00f1o y desde ese entonces he tenido la oportunidad de participar en todas las actividades realizadas por la Red.<\/p>\n","protected":false},"author":1,"featured_media":213,"comment_status":"open","ping_status":"open","sticky":false,"template":"","format":"standard","meta":{"om_disable_all_campaigns":false,"_monsterinsights_skip_tracking":false,"_monsterinsights_sitenote_active":false,"_monsterinsights_sitenote_note":"","_monsterinsights_sitenote_category":0,"spay_email":"","jetpack_publicize_message":"","jetpack_is_tweetstorm":false,"jetpack_publicize_feature_enabled":true},"categories":[169,189],"tags":[177,179,180,185,61,184,183,130,145,182,144,181,178,112],"aioseo_notices":[],"yoast_head":"<!-- This site is optimized with the Yoast SEO plugin v17.7.1 - https:\/\/yoast.com\/wordpress\/plugins\/seo\/ -->\n<title>Prepar\u00e1ndome para el 2do Encuentro de la Red de Educadores Puertorrique\u00f1os - James Lynn : Tecnolog\u00eda y vida digital<\/title>\n<meta name=\"robots\" content=\"index, follow, max-snippet:-1, max-image-preview:large, max-video-preview:-1\" \/>\n<link rel=\"canonical\" href=\"https:\/\/www.jameslynn.com\/blog\/2011\/02\/04\/preparandome-para-2do-encuentro-red-educadores-puertorriquenos\/\" \/>\n<meta property=\"og:locale\" content=\"en_US\" \/>\n<meta property=\"og:type\" content=\"article\" \/>\n<meta property=\"og:title\" content=\"Prepar\u00e1ndome para el 2do Encuentro de la Red de Educadores Puertorrique\u00f1os - James Lynn : Tecnolog\u00eda y vida digital\" \/>\n<meta property=\"og:description\" content=\"Este pr\u00f3ximo s\u00e1bado 5 de febrero de 2011 en el recinto de Aguadilla de la Universidad de Puerto Rico celebraremos el 2do Encuentro de la Red Educadores Puertorrique\u00f1os. Este grupo, creado por Jeanette Delgado, tuvo su primer encuentro hace aproximadamente un a\u00f1o y desde ese entonces he tenido la oportunidad de participar en todas las actividades realizadas por la Red.\" \/>\n<meta property=\"og:url\" content=\"https:\/\/www.jameslynn.com\/blog\/2011\/02\/04\/preparandome-para-2do-encuentro-red-educadores-puertorriquenos\/\" \/>\n<meta property=\"og:site_name\" content=\"James Lynn : Tecnolog\u00eda y vida digital\" \/>\n<meta property=\"article:published_time\" content=\"2011-02-04T04:54:28+00:00\" \/>\n<meta property=\"article:modified_time\" content=\"2011-02-17T21:57:32+00:00\" \/>\n<meta property=\"og:image\" content=\"https:\/\/www.jameslynn.com\/blog\/wp-content\/uploads\/2011\/02\/Flyer-2do-Encuentro-de-la-Red.jpeg\" \/>\n\t<meta property=\"og:image:width\" content=\"612\" \/>\n\t<meta property=\"og:image:height\" content=\"792\" \/>\n<meta name=\"twitter:label1\" content=\"Written by\" \/>\n\t<meta name=\"twitter:data1\" content=\"James Lynn\" \/>\n\t<meta name=\"twitter:label2\" content=\"Est. reading time\" \/>\n\t<meta name=\"twitter:data2\" content=\"2 minutes\" \/>\n<script type=\"application\/ld+json\" class=\"yoast-schema-graph\">{\"@context\":\"https:\/\/schema.org\",\"@graph\":[{\"@type\":\"WebSite\",\"@id\":\"https:\/\/www.jameslynn.com\/blog\/#website\",\"url\":\"https:\/\/www.jameslynn.com\/blog\/\",\"name\":\"James Lynn : Tecnolog\\u00eda y vida digital\",\"description\":\"Tecnolog\\u00eda y vida digital\",\"potentialAction\":[{\"@type\":\"SearchAction\",\"target\":{\"@type\":\"EntryPoint\",\"urlTemplate\":\"https:\/\/www.jameslynn.com\/blog\/?s={search_term_string}\"},\"query-input\":\"required name=search_term_string\"}],\"inLanguage\":\"en-US\"},{\"@type\":\"ImageObject\",\"@id\":\"https:\/\/www.jameslynn.com\/blog\/2011\/02\/04\/preparandome-para-2do-encuentro-red-educadores-puertorriquenos\/#primaryimage\",\"inLanguage\":\"en-US\",\"url\":\"https:\/\/www.jameslynn.com\/blog\/wp-content\/uploads\/2011\/02\/Flyer-2do-Encuentro-de-la-Red.jpeg\",\"contentUrl\":\"https:\/\/www.jameslynn.com\/blog\/wp-content\/uploads\/2011\/02\/Flyer-2do-Encuentro-de-la-Red.jpeg\",\"width\":\"612\",\"height\":\"792\",\"caption\":\"Flyer del 2do Encuentro de la Red de Educadores Puertorrique\\u00f1os\"},{\"@type\":\"WebPage\",\"@id\":\"https:\/\/www.jameslynn.com\/blog\/2011\/02\/04\/preparandome-para-2do-encuentro-red-educadores-puertorriquenos\/#webpage\",\"url\":\"https:\/\/www.jameslynn.com\/blog\/2011\/02\/04\/preparandome-para-2do-encuentro-red-educadores-puertorriquenos\/\",\"name\":\"Prepar\\u00e1ndome para el 2do Encuentro de la Red de Educadores Puertorrique\\u00f1os - James Lynn : Tecnolog\\u00eda y vida digital\",\"isPartOf\":{\"@id\":\"https:\/\/www.jameslynn.com\/blog\/#website\"},\"primaryImageOfPage\":{\"@id\":\"https:\/\/www.jameslynn.com\/blog\/2011\/02\/04\/preparandome-para-2do-encuentro-red-educadores-puertorriquenos\/#primaryimage\"},\"datePublished\":\"2011-02-04T04:54:28+00:00\",\"dateModified\":\"2011-02-17T21:57:32+00:00\",\"author\":{\"@id\":\"https:\/\/www.jameslynn.com\/blog\/#\/schema\/person\/471a3a184d2210211b57765966cb1990\"},\"breadcrumb\":{\"@id\":\"https:\/\/www.jameslynn.com\/blog\/2011\/02\/04\/preparandome-para-2do-encuentro-red-educadores-puertorriquenos\/#breadcrumb\"},\"inLanguage\":\"en-US\",\"potentialAction\":[{\"@type\":\"ReadAction\",\"target\":[\"https:\/\/www.jameslynn.com\/blog\/2011\/02\/04\/preparandome-para-2do-encuentro-red-educadores-puertorriquenos\/\"]}]},{\"@type\":\"BreadcrumbList\",\"@id\":\"https:\/\/www.jameslynn.com\/blog\/2011\/02\/04\/preparandome-para-2do-encuentro-red-educadores-puertorriquenos\/#breadcrumb\",\"itemListElement\":[{\"@type\":\"ListItem\",\"position\":1,\"name\":\"Home\",\"item\":\"https:\/\/www.jameslynn.com\/blog\/\"},{\"@type\":\"ListItem\",\"position\":2,\"name\":\"Prepar\\u00e1ndome para el 2do Encuentro de la Red de Educadores Puertorrique\\u00f1os\"}]},{\"@type\":\"Person\",\"@id\":\"https:\/\/www.jameslynn.com\/blog\/#\/schema\/person\/471a3a184d2210211b57765966cb1990\",\"name\":\"James Lynn\",\"image\":{\"@type\":\"ImageObject\",\"@id\":\"https:\/\/www.jameslynn.com\/blog\/#personlogo\",\"inLanguage\":\"en-US\",\"url\":\"https:\/\/secure.gravatar.com\/avatar\/92923c3f015934ab7ee44072946c70fa?s=96&d=mm&r=pg\",\"contentUrl\":\"https:\/\/secure.gravatar.com\/avatar\/92923c3f015934ab7ee44072946c70fa?s=96&d=mm&r=pg\",\"caption\":\"James Lynn\"},\"description\":\"Graphic designer, photographer, multimedia artist and university professor living in San Juan, Puerto Rico.\",\"sameAs\":[\"http:\/\/www.jameslynn.com\"],\"url\":\"https:\/\/www.jameslynn.com\/blog\/author\/admin\/\"}]}<\/script>\n<!-- \/ Yoast SEO plugin. -->","yoast_head_json":{"title":"Prepar\u00e1ndome para el 2do Encuentro de la Red de Educadores Puertorrique\u00f1os - James Lynn : Tecnolog\u00eda y vida digital","robots":{"index":"index","follow":"follow","max-snippet":"max-snippet:-1","max-image-preview":"max-image-preview:large","max-video-preview":"max-video-preview:-1"},"canonical":"https:\/\/www.jameslynn.com\/blog\/2011\/02\/04\/preparandome-para-2do-encuentro-red-educadores-puertorriquenos\/","og_locale":"en_US","og_type":"article","og_title":"Prepar\u00e1ndome para el 2do Encuentro de la Red de Educadores Puertorrique\u00f1os - James Lynn : Tecnolog\u00eda y vida digital","og_description":"Este pr\u00f3ximo s\u00e1bado 5 de febrero de 2011 en el recinto de Aguadilla de la Universidad de Puerto Rico celebraremos el 2do Encuentro de la Red Educadores Puertorrique\u00f1os. Este grupo, creado por Jeanette Delgado, tuvo su primer encuentro hace aproximadamente un a\u00f1o y desde ese entonces he tenido la oportunidad de participar en todas las actividades realizadas por la Red.","og_url":"https:\/\/www.jameslynn.com\/blog\/2011\/02\/04\/preparandome-para-2do-encuentro-red-educadores-puertorriquenos\/","og_site_name":"James Lynn : Tecnolog\u00eda y vida digital","article_published_time":"2011-02-04T04:54:28+00:00","article_modified_time":"2011-02-17T21:57:32+00:00","og_image":[{"width":"612","height":"792","url":"https:\/\/www.jameslynn.com\/blog\/wp-content\/uploads\/2011\/02\/Flyer-2do-Encuentro-de-la-Red.jpeg","type":"image\/jpeg"}],"twitter_misc":{"Written by":"James Lynn","Est. reading time":"2 minutes"},"schema":{"@context":"https:\/\/schema.org","@graph":[{"@type":"WebSite","@id":"https:\/\/www.jameslynn.com\/blog\/#website","url":"https:\/\/www.jameslynn.com\/blog\/","name":"James Lynn : Tecnolog\u00eda y vida digital","description":"Tecnolog\u00eda y vida digital","potentialAction":[{"@type":"SearchAction","target":{"@type":"EntryPoint","urlTemplate":"https:\/\/www.jameslynn.com\/blog\/?s={search_term_string}"},"query-input":"required name=search_term_string"}],"inLanguage":"en-US"},{"@type":"ImageObject","@id":"https:\/\/www.jameslynn.com\/blog\/2011\/02\/04\/preparandome-para-2do-encuentro-red-educadores-puertorriquenos\/#primaryimage","inLanguage":"en-US","url":"https:\/\/www.jameslynn.com\/blog\/wp-content\/uploads\/2011\/02\/Flyer-2do-Encuentro-de-la-Red.jpeg","contentUrl":"https:\/\/www.jameslynn.com\/blog\/wp-content\/uploads\/2011\/02\/Flyer-2do-Encuentro-de-la-Red.jpeg","width":"612","height":"792","caption":"Flyer del 2do Encuentro de la Red de Educadores Puertorrique\u00f1os"},{"@type":"WebPage","@id":"https:\/\/www.jameslynn.com\/blog\/2011\/02\/04\/preparandome-para-2do-encuentro-red-educadores-puertorriquenos\/#webpage","url":"https:\/\/www.jameslynn.com\/blog\/2011\/02\/04\/preparandome-para-2do-encuentro-red-educadores-puertorriquenos\/","name":"Prepar\u00e1ndome para el 2do Encuentro de la Red de Educadores Puertorrique\u00f1os - James Lynn : Tecnolog\u00eda y vida digital","isPartOf":{"@id":"https:\/\/www.jameslynn.com\/blog\/#website"},"primaryImageOfPage":{"@id":"https:\/\/www.jameslynn.com\/blog\/2011\/02\/04\/preparandome-para-2do-encuentro-red-educadores-puertorriquenos\/#primaryimage"},"datePublished":"2011-02-04T04:54:28+00:00","dateModified":"2011-02-17T21:57:32+00:00","author":{"@id":"https:\/\/www.jameslynn.com\/blog\/#\/schema\/person\/471a3a184d2210211b57765966cb1990"},"breadcrumb":{"@id":"https:\/\/www.jameslynn.com\/blog\/2011\/02\/04\/preparandome-para-2do-encuentro-red-educadores-puertorriquenos\/#breadcrumb"},"inLanguage":"en-US","potentialAction":[{"@type":"ReadAction","target":["https:\/\/www.jameslynn.com\/blog\/2011\/02\/04\/preparandome-para-2do-encuentro-red-educadores-puertorriquenos\/"]}]},{"@type":"BreadcrumbList","@id":"https:\/\/www.jameslynn.com\/blog\/2011\/02\/04\/preparandome-para-2do-encuentro-red-educadores-puertorriquenos\/#breadcrumb","itemListElement":[{"@type":"ListItem","position":1,"name":"Home","item":"https:\/\/www.jameslynn.com\/blog\/"},{"@type":"ListItem","position":2,"name":"Prepar\u00e1ndome para el 2do Encuentro de la Red de Educadores Puertorrique\u00f1os"}]},{"@type":"Person","@id":"https:\/\/www.jameslynn.com\/blog\/#\/schema\/person\/471a3a184d2210211b57765966cb1990","name":"James Lynn","image":{"@type":"ImageObject","@id":"https:\/\/www.jameslynn.com\/blog\/#personlogo","inLanguage":"en-US","url":"https:\/\/secure.gravatar.com\/avatar\/92923c3f015934ab7ee44072946c70fa?s=96&d=mm&r=pg","contentUrl":"https:\/\/secure.gravatar.com\/avatar\/92923c3f015934ab7ee44072946c70fa?s=96&d=mm&r=pg","caption":"James Lynn"},"description":"Graphic designer, photographer, multimedia artist and university professor living in San Juan, Puerto Rico.","sameAs":["http:\/\/www.jameslynn.com"],"url":"https:\/\/www.jameslynn.com\/blog\/author\/admin\/"}]}},"jetpack_featured_media_url":"https:\/\/www.jameslynn.com\/blog\/wp-content\/uploads\/2011\/02\/Flyer-2do-Encuentro-de-la-Red.jpeg","jetpack_publicize_connections":[],"jetpack_shortlink":"https:\/\/wp.me\/p2kNF7-3o","_links":{"self":[{"href":"https:\/\/www.jameslynn.com\/blog\/wp-json\/wp\/v2\/posts\/210"}],"collection":[{"href":"https:\/\/www.jameslynn.com\/blog\/wp-json\/wp\/v2\/posts"}],"about":[{"href":"https:\/\/www.jameslynn.com\/blog\/wp-json\/wp\/v2\/types\/post"}],"author":[{"embeddable":true,"href":"https:\/\/www.jameslynn.com\/blog\/wp-json\/wp\/v2\/users\/1"}],"replies":[{"embeddable":true,"href":"https:\/\/www.jameslynn.com\/blog\/wp-json\/wp\/v2\/comments?post=210"}],"version-history":[{"count":11,"href":"https:\/\/www.jameslynn.com\/blog\/wp-json\/wp\/v2\/posts\/210\/revisions"}],"predecessor-version":[{"id":218,"href":"https:\/\/www.jameslynn.com\/blog\/wp-json\/wp\/v2\/posts\/210\/revisions\/218"}],"wp:featuredmedia":[{"embeddable":true,"href":"https:\/\/www.jameslynn.com\/blog\/wp-json\/wp\/v2\/media\/213"}],"wp:attachment":[{"href":"https:\/\/www.jameslynn.com\/blog\/wp-json\/wp\/v2\/media?parent=210"}],"wp:term":[{"taxonomy":"category","embeddable":true,"href":"https:\/\/www.jameslynn.com\/blog\/wp-json\/wp\/v2\/categories?post=210"},{"taxonomy":"post_tag","embeddable":true,"href":"https:\/\/www.jameslynn.com\/blog\/wp-json\/wp\/v2\/tags?post=210"}],"curies":[{"name":"wp","href":"https:\/\/api.w.org\/{rel}","templated":true}]}}