{"id":1996,"date":"2021-10-07T14:12:24","date_gmt":"2021-10-07T18:12:24","guid":{"rendered":"https:\/\/www.jameslynn.com\/blog\/?p=1996"},"modified":"2021-10-07T14:12:29","modified_gmt":"2021-10-07T18:12:29","slug":"nuevo-moto-g-stylus-5g-en-claro","status":"publish","type":"post","link":"https:\/\/www.jameslynn.com\/blog\/2021\/10\/07\/nuevo-moto-g-stylus-5g-en-claro\/","title":{"rendered":"Nuevo Moto G Stylus 5G en Claro"},"content":{"rendered":"\n<p>Claro, la Red m\u00e1s Poderosa, anuncia junto a Motorola el lanzamiento del&nbsp;<strong>Moto G Stylus 5G,&nbsp;<\/strong>un nuevo dispositivo de alta tecnolog\u00eda con 128GB de almacenamiento, que cuenta con un exclusivo l\u00e1piz \u00f3ptico integrado y se potencia con una conectividad veloz 5G.&nbsp;El l\u00e1piz \u00f3ptico es perfecto para tomar notas, editar fotos, dibujar ilustraciones o cualquier cosa que requiera control y precisi\u00f3n.<\/p>\n\n\n\n<p>La potente bater\u00eda de 5,000 mAh est\u00e1 dise\u00f1ada para durar hasta dos d\u00edas con una sola carga, para que puedas seguir jugando, tomando notas y capturando contenidos incre\u00edbles sin interrupciones.<\/p>\n\n\n\n<figure class=\"wp-block-image size-large\"><img loading=\"lazy\" width=\"1280\" height=\"1109\" src=\"https:\/\/www.jameslynn.com\/blog\/wp-content\/uploads\/2021\/10\/moto-stylus-5g-jameslynn-sd-card-1280x1109.jpg\" alt=\"Moto G Stylus 5G\" class=\"wp-image-1999\" srcset=\"https:\/\/www.jameslynn.com\/blog\/wp-content\/uploads\/2021\/10\/moto-stylus-5g-jameslynn-sd-card-1280x1109.jpg 1280w, https:\/\/www.jameslynn.com\/blog\/wp-content\/uploads\/2021\/10\/moto-stylus-5g-jameslynn-sd-card-450x390.jpg 450w, https:\/\/www.jameslynn.com\/blog\/wp-content\/uploads\/2021\/10\/moto-stylus-5g-jameslynn-sd-card-768x666.jpg 768w, https:\/\/www.jameslynn.com\/blog\/wp-content\/uploads\/2021\/10\/moto-stylus-5g-jameslynn-sd-card-500x433.jpg 500w, https:\/\/www.jameslynn.com\/blog\/wp-content\/uploads\/2021\/10\/moto-stylus-5g-jameslynn-sd-card-168x146.jpg 168w, https:\/\/www.jameslynn.com\/blog\/wp-content\/uploads\/2021\/10\/moto-stylus-5g-jameslynn-sd-card-50x43.jpg 50w, https:\/\/www.jameslynn.com\/blog\/wp-content\/uploads\/2021\/10\/moto-stylus-5g-jameslynn-sd-card-87x75.jpg 87w, https:\/\/www.jameslynn.com\/blog\/wp-content\/uploads\/2021\/10\/moto-stylus-5g-jameslynn-sd-card.jpg 1500w\" sizes=\"(max-width: 1280px) 100vw, 1280px\" \/><\/figure>\n\n\n\n<p>Si buscas claridad de imagen&nbsp;la pantalla Max Vision FHD+ de 6.8\u201d se extiende de un extremo a otro, para que dispongas de todo el espacio necesario para trabajar, jugar y expresar tu creatividad.&nbsp;Puedes capturar momentos memorables y descargar archivos con facilidad.&nbsp;Spot Color Video te permite aislar un solo color mientras mantienes el resto del v\u00eddeo en blanco y negro para lograr un efecto art\u00edstico \u00fanico.<\/p>\n\n\n\n<p>El sistema de c\u00e1maras Quad P\u00edxel tiene un sensor principal de 48 MP<sup>1<\/sup>\u00a0que ofrece una sensibilidad a la luz 4 veces mayor para entornos con poca luz y as\u00ed obtener fotograf\u00edas m\u00e1s n\u00edtidas y brillantes.\u00a0Desde las alas de una mariposa hasta los cristales de un copo de nieve, explora todo un nuevo mundo de fotograf\u00eda de primeros planos con la c\u00e1mara Visi\u00f3n Macro que se acerca 5 veces m\u00e1s a tu objetivo para descubrir los detalles que te perder\u00edas con un lente est\u00e1ndar.<\/p>\n\n\n\n<figure class=\"wp-block-image size-large\"><img loading=\"lazy\" width=\"1127\" height=\"1280\" src=\"https:\/\/www.jameslynn.com\/blog\/wp-content\/uploads\/2021\/10\/moto-stylus-5g-jameslynn-sides-1127x1280.jpg\" alt=\"Moto G Stylus 5G\" class=\"wp-image-2000\" srcset=\"https:\/\/www.jameslynn.com\/blog\/wp-content\/uploads\/2021\/10\/moto-stylus-5g-jameslynn-sides-1127x1280.jpg 1127w, https:\/\/www.jameslynn.com\/blog\/wp-content\/uploads\/2021\/10\/moto-stylus-5g-jameslynn-sides-440x500.jpg 440w, https:\/\/www.jameslynn.com\/blog\/wp-content\/uploads\/2021\/10\/moto-stylus-5g-jameslynn-sides-768x872.jpg 768w, https:\/\/www.jameslynn.com\/blog\/wp-content\/uploads\/2021\/10\/moto-stylus-5g-jameslynn-sides-500x568.jpg 500w, https:\/\/www.jameslynn.com\/blog\/wp-content\/uploads\/2021\/10\/moto-stylus-5g-jameslynn-sides-129x146.jpg 129w, https:\/\/www.jameslynn.com\/blog\/wp-content\/uploads\/2021\/10\/moto-stylus-5g-jameslynn-sides-44x50.jpg 44w, https:\/\/www.jameslynn.com\/blog\/wp-content\/uploads\/2021\/10\/moto-stylus-5g-jameslynn-sides-66x75.jpg 66w, https:\/\/www.jameslynn.com\/blog\/wp-content\/uploads\/2021\/10\/moto-stylus-5g-jameslynn-sides.jpg 1230w\" sizes=\"(max-width: 1127px) 100vw, 1127px\" \/><\/figure>\n\n\n\n<p>Podr\u00e1s conectarte f\u00e1cilmente a las redes sociales a trav\u00e9s de una nueva funcionalidad con un GIF Maker nativo. Los usuarios pueden crear f\u00e1cilmente archivos GIF y compartirlos r\u00e1pidamente con sus amigos y familiares.<\/p>\n\n\n\n<p>El nuevo Motorola G Stylus 5G es tuyo gratis&nbsp;con el mejor plan todo ilimitado desde $39.00 al mes para clientes nuevos y existentes. Adqui\u00e9relo en nuestra tienda en l\u00ednea&nbsp;<a href=\"https:\/\/tienda.claropr.com\/\" target=\"_blank\" rel=\"noreferrer noopener\">https:\/\/tienda.claropr.com<\/a>&nbsp;y te lo entregamos GRATIS en 48 horas a tu casa. Vis\u00edtanos en m\u00e1s de 200 tiendas&nbsp; o agentes autorizados cerca de ti o comun\u00edcate con nuestro servicio de Televentas Claro:&nbsp; 1-833-642-5276.<\/p>\n","protected":false},"excerpt":{"rendered":"<p>Claro, la Red m\u00e1s Poderosa, anuncia junto a Motorola el lanzamiento del&nbsp;Moto G Stylus 5G,&nbsp;un nuevo dispositivo de alta tecnolog\u00eda con 128GB de almacenamiento, que cuenta<span class=\"excerpt-hellip\"> [\u2026]<\/span><\/p>\n","protected":false},"author":32,"featured_media":1998,"comment_status":"open","ping_status":"open","sticky":false,"template":"","format":"standard","meta":{"om_disable_all_campaigns":false,"_monsterinsights_skip_tracking":false,"_monsterinsights_sitenote_active":false,"_monsterinsights_sitenote_note":"","_monsterinsights_sitenote_category":0,"spay_email":"","jetpack_publicize_message":"","jetpack_is_tweetstorm":false,"jetpack_publicize_feature_enabled":true},"categories":[213],"tags":[866,865,34],"aioseo_notices":[],"yoast_head":"<!-- This site is optimized with the Yoast SEO plugin v17.7.1 - https:\/\/yoast.com\/wordpress\/plugins\/seo\/ -->\n<title>Nuevo Moto G Stylus 5G en Claro - James Lynn : Tecnolog\u00eda y vida digital<\/title>\n<meta name=\"robots\" content=\"index, follow, max-snippet:-1, max-image-preview:large, max-video-preview:-1\" \/>\n<link rel=\"canonical\" href=\"https:\/\/www.jameslynn.com\/blog\/2021\/10\/07\/nuevo-moto-g-stylus-5g-en-claro\/\" \/>\n<meta property=\"og:locale\" content=\"en_US\" \/>\n<meta property=\"og:type\" content=\"article\" \/>\n<meta property=\"og:title\" content=\"Nuevo Moto G Stylus 5G en Claro - James Lynn : Tecnolog\u00eda y vida digital\" \/>\n<meta property=\"og:description\" content=\"Claro, la Red m\u00e1s Poderosa, anuncia junto a Motorola el lanzamiento del&nbsp;Moto G Stylus 5G,&nbsp;un nuevo dispositivo de alta tecnolog\u00eda con 128GB de almacenamiento, que cuenta [\u2026]\" \/>\n<meta property=\"og:url\" content=\"https:\/\/www.jameslynn.com\/blog\/2021\/10\/07\/nuevo-moto-g-stylus-5g-en-claro\/\" \/>\n<meta property=\"og:site_name\" content=\"James Lynn : Tecnolog\u00eda y vida digital\" \/>\n<meta property=\"article:published_time\" content=\"2021-10-07T18:12:24+00:00\" \/>\n<meta property=\"article:modified_time\" content=\"2021-10-07T18:12:29+00:00\" \/>\n<meta property=\"og:image\" content=\"https:\/\/www.jameslynn.com\/blog\/wp-content\/uploads\/2021\/10\/moto-stylus-5g-jameslynn.jpg\" \/>\n\t<meta property=\"og:image:width\" content=\"1500\" \/>\n\t<meta property=\"og:image:height\" content=\"1000\" \/>\n<meta name=\"twitter:label1\" content=\"Written by\" \/>\n\t<meta name=\"twitter:data1\" content=\"James Lynn\" \/>\n\t<meta name=\"twitter:label2\" content=\"Est. reading time\" \/>\n\t<meta name=\"twitter:data2\" content=\"2 minutes\" \/>\n<script type=\"application\/ld+json\" class=\"yoast-schema-graph\">{\"@context\":\"https:\/\/schema.org\",\"@graph\":[{\"@type\":\"WebSite\",\"@id\":\"https:\/\/www.jameslynn.com\/blog\/#website\",\"url\":\"https:\/\/www.jameslynn.com\/blog\/\",\"name\":\"James Lynn : Tecnolog\\u00eda y vida digital\",\"description\":\"Tecnolog\\u00eda y vida digital\",\"potentialAction\":[{\"@type\":\"SearchAction\",\"target\":{\"@type\":\"EntryPoint\",\"urlTemplate\":\"https:\/\/www.jameslynn.com\/blog\/?s={search_term_string}\"},\"query-input\":\"required name=search_term_string\"}],\"inLanguage\":\"en-US\"},{\"@type\":\"ImageObject\",\"@id\":\"https:\/\/www.jameslynn.com\/blog\/2021\/10\/07\/nuevo-moto-g-stylus-5g-en-claro\/#primaryimage\",\"inLanguage\":\"en-US\",\"url\":\"https:\/\/www.jameslynn.com\/blog\/wp-content\/uploads\/2021\/10\/moto-stylus-5g-jameslynn.jpg\",\"contentUrl\":\"https:\/\/www.jameslynn.com\/blog\/wp-content\/uploads\/2021\/10\/moto-stylus-5g-jameslynn.jpg\",\"width\":1500,\"height\":1000,\"caption\":\"Moto G Stylus 5G\"},{\"@type\":\"WebPage\",\"@id\":\"https:\/\/www.jameslynn.com\/blog\/2021\/10\/07\/nuevo-moto-g-stylus-5g-en-claro\/#webpage\",\"url\":\"https:\/\/www.jameslynn.com\/blog\/2021\/10\/07\/nuevo-moto-g-stylus-5g-en-claro\/\",\"name\":\"Nuevo Moto G Stylus 5G en Claro - James Lynn : Tecnolog\\u00eda y vida digital\",\"isPartOf\":{\"@id\":\"https:\/\/www.jameslynn.com\/blog\/#website\"},\"primaryImageOfPage\":{\"@id\":\"https:\/\/www.jameslynn.com\/blog\/2021\/10\/07\/nuevo-moto-g-stylus-5g-en-claro\/#primaryimage\"},\"datePublished\":\"2021-10-07T18:12:24+00:00\",\"dateModified\":\"2021-10-07T18:12:29+00:00\",\"author\":{\"@id\":\"https:\/\/www.jameslynn.com\/blog\/#\/schema\/person\/4439f3e96c27ac4b98b29b03848f8108\"},\"breadcrumb\":{\"@id\":\"https:\/\/www.jameslynn.com\/blog\/2021\/10\/07\/nuevo-moto-g-stylus-5g-en-claro\/#breadcrumb\"},\"inLanguage\":\"en-US\",\"potentialAction\":[{\"@type\":\"ReadAction\",\"target\":[\"https:\/\/www.jameslynn.com\/blog\/2021\/10\/07\/nuevo-moto-g-stylus-5g-en-claro\/\"]}]},{\"@type\":\"BreadcrumbList\",\"@id\":\"https:\/\/www.jameslynn.com\/blog\/2021\/10\/07\/nuevo-moto-g-stylus-5g-en-claro\/#breadcrumb\",\"itemListElement\":[{\"@type\":\"ListItem\",\"position\":1,\"name\":\"Home\",\"item\":\"https:\/\/www.jameslynn.com\/blog\/\"},{\"@type\":\"ListItem\",\"position\":2,\"name\":\"Nuevo Moto G Stylus 5G en Claro\"}]},{\"@type\":\"Person\",\"@id\":\"https:\/\/www.jameslynn.com\/blog\/#\/schema\/person\/4439f3e96c27ac4b98b29b03848f8108\",\"name\":\"James Lynn\",\"image\":{\"@type\":\"ImageObject\",\"@id\":\"https:\/\/www.jameslynn.com\/blog\/#personlogo\",\"inLanguage\":\"en-US\",\"url\":\"https:\/\/secure.gravatar.com\/avatar\/2dcd2635cd0622bf457f25788f8c478b?s=96&d=mm&r=pg\",\"contentUrl\":\"https:\/\/secure.gravatar.com\/avatar\/2dcd2635cd0622bf457f25788f8c478b?s=96&d=mm&r=pg\",\"caption\":\"James Lynn\"},\"description\":\"Tech blogger, podcaster, live streamer, graphic designer, photographer, multimedia artist and university professor living in San Juan, Puerto Rico.\",\"sameAs\":[\"http:\/\/www.jameslynn.com\"],\"url\":\"https:\/\/www.jameslynn.com\/blog\/author\/jameslynn\/\"}]}<\/script>\n<!-- \/ Yoast SEO plugin. -->","yoast_head_json":{"title":"Nuevo Moto G Stylus 5G en Claro - James Lynn : Tecnolog\u00eda y vida digital","robots":{"index":"index","follow":"follow","max-snippet":"max-snippet:-1","max-image-preview":"max-image-preview:large","max-video-preview":"max-video-preview:-1"},"canonical":"https:\/\/www.jameslynn.com\/blog\/2021\/10\/07\/nuevo-moto-g-stylus-5g-en-claro\/","og_locale":"en_US","og_type":"article","og_title":"Nuevo Moto G Stylus 5G en Claro - James Lynn : Tecnolog\u00eda y vida digital","og_description":"Claro, la Red m\u00e1s Poderosa, anuncia junto a Motorola el lanzamiento del&nbsp;Moto G Stylus 5G,&nbsp;un nuevo dispositivo de alta tecnolog\u00eda con 128GB de almacenamiento, que cuenta [\u2026]","og_url":"https:\/\/www.jameslynn.com\/blog\/2021\/10\/07\/nuevo-moto-g-stylus-5g-en-claro\/","og_site_name":"James Lynn : Tecnolog\u00eda y vida digital","article_published_time":"2021-10-07T18:12:24+00:00","article_modified_time":"2021-10-07T18:12:29+00:00","og_image":[{"width":1500,"height":1000,"url":"https:\/\/www.jameslynn.com\/blog\/wp-content\/uploads\/2021\/10\/moto-stylus-5g-jameslynn.jpg","type":"image\/jpeg"}],"twitter_misc":{"Written by":"James Lynn","Est. reading time":"2 minutes"},"schema":{"@context":"https:\/\/schema.org","@graph":[{"@type":"WebSite","@id":"https:\/\/www.jameslynn.com\/blog\/#website","url":"https:\/\/www.jameslynn.com\/blog\/","name":"James Lynn : Tecnolog\u00eda y vida digital","description":"Tecnolog\u00eda y vida digital","potentialAction":[{"@type":"SearchAction","target":{"@type":"EntryPoint","urlTemplate":"https:\/\/www.jameslynn.com\/blog\/?s={search_term_string}"},"query-input":"required name=search_term_string"}],"inLanguage":"en-US"},{"@type":"ImageObject","@id":"https:\/\/www.jameslynn.com\/blog\/2021\/10\/07\/nuevo-moto-g-stylus-5g-en-claro\/#primaryimage","inLanguage":"en-US","url":"https:\/\/www.jameslynn.com\/blog\/wp-content\/uploads\/2021\/10\/moto-stylus-5g-jameslynn.jpg","contentUrl":"https:\/\/www.jameslynn.com\/blog\/wp-content\/uploads\/2021\/10\/moto-stylus-5g-jameslynn.jpg","width":1500,"height":1000,"caption":"Moto G Stylus 5G"},{"@type":"WebPage","@id":"https:\/\/www.jameslynn.com\/blog\/2021\/10\/07\/nuevo-moto-g-stylus-5g-en-claro\/#webpage","url":"https:\/\/www.jameslynn.com\/blog\/2021\/10\/07\/nuevo-moto-g-stylus-5g-en-claro\/","name":"Nuevo Moto G Stylus 5G en Claro - James Lynn : Tecnolog\u00eda y vida digital","isPartOf":{"@id":"https:\/\/www.jameslynn.com\/blog\/#website"},"primaryImageOfPage":{"@id":"https:\/\/www.jameslynn.com\/blog\/2021\/10\/07\/nuevo-moto-g-stylus-5g-en-claro\/#primaryimage"},"datePublished":"2021-10-07T18:12:24+00:00","dateModified":"2021-10-07T18:12:29+00:00","author":{"@id":"https:\/\/www.jameslynn.com\/blog\/#\/schema\/person\/4439f3e96c27ac4b98b29b03848f8108"},"breadcrumb":{"@id":"https:\/\/www.jameslynn.com\/blog\/2021\/10\/07\/nuevo-moto-g-stylus-5g-en-claro\/#breadcrumb"},"inLanguage":"en-US","potentialAction":[{"@type":"ReadAction","target":["https:\/\/www.jameslynn.com\/blog\/2021\/10\/07\/nuevo-moto-g-stylus-5g-en-claro\/"]}]},{"@type":"BreadcrumbList","@id":"https:\/\/www.jameslynn.com\/blog\/2021\/10\/07\/nuevo-moto-g-stylus-5g-en-claro\/#breadcrumb","itemListElement":[{"@type":"ListItem","position":1,"name":"Home","item":"https:\/\/www.jameslynn.com\/blog\/"},{"@type":"ListItem","position":2,"name":"Nuevo Moto G Stylus 5G en Claro"}]},{"@type":"Person","@id":"https:\/\/www.jameslynn.com\/blog\/#\/schema\/person\/4439f3e96c27ac4b98b29b03848f8108","name":"James Lynn","image":{"@type":"ImageObject","@id":"https:\/\/www.jameslynn.com\/blog\/#personlogo","inLanguage":"en-US","url":"https:\/\/secure.gravatar.com\/avatar\/2dcd2635cd0622bf457f25788f8c478b?s=96&d=mm&r=pg","contentUrl":"https:\/\/secure.gravatar.com\/avatar\/2dcd2635cd0622bf457f25788f8c478b?s=96&d=mm&r=pg","caption":"James Lynn"},"description":"Tech blogger, podcaster, live streamer, graphic designer, photographer, multimedia artist and university professor living in San Juan, Puerto Rico.","sameAs":["http:\/\/www.jameslynn.com"],"url":"https:\/\/www.jameslynn.com\/blog\/author\/jameslynn\/"}]}},"jetpack_featured_media_url":"https:\/\/www.jameslynn.com\/blog\/wp-content\/uploads\/2021\/10\/moto-stylus-5g-jameslynn.jpg","jetpack_publicize_connections":[],"jetpack_shortlink":"https:\/\/wp.me\/p2kNF7-wc","_links":{"self":[{"href":"https:\/\/www.jameslynn.com\/blog\/wp-json\/wp\/v2\/posts\/1996"}],"collection":[{"href":"https:\/\/www.jameslynn.com\/blog\/wp-json\/wp\/v2\/posts"}],"about":[{"href":"https:\/\/www.jameslynn.com\/blog\/wp-json\/wp\/v2\/types\/post"}],"author":[{"embeddable":true,"href":"https:\/\/www.jameslynn.com\/blog\/wp-json\/wp\/v2\/users\/32"}],"replies":[{"embeddable":true,"href":"https:\/\/www.jameslynn.com\/blog\/wp-json\/wp\/v2\/comments?post=1996"}],"version-history":[{"count":2,"href":"https:\/\/www.jameslynn.com\/blog\/wp-json\/wp\/v2\/posts\/1996\/revisions"}],"predecessor-version":[{"id":2001,"href":"https:\/\/www.jameslynn.com\/blog\/wp-json\/wp\/v2\/posts\/1996\/revisions\/2001"}],"wp:featuredmedia":[{"embeddable":true,"href":"https:\/\/www.jameslynn.com\/blog\/wp-json\/wp\/v2\/media\/1998"}],"wp:attachment":[{"href":"https:\/\/www.jameslynn.com\/blog\/wp-json\/wp\/v2\/media?parent=1996"}],"wp:term":[{"taxonomy":"category","embeddable":true,"href":"https:\/\/www.jameslynn.com\/blog\/wp-json\/wp\/v2\/categories?post=1996"},{"taxonomy":"post_tag","embeddable":true,"href":"https:\/\/www.jameslynn.com\/blog\/wp-json\/wp\/v2\/tags?post=1996"}],"curies":[{"name":"wp","href":"https:\/\/api.w.org\/{rel}","templated":true}]}}