{"id":1672,"date":"2021-04-20T10:13:34","date_gmt":"2021-04-20T14:13:34","guid":{"rendered":"http:\/\/www.jameslynn.com\/blog\/?p=1672"},"modified":"2021-04-20T10:13:38","modified_gmt":"2021-04-20T14:13:38","slug":"nissan-devela-los-colores-del-nuevo-ariya","status":"publish","type":"post","link":"https:\/\/www.jameslynn.com\/blog\/2021\/04\/20\/nissan-devela-los-colores-del-nuevo-ariya\/","title":{"rendered":"Nissan devela los colores del nuevo Ariya"},"content":{"rendered":"\n<p>Nissan presenta una nueva y rica paleta de diez colores exteriores para su pr\u00f3ximo veh\u00edculo el\u00e9ctrico Ariya, inspirada en su esp\u00edritu de innovaci\u00f3n, alta calidad y emoci\u00f3n por el futuro. La innovaci\u00f3n tecnol\u00f3gica se extiende adem\u00e1s a la utilizaci\u00f3n de una pintura con base de agua que permite aplicar los colores a una temperatura m\u00e1s baja, reduciendo sustancialmente el impacto ambiental de este veh\u00edculo cero emisiones.<\/p>\n\n\n\n<p>Los dise\u00f1adores de la marca, impulsados por el deseo de unir electrificaci\u00f3n y dise\u00f1o, han desarrollado diversos tonos que realzan la sensaci\u00f3n tecnol\u00f3gica del dise\u00f1o futurista y electrificado de Nissan Ariya. La nueva paleta de colores define la identidad visual del modelo, inspirada en la movilidad el\u00e9ctrica, la conectividad de \u00faltima generaci\u00f3n y las avanzadas tecnolog\u00edas de asistencia a la conducci\u00f3n.<\/p>\n\n\n\n<p>Con cuatro opciones de color monotono y seis bitonos, la paleta de colores&nbsp;eleva el aspecto y la sensaci\u00f3n <em>premium <\/em>de Ariya.&nbsp;<\/p>\n\n\n\n<p>Lo mejor de todo es que estos nuevos tonos son aplicados sobre el modelo por esta tecnolog\u00eda de pintura altamente avanzada y ambientalmente sostenible.\u00a0 Este m\u00e9todo agiliza el proceso de aplicaci\u00f3n, pues garantiza que todas las partes del veh\u00edculo se puedan pintar conjuntamente, mientras reduce la producci\u00f3n de di\u00f3xido de carbono en un 25%.<\/p>\n\n\n\n<h3>Dos nuevos colores:\u00a0<em>Akatsuki Copper<\/em>\u00a0y\u00a0<em>Aurora Green<\/em><\/h3>\n\n\n\n<p>El equipo de dise\u00f1o ha tratado de representar la esencia de la tecnolog\u00eda y el sentido de serenidad de Nissan Ariya con estos dos nuevos colores sin precedentes:&nbsp;<em>Akatsuki Copper<\/em>&nbsp;y&nbsp;<em>Aurora Green<\/em>, que se han desarrollado especialmente para el crossover coup\u00e9 el\u00e9ctrico.&nbsp; A su vez, rinden homenaje a algunos de los escenarios naturales m\u00e1s impactantes del Planeta.<\/p>\n\n\n\n<p>Inspirado en el concepto japon\u00e9s \u201cAmanecer\u201d (Akatsuki), la sorprendente apariencia de\u00a0<em>Akatsuki Copper<\/em>\u00a0imita el brillo de un amanecer, fiel reflejo del comienzo de la nueva identidad de marca de Nissan. A ese brillo se suma el color met\u00e1lico que evoca la conductividad de los cables de cobre, honrando la avanzada tecnolog\u00eda el\u00e9ctrica del modelo. Por otro lado,\u00a0<em>Aurora Green<\/em>\u00a0toma su nombre de la Aurora Boreal, com\u00fanmente vista en el \u00c1rtico. Una sofisticada mezcla de diferentes tonos aporta la sensaci\u00f3n de que este tono pueda parecer verde o p\u00farpura dependiendo del \u00e1ngulo desde el que se vea, creando una sensaci\u00f3n de asombro e intriga, muy emocionante.<\/p>\n\n\n\n<figure class=\"wp-block-image size-large\"><img loading=\"lazy\" width=\"986\" height=\"1125\" src=\"http:\/\/www.jameslynn.com\/blog\/wp-content\/uploads\/2021\/04\/Ariya-new-tones.jpg\" alt=\"\" class=\"wp-image-1676\" srcset=\"https:\/\/www.jameslynn.com\/blog\/wp-content\/uploads\/2021\/04\/Ariya-new-tones.jpg 986w, https:\/\/www.jameslynn.com\/blog\/wp-content\/uploads\/2021\/04\/Ariya-new-tones-438x500.jpg 438w, https:\/\/www.jameslynn.com\/blog\/wp-content\/uploads\/2021\/04\/Ariya-new-tones-768x876.jpg 768w, https:\/\/www.jameslynn.com\/blog\/wp-content\/uploads\/2021\/04\/Ariya-new-tones-500x570.jpg 500w, https:\/\/www.jameslynn.com\/blog\/wp-content\/uploads\/2021\/04\/Ariya-new-tones-128x146.jpg 128w, https:\/\/www.jameslynn.com\/blog\/wp-content\/uploads\/2021\/04\/Ariya-new-tones-44x50.jpg 44w, https:\/\/www.jameslynn.com\/blog\/wp-content\/uploads\/2021\/04\/Ariya-new-tones-66x75.jpg 66w\" sizes=\"(max-width: 986px) 100vw, 986px\" \/><\/figure>\n\n\n\n<h3>Innovaci\u00f3n tecnol\u00f3gica en el color<\/h3>\n\n\n\n<p>Siguiendo con este esp\u00edritu de innovaci\u00f3n, Nissan introduce nuevas t\u00e9cnicas de producci\u00f3n de pintura de \u00faltima generaci\u00f3n.<\/p>\n\n\n\n<p>Por ejemplo, el elemento principal del nuevo color&nbsp;<em>Ninja Black&nbsp;<\/em>es un pigmento totalmente nuevo, desarrollado para aumentar la profundidad de la pintura y crear un aspecto m\u00e1s cautivador. Lo mismo ocurre con el&nbsp;<em>Fuji White,&nbsp;<\/em>que ofrece m\u00e1s brillo y claridad que nunca en un veh\u00edculo Nissan de color blanco. El aspecto bitono se completa con un techo negro intenso en contraste, utilizando el nuevo pigmento para conseguir un nivel de profundidad sin precedentes.<\/p>\n\n\n\n<p>La llegada de Nissan Ariya al mercado se espera para finales de este a\u00f1o.<\/p>\n\n\n\n<p>Para obtener m\u00e1s informaci\u00f3n sobre la l\u00ednea completa de veh\u00edculos Nissan, visite la p\u00e1gina <a href=\"https:\/\/es.nissan.pr\/\" target=\"_blank\" rel=\"noreferrer noopener\">https:\/\/es.nissan.pr\/<\/a>. Tambi\u00e9n puede seguirnos a trav\u00e9s de nuestras plataformas sociales en <a href=\"https:\/\/www.facebook.com\/nissanpr\/\" target=\"_blank\" rel=\"noreferrer noopener\">Facebook<\/a> e <a href=\"https:\/\/www.instagram.com\/nissan\/\" target=\"_blank\" rel=\"noreferrer noopener\">Instagram,<\/a> como @nissanpr.<\/p>\n","protected":false},"excerpt":{"rendered":"<p>Nissan presenta una nueva y rica paleta de diez colores exteriores para su pr\u00f3ximo veh\u00edculo el\u00e9ctrico Ariya, inspirada en su esp\u00edritu de innovaci\u00f3n, alta calidad y<span class=\"excerpt-hellip\"> [\u2026]<\/span><\/p>\n","protected":false},"author":32,"featured_media":1673,"comment_status":"open","ping_status":"open","sticky":false,"template":"","format":"standard","meta":{"om_disable_all_campaigns":false,"_monsterinsights_skip_tracking":false,"_monsterinsights_sitenote_active":false,"_monsterinsights_sitenote_note":"","_monsterinsights_sitenote_category":0,"spay_email":"","jetpack_publicize_message":"","jetpack_is_tweetstorm":false,"jetpack_publicize_feature_enabled":true},"categories":[634],"tags":[736],"aioseo_notices":[],"yoast_head":"<!-- This site is optimized with the Yoast SEO plugin v17.7.1 - https:\/\/yoast.com\/wordpress\/plugins\/seo\/ -->\n<title>Nissan devela los colores del nuevo Ariya - James Lynn : Tecnolog\u00eda y vida digital<\/title>\n<meta name=\"robots\" content=\"index, follow, max-snippet:-1, max-image-preview:large, max-video-preview:-1\" \/>\n<link rel=\"canonical\" href=\"https:\/\/www.jameslynn.com\/blog\/2021\/04\/20\/nissan-devela-los-colores-del-nuevo-ariya\/\" \/>\n<meta property=\"og:locale\" content=\"en_US\" \/>\n<meta property=\"og:type\" content=\"article\" \/>\n<meta property=\"og:title\" content=\"Nissan devela los colores del nuevo Ariya - James Lynn : Tecnolog\u00eda y vida digital\" \/>\n<meta property=\"og:description\" content=\"Nissan presenta una nueva y rica paleta de diez colores exteriores para su pr\u00f3ximo veh\u00edculo el\u00e9ctrico Ariya, inspirada en su esp\u00edritu de innovaci\u00f3n, alta calidad y [\u2026]\" \/>\n<meta property=\"og:url\" content=\"https:\/\/www.jameslynn.com\/blog\/2021\/04\/20\/nissan-devela-los-colores-del-nuevo-ariya\/\" \/>\n<meta property=\"og:site_name\" content=\"James Lynn : Tecnolog\u00eda y vida digital\" \/>\n<meta property=\"article:published_time\" content=\"2021-04-20T14:13:34+00:00\" \/>\n<meta property=\"article:modified_time\" content=\"2021-04-20T14:13:38+00:00\" \/>\n<meta property=\"og:image\" content=\"https:\/\/www.jameslynn.com\/blog\/wp-content\/uploads\/2021\/04\/Nissan-Ariya-website.jpg\" \/>\n\t<meta property=\"og:image:width\" content=\"1500\" \/>\n\t<meta property=\"og:image:height\" content=\"1000\" \/>\n<meta name=\"twitter:label1\" content=\"Written by\" \/>\n\t<meta name=\"twitter:data1\" content=\"James Lynn\" \/>\n\t<meta name=\"twitter:label2\" content=\"Est. reading time\" \/>\n\t<meta name=\"twitter:data2\" content=\"3 minutes\" \/>\n<script type=\"application\/ld+json\" class=\"yoast-schema-graph\">{\"@context\":\"https:\/\/schema.org\",\"@graph\":[{\"@type\":\"WebSite\",\"@id\":\"https:\/\/www.jameslynn.com\/blog\/#website\",\"url\":\"https:\/\/www.jameslynn.com\/blog\/\",\"name\":\"James Lynn : Tecnolog\\u00eda y vida digital\",\"description\":\"Tecnolog\\u00eda y vida digital\",\"potentialAction\":[{\"@type\":\"SearchAction\",\"target\":{\"@type\":\"EntryPoint\",\"urlTemplate\":\"https:\/\/www.jameslynn.com\/blog\/?s={search_term_string}\"},\"query-input\":\"required name=search_term_string\"}],\"inLanguage\":\"en-US\"},{\"@type\":\"ImageObject\",\"@id\":\"https:\/\/www.jameslynn.com\/blog\/2021\/04\/20\/nissan-devela-los-colores-del-nuevo-ariya\/#primaryimage\",\"inLanguage\":\"en-US\",\"url\":\"https:\/\/www.jameslynn.com\/blog\/wp-content\/uploads\/2021\/04\/Nissan-Ariya-website.jpg\",\"contentUrl\":\"https:\/\/www.jameslynn.com\/blog\/wp-content\/uploads\/2021\/04\/Nissan-Ariya-website.jpg\",\"width\":1500,\"height\":1000,\"caption\":\"Nissan Ariya\"},{\"@type\":\"WebPage\",\"@id\":\"https:\/\/www.jameslynn.com\/blog\/2021\/04\/20\/nissan-devela-los-colores-del-nuevo-ariya\/#webpage\",\"url\":\"https:\/\/www.jameslynn.com\/blog\/2021\/04\/20\/nissan-devela-los-colores-del-nuevo-ariya\/\",\"name\":\"Nissan devela los colores del nuevo Ariya - James Lynn : Tecnolog\\u00eda y vida digital\",\"isPartOf\":{\"@id\":\"https:\/\/www.jameslynn.com\/blog\/#website\"},\"primaryImageOfPage\":{\"@id\":\"https:\/\/www.jameslynn.com\/blog\/2021\/04\/20\/nissan-devela-los-colores-del-nuevo-ariya\/#primaryimage\"},\"datePublished\":\"2021-04-20T14:13:34+00:00\",\"dateModified\":\"2021-04-20T14:13:38+00:00\",\"author\":{\"@id\":\"https:\/\/www.jameslynn.com\/blog\/#\/schema\/person\/4439f3e96c27ac4b98b29b03848f8108\"},\"breadcrumb\":{\"@id\":\"https:\/\/www.jameslynn.com\/blog\/2021\/04\/20\/nissan-devela-los-colores-del-nuevo-ariya\/#breadcrumb\"},\"inLanguage\":\"en-US\",\"potentialAction\":[{\"@type\":\"ReadAction\",\"target\":[\"https:\/\/www.jameslynn.com\/blog\/2021\/04\/20\/nissan-devela-los-colores-del-nuevo-ariya\/\"]}]},{\"@type\":\"BreadcrumbList\",\"@id\":\"https:\/\/www.jameslynn.com\/blog\/2021\/04\/20\/nissan-devela-los-colores-del-nuevo-ariya\/#breadcrumb\",\"itemListElement\":[{\"@type\":\"ListItem\",\"position\":1,\"name\":\"Home\",\"item\":\"https:\/\/www.jameslynn.com\/blog\/\"},{\"@type\":\"ListItem\",\"position\":2,\"name\":\"Nissan devela los colores del nuevo Ariya\"}]},{\"@type\":\"Person\",\"@id\":\"https:\/\/www.jameslynn.com\/blog\/#\/schema\/person\/4439f3e96c27ac4b98b29b03848f8108\",\"name\":\"James Lynn\",\"image\":{\"@type\":\"ImageObject\",\"@id\":\"https:\/\/www.jameslynn.com\/blog\/#personlogo\",\"inLanguage\":\"en-US\",\"url\":\"https:\/\/secure.gravatar.com\/avatar\/2dcd2635cd0622bf457f25788f8c478b?s=96&d=mm&r=pg\",\"contentUrl\":\"https:\/\/secure.gravatar.com\/avatar\/2dcd2635cd0622bf457f25788f8c478b?s=96&d=mm&r=pg\",\"caption\":\"James Lynn\"},\"description\":\"Tech blogger, podcaster, live streamer, graphic designer, photographer, multimedia artist and university professor living in San Juan, Puerto Rico.\",\"sameAs\":[\"http:\/\/www.jameslynn.com\"],\"url\":\"https:\/\/www.jameslynn.com\/blog\/author\/jameslynn\/\"}]}<\/script>\n<!-- \/ Yoast SEO plugin. -->","yoast_head_json":{"title":"Nissan devela los colores del nuevo Ariya - James Lynn : Tecnolog\u00eda y vida digital","robots":{"index":"index","follow":"follow","max-snippet":"max-snippet:-1","max-image-preview":"max-image-preview:large","max-video-preview":"max-video-preview:-1"},"canonical":"https:\/\/www.jameslynn.com\/blog\/2021\/04\/20\/nissan-devela-los-colores-del-nuevo-ariya\/","og_locale":"en_US","og_type":"article","og_title":"Nissan devela los colores del nuevo Ariya - James Lynn : Tecnolog\u00eda y vida digital","og_description":"Nissan presenta una nueva y rica paleta de diez colores exteriores para su pr\u00f3ximo veh\u00edculo el\u00e9ctrico Ariya, inspirada en su esp\u00edritu de innovaci\u00f3n, alta calidad y [\u2026]","og_url":"https:\/\/www.jameslynn.com\/blog\/2021\/04\/20\/nissan-devela-los-colores-del-nuevo-ariya\/","og_site_name":"James Lynn : Tecnolog\u00eda y vida digital","article_published_time":"2021-04-20T14:13:34+00:00","article_modified_time":"2021-04-20T14:13:38+00:00","og_image":[{"width":1500,"height":1000,"url":"https:\/\/www.jameslynn.com\/blog\/wp-content\/uploads\/2021\/04\/Nissan-Ariya-website.jpg","type":"image\/jpeg"}],"twitter_misc":{"Written by":"James Lynn","Est. reading time":"3 minutes"},"schema":{"@context":"https:\/\/schema.org","@graph":[{"@type":"WebSite","@id":"https:\/\/www.jameslynn.com\/blog\/#website","url":"https:\/\/www.jameslynn.com\/blog\/","name":"James Lynn : Tecnolog\u00eda y vida digital","description":"Tecnolog\u00eda y vida digital","potentialAction":[{"@type":"SearchAction","target":{"@type":"EntryPoint","urlTemplate":"https:\/\/www.jameslynn.com\/blog\/?s={search_term_string}"},"query-input":"required name=search_term_string"}],"inLanguage":"en-US"},{"@type":"ImageObject","@id":"https:\/\/www.jameslynn.com\/blog\/2021\/04\/20\/nissan-devela-los-colores-del-nuevo-ariya\/#primaryimage","inLanguage":"en-US","url":"https:\/\/www.jameslynn.com\/blog\/wp-content\/uploads\/2021\/04\/Nissan-Ariya-website.jpg","contentUrl":"https:\/\/www.jameslynn.com\/blog\/wp-content\/uploads\/2021\/04\/Nissan-Ariya-website.jpg","width":1500,"height":1000,"caption":"Nissan Ariya"},{"@type":"WebPage","@id":"https:\/\/www.jameslynn.com\/blog\/2021\/04\/20\/nissan-devela-los-colores-del-nuevo-ariya\/#webpage","url":"https:\/\/www.jameslynn.com\/blog\/2021\/04\/20\/nissan-devela-los-colores-del-nuevo-ariya\/","name":"Nissan devela los colores del nuevo Ariya - James Lynn : Tecnolog\u00eda y vida digital","isPartOf":{"@id":"https:\/\/www.jameslynn.com\/blog\/#website"},"primaryImageOfPage":{"@id":"https:\/\/www.jameslynn.com\/blog\/2021\/04\/20\/nissan-devela-los-colores-del-nuevo-ariya\/#primaryimage"},"datePublished":"2021-04-20T14:13:34+00:00","dateModified":"2021-04-20T14:13:38+00:00","author":{"@id":"https:\/\/www.jameslynn.com\/blog\/#\/schema\/person\/4439f3e96c27ac4b98b29b03848f8108"},"breadcrumb":{"@id":"https:\/\/www.jameslynn.com\/blog\/2021\/04\/20\/nissan-devela-los-colores-del-nuevo-ariya\/#breadcrumb"},"inLanguage":"en-US","potentialAction":[{"@type":"ReadAction","target":["https:\/\/www.jameslynn.com\/blog\/2021\/04\/20\/nissan-devela-los-colores-del-nuevo-ariya\/"]}]},{"@type":"BreadcrumbList","@id":"https:\/\/www.jameslynn.com\/blog\/2021\/04\/20\/nissan-devela-los-colores-del-nuevo-ariya\/#breadcrumb","itemListElement":[{"@type":"ListItem","position":1,"name":"Home","item":"https:\/\/www.jameslynn.com\/blog\/"},{"@type":"ListItem","position":2,"name":"Nissan devela los colores del nuevo Ariya"}]},{"@type":"Person","@id":"https:\/\/www.jameslynn.com\/blog\/#\/schema\/person\/4439f3e96c27ac4b98b29b03848f8108","name":"James Lynn","image":{"@type":"ImageObject","@id":"https:\/\/www.jameslynn.com\/blog\/#personlogo","inLanguage":"en-US","url":"https:\/\/secure.gravatar.com\/avatar\/2dcd2635cd0622bf457f25788f8c478b?s=96&d=mm&r=pg","contentUrl":"https:\/\/secure.gravatar.com\/avatar\/2dcd2635cd0622bf457f25788f8c478b?s=96&d=mm&r=pg","caption":"James Lynn"},"description":"Tech blogger, podcaster, live streamer, graphic designer, photographer, multimedia artist and university professor living in San Juan, Puerto Rico.","sameAs":["http:\/\/www.jameslynn.com"],"url":"https:\/\/www.jameslynn.com\/blog\/author\/jameslynn\/"}]}},"jetpack_featured_media_url":"https:\/\/www.jameslynn.com\/blog\/wp-content\/uploads\/2021\/04\/Nissan-Ariya-website.jpg","jetpack_publicize_connections":[],"jetpack_shortlink":"https:\/\/wp.me\/p2kNF7-qY","_links":{"self":[{"href":"https:\/\/www.jameslynn.com\/blog\/wp-json\/wp\/v2\/posts\/1672"}],"collection":[{"href":"https:\/\/www.jameslynn.com\/blog\/wp-json\/wp\/v2\/posts"}],"about":[{"href":"https:\/\/www.jameslynn.com\/blog\/wp-json\/wp\/v2\/types\/post"}],"author":[{"embeddable":true,"href":"https:\/\/www.jameslynn.com\/blog\/wp-json\/wp\/v2\/users\/32"}],"replies":[{"embeddable":true,"href":"https:\/\/www.jameslynn.com\/blog\/wp-json\/wp\/v2\/comments?post=1672"}],"version-history":[{"count":3,"href":"https:\/\/www.jameslynn.com\/blog\/wp-json\/wp\/v2\/posts\/1672\/revisions"}],"predecessor-version":[{"id":1677,"href":"https:\/\/www.jameslynn.com\/blog\/wp-json\/wp\/v2\/posts\/1672\/revisions\/1677"}],"wp:featuredmedia":[{"embeddable":true,"href":"https:\/\/www.jameslynn.com\/blog\/wp-json\/wp\/v2\/media\/1673"}],"wp:attachment":[{"href":"https:\/\/www.jameslynn.com\/blog\/wp-json\/wp\/v2\/media?parent=1672"}],"wp:term":[{"taxonomy":"category","embeddable":true,"href":"https:\/\/www.jameslynn.com\/blog\/wp-json\/wp\/v2\/categories?post=1672"},{"taxonomy":"post_tag","embeddable":true,"href":"https:\/\/www.jameslynn.com\/blog\/wp-json\/wp\/v2\/tags?post=1672"}],"curies":[{"name":"wp","href":"https:\/\/api.w.org\/{rel}","templated":true}]}}