{"id":1216,"date":"2020-03-02T21:04:55","date_gmt":"2020-03-03T01:04:55","guid":{"rendered":"http:\/\/www.jameslynn.com\/blog\/?p=1216"},"modified":"2020-03-08T21:23:27","modified_gmt":"2020-03-09T01:23:27","slug":"los-efectos-del-coronavirus-en-la-tecnologia","status":"publish","type":"post","link":"https:\/\/www.jameslynn.com\/blog\/2020\/03\/02\/los-efectos-del-coronavirus-en-la-tecnologia\/","title":{"rendered":"Los efectos del coronavirus en la tecnolog\u00eda"},"content":{"rendered":"\n<p>Hoy en <strong>Geeky Talks<\/strong> hablamos de c\u00f3mo todos los eventos y convenciones masivas de tecnolog\u00eda se han ido cancelando por causa del coronavirus. Tambi\u00e9n comentamos sobre c\u00f3mo la producci\u00f3n de equipos de tecnolog\u00eda se ha visto afectada por el cierre de f\u00e1bricas en China y otros pa\u00edses.<\/p>\n\n\n\n<p>Adem\u00e1s conversamos v\u00eda Skype sobre temas de redes sociales y mercadeo digital con <a rel=\"noreferrer noopener\" aria-label=\"Jos\u00e9 Hern\u00e1ndez Falc\u00f3n (opens in a new tab)\" href=\"https:\/\/www.facebook.com\/joserhernandezfalcon\/\" target=\"_blank\">Jos\u00e9 Hern\u00e1ndez Falc\u00f3n<\/a>, creador del <a rel=\"noreferrer noopener\" aria-label=\"Puerto Rico Blogger Con (opens in a new tab)\" href=\"http:\/\/www.prbloggercon.com\/\" target=\"_blank\">Puerto Rico Blogger Con<\/a> y el podcast <a rel=\"noreferrer noopener\" aria-label=\"Tertulias y Comentarios (opens in a new tab)\" href=\"http:\/\/www.tertuliasycomentarios.com\/\" target=\"_blank\">Tertulias y Comentarios<\/a>.<\/p>\n\n\n\n<p>Dale play y d\u00e9janos tu opini\u00f3n en el \u00e1rea de comentarios.<\/p>\n\n\n\n<figure class=\"wp-block-embed-youtube wp-block-embed is-type-video is-provider-youtube wp-embed-aspect-16-9 wp-has-aspect-ratio\"><div class=\"wp-block-embed__wrapper\">\n<span class=\"embed-youtube\" style=\"text-align:center; display: block;\"><iframe loading=\"lazy\" class=\"youtube-player\" width=\"1200\" height=\"675\" src=\"https:\/\/www.youtube.com\/embed\/ximL6x96HBc?version=3&#038;rel=1&#038;showsearch=0&#038;showinfo=1&#038;iv_load_policy=1&#038;fs=1&#038;hl=en-US&#038;autohide=2&#038;wmode=transparent\" allowfullscreen=\"true\" style=\"border:0;\" sandbox=\"allow-scripts allow-same-origin allow-popups allow-presentation\"><\/iframe><\/span>\n<\/div><\/figure>\n\n\n\n<p>Recuerda que puedes vernos EN VIVO y EN DIRECTO todos los lunes de 8:00PM a 9:00PM a trav\u00e9s de <a rel=\"noreferrer noopener\" href=\"http:\/\/www.xlevelpr.com\/\" target=\"_blank\">X Level<\/a>. Puedes ver m\u00e1s de nuestros programas en <a rel=\"noreferrer noopener\" href=\"http:\/\/www.geekytalkstech.com\/\" target=\"_blank\">www.GeekyTalksTech.com<\/a>.<\/p>\n","protected":false},"excerpt":{"rendered":"<p>Hoy en Geeky Talks hablamos de c\u00f3mo todos los eventos y convenciones masivas de tecnolog\u00eda se han ido cancelando por causa del coronavirus. Tambi\u00e9n comentamos sobre<span class=\"excerpt-hellip\"> [\u2026]<\/span><\/p>\n","protected":false},"author":32,"featured_media":1218,"comment_status":"open","ping_status":"open","sticky":false,"template":"","format":"standard","meta":{"om_disable_all_campaigns":false,"_monsterinsights_skip_tracking":false,"_monsterinsights_sitenote_active":false,"_monsterinsights_sitenote_note":"","_monsterinsights_sitenote_category":0,"spay_email":"","jetpack_publicize_message":"","jetpack_is_tweetstorm":false,"jetpack_publicize_feature_enabled":true},"categories":[354],"tags":[534,529,355,103,167,530,533],"aioseo_notices":[],"yoast_head":"<!-- This site is optimized with the Yoast SEO plugin v17.7.1 - https:\/\/yoast.com\/wordpress\/plugins\/seo\/ -->\n<title>Los efectos del coronavirus en la tecnolog\u00eda - James Lynn : Tecnolog\u00eda y vida digital<\/title>\n<meta name=\"robots\" content=\"index, follow, max-snippet:-1, max-image-preview:large, max-video-preview:-1\" \/>\n<link rel=\"canonical\" href=\"https:\/\/www.jameslynn.com\/blog\/2020\/03\/02\/los-efectos-del-coronavirus-en-la-tecnologia\/\" \/>\n<meta property=\"og:locale\" content=\"en_US\" \/>\n<meta property=\"og:type\" content=\"article\" \/>\n<meta property=\"og:title\" content=\"Los efectos del coronavirus en la tecnolog\u00eda - James Lynn : Tecnolog\u00eda y vida digital\" \/>\n<meta property=\"og:description\" content=\"Hoy en Geeky Talks hablamos de c\u00f3mo todos los eventos y convenciones masivas de tecnolog\u00eda se han ido cancelando por causa del coronavirus. Tambi\u00e9n comentamos sobre [\u2026]\" \/>\n<meta property=\"og:url\" content=\"https:\/\/www.jameslynn.com\/blog\/2020\/03\/02\/los-efectos-del-coronavirus-en-la-tecnologia\/\" \/>\n<meta property=\"og:site_name\" content=\"James Lynn : Tecnolog\u00eda y vida digital\" \/>\n<meta property=\"article:published_time\" content=\"2020-03-03T01:04:55+00:00\" \/>\n<meta property=\"article:modified_time\" content=\"2020-03-09T01:23:27+00:00\" \/>\n<meta property=\"og:image\" content=\"https:\/\/www.jameslynn.com\/blog\/wp-content\/uploads\/2020\/03\/geeky-talks-2-marzo-2020.jpg\" \/>\n\t<meta property=\"og:image:width\" content=\"1500\" \/>\n\t<meta property=\"og:image:height\" content=\"1000\" \/>\n<meta name=\"twitter:label1\" content=\"Written by\" \/>\n\t<meta name=\"twitter:data1\" content=\"James Lynn\" \/>\n\t<meta name=\"twitter:label2\" content=\"Est. reading time\" \/>\n\t<meta name=\"twitter:data2\" content=\"1 minute\" \/>\n<script type=\"application\/ld+json\" class=\"yoast-schema-graph\">{\"@context\":\"https:\/\/schema.org\",\"@graph\":[{\"@type\":\"WebSite\",\"@id\":\"https:\/\/www.jameslynn.com\/blog\/#website\",\"url\":\"https:\/\/www.jameslynn.com\/blog\/\",\"name\":\"James Lynn : Tecnolog\\u00eda y vida digital\",\"description\":\"Tecnolog\\u00eda y vida digital\",\"potentialAction\":[{\"@type\":\"SearchAction\",\"target\":{\"@type\":\"EntryPoint\",\"urlTemplate\":\"https:\/\/www.jameslynn.com\/blog\/?s={search_term_string}\"},\"query-input\":\"required name=search_term_string\"}],\"inLanguage\":\"en-US\"},{\"@type\":\"ImageObject\",\"@id\":\"https:\/\/www.jameslynn.com\/blog\/2020\/03\/02\/los-efectos-del-coronavirus-en-la-tecnologia\/#primaryimage\",\"inLanguage\":\"en-US\",\"url\":\"https:\/\/www.jameslynn.com\/blog\/wp-content\/uploads\/2020\/03\/geeky-talks-2-marzo-2020.jpg\",\"contentUrl\":\"https:\/\/www.jameslynn.com\/blog\/wp-content\/uploads\/2020\/03\/geeky-talks-2-marzo-2020.jpg\",\"width\":1500,\"height\":1000,\"caption\":\"Geeky Talks\"},{\"@type\":\"WebPage\",\"@id\":\"https:\/\/www.jameslynn.com\/blog\/2020\/03\/02\/los-efectos-del-coronavirus-en-la-tecnologia\/#webpage\",\"url\":\"https:\/\/www.jameslynn.com\/blog\/2020\/03\/02\/los-efectos-del-coronavirus-en-la-tecnologia\/\",\"name\":\"Los efectos del coronavirus en la tecnolog\\u00eda - James Lynn : Tecnolog\\u00eda y vida digital\",\"isPartOf\":{\"@id\":\"https:\/\/www.jameslynn.com\/blog\/#website\"},\"primaryImageOfPage\":{\"@id\":\"https:\/\/www.jameslynn.com\/blog\/2020\/03\/02\/los-efectos-del-coronavirus-en-la-tecnologia\/#primaryimage\"},\"datePublished\":\"2020-03-03T01:04:55+00:00\",\"dateModified\":\"2020-03-09T01:23:27+00:00\",\"author\":{\"@id\":\"https:\/\/www.jameslynn.com\/blog\/#\/schema\/person\/4439f3e96c27ac4b98b29b03848f8108\"},\"breadcrumb\":{\"@id\":\"https:\/\/www.jameslynn.com\/blog\/2020\/03\/02\/los-efectos-del-coronavirus-en-la-tecnologia\/#breadcrumb\"},\"inLanguage\":\"en-US\",\"potentialAction\":[{\"@type\":\"ReadAction\",\"target\":[\"https:\/\/www.jameslynn.com\/blog\/2020\/03\/02\/los-efectos-del-coronavirus-en-la-tecnologia\/\"]}]},{\"@type\":\"BreadcrumbList\",\"@id\":\"https:\/\/www.jameslynn.com\/blog\/2020\/03\/02\/los-efectos-del-coronavirus-en-la-tecnologia\/#breadcrumb\",\"itemListElement\":[{\"@type\":\"ListItem\",\"position\":1,\"name\":\"Home\",\"item\":\"https:\/\/www.jameslynn.com\/blog\/\"},{\"@type\":\"ListItem\",\"position\":2,\"name\":\"Los efectos del coronavirus en la tecnolog\\u00eda\"}]},{\"@type\":\"Person\",\"@id\":\"https:\/\/www.jameslynn.com\/blog\/#\/schema\/person\/4439f3e96c27ac4b98b29b03848f8108\",\"name\":\"James Lynn\",\"image\":{\"@type\":\"ImageObject\",\"@id\":\"https:\/\/www.jameslynn.com\/blog\/#personlogo\",\"inLanguage\":\"en-US\",\"url\":\"https:\/\/secure.gravatar.com\/avatar\/2dcd2635cd0622bf457f25788f8c478b?s=96&d=mm&r=pg\",\"contentUrl\":\"https:\/\/secure.gravatar.com\/avatar\/2dcd2635cd0622bf457f25788f8c478b?s=96&d=mm&r=pg\",\"caption\":\"James Lynn\"},\"description\":\"Tech blogger, podcaster, live streamer, graphic designer, photographer, multimedia artist and university professor living in San Juan, Puerto Rico.\",\"sameAs\":[\"http:\/\/www.jameslynn.com\"],\"url\":\"https:\/\/www.jameslynn.com\/blog\/author\/jameslynn\/\"}]}<\/script>\n<!-- \/ Yoast SEO plugin. -->","yoast_head_json":{"title":"Los efectos del coronavirus en la tecnolog\u00eda - James Lynn : Tecnolog\u00eda y vida digital","robots":{"index":"index","follow":"follow","max-snippet":"max-snippet:-1","max-image-preview":"max-image-preview:large","max-video-preview":"max-video-preview:-1"},"canonical":"https:\/\/www.jameslynn.com\/blog\/2020\/03\/02\/los-efectos-del-coronavirus-en-la-tecnologia\/","og_locale":"en_US","og_type":"article","og_title":"Los efectos del coronavirus en la tecnolog\u00eda - James Lynn : Tecnolog\u00eda y vida digital","og_description":"Hoy en Geeky Talks hablamos de c\u00f3mo todos los eventos y convenciones masivas de tecnolog\u00eda se han ido cancelando por causa del coronavirus. Tambi\u00e9n comentamos sobre [\u2026]","og_url":"https:\/\/www.jameslynn.com\/blog\/2020\/03\/02\/los-efectos-del-coronavirus-en-la-tecnologia\/","og_site_name":"James Lynn : Tecnolog\u00eda y vida digital","article_published_time":"2020-03-03T01:04:55+00:00","article_modified_time":"2020-03-09T01:23:27+00:00","og_image":[{"width":1500,"height":1000,"url":"https:\/\/www.jameslynn.com\/blog\/wp-content\/uploads\/2020\/03\/geeky-talks-2-marzo-2020.jpg","type":"image\/jpeg"}],"twitter_misc":{"Written by":"James Lynn","Est. reading time":"1 minute"},"schema":{"@context":"https:\/\/schema.org","@graph":[{"@type":"WebSite","@id":"https:\/\/www.jameslynn.com\/blog\/#website","url":"https:\/\/www.jameslynn.com\/blog\/","name":"James Lynn : Tecnolog\u00eda y vida digital","description":"Tecnolog\u00eda y vida digital","potentialAction":[{"@type":"SearchAction","target":{"@type":"EntryPoint","urlTemplate":"https:\/\/www.jameslynn.com\/blog\/?s={search_term_string}"},"query-input":"required name=search_term_string"}],"inLanguage":"en-US"},{"@type":"ImageObject","@id":"https:\/\/www.jameslynn.com\/blog\/2020\/03\/02\/los-efectos-del-coronavirus-en-la-tecnologia\/#primaryimage","inLanguage":"en-US","url":"https:\/\/www.jameslynn.com\/blog\/wp-content\/uploads\/2020\/03\/geeky-talks-2-marzo-2020.jpg","contentUrl":"https:\/\/www.jameslynn.com\/blog\/wp-content\/uploads\/2020\/03\/geeky-talks-2-marzo-2020.jpg","width":1500,"height":1000,"caption":"Geeky Talks"},{"@type":"WebPage","@id":"https:\/\/www.jameslynn.com\/blog\/2020\/03\/02\/los-efectos-del-coronavirus-en-la-tecnologia\/#webpage","url":"https:\/\/www.jameslynn.com\/blog\/2020\/03\/02\/los-efectos-del-coronavirus-en-la-tecnologia\/","name":"Los efectos del coronavirus en la tecnolog\u00eda - James Lynn : Tecnolog\u00eda y vida digital","isPartOf":{"@id":"https:\/\/www.jameslynn.com\/blog\/#website"},"primaryImageOfPage":{"@id":"https:\/\/www.jameslynn.com\/blog\/2020\/03\/02\/los-efectos-del-coronavirus-en-la-tecnologia\/#primaryimage"},"datePublished":"2020-03-03T01:04:55+00:00","dateModified":"2020-03-09T01:23:27+00:00","author":{"@id":"https:\/\/www.jameslynn.com\/blog\/#\/schema\/person\/4439f3e96c27ac4b98b29b03848f8108"},"breadcrumb":{"@id":"https:\/\/www.jameslynn.com\/blog\/2020\/03\/02\/los-efectos-del-coronavirus-en-la-tecnologia\/#breadcrumb"},"inLanguage":"en-US","potentialAction":[{"@type":"ReadAction","target":["https:\/\/www.jameslynn.com\/blog\/2020\/03\/02\/los-efectos-del-coronavirus-en-la-tecnologia\/"]}]},{"@type":"BreadcrumbList","@id":"https:\/\/www.jameslynn.com\/blog\/2020\/03\/02\/los-efectos-del-coronavirus-en-la-tecnologia\/#breadcrumb","itemListElement":[{"@type":"ListItem","position":1,"name":"Home","item":"https:\/\/www.jameslynn.com\/blog\/"},{"@type":"ListItem","position":2,"name":"Los efectos del coronavirus en la tecnolog\u00eda"}]},{"@type":"Person","@id":"https:\/\/www.jameslynn.com\/blog\/#\/schema\/person\/4439f3e96c27ac4b98b29b03848f8108","name":"James Lynn","image":{"@type":"ImageObject","@id":"https:\/\/www.jameslynn.com\/blog\/#personlogo","inLanguage":"en-US","url":"https:\/\/secure.gravatar.com\/avatar\/2dcd2635cd0622bf457f25788f8c478b?s=96&d=mm&r=pg","contentUrl":"https:\/\/secure.gravatar.com\/avatar\/2dcd2635cd0622bf457f25788f8c478b?s=96&d=mm&r=pg","caption":"James Lynn"},"description":"Tech blogger, podcaster, live streamer, graphic designer, photographer, multimedia artist and university professor living in San Juan, Puerto Rico.","sameAs":["http:\/\/www.jameslynn.com"],"url":"https:\/\/www.jameslynn.com\/blog\/author\/jameslynn\/"}]}},"jetpack_featured_media_url":"https:\/\/www.jameslynn.com\/blog\/wp-content\/uploads\/2020\/03\/geeky-talks-2-marzo-2020.jpg","jetpack_publicize_connections":[],"jetpack_shortlink":"https:\/\/wp.me\/p2kNF7-jC","_links":{"self":[{"href":"https:\/\/www.jameslynn.com\/blog\/wp-json\/wp\/v2\/posts\/1216"}],"collection":[{"href":"https:\/\/www.jameslynn.com\/blog\/wp-json\/wp\/v2\/posts"}],"about":[{"href":"https:\/\/www.jameslynn.com\/blog\/wp-json\/wp\/v2\/types\/post"}],"author":[{"embeddable":true,"href":"https:\/\/www.jameslynn.com\/blog\/wp-json\/wp\/v2\/users\/32"}],"replies":[{"embeddable":true,"href":"https:\/\/www.jameslynn.com\/blog\/wp-json\/wp\/v2\/comments?post=1216"}],"version-history":[{"count":2,"href":"https:\/\/www.jameslynn.com\/blog\/wp-json\/wp\/v2\/posts\/1216\/revisions"}],"predecessor-version":[{"id":1220,"href":"https:\/\/www.jameslynn.com\/blog\/wp-json\/wp\/v2\/posts\/1216\/revisions\/1220"}],"wp:featuredmedia":[{"embeddable":true,"href":"https:\/\/www.jameslynn.com\/blog\/wp-json\/wp\/v2\/media\/1218"}],"wp:attachment":[{"href":"https:\/\/www.jameslynn.com\/blog\/wp-json\/wp\/v2\/media?parent=1216"}],"wp:term":[{"taxonomy":"category","embeddable":true,"href":"https:\/\/www.jameslynn.com\/blog\/wp-json\/wp\/v2\/categories?post=1216"},{"taxonomy":"post_tag","embeddable":true,"href":"https:\/\/www.jameslynn.com\/blog\/wp-json\/wp\/v2\/tags?post=1216"}],"curies":[{"name":"wp","href":"https:\/\/api.w.org\/{rel}","templated":true}]}}