{"id":1176,"date":"2020-02-17T18:12:47","date_gmt":"2020-02-17T22:12:47","guid":{"rendered":"http:\/\/www.jameslynn.com\/blog\/?p=1176"},"modified":"2020-02-17T18:12:50","modified_gmt":"2020-02-17T22:12:50","slug":"aeronet-y-facebook-llevan-internet-inalabrico-de-alta-velocidad-a-san-juan","status":"publish","type":"post","link":"https:\/\/www.jameslynn.com\/blog\/2020\/02\/17\/aeronet-y-facebook-llevan-internet-inalabrico-de-alta-velocidad-a-san-juan\/","title":{"rendered":"AeroNet y Facebook llevan internet inal\u00e1brico de alta velocidad a San Juan"},"content":{"rendered":"\n<p>AeroNet, proveedor l\u00edder en servicios de internet de alta velocidad para empresas en Puerto Rico anunci\u00f3 el pasado 13 de febrero de 2020 el lanzamiento del proyecto piloto de tecnolog\u00eda inal\u00e1mbrica: <a rel=\"noreferrer noopener\" aria-label=\"Terragraph (opens in a new tab)\" href=\"https:\/\/terragraph.com\" target=\"_blank\">Terragraph<\/a>, en el Viejo San Juan, Puerto Rico. Este proyecto busca ofrecer un servicio confiable y asequible de alta velocidad a la ciudad. La implementaci\u00f3n del piloto de esta tecnolog\u00eda desarrollada por <a rel=\"noreferrer noopener\" aria-label=\"Facebook (opens in a new tab)\" href=\"https:\/\/connectivity.fb.com\" target=\"_blank\">Facebook<\/a> mejorar\u00e1 la infraestructura digital de la ciudad y garantizar\u00e1 una mayor disponibilidad de servicios de banda ancha para los residentes y comerciantes del Viejo San Juan.<\/p>\n\n\n\n<p>Hist\u00f3ricamente, la infraestructura de la ciudad y el estatus de la UNESCO han hecho que sea econ\u00f3micamente dificultoso proporcionar conectividad con velocidades de fibra en todo el Viejo San Juan, lo que limita el acceso de los residentes a internet confiable de alta velocidad. Terragraph es una soluci\u00f3n \u00fanica e innovadora para este desaf\u00edo, que permite el r\u00e1pido despliegue de una red inal\u00e1mbrica multi gigabit de 60 GHz sin licencia, utilizando los activos existentes de la ciudad para crear una red de distribuci\u00f3n inal\u00e1mbrica robusta a un costo menor que una red de fibra.<\/p>\n\n\n\n<p>Con este piloto, que tendr\u00e1 una duraci\u00f3n de 6 meses, AeroNet cubre actualmente alrededor del 60% del casco del Viejo San Juan y las personas que est\u00e9n en o cerca de la Plaza de Armas y la Plaza San Jos\u00e9 pueden acceder al Wifi p\u00fablico e inal\u00e1mbrico fijo de AeroNet con la tecnolog\u00eda de <a href=\"https:\/\/terragraph.com\" target=\"_blank\" rel=\"noreferrer noopener\" aria-label=\"Terragraph (opens in a new tab)\">Terragraph<\/a>. Despu\u00e9s del periodo de prueba, AeroNet revisar\u00e1 los resultados y determinar\u00e1 los pr\u00f3ximos pasos a seguir.<\/p>\n\n\n\n<p>&#8220;En AeroNet estamos comprometidos en proporcionar a la gente de Puerto Rico acceso a internet asequible y confiable&#8221;, dijo Gino Villarini, Fundador y Presidente de AeroNet. \u201cLa alianza con Facebook Connectivity, para poner a prueba Terragraph, nos permite avanzar en ese objetivo al ofrecer a las personas en el Viejo San Juan una experiencia de internet con velocidades gigabit, al tiempo que brinda tecnolog\u00eda innovadora a un sitio hist\u00f3rico en Puerto Rico. Estamos entusiasmados con las oportunidades que Terragraph ofrece para expandir la experiencia de internet gigabit a todo el pa\u00eds&#8221;.<\/p>\n\n\n\n<p>&#8220;Con Terragraph, <a rel=\"noreferrer noopener\" aria-label=\"Facebook Connectivity (opens in a new tab)\" href=\"https:\/\/connectivity.fb.com\" target=\"_blank\">Facebook Connectivity<\/a> est\u00e1 construyendo un ecosistema robusto y colaborativo de vendedores, fabricantes de equipos y proveedores de servicios para brindar conectividad de alta calidad a \u00e1reas urbanas y suburbanas, adem\u00e1s de grupos rurales&#8221;, dijo Dan Rabinovitsj, Vicepresidente de Conectividad de Facebook. &#8220;Todas las personas merecen una experiencia de internet consistente con gran ancho de banda, y estamos entusiasmados de asociarnos con AeroNet en este piloto para expandir la conectividad en el Viejo San Juan&#8221;.<\/p>\n\n\n\n<p><a rel=\"noreferrer noopener\" aria-label=\"Facebook Connectivity (opens in a new tab)\" href=\"https:\/\/connectivity.fb.com\" target=\"_blank\">Facebook Connectivity<\/a> comenz\u00f3 a trabajar <a rel=\"noreferrer noopener\" aria-label=\"Terragraph (opens in a new tab)\" href=\"https:\/\/terragraph.com\" target=\"_blank\">Terragraph<\/a> en 2016 para brindar velocidades gigabit con el fin de suplir la demanda de datos de residentes en sectores urbanos y suburbanos, visitantes y para acelerar los nuevos servicios de ciudades inteligentes.<\/p>\n\n\n\n<p>Te invito a escuchar esta entrevista con Gino Villarini, fundador y presidente de AeroNet donde me explic\u00f3 c\u00f3mo surgi\u00f3 la idea de colaborar con Facebook para llevar internet de alta velocidad a los residentes y comerciantes del Viejo San Juan utilizando su tecnolog\u00eda Terragraph.<\/p>\n\n\n\n<figure class=\"wp-block-embed-youtube wp-block-embed is-type-video is-provider-youtube wp-embed-aspect-16-9 wp-has-aspect-ratio\"><div class=\"wp-block-embed__wrapper\">\n<span class=\"embed-youtube\" style=\"text-align:center; display: block;\"><iframe loading=\"lazy\" class=\"youtube-player\" width=\"1200\" height=\"675\" src=\"https:\/\/www.youtube.com\/embed\/GtbdTLrMhno?version=3&#038;rel=1&#038;showsearch=0&#038;showinfo=1&#038;iv_load_policy=1&#038;fs=1&#038;hl=en-US&#038;autohide=2&#038;wmode=transparent\" allowfullscreen=\"true\" style=\"border:0;\" sandbox=\"allow-scripts allow-same-origin allow-popups allow-presentation\"><\/iframe><\/span>\n<\/div><\/figure>\n\n\n\n<p>Para m\u00e1s informaci\u00f3n sobre AeroNet y sus servicios visita su website <a rel=\"noreferrer noopener\" aria-label=\"www.AeroNetpr.com (opens in a new tab)\" href=\"https:\/\/aeronetpr.com\" target=\"_blank\">www.AeroNetpr.com<\/a>.<\/p>\n","protected":false},"excerpt":{"rendered":"<p>AeroNet, proveedor l\u00edder en servicios de internet de alta velocidad para empresas en Puerto Rico anunci\u00f3 el pasado 13 de febrero de 2020 el lanzamiento del<span class=\"excerpt-hellip\"> [\u2026]<\/span><\/p>\n","protected":false},"author":32,"featured_media":1179,"comment_status":"open","ping_status":"open","sticky":false,"template":"","format":"standard","meta":{"om_disable_all_campaigns":false,"_monsterinsights_skip_tracking":false,"_monsterinsights_sitenote_active":false,"_monsterinsights_sitenote_note":"","_monsterinsights_sitenote_category":0,"spay_email":"","jetpack_publicize_message":"","jetpack_is_tweetstorm":false,"jetpack_publicize_feature_enabled":true},"categories":[141],"tags":[518],"aioseo_notices":[],"yoast_head":"<!-- This site is optimized with the Yoast SEO plugin v17.7.1 - https:\/\/yoast.com\/wordpress\/plugins\/seo\/ -->\n<title>AeroNet y Facebook llevan internet inal\u00e1brico de alta velocidad a San Juan - James Lynn : Tecnolog\u00eda y vida digital<\/title>\n<meta name=\"robots\" content=\"index, follow, max-snippet:-1, max-image-preview:large, max-video-preview:-1\" \/>\n<link rel=\"canonical\" href=\"https:\/\/www.jameslynn.com\/blog\/2020\/02\/17\/aeronet-y-facebook-llevan-internet-inalabrico-de-alta-velocidad-a-san-juan\/\" \/>\n<meta property=\"og:locale\" content=\"en_US\" \/>\n<meta property=\"og:type\" content=\"article\" \/>\n<meta property=\"og:title\" content=\"AeroNet y Facebook llevan internet inal\u00e1brico de alta velocidad a San Juan - James Lynn : Tecnolog\u00eda y vida digital\" \/>\n<meta property=\"og:description\" content=\"AeroNet, proveedor l\u00edder en servicios de internet de alta velocidad para empresas en Puerto Rico anunci\u00f3 el pasado 13 de febrero de 2020 el lanzamiento del [\u2026]\" \/>\n<meta property=\"og:url\" content=\"https:\/\/www.jameslynn.com\/blog\/2020\/02\/17\/aeronet-y-facebook-llevan-internet-inalabrico-de-alta-velocidad-a-san-juan\/\" \/>\n<meta property=\"og:site_name\" content=\"James Lynn : Tecnolog\u00eda y vida digital\" \/>\n<meta property=\"article:published_time\" content=\"2020-02-17T22:12:47+00:00\" \/>\n<meta property=\"article:modified_time\" content=\"2020-02-17T22:12:50+00:00\" \/>\n<meta property=\"og:image\" content=\"https:\/\/www.jameslynn.com\/blog\/wp-content\/uploads\/2020\/02\/AeroNet-Facebook-Terragraph-Gino-Villarini.jpg\" \/>\n\t<meta property=\"og:image:width\" content=\"1500\" \/>\n\t<meta property=\"og:image:height\" content=\"1000\" \/>\n<meta name=\"twitter:label1\" content=\"Written by\" \/>\n\t<meta name=\"twitter:data1\" content=\"James Lynn\" \/>\n\t<meta name=\"twitter:label2\" content=\"Est. reading time\" \/>\n\t<meta name=\"twitter:data2\" content=\"3 minutes\" \/>\n<script type=\"application\/ld+json\" class=\"yoast-schema-graph\">{\"@context\":\"https:\/\/schema.org\",\"@graph\":[{\"@type\":\"WebSite\",\"@id\":\"https:\/\/www.jameslynn.com\/blog\/#website\",\"url\":\"https:\/\/www.jameslynn.com\/blog\/\",\"name\":\"James Lynn : Tecnolog\\u00eda y vida digital\",\"description\":\"Tecnolog\\u00eda y vida digital\",\"potentialAction\":[{\"@type\":\"SearchAction\",\"target\":{\"@type\":\"EntryPoint\",\"urlTemplate\":\"https:\/\/www.jameslynn.com\/blog\/?s={search_term_string}\"},\"query-input\":\"required name=search_term_string\"}],\"inLanguage\":\"en-US\"},{\"@type\":\"ImageObject\",\"@id\":\"https:\/\/www.jameslynn.com\/blog\/2020\/02\/17\/aeronet-y-facebook-llevan-internet-inalabrico-de-alta-velocidad-a-san-juan\/#primaryimage\",\"inLanguage\":\"en-US\",\"url\":\"https:\/\/www.jameslynn.com\/blog\/wp-content\/uploads\/2020\/02\/AeroNet-Facebook-Terragraph-Gino-Villarini.jpg\",\"contentUrl\":\"https:\/\/www.jameslynn.com\/blog\/wp-content\/uploads\/2020\/02\/AeroNet-Facebook-Terragraph-Gino-Villarini.jpg\",\"width\":1500,\"height\":1000,\"caption\":\"Gino Villarini presidente de Aeronet\"},{\"@type\":\"WebPage\",\"@id\":\"https:\/\/www.jameslynn.com\/blog\/2020\/02\/17\/aeronet-y-facebook-llevan-internet-inalabrico-de-alta-velocidad-a-san-juan\/#webpage\",\"url\":\"https:\/\/www.jameslynn.com\/blog\/2020\/02\/17\/aeronet-y-facebook-llevan-internet-inalabrico-de-alta-velocidad-a-san-juan\/\",\"name\":\"AeroNet y Facebook llevan internet inal\\u00e1brico de alta velocidad a San Juan - James Lynn : Tecnolog\\u00eda y vida digital\",\"isPartOf\":{\"@id\":\"https:\/\/www.jameslynn.com\/blog\/#website\"},\"primaryImageOfPage\":{\"@id\":\"https:\/\/www.jameslynn.com\/blog\/2020\/02\/17\/aeronet-y-facebook-llevan-internet-inalabrico-de-alta-velocidad-a-san-juan\/#primaryimage\"},\"datePublished\":\"2020-02-17T22:12:47+00:00\",\"dateModified\":\"2020-02-17T22:12:50+00:00\",\"author\":{\"@id\":\"https:\/\/www.jameslynn.com\/blog\/#\/schema\/person\/4439f3e96c27ac4b98b29b03848f8108\"},\"breadcrumb\":{\"@id\":\"https:\/\/www.jameslynn.com\/blog\/2020\/02\/17\/aeronet-y-facebook-llevan-internet-inalabrico-de-alta-velocidad-a-san-juan\/#breadcrumb\"},\"inLanguage\":\"en-US\",\"potentialAction\":[{\"@type\":\"ReadAction\",\"target\":[\"https:\/\/www.jameslynn.com\/blog\/2020\/02\/17\/aeronet-y-facebook-llevan-internet-inalabrico-de-alta-velocidad-a-san-juan\/\"]}]},{\"@type\":\"BreadcrumbList\",\"@id\":\"https:\/\/www.jameslynn.com\/blog\/2020\/02\/17\/aeronet-y-facebook-llevan-internet-inalabrico-de-alta-velocidad-a-san-juan\/#breadcrumb\",\"itemListElement\":[{\"@type\":\"ListItem\",\"position\":1,\"name\":\"Home\",\"item\":\"https:\/\/www.jameslynn.com\/blog\/\"},{\"@type\":\"ListItem\",\"position\":2,\"name\":\"AeroNet y Facebook llevan internet inal\\u00e1brico de alta velocidad a San Juan\"}]},{\"@type\":\"Person\",\"@id\":\"https:\/\/www.jameslynn.com\/blog\/#\/schema\/person\/4439f3e96c27ac4b98b29b03848f8108\",\"name\":\"James Lynn\",\"image\":{\"@type\":\"ImageObject\",\"@id\":\"https:\/\/www.jameslynn.com\/blog\/#personlogo\",\"inLanguage\":\"en-US\",\"url\":\"https:\/\/secure.gravatar.com\/avatar\/2dcd2635cd0622bf457f25788f8c478b?s=96&d=mm&r=pg\",\"contentUrl\":\"https:\/\/secure.gravatar.com\/avatar\/2dcd2635cd0622bf457f25788f8c478b?s=96&d=mm&r=pg\",\"caption\":\"James Lynn\"},\"description\":\"Tech blogger, podcaster, live streamer, graphic designer, photographer, multimedia artist and university professor living in San Juan, Puerto Rico.\",\"sameAs\":[\"http:\/\/www.jameslynn.com\"],\"url\":\"https:\/\/www.jameslynn.com\/blog\/author\/jameslynn\/\"}]}<\/script>\n<!-- \/ Yoast SEO plugin. -->","yoast_head_json":{"title":"AeroNet y Facebook llevan internet inal\u00e1brico de alta velocidad a San Juan - James Lynn : Tecnolog\u00eda y vida digital","robots":{"index":"index","follow":"follow","max-snippet":"max-snippet:-1","max-image-preview":"max-image-preview:large","max-video-preview":"max-video-preview:-1"},"canonical":"https:\/\/www.jameslynn.com\/blog\/2020\/02\/17\/aeronet-y-facebook-llevan-internet-inalabrico-de-alta-velocidad-a-san-juan\/","og_locale":"en_US","og_type":"article","og_title":"AeroNet y Facebook llevan internet inal\u00e1brico de alta velocidad a San Juan - James Lynn : Tecnolog\u00eda y vida digital","og_description":"AeroNet, proveedor l\u00edder en servicios de internet de alta velocidad para empresas en Puerto Rico anunci\u00f3 el pasado 13 de febrero de 2020 el lanzamiento del [\u2026]","og_url":"https:\/\/www.jameslynn.com\/blog\/2020\/02\/17\/aeronet-y-facebook-llevan-internet-inalabrico-de-alta-velocidad-a-san-juan\/","og_site_name":"James Lynn : Tecnolog\u00eda y vida digital","article_published_time":"2020-02-17T22:12:47+00:00","article_modified_time":"2020-02-17T22:12:50+00:00","og_image":[{"width":1500,"height":1000,"url":"https:\/\/www.jameslynn.com\/blog\/wp-content\/uploads\/2020\/02\/AeroNet-Facebook-Terragraph-Gino-Villarini.jpg","type":"image\/jpeg"}],"twitter_misc":{"Written by":"James Lynn","Est. reading time":"3 minutes"},"schema":{"@context":"https:\/\/schema.org","@graph":[{"@type":"WebSite","@id":"https:\/\/www.jameslynn.com\/blog\/#website","url":"https:\/\/www.jameslynn.com\/blog\/","name":"James Lynn : Tecnolog\u00eda y vida digital","description":"Tecnolog\u00eda y vida digital","potentialAction":[{"@type":"SearchAction","target":{"@type":"EntryPoint","urlTemplate":"https:\/\/www.jameslynn.com\/blog\/?s={search_term_string}"},"query-input":"required name=search_term_string"}],"inLanguage":"en-US"},{"@type":"ImageObject","@id":"https:\/\/www.jameslynn.com\/blog\/2020\/02\/17\/aeronet-y-facebook-llevan-internet-inalabrico-de-alta-velocidad-a-san-juan\/#primaryimage","inLanguage":"en-US","url":"https:\/\/www.jameslynn.com\/blog\/wp-content\/uploads\/2020\/02\/AeroNet-Facebook-Terragraph-Gino-Villarini.jpg","contentUrl":"https:\/\/www.jameslynn.com\/blog\/wp-content\/uploads\/2020\/02\/AeroNet-Facebook-Terragraph-Gino-Villarini.jpg","width":1500,"height":1000,"caption":"Gino Villarini presidente de Aeronet"},{"@type":"WebPage","@id":"https:\/\/www.jameslynn.com\/blog\/2020\/02\/17\/aeronet-y-facebook-llevan-internet-inalabrico-de-alta-velocidad-a-san-juan\/#webpage","url":"https:\/\/www.jameslynn.com\/blog\/2020\/02\/17\/aeronet-y-facebook-llevan-internet-inalabrico-de-alta-velocidad-a-san-juan\/","name":"AeroNet y Facebook llevan internet inal\u00e1brico de alta velocidad a San Juan - James Lynn : Tecnolog\u00eda y vida digital","isPartOf":{"@id":"https:\/\/www.jameslynn.com\/blog\/#website"},"primaryImageOfPage":{"@id":"https:\/\/www.jameslynn.com\/blog\/2020\/02\/17\/aeronet-y-facebook-llevan-internet-inalabrico-de-alta-velocidad-a-san-juan\/#primaryimage"},"datePublished":"2020-02-17T22:12:47+00:00","dateModified":"2020-02-17T22:12:50+00:00","author":{"@id":"https:\/\/www.jameslynn.com\/blog\/#\/schema\/person\/4439f3e96c27ac4b98b29b03848f8108"},"breadcrumb":{"@id":"https:\/\/www.jameslynn.com\/blog\/2020\/02\/17\/aeronet-y-facebook-llevan-internet-inalabrico-de-alta-velocidad-a-san-juan\/#breadcrumb"},"inLanguage":"en-US","potentialAction":[{"@type":"ReadAction","target":["https:\/\/www.jameslynn.com\/blog\/2020\/02\/17\/aeronet-y-facebook-llevan-internet-inalabrico-de-alta-velocidad-a-san-juan\/"]}]},{"@type":"BreadcrumbList","@id":"https:\/\/www.jameslynn.com\/blog\/2020\/02\/17\/aeronet-y-facebook-llevan-internet-inalabrico-de-alta-velocidad-a-san-juan\/#breadcrumb","itemListElement":[{"@type":"ListItem","position":1,"name":"Home","item":"https:\/\/www.jameslynn.com\/blog\/"},{"@type":"ListItem","position":2,"name":"AeroNet y Facebook llevan internet inal\u00e1brico de alta velocidad a San Juan"}]},{"@type":"Person","@id":"https:\/\/www.jameslynn.com\/blog\/#\/schema\/person\/4439f3e96c27ac4b98b29b03848f8108","name":"James Lynn","image":{"@type":"ImageObject","@id":"https:\/\/www.jameslynn.com\/blog\/#personlogo","inLanguage":"en-US","url":"https:\/\/secure.gravatar.com\/avatar\/2dcd2635cd0622bf457f25788f8c478b?s=96&d=mm&r=pg","contentUrl":"https:\/\/secure.gravatar.com\/avatar\/2dcd2635cd0622bf457f25788f8c478b?s=96&d=mm&r=pg","caption":"James Lynn"},"description":"Tech blogger, podcaster, live streamer, graphic designer, photographer, multimedia artist and university professor living in San Juan, Puerto Rico.","sameAs":["http:\/\/www.jameslynn.com"],"url":"https:\/\/www.jameslynn.com\/blog\/author\/jameslynn\/"}]}},"jetpack_featured_media_url":"https:\/\/www.jameslynn.com\/blog\/wp-content\/uploads\/2020\/02\/AeroNet-Facebook-Terragraph-Gino-Villarini.jpg","jetpack_publicize_connections":[],"jetpack_shortlink":"https:\/\/wp.me\/p2kNF7-iY","_links":{"self":[{"href":"https:\/\/www.jameslynn.com\/blog\/wp-json\/wp\/v2\/posts\/1176"}],"collection":[{"href":"https:\/\/www.jameslynn.com\/blog\/wp-json\/wp\/v2\/posts"}],"about":[{"href":"https:\/\/www.jameslynn.com\/blog\/wp-json\/wp\/v2\/types\/post"}],"author":[{"embeddable":true,"href":"https:\/\/www.jameslynn.com\/blog\/wp-json\/wp\/v2\/users\/32"}],"replies":[{"embeddable":true,"href":"https:\/\/www.jameslynn.com\/blog\/wp-json\/wp\/v2\/comments?post=1176"}],"version-history":[{"count":7,"href":"https:\/\/www.jameslynn.com\/blog\/wp-json\/wp\/v2\/posts\/1176\/revisions"}],"predecessor-version":[{"id":1185,"href":"https:\/\/www.jameslynn.com\/blog\/wp-json\/wp\/v2\/posts\/1176\/revisions\/1185"}],"wp:featuredmedia":[{"embeddable":true,"href":"https:\/\/www.jameslynn.com\/blog\/wp-json\/wp\/v2\/media\/1179"}],"wp:attachment":[{"href":"https:\/\/www.jameslynn.com\/blog\/wp-json\/wp\/v2\/media?parent=1176"}],"wp:term":[{"taxonomy":"category","embeddable":true,"href":"https:\/\/www.jameslynn.com\/blog\/wp-json\/wp\/v2\/categories?post=1176"},{"taxonomy":"post_tag","embeddable":true,"href":"https:\/\/www.jameslynn.com\/blog\/wp-json\/wp\/v2\/tags?post=1176"}],"curies":[{"name":"wp","href":"https:\/\/api.w.org\/{rel}","templated":true}]}}